{"id":22860,"date":"2023-08-07T01:13:43","date_gmt":"2023-08-07T06:13:43","guid":{"rendered":"https:\/\/politicosaldesnudo.com.mx\/?p=22860"},"modified":"2023-08-07T01:13:54","modified_gmt":"2023-08-07T06:13:54","slug":"nahle-vs-bola-8","status":"publish","type":"post","link":"https:\/\/politicosaldesnudo.com.mx\/index.php\/2023\/08\/07\/nahle-vs-bola-8\/","title":{"rendered":"Nahle vs Bola 8"},"content":{"rendered":"<p>&nbsp;<\/p>\n<p class=\"p1\"><strong><span style=\"font-size: 18pt;\">Por Luis Ram\u00edrez Baqueiro<\/span><\/strong><\/p>\n<p>&nbsp;<\/p>\n<p>&nbsp;<\/p>\n<p class=\"p1\" style=\"text-align: center;\"><em><strong><span style=\"font-size: 18pt;\">\u201cMuchas veces lo que se calla hace m\u00e1s impresi\u00f3n que lo que se dice\u201d<span class=\"Apple-converted-space\">\u00a0<\/span><\/span><\/strong><\/em><\/p>\n<p class=\"p1\" style=\"text-align: center;\"><span style=\"font-size: 18pt;\">\u2013\u00a0P\u00edndaro \u2013\u00a0<\/span><\/p>\n<p>&nbsp;<\/p>\n<p class=\"p1\"><span style=\"font-size: 14pt;\">De nueva cuenta las alertas se encendieron entre la c\u00fapula morenista de Veracruz.<\/span><\/p>\n<p class=\"p1\"><span style=\"font-size: 14pt;\">La aparici\u00f3n de una nueva fotograf\u00eda tomada en el interior de una residencia en Coatzacoalcos confirma lo que ya se sab\u00eda, Roc\u00edo Nahle Garc\u00eda, senadora con licencia y actual secretaria de Energ\u00eda, es el proyecto del presidente Andr\u00e9s Manuel L\u00f3pez Obrador para la gubernatura.<\/span><\/p>\n<p class=\"p1\"><span style=\"font-size: 14pt;\">Acompa\u00f1ada de los m\u00e1s importantes integrantes del r\u00e9gimen Cuitl\u00e1huista, vuelve a enviar un mensaje en donde prima el llamado a la unidad, pero, sobre todo, confirma que las lealtades de algunos han sido tan ciertas como que ser\u00e1n parte de lo que pretende ser el r\u00e9gimen de continuidad de la 4T.<\/span><\/p>\n<p class=\"p1\"><span style=\"font-size: 14pt;\">As\u00ed la presencia del presidente de la Junta de Coordinaci\u00f3n Pol\u00edtica del Congreso Local, Juan Javier G\u00f3mez Cazar\u00edn, acompa\u00f1ado del secretario de Educaci\u00f3n, Zenyazen Roberto Escobar Garc\u00eda, as\u00ed como de los titulares de la Secretar\u00eda de Finanzas y Planeaci\u00f3n, Jos\u00e9 Luis Lima Franco y su subsecretario Eleazar Guerrero P\u00e9rez demuestra que el actual gobierno apostar\u00e1 por apoyar a la responsable de construir la Refiner\u00eda Olmeca.<\/span><\/p>\n<p class=\"p1\"><span style=\"font-size: 14pt;\">El encuentro gir\u00f3 entorno de las acciones a tomar de cara a lo que ser\u00e1 el arranque de la precampa\u00f1a y su posible inscripci\u00f3n como aspirante a coordinadora de la Defensa de la Cuarta Transformaci\u00f3n para el Estado de Veracruz, a finales de septiembre y principios de octubre.<\/span><\/p>\n<p class=\"p1\"><span style=\"font-size: 14pt;\">Las consignas quedaron claras, fortalecer y reforzar la estructura electoral a ras de tierra, para lo que cada uno de los presentes operar\u00e1 sus regiones, bajo la premisa de crear toda una red que sume m\u00e1s y m\u00e1s simpatizantes con el movimiento.<\/span><\/p>\n<p class=\"p1\"><span style=\"font-size: 14pt;\">De igual modo, se habl\u00f3 de la necesidad de eliminar cualquier posible conflicto interno que pudiera generar divisi\u00f3n o desuni\u00f3n por parte de los militantes y simpatizantes de Morena y aliados, por lo que ya se comienzan a afinar los detalles para sumar al proyecto a los partidos aliados (Partido Verde Ecologista de M\u00e9xico -PVEM- y el Partido del Trabajo -PT-) para que con sus estructuras consoliden el apoyo para el cuidado de las casillas y del voto.<\/span><\/p>\n<p class=\"p1\"><span style=\"font-size: 14pt;\">Respecto a este asunto, no falt\u00f3 que saliera el tema del comportamiento del secretario de Gobierno, Eric Patrocinio Cisneros Burgos quien con su promoci\u00f3n personal emp\u00f3s de la gubernatura, ha desobedecido al propio presidente Andr\u00e9s Manuel L\u00f3pez Obrador, a quien nada le gust\u00f3 su actuar.<\/span><\/p>\n<p class=\"p1\"><span style=\"font-size: 14pt;\">Precisamente al respecto, se afirma que lo ocurrido con el fiscal General del Estado de Morelos, Uriel Carmona ser\u00eda una especie de ensayo para lo que prepara la Fiscal\u00eda General de la Rep\u00fablica (FGR) en contra del oscuro personaje que se ha atrevido a retar abiertamente al propio presidente L\u00f3pez Obrador.<\/span><\/p>\n<p class=\"p1\"><span style=\"font-size: 14pt;\">Los cuestionamientos de deslealtad y los severos actos de insubordinaci\u00f3n pol\u00edtica del Bajacaliforniano, se suman a lo ya conocido, sus severos nexos con el crimen organizado.\u00a0<\/span><\/p>\n<p class=\"p1\"><span style=\"font-size: 14pt;\">El incendio por parte de un grupo armado a un corral\u00f3n de gr\u00faas y autom\u00f3viles de la empresa Grumex en Ciudad Mendoza el pasado 27 de julio directamente ligada al propio Eric Patrocinio Cisneros Burgos desde el a\u00f1o 2019, evento que inexplicablemente pretendi\u00f3 ser desmentido por el propio gobernador Cuitl\u00e1huac Garc\u00eda, afirmando que la empresa estaba en realidad ligada al ex secretario de Seguridad P\u00fablica del Gobierno de Javier Duarte, Arturo Bermudez Zurita quien est\u00e1 alejado de la funci\u00f3n p\u00fablica desde hace m\u00e1s de 8 a\u00f1os, suena inveros\u00edmil y dif\u00edcil de entender, pues quien m\u00e1s problemas le ha gestado al interior de su Gobierno, es precisamente Cisneros Burgos.<\/span><\/p>\n<p class=\"p1\"><span style=\"font-size: 14pt;\">As\u00ed el nuevo encuentro con Nahle Garc\u00eda comenzar\u00eda a definir el futuro de quienes acompa\u00f1ar\u00e1n a la ingeniera en petroqu\u00edmica en su clara aspiraci\u00f3n para suceder al mismo Cuitl\u00e1huac Garc\u00eda, quien sigue sorprendiendo en su nivel de defensa obtusa por alguien que solo ha manchado su gobierno de corrupci\u00f3n, ingobernabilidad e intolerancia.\u00a0<\/span><\/p>\n<p>&nbsp;<\/p>\n<p class=\"p1\"><span style=\"font-size: 18pt;\"><strong>Al tiempo<\/strong><\/span><\/p>\n<p>&nbsp;<\/p>\n<hr \/>\n<p>&nbsp;<\/p>\n<p class=\"p1\"><span style=\"font-size: 18pt;\"><strong>Correo: <a href=\"mailto:astrolabiopoliticomx@gmail.com\">astrolabiopoliticomx@gmail.com<\/a><\/strong><\/span><\/p>\n<p class=\"p1\"><span style=\"font-size: 18pt;\"><strong>Twitter: <a href=\"http:\/\/www.twitter.com\/LuisBaqueiro_mx\">@LuisBaqueiro_mx<\/a><\/strong><\/span><\/p>\n<p>&nbsp;<\/p>\n<p><img data-recalc-dims=\"1\" loading=\"lazy\" decoding=\"async\" class=\"aligncenter wp-image-14351\" src=\"https:\/\/i0.wp.com\/politicosaldesnudo.com.mx\/wp-content\/uploads\/2023\/01\/FIRMA-EDITORIAL-PD-300x37.png?resize=800%2C98&#038;ssl=1\" alt=\"\" width=\"800\" height=\"98\" srcset=\"https:\/\/i0.wp.com\/politicosaldesnudo.com.mx\/wp-content\/uploads\/2023\/01\/FIRMA-EDITORIAL-PD.png?resize=300%2C37&amp;ssl=1 300w, https:\/\/i0.wp.com\/politicosaldesnudo.com.mx\/wp-content\/uploads\/2023\/01\/FIRMA-EDITORIAL-PD.png?resize=1024%2C125&amp;ssl=1 1024w, https:\/\/i0.wp.com\/politicosaldesnudo.com.mx\/wp-content\/uploads\/2023\/01\/FIRMA-EDITORIAL-PD.png?resize=768%2C94&amp;ssl=1 768w, https:\/\/i0.wp.com\/politicosaldesnudo.com.mx\/wp-content\/uploads\/2023\/01\/FIRMA-EDITORIAL-PD.png?resize=1536%2C188&amp;ssl=1 1536w, https:\/\/i0.wp.com\/politicosaldesnudo.com.mx\/wp-content\/uploads\/2023\/01\/FIRMA-EDITORIAL-PD.png?resize=2048%2C250&amp;ssl=1 2048w, https:\/\/i0.wp.com\/politicosaldesnudo.com.mx\/wp-content\/uploads\/2023\/01\/FIRMA-EDITORIAL-PD.png?w=1600&amp;ssl=1 1600w, https:\/\/i0.wp.com\/politicosaldesnudo.com.mx\/wp-content\/uploads\/2023\/01\/FIRMA-EDITORIAL-PD.png?w=2400&amp;ssl=1 2400w\" sizes=\"auto, (max-width: 800px) 100vw, 800px\" \/><\/p>\n<p>&nbsp;<\/p>\n<p>&nbsp;<\/p>\n<p>&nbsp;<\/p>\n<p>&nbsp;<\/p>\n","protected":false},"excerpt":{"rendered":"<p>&nbsp; Por Luis Ram\u00edrez Baqueiro &nbsp; &nbsp; \u201cMuchas veces lo que se calla hace m\u00e1s impresi\u00f3n que lo que se<\/p>\n","protected":false},"author":4,"featured_media":4390,"comment_status":"closed","ping_status":"closed","sticky":false,"template":"","format":"standard","meta":{"colormag_page_container_layout":"default_layout","colormag_page_sidebar_layout":"default_layout","_jetpack_memberships_contains_paid_content":false,"footnotes":"","jetpack_publicize_message":"","jetpack_publicize_feature_enabled":true,"jetpack_social_post_already_shared":false,"jetpack_social_options":{"image_generator_settings":{"template":"highway","default_image_id":0,"font":"","enabled":false},"version":2}},"categories":[26],"tags":[],"class_list":["post-22860","post","type-post","status-publish","format-standard","has-post-thumbnail","hentry","category-columnistas"],"jetpack_publicize_connections":[],"jetpack_featured_media_url":"https:\/\/i0.wp.com\/politicosaldesnudo.com.mx\/wp-content\/uploads\/2022\/04\/LUIS-RAMI%CC%81REZ-BAQUEIRO.png?fit=1816%2C1016&ssl=1","jetpack-related-posts":[],"jetpack_sharing_enabled":true,"_links":{"self":[{"href":"https:\/\/politicosaldesnudo.com.mx\/index.php\/wp-json\/wp\/v2\/posts\/22860","targetHints":{"allow":["GET"]}}],"collection":[{"href":"https:\/\/politicosaldesnudo.com.mx\/index.php\/wp-json\/wp\/v2\/posts"}],"about":[{"href":"https:\/\/politicosaldesnudo.com.mx\/index.php\/wp-json\/wp\/v2\/types\/post"}],"author":[{"embeddable":true,"href":"https:\/\/politicosaldesnudo.com.mx\/index.php\/wp-json\/wp\/v2\/users\/4"}],"replies":[{"embeddable":true,"href":"https:\/\/politicosaldesnudo.com.mx\/index.php\/wp-json\/wp\/v2\/comments?post=22860"}],"version-history":[{"count":0,"href":"https:\/\/politicosaldesnudo.com.mx\/index.php\/wp-json\/wp\/v2\/posts\/22860\/revisions"}],"wp:featuredmedia":[{"embeddable":true,"href":"https:\/\/politicosaldesnudo.com.mx\/index.php\/wp-json\/wp\/v2\/media\/4390"}],"wp:attachment":[{"href":"https:\/\/politicosaldesnudo.com.mx\/index.php\/wp-json\/wp\/v2\/media?parent=22860"}],"wp:term":[{"taxonomy":"category","embeddable":true,"href":"https:\/\/politicosaldesnudo.com.mx\/index.php\/wp-json\/wp\/v2\/categories?post=22860"},{"taxonomy":"post_tag","embeddable":true,"href":"https:\/\/politicosaldesnudo.com.mx\/index.php\/wp-json\/wp\/v2\/tags?post=22860"}],"curies":[{"name":"wp","href":"https:\/\/api.w.org\/{rel}","templated":true}]}}