{"id":22876,"date":"2023-08-07T02:00:04","date_gmt":"2023-08-07T07:00:04","guid":{"rendered":"https:\/\/politicosaldesnudo.com.mx\/?p=22876"},"modified":"2023-08-07T02:00:04","modified_gmt":"2023-08-07T07:00:04","slug":"amlo-austero-y-honesto-ante-once-ministros-gandallas","status":"publish","type":"post","link":"https:\/\/politicosaldesnudo.com.mx\/index.php\/2023\/08\/07\/amlo-austero-y-honesto-ante-once-ministros-gandallas\/","title":{"rendered":"AMLO austero y honesto, ante once ministros gandallas"},"content":{"rendered":"<p class=\"p1\">\n<p>&nbsp;<\/p>\n<p class=\"p1\"><span style=\"font-size: 18pt;\"><b>Por Jos\u00e9 Lima Cobos<\/b><\/span><\/p>\n<p class=\"p1\"><span style=\"font-size: 14pt;\">Dif\u00edcil que las cosas cambien ni aunque vuelva la divina providencia a iluminar el camino. Las cosas<span class=\"Apple-converted-space\">\u00a0 <\/span>son as\u00ed y por ning\u00fan motivo ser\u00e1n diferentes, de ah\u00ed que, por m\u00e1s que el Presidente de la Rep\u00fablica atosigue a los ministros de la suprema corte de justicia<span class=\"Apple-converted-space\">\u00a0 <\/span>a<span class=\"Apple-converted-space\">\u00a0 <\/span>que se<span class=\"Apple-converted-space\">\u00a0 <\/span>comporten con austeridad republicana o a vivir en la median\u00eda que recordaba el presidente Ju\u00e1rez,<span class=\"Apple-converted-space\">\u00a0 <\/span>no renunciar\u00e1n \u2014voluntariamente\u2014 a los privilegios, pues est\u00e1n sabidos que, aunque hayan jurado guardar la constituci\u00f3n, la billetiza seguir\u00e1 siendo la raz\u00f3n de su existencia, luego entonces, el camino es el juicio pol\u00edtico, en observancia<span class=\"Apple-converted-space\">\u00a0 <\/span>estricta a lo que postula el Art\u00edculo 108 constitucional.<\/span><\/p>\n<p class=\"p1\"><span style=\"font-size: 14pt;\">De las responsabilidades de los servidores p\u00fablicos, existe el t\u00edtulo<span class=\"Apple-converted-space\">\u00a0 <\/span>cuarto de la Constituci\u00f3n Pol\u00edtica de los<span class=\"Apple-converted-space\">\u00a0 <\/span>Estados Unidos mexicanos, que es letra muerta \u2014que vincula a los<span class=\"Apple-converted-space\">\u00a0 <\/span>particulares con faltas administrativas graves o hechos de corrupci\u00f3n, y<span class=\"Apple-converted-space\">\u00a0 <\/span>patrimonial del Estado y ese art\u00edculo precisa \u201cse reputar\u00e1n como servidores p\u00fablicos a los representantes de elecci\u00f3n popular\u2014 Presidente de la Rep\u00fablica, senadores y diputados federales; gobernadores etc\u00e9tera\u2026 a los miembros del Poder Judicial de la federaci\u00f3n\u2026 ser\u00e1n responsables<span class=\"Apple-converted-space\">\u00a0 <\/span>por actos u omisiones en que incurran en el desempe\u00f1o de sus respectivas funciones\u201d, sin embargo, \u201cel Presidente de la Rep\u00fablica solo podr\u00e1 ser acusado por traici\u00f3n a la patria o delitos graves del orden com\u00fan\u201d, de<span class=\"Apple-converted-space\">\u00a0 <\/span>ah\u00ed que, es<span class=\"Apple-converted-space\">\u00a0 <\/span>casi<span class=\"Apple-converted-space\">\u00a0 <\/span>imposible, puede decirse, que el Presidente sea sujeto de juicio pol\u00edtico, \u2014no tiene fuero\u2014<span class=\"Apple-converted-space\">\u00a0 <\/span>en tanto, cualquier servidor, no puede sustraerse<span class=\"Apple-converted-space\">\u00a0 <\/span>a la sanci\u00f3n penal por enriquecimiento il\u00edcito como servidor p\u00fablico, de lo que no se salvan los ministros ni nadie m\u00e1s, salvo que se siga practicando la simulaci\u00f3n o el enga\u00f1o.<\/span><\/p>\n<p class=\"p1\"><span style=\"font-size: 18pt;\"><strong>Si desde el a\u00f1o 2009, \u2014gobierno de Felipe Calder\u00f3n\u2014 existe el Art\u00edculo 127 constitucional, los ministros de la Corte que hayan percibido durante catorce a\u00f1os m\u00e1s privilegios que el Presidente de la Rep\u00fablica, sin duda que se aplica un enriquecimiento<span class=\"Apple-converted-space\">\u00a0 <\/span>inexplicable y queda abierto el camino para el juicio pol\u00edtico y el fincamiento de responsabilidades<span class=\"Apple-converted-space\">\u00a0 <\/span>penales y administrativas, o bien la amonestaci\u00f3n \u2014si reintegran los bienes a naci\u00f3n, recibido indebidamente\u2014<span class=\"Apple-converted-space\">\u00a0 <\/span>as\u00ed como la<span class=\"Apple-converted-space\">\u00a0 <\/span>suspensi\u00f3n, destituci\u00f3n e inhabilitaci\u00f3n, siendo responsables de los da\u00f1os y perjuicios patrimoniales causados, en s\u00edntesis, si es buen juez, por la casa se empieza, y es hora de empezar, pero ya, porque se hace tarde, que si bien existe ya la petici\u00f3n en la c\u00e1mara de diputados, d\u00e9mosle curso.<\/strong><\/span><\/p>\n<p>&nbsp;<\/p>\n<p><img data-recalc-dims=\"1\" loading=\"lazy\" decoding=\"async\" class=\"aligncenter wp-image-22878 size-large\" src=\"https:\/\/i0.wp.com\/politicosaldesnudo.com.mx\/wp-content\/uploads\/2023\/08\/JOSE-LIMA-1-1024x591.jpg?resize=800%2C462&#038;ssl=1\" alt=\"\" width=\"800\" height=\"462\" srcset=\"https:\/\/i0.wp.com\/politicosaldesnudo.com.mx\/wp-content\/uploads\/2023\/08\/JOSE-LIMA-1-scaled.jpg?resize=1024%2C591&amp;ssl=1 1024w, https:\/\/i0.wp.com\/politicosaldesnudo.com.mx\/wp-content\/uploads\/2023\/08\/JOSE-LIMA-1-scaled.jpg?resize=300%2C173&amp;ssl=1 300w, https:\/\/i0.wp.com\/politicosaldesnudo.com.mx\/wp-content\/uploads\/2023\/08\/JOSE-LIMA-1-scaled.jpg?resize=768%2C443&amp;ssl=1 768w, https:\/\/i0.wp.com\/politicosaldesnudo.com.mx\/wp-content\/uploads\/2023\/08\/JOSE-LIMA-1-scaled.jpg?resize=1536%2C887&amp;ssl=1 1536w, https:\/\/i0.wp.com\/politicosaldesnudo.com.mx\/wp-content\/uploads\/2023\/08\/JOSE-LIMA-1-scaled.jpg?resize=2048%2C1182&amp;ssl=1 2048w, https:\/\/i0.wp.com\/politicosaldesnudo.com.mx\/wp-content\/uploads\/2023\/08\/JOSE-LIMA-1-scaled.jpg?w=1600&amp;ssl=1 1600w, https:\/\/i0.wp.com\/politicosaldesnudo.com.mx\/wp-content\/uploads\/2023\/08\/JOSE-LIMA-1-scaled.jpg?w=2400&amp;ssl=1 2400w\" sizes=\"auto, (max-width: 800px) 100vw, 800px\" \/><\/p>\n<p>&nbsp;<\/p>\n<p class=\"p1\"><span style=\"font-size: 14pt;\">La existencia de once ministros en estos momentos \u2014m\u00e1s los recientes<span class=\"Apple-converted-space\">\u00a0 <\/span>jubilados como Cossio, S\u00e1nchez Cordero y otros m\u00e1s, podr\u00edan ser enjuiciados simple y sencillamente, sin mucho esc\u00e1ndalo ni alarde\u2014 siendo acompa\u00f1ados por los cuatro propuestos por L\u00f3pez Obrador \u2014Esquivel, Gonz\u00e1lez, R\u00edos y Loreta\u2014 m\u00e1s estos \u00faltimos que en agandalle brutal llegaron a fortalecer la impunidad en el poder Judicial ,pues sin pudor alguno, en el silencio m\u00e1s ominoso \u2014nadando de puerquito\u2014 se apoderan de recursos de la naci\u00f3n, sin que se vean en<span class=\"Apple-converted-space\">\u00a0 <\/span>el<span class=\"Apple-converted-space\">\u00a0 <\/span>ejemplo reciente de la<span class=\"Apple-converted-space\">\u00a0 <\/span>presidenta del INE, que actu\u00f3 con dignidad, regresando<span class=\"Apple-converted-space\">\u00a0 <\/span>el sueldo ten\u00eda el farsante C\u00f3rdoba, para percibir lo que constitucionalmente debe ser.<\/span><\/p>\n<p class=\"p1\"><span style=\"font-size: 18pt;\"><strong>Si se act\u00faa en este caso con rigor estricto, cumpliendo lo que se\u00f1ala la Constituci\u00f3n, los once ministros actuales se ir\u00edan vivir de sus riquezas adquiridas en ese poder y se sentar\u00eda<span class=\"Apple-converted-space\">\u00a0 <\/span>un precedente hist\u00f3rico, pues se permitir\u00eda<span class=\"Apple-converted-space\">\u00a0 <\/span>que se renovara todo la Suprema Corte de Justicia con nuevos individuos que ser\u00edan propuestos por el Presidente de la Rep\u00fablica \u2014lo dice la constituci\u00f3n\u2014 y mediante una convocatoria abierta y<span class=\"Apple-converted-space\">\u00a0 <\/span>un riguroso examen previo, y otra evaluaci\u00f3n que haga la<span class=\"Apple-converted-space\">\u00a0 <\/span>c\u00e1mara de senadores, llegar\u00eda la sangre nueva, con nueva mentalidad y dignidad y decoro, de ah\u00ed a renovar lo que el presidente manifiesta que est\u00e1 podrido.<\/strong><\/span><\/p>\n<p class=\"p1\"><span style=\"font-size: 14pt;\">Este se\u00f1alamiento que se ofrece,<span class=\"Apple-converted-space\">\u00a0 <\/span>que<span class=\"Apple-converted-space\">\u00a0 <\/span>es estrictamente constitucional,<span class=\"Apple-converted-space\">\u00a0 <\/span>vendr\u00e1 a superar y ,con creces,<span class=\"Apple-converted-space\">\u00a0 <\/span>lo que hizo Zedillo en 94, que de la noche a la ma\u00f1ana quit\u00f3 a los 21 ministros de la Corte \u2014durante varios meses no existi\u00f3 ese organismo\u2014 para que solo quedaran once, con una duraci\u00f3n en el encargo de quince a\u00f1os.<\/span><\/p>\n<p class=\"p1\"><span style=\"font-size: 14pt;\">Si de terminar con la corrupci\u00f3n se trata, que mejor golpe a un organismo se\u00f1alado por el presidente como podrido, para que vuelva a renacer, con una limpieza inusitada en la vida de M\u00e9xico, pues adem\u00e1s del juicio pol\u00edtico que se har\u00eda de manera abierta para ah\u00ed se defiendan, o mal menos para que confiesen porque de tantos a\u00f1os, se nutrieron indebidamente del presupuesto p\u00fablico y se les se\u00f1ale aut\u00e9nticamente como gandallas de siete suelas, esto para que no<span class=\"Apple-converted-space\">\u00a0 <\/span>vuelva a repetirse jam\u00e1s, pues si<span class=\"Apple-converted-space\">\u00a0 <\/span>la Constituci\u00f3n es la Constituci\u00f3n que norma y honrar al pa\u00eds, que se cumpla de una vez y para siempre con ella.<\/span><\/p>\n<p>&nbsp;<\/p>\n<hr \/>\n<p>&nbsp;<\/p>\n<p><span style=\"font-size: 18pt;\"><strong>Correo:<a href=\"mailto:limacobos@hotmail.com\"> limacobos@hotmail.com<\/a><\/strong><\/span><\/p>\n<p><span style=\"font-size: 18pt;\"><strong>Twitter: <a href=\"https:\/\/twitter.com\/limacobos1\">@limacobos1<\/a><\/strong><\/span><\/p>\n<p>&nbsp;<\/p>\n<p><img data-recalc-dims=\"1\" loading=\"lazy\" decoding=\"async\" class=\"aligncenter wp-image-14351\" src=\"https:\/\/i0.wp.com\/politicosaldesnudo.com.mx\/wp-content\/uploads\/2023\/01\/FIRMA-EDITORIAL-PD-300x37.png?resize=800%2C98&#038;ssl=1\" alt=\"\" width=\"800\" height=\"98\" srcset=\"https:\/\/i0.wp.com\/politicosaldesnudo.com.mx\/wp-content\/uploads\/2023\/01\/FIRMA-EDITORIAL-PD.png?resize=300%2C37&amp;ssl=1 300w, https:\/\/i0.wp.com\/politicosaldesnudo.com.mx\/wp-content\/uploads\/2023\/01\/FIRMA-EDITORIAL-PD.png?resize=1024%2C125&amp;ssl=1 1024w, https:\/\/i0.wp.com\/politicosaldesnudo.com.mx\/wp-content\/uploads\/2023\/01\/FIRMA-EDITORIAL-PD.png?resize=768%2C94&amp;ssl=1 768w, https:\/\/i0.wp.com\/politicosaldesnudo.com.mx\/wp-content\/uploads\/2023\/01\/FIRMA-EDITORIAL-PD.png?resize=1536%2C188&amp;ssl=1 1536w, https:\/\/i0.wp.com\/politicosaldesnudo.com.mx\/wp-content\/uploads\/2023\/01\/FIRMA-EDITORIAL-PD.png?resize=2048%2C250&amp;ssl=1 2048w, https:\/\/i0.wp.com\/politicosaldesnudo.com.mx\/wp-content\/uploads\/2023\/01\/FIRMA-EDITORIAL-PD.png?w=1600&amp;ssl=1 1600w, https:\/\/i0.wp.com\/politicosaldesnudo.com.mx\/wp-content\/uploads\/2023\/01\/FIRMA-EDITORIAL-PD.png?w=2400&amp;ssl=1 2400w\" sizes=\"auto, (max-width: 800px) 100vw, 800px\" \/><\/p>\n<p>&nbsp;<\/p>\n<p>&nbsp;<\/p>\n<p>&nbsp;<\/p>\n<p>&nbsp;<\/p>\n","protected":false},"excerpt":{"rendered":"<p>&nbsp; Por Jos\u00e9 Lima Cobos Dif\u00edcil que las cosas cambien ni aunque vuelva la divina providencia a iluminar el camino.<\/p>\n","protected":false},"author":4,"featured_media":4215,"comment_status":"closed","ping_status":"closed","sticky":false,"template":"","format":"standard","meta":{"colormag_page_container_layout":"default_layout","colormag_page_sidebar_layout":"default_layout","_jetpack_memberships_contains_paid_content":false,"footnotes":"","jetpack_publicize_message":"","jetpack_publicize_feature_enabled":true,"jetpack_social_post_already_shared":false,"jetpack_social_options":{"image_generator_settings":{"template":"highway","default_image_id":0,"font":"","enabled":false},"version":2}},"categories":[26],"tags":[],"class_list":["post-22876","post","type-post","status-publish","format-standard","has-post-thumbnail","hentry","category-columnistas"],"jetpack_publicize_connections":[],"jetpack_featured_media_url":"https:\/\/i0.wp.com\/politicosaldesnudo.com.mx\/wp-content\/uploads\/2022\/04\/JOSE%CC%81-LIMA-COBOS.png?fit=1816%2C1016&ssl=1","jetpack-related-posts":[],"jetpack_sharing_enabled":true,"_links":{"self":[{"href":"https:\/\/politicosaldesnudo.com.mx\/index.php\/wp-json\/wp\/v2\/posts\/22876","targetHints":{"allow":["GET"]}}],"collection":[{"href":"https:\/\/politicosaldesnudo.com.mx\/index.php\/wp-json\/wp\/v2\/posts"}],"about":[{"href":"https:\/\/politicosaldesnudo.com.mx\/index.php\/wp-json\/wp\/v2\/types\/post"}],"author":[{"embeddable":true,"href":"https:\/\/politicosaldesnudo.com.mx\/index.php\/wp-json\/wp\/v2\/users\/4"}],"replies":[{"embeddable":true,"href":"https:\/\/politicosaldesnudo.com.mx\/index.php\/wp-json\/wp\/v2\/comments?post=22876"}],"version-history":[{"count":0,"href":"https:\/\/politicosaldesnudo.com.mx\/index.php\/wp-json\/wp\/v2\/posts\/22876\/revisions"}],"wp:featuredmedia":[{"embeddable":true,"href":"https:\/\/politicosaldesnudo.com.mx\/index.php\/wp-json\/wp\/v2\/media\/4215"}],"wp:attachment":[{"href":"https:\/\/politicosaldesnudo.com.mx\/index.php\/wp-json\/wp\/v2\/media?parent=22876"}],"wp:term":[{"taxonomy":"category","embeddable":true,"href":"https:\/\/politicosaldesnudo.com.mx\/index.php\/wp-json\/wp\/v2\/categories?post=22876"},{"taxonomy":"post_tag","embeddable":true,"href":"https:\/\/politicosaldesnudo.com.mx\/index.php\/wp-json\/wp\/v2\/tags?post=22876"}],"curies":[{"name":"wp","href":"https:\/\/api.w.org\/{rel}","templated":true}]}}