{"id":22880,"date":"2023-08-07T02:09:15","date_gmt":"2023-08-07T07:09:15","guid":{"rendered":"https:\/\/politicosaldesnudo.com.mx\/?p=22880"},"modified":"2023-08-07T02:09:23","modified_gmt":"2023-08-07T07:09:23","slug":"noche-triste-o-victoriosa","status":"publish","type":"post","link":"https:\/\/politicosaldesnudo.com.mx\/index.php\/2023\/08\/07\/noche-triste-o-victoriosa\/","title":{"rendered":"Noche triste o victoriosa"},"content":{"rendered":"<p>&nbsp;<\/p>\n<p class=\"p1\"><span style=\"font-size: 18pt;\"><b>Por Jos\u00e9 Garc\u00eda S\u00e1nchez<\/b><\/span><\/p>\n<p class=\"p1\"><span style=\"font-size: 14pt;\">Los libros de texto de la SEP no ense\u00f1aron a pensar como espa\u00f1oles. El amor a la corona que todav\u00eda se muestra en muchos mexicanos que ven con admiraci\u00f3n c\u00f3mo muere una princesa y toma posesi\u00f3n un nuevo rey en Inglaterra.<\/span><\/p>\n<p class=\"p1\"><span style=\"font-size: 18pt;\"><strong>Hasta los famosos llegan a considerar a la reina Isabel como un familiar, como parte de la adoraci\u00f3n a la monarqu\u00eda, y siguen hablando de pr\u00edncipes azules, tal vez sean los del PAN. Y toda una serie de herencias hasta ling\u00fc\u00edsticas como el hecho de contestar \u201cMande\u201d cuando alguien nos llama, herencia de la \u00e9poca Colonial.<\/strong><\/span><\/p>\n<p class=\"p1\"><span style=\"font-size: 14pt;\">Es decir, la introyecci\u00f3n cultural espa\u00f1ola que dur\u00f3 300 a\u00f1os en M\u00e9xico sigue conquistando mentes de mexicanos generaci\u00f3n tras generaci\u00f3n y muestra de ello es ver con toda claridad, nos impusieron a los mexicanos el nombre de la Noche Triste, cuando se habla de una de las derrotas de los conquistadores ante los habitantes de nuestro territorio.<\/span><\/p>\n<p class=\"p1\"><span style=\"font-size: 14pt;\">Si la educaci\u00f3n en realidad hubiera sido nacionalista, la Noche Triste debi\u00f3 llamarse alegre, o triunfadora o victoriosa como ahora lo describen los libros de texto, pero la colonizaci\u00f3n de nuestra historia oficial, anquilosada en los libros de texto por muchos a\u00f1os, es reclamada como error ideol\u00f3gico actualmente.<\/span><\/p>\n<p class=\"p1\"><span style=\"font-size: 18pt;\"><strong>Hace unos a\u00f1os, el gobierno de Espa\u00f1a convoc\u00f3 a mexicanos con ciertos apellidos a adoptar tambi\u00e9n la ciudadan\u00eda espa\u00f1ola, miles si no es que cientos de miles de mexicanos empezaron a realizar ese tr\u00e1mite \u00b4para la doble nacionalidad, sin importar su costo. La \u201cinversi\u00f3n\u201d no significaba poco dinero, lo cual habla de una clase social muy definida, porque alguien con salario m\u00ednimo ni siquiera pensar\u00eda en adoptar una nueva nacionalidad. Se trat\u00f3 de una clase con holgura econ\u00f3mica nost\u00e1lgica de la Colonia y adoradora de la monarqu\u00eda, que se muestra enemiga del actual gobierno y de todo lo que acerque a la identidad aut\u00e9ntica.<\/strong><\/span><\/p>\n<p class=\"p1\"><span style=\"font-size: 14pt;\">La a\u00f1oranza por ser espa\u00f1oles crea puentes con el pa\u00eds ib\u00e9rico que degeneran en la conexi\u00f3n con asociaciones como VOX, o con neofranquistas, o con la nobleza parasitaria de ese pa\u00eds, todo menos lo que tenga que ver con M\u00e9xico. Trataron de imponer a los mexicanos que somos espa\u00f1oles y que debemos defender Espa\u00f1a desde Am\u00e9rica, en una cultura tan manipuladora que todav\u00eda no pueden sacudirse algunos, incluso hay quienes se dicen orgullosos de tener apellidos espa\u00f1oles.<\/span><\/p>\n<p class=\"p1\"><span style=\"font-size: 18pt;\"><strong>Hay muchos traidores a M\u00e9xico con origen espa\u00f1ol empezando por Fox, pero tambi\u00e9n columnistas como L\u00f3pez D\u00f3riga. Todav\u00eda hay quienes le dicen a Espa\u00f1a la Madre Patria, al amparo del pasado y del conservadurismo.<\/strong><\/span><\/p>\n<p>&nbsp;<\/p>\n<p class=\"p1\"><span style=\"font-size: 18pt; color: #139eca;\"><b>LOS LIBRO DE TEXTOS<\/b><\/span><\/p>\n<p class=\"p1\"><span style=\"font-size: 14pt;\">Estos libros de texto sirven para cobrar conciencia sobre la educaci\u00f3n que hemos recibido, lejana a nuestra identidad y cercana a la traici\u00f3n que se practic\u00f3 por muchos a\u00f1os dentro y fuera de la clase pol\u00edtica.<\/span><\/p>\n<p class=\"p1\"><span style=\"font-size: 18pt;\"><strong>La educaci\u00f3n basada en la historia oficial, se encargaba de perdurar este tipo de absurdos. De sembrar el desprecio por lo propio y la admiraci\u00f3n por lo extranjero. Todav\u00eda para mucha gente la educaci\u00f3n, la ropa, los autom\u00f3viles son mejores en el extranjero que en M\u00e9xico. Desde luego que la educaci\u00f3n como base del condicionamiento social est\u00e1 divida desde hace a\u00f1os en dos vertientes, la educaci\u00f3n p\u00fablica que se encarga de hacer cumplir un derecho a la ciudadan\u00eda; y la educaci\u00f3n privada que convierte el derecho a la educaci\u00f3n en mercanc\u00eda.<\/strong><\/span><\/p>\n<p class=\"p1\"><span style=\"font-size: 14pt;\">En la primera la \u00e9tica est\u00e1 desprovista de valores espirituales y religiosos, porque es laica; en la segunda la \u00e9tica la fusionan con la moral y \u00e9sta s\u00f3lo es ense\u00f1ada como parte de la religi\u00f3n. \u00c9sta y otras condiciones se\u00f1alan las diferencias que terminan por polarizar, por hacer sentir mayores, mejores y m\u00e1s grandes a quienes m\u00e1s tienen, y menores peores y peque\u00f1os a quienes carecen de lo necesario.<\/span><\/p>\n<p class=\"p1\"><span style=\"font-size: 14pt;\">La superioridad por los logros materiales alcanzados perme\u00f3 en la sociedad mexicana hasta convertir el proceso en ambici\u00f3n, aspiraci\u00f3n o sue\u00f1o, que terminan siendo, por lo regular una frustraci\u00f3n y no por falta de talento sino porque la movilidad social tiene obst\u00e1culos, muchos de ellos impuestos por condiciones muy similares a los de la nobleza espa\u00f1ola.<\/span><\/p>\n<p class=\"p1\"><span style=\"font-size: 14pt;\">Hace falta pedigree para ascender en la escala social porque la igualdad es comunismo.<\/span><\/p>\n<div><\/div>\n<div>\n<hr \/>\n<p>&nbsp;<\/p>\n<p><span style=\"font-size: 18pt;\"><strong>Twitter:\u00a0<a href=\"https:\/\/twitter.com\/Josangasa3\">@Josangasa3<\/a><\/strong><\/span><\/p>\n<p>&nbsp;<\/p>\n<p><img data-recalc-dims=\"1\" loading=\"lazy\" decoding=\"async\" class=\"aligncenter wp-image-14351\" src=\"https:\/\/i0.wp.com\/politicosaldesnudo.com.mx\/wp-content\/uploads\/2023\/01\/FIRMA-EDITORIAL-PD-300x37.png?resize=800%2C98&#038;ssl=1\" alt=\"\" width=\"800\" height=\"98\" srcset=\"https:\/\/i0.wp.com\/politicosaldesnudo.com.mx\/wp-content\/uploads\/2023\/01\/FIRMA-EDITORIAL-PD.png?resize=300%2C37&amp;ssl=1 300w, https:\/\/i0.wp.com\/politicosaldesnudo.com.mx\/wp-content\/uploads\/2023\/01\/FIRMA-EDITORIAL-PD.png?resize=1024%2C125&amp;ssl=1 1024w, https:\/\/i0.wp.com\/politicosaldesnudo.com.mx\/wp-content\/uploads\/2023\/01\/FIRMA-EDITORIAL-PD.png?resize=768%2C94&amp;ssl=1 768w, https:\/\/i0.wp.com\/politicosaldesnudo.com.mx\/wp-content\/uploads\/2023\/01\/FIRMA-EDITORIAL-PD.png?resize=1536%2C188&amp;ssl=1 1536w, https:\/\/i0.wp.com\/politicosaldesnudo.com.mx\/wp-content\/uploads\/2023\/01\/FIRMA-EDITORIAL-PD.png?resize=2048%2C250&amp;ssl=1 2048w, https:\/\/i0.wp.com\/politicosaldesnudo.com.mx\/wp-content\/uploads\/2023\/01\/FIRMA-EDITORIAL-PD.png?w=1600&amp;ssl=1 1600w, https:\/\/i0.wp.com\/politicosaldesnudo.com.mx\/wp-content\/uploads\/2023\/01\/FIRMA-EDITORIAL-PD.png?w=2400&amp;ssl=1 2400w\" sizes=\"auto, (max-width: 800px) 100vw, 800px\" \/><\/p>\n<\/div>\n<p>&nbsp;<\/p>\n<p>&nbsp;<\/p>\n<p>&nbsp;<\/p>\n","protected":false},"excerpt":{"rendered":"<p>&nbsp; Por Jos\u00e9 Garc\u00eda S\u00e1nchez Los libros de texto de la SEP no ense\u00f1aron a pensar como espa\u00f1oles. El amor<\/p>\n","protected":false},"author":4,"featured_media":3934,"comment_status":"closed","ping_status":"closed","sticky":false,"template":"","format":"standard","meta":{"colormag_page_container_layout":"default_layout","colormag_page_sidebar_layout":"default_layout","_jetpack_memberships_contains_paid_content":false,"footnotes":"","jetpack_publicize_message":"","jetpack_publicize_feature_enabled":true,"jetpack_social_post_already_shared":false,"jetpack_social_options":{"image_generator_settings":{"template":"highway","default_image_id":0,"font":"","enabled":false},"version":2}},"categories":[26],"tags":[1389,3048,42,3059],"class_list":["post-22880","post","type-post","status-publish","format-standard","has-post-thumbnail","hentry","category-columnistas","tag-comunismo","tag-libros-de-texto","tag-mexico","tag-noche-trsite"],"jetpack_publicize_connections":[],"jetpack_featured_media_url":"https:\/\/i0.wp.com\/politicosaldesnudo.com.mx\/wp-content\/uploads\/2022\/04\/JOSE%CC%81-GARCI%CC%81A.png?fit=1816%2C1016&ssl=1","jetpack-related-posts":[],"jetpack_sharing_enabled":true,"_links":{"self":[{"href":"https:\/\/politicosaldesnudo.com.mx\/index.php\/wp-json\/wp\/v2\/posts\/22880","targetHints":{"allow":["GET"]}}],"collection":[{"href":"https:\/\/politicosaldesnudo.com.mx\/index.php\/wp-json\/wp\/v2\/posts"}],"about":[{"href":"https:\/\/politicosaldesnudo.com.mx\/index.php\/wp-json\/wp\/v2\/types\/post"}],"author":[{"embeddable":true,"href":"https:\/\/politicosaldesnudo.com.mx\/index.php\/wp-json\/wp\/v2\/users\/4"}],"replies":[{"embeddable":true,"href":"https:\/\/politicosaldesnudo.com.mx\/index.php\/wp-json\/wp\/v2\/comments?post=22880"}],"version-history":[{"count":0,"href":"https:\/\/politicosaldesnudo.com.mx\/index.php\/wp-json\/wp\/v2\/posts\/22880\/revisions"}],"wp:featuredmedia":[{"embeddable":true,"href":"https:\/\/politicosaldesnudo.com.mx\/index.php\/wp-json\/wp\/v2\/media\/3934"}],"wp:attachment":[{"href":"https:\/\/politicosaldesnudo.com.mx\/index.php\/wp-json\/wp\/v2\/media?parent=22880"}],"wp:term":[{"taxonomy":"category","embeddable":true,"href":"https:\/\/politicosaldesnudo.com.mx\/index.php\/wp-json\/wp\/v2\/categories?post=22880"},{"taxonomy":"post_tag","embeddable":true,"href":"https:\/\/politicosaldesnudo.com.mx\/index.php\/wp-json\/wp\/v2\/tags?post=22880"}],"curies":[{"name":"wp","href":"https:\/\/api.w.org\/{rel}","templated":true}]}}