{"id":22888,"date":"2023-08-07T02:24:59","date_gmt":"2023-08-07T07:24:59","guid":{"rendered":"https:\/\/politicosaldesnudo.com.mx\/?p=22888"},"modified":"2023-08-07T02:24:59","modified_gmt":"2023-08-07T07:24:59","slug":"magistradas-veracruzanas-en-lios","status":"publish","type":"post","link":"https:\/\/politicosaldesnudo.com.mx\/index.php\/2023\/08\/07\/magistradas-veracruzanas-en-lios\/","title":{"rendered":"Magistradas veracruzanas en l\u00edos"},"content":{"rendered":"<p class=\"p1\">\n<p>&nbsp;<\/p>\n<p class=\"p1\"><span style=\"font-size: 18pt;\"><b>Por \u00c1ngel \u00c1lvaro Pe\u00f1a<\/b><\/span><\/p>\n<p class=\"p1\"><span style=\"font-size: 14pt;\">Como si se tratara de una moda, el Poder Judicial en Veracruz tambi\u00e9n tiene sus propios esc\u00e1ndalos donde los otros poderes est\u00e1n implicados y no dejan de repercutir, a nivel nacional, en el espect\u00e1culo que se ha convertido la pol\u00edtica, en v\u00edsperas de las elecciones.<\/span><\/p>\n<p class=\"p1\"><span style=\"font-size: 18pt;\"><strong>La magistrada Gladys de Lourdes P\u00e9rez regresar\u00e1 a su cargo en el Tribunal Superior de Justicia del estado, adscrita a la Tercera Sala en materia Penal, luego de haber sido destituida de manera arbitraria a trav\u00e9s del Congreso local, para favorecer el nombramiento de otra magistrada, de nombre Ailett Garc\u00eda Cayetano, quien es esposa del secretario de Infraestructura y Obras P\u00fablicas, Elio Hern\u00e1ndez Gonz\u00e1lez y hermana de la diputada federal de Morena, Dorheny Garc\u00eda Cayetano.<\/strong><\/span><\/p>\n<p class=\"p1\"><span style=\"font-size: 14pt;\">El proceso de destituci\u00f3n estuvo lleno de anomal\u00edas, tanto que se lleg\u00f3 a especular que Ailett era media hermana del gobernador, dada la buena relaci\u00f3n que establece el mandatario veracruzano con toda esa familia y los favores recibidos de parte del morenista.<\/span><\/p>\n<p class=\"p1\"><span style=\"font-size: 18pt;\"><strong>Finalmente, la magistrada Gladys de Lourdes P\u00e9rez Maldonado ser\u00e1 reinstalada en la Tercera Sala en Materia Penal, aunque estuvo ocupada por Ailett Garc\u00eda, quien, a su vez, llegar\u00e1 a la Sala Quinta en Materia Penal de la corte de la entidad.<\/strong><\/span><\/p>\n<p class=\"p1\"><span style=\"font-size: 14pt;\">En este caso todos os poderes estuvieron complicados porque el Congreso local debi\u00f3 aprobar su reinstalaci\u00f3n luego de ganar el amparo P\u00e9rez Maldonado, porque, dadas las circunstancias s\u00f3lo podr\u00e1 llevar a cabo sus funciones a\u00f1o y medio.<\/span><\/p>\n<p>&nbsp;<\/p>\n<p><img data-recalc-dims=\"1\" loading=\"lazy\" decoding=\"async\" class=\"aligncenter wp-image-22889 size-large\" src=\"https:\/\/i0.wp.com\/politicosaldesnudo.com.mx\/wp-content\/uploads\/2023\/08\/ALMA-GRANDE-1-1024x683.jpg?resize=800%2C534&#038;ssl=1\" alt=\"\" width=\"800\" height=\"534\" srcset=\"https:\/\/i0.wp.com\/politicosaldesnudo.com.mx\/wp-content\/uploads\/2023\/08\/ALMA-GRANDE-1-scaled.jpg?resize=1024%2C683&amp;ssl=1 1024w, https:\/\/i0.wp.com\/politicosaldesnudo.com.mx\/wp-content\/uploads\/2023\/08\/ALMA-GRANDE-1-scaled.jpg?resize=300%2C200&amp;ssl=1 300w, https:\/\/i0.wp.com\/politicosaldesnudo.com.mx\/wp-content\/uploads\/2023\/08\/ALMA-GRANDE-1-scaled.jpg?resize=768%2C512&amp;ssl=1 768w, https:\/\/i0.wp.com\/politicosaldesnudo.com.mx\/wp-content\/uploads\/2023\/08\/ALMA-GRANDE-1-scaled.jpg?resize=1536%2C1024&amp;ssl=1 1536w, https:\/\/i0.wp.com\/politicosaldesnudo.com.mx\/wp-content\/uploads\/2023\/08\/ALMA-GRANDE-1-scaled.jpg?resize=2048%2C1365&amp;ssl=1 2048w, https:\/\/i0.wp.com\/politicosaldesnudo.com.mx\/wp-content\/uploads\/2023\/08\/ALMA-GRANDE-1-scaled.jpg?w=1600&amp;ssl=1 1600w, https:\/\/i0.wp.com\/politicosaldesnudo.com.mx\/wp-content\/uploads\/2023\/08\/ALMA-GRANDE-1-scaled.jpg?w=2400&amp;ssl=1 2400w\" sizes=\"auto, (max-width: 800px) 100vw, 800px\" \/><\/p>\n<p>&nbsp;<\/p>\n<p class=\"p1\"><span style=\"font-size: 18pt; color: #139eca;\"><b>EL REGRESO<\/b><\/span><\/p>\n<p class=\"p1\"><span style=\"font-size: 14pt;\">El 30 de mayo del presente a\u00f1o, el Congreso local de Veracruz orden\u00f3 la reinstalaci\u00f3n de la magistrada s\u00f3lo por un periodo de cinco a\u00f1os, contados a partir de 2020, por lo que promovi\u00f3 un amparo ante la justifica federal, a trav\u00e9s del Primer Tribunal Colegiado en materia administrativa del S\u00e9ptimo Circuito, que dict\u00f3 como sentencia la destituci\u00f3n de Gladys de Lourdes P\u00e9rez Maldonado como magistrada del Tribunal Superior de Justicia. Desde hace m\u00e1s de dos a\u00f1os la magistrada promovi\u00f3 un amparo en contra de una determinaci\u00f3n del Congreso local, que le neg\u00f3 la posibilidad de ser evaluada para permanecer en el cargo por un segundo periodo de 5 a\u00f1os.<\/span><\/p>\n<p class=\"p1\"><span style=\"font-size: 18pt;\"><strong>Alrededor de esta situaci\u00f3n se han creado especulaciones donde intervinieron personajes inculpados en este enroque de intereses en la aplicaci\u00f3n de la justicia en el estado.<\/strong><\/span><\/p>\n<p class=\"p1\"><span style=\"font-size: 18pt; color: #139eca;\"><strong>Ailett Garc\u00eda Cayetano, fue directora general jur\u00eddica de la Secretar\u00eda de Seguridad P\u00fablica, luego contendi\u00f3 por la Fiscal\u00eda Anticorrupci\u00f3n, hasta que lleg\u00f3 a ser magistrada, dada su trayectoria y su r\u00e1pido ascenso, se considera que en su posici\u00f3n puede existir conflicto de intereses.<\/strong><\/span><\/p>\n<p class=\"p1\"><span style=\"font-size: 14pt;\">Desde un principio la fama de ser la consentida del gobernador no pudo sacud\u00edrsela Ailett, quien fue acusada en los medios de cobrar moches, seg\u00fan denuncia de abogados defensores en diferentes casos.<\/span><\/p>\n<p class=\"p1\"><span style=\"font-size: 18pt;\"><strong>Desde que fue designada magistrada Ailett Garc\u00eda Cayetano las cr\u00edticas vinieron en cascada con ella, por ejemplo, la del diputado local del PAN Enrique Cambranis, quien asegur\u00f3 que existe un evidente pago de favores, compadrazgo y nepotismo en la lista de magistrados del Poder Judicial, al ser aprobada como magistrada.<\/strong><\/span><\/p>\n<p class=\"p1\"><span style=\"font-size: 14pt;\">Coment\u00f3 en su intervenci\u00f3n un par de designaciones que se encuentran viciadas de origen y nombr\u00f3 el caso de\u00a0Ailett Garc\u00eda Cayetano.<\/span><\/p>\n<p class=\"p1\"><span style=\"font-size: 14pt;\">El legislador local a\u00f1adi\u00f3 que\u00a0\u201ctodos saben que al menos dos ciudadanas promovieron amparos, y ya se ten\u00edan suspensiones de amparos ganados para que la reforma que establece el retiro forzoso de jueces y magistrados a los 70 a\u00f1os no se aplicara; sin embargo, violando todo precepto jur\u00eddico, dicha suspensi\u00f3n no fue aplicada por el Congreso\u201d.<\/span><\/p>\n<p class=\"p1\"><span style=\"font-size: 14pt;\">Cabe destacar que en su paso por el servicio p\u00fablico, a Aillet Garc\u00eda le ha hecho mucho da\u00f1o su esposo, el secretario de Infraestructura y Obras P\u00fablicas, Elio Hern\u00e1ndez Guti\u00e9rrez, oriundo de Poza Rica, quien ha sido se\u00f1alado por otorgar asignaciones directas de contratos a empresas a modo, declarando desiertas las licitaciones, por obras de p\u00e9sima calidad y hasta una denuncia penal por negligencia tras la muerte de una menor en un accidente en C\u00f3rdoba.<\/span><\/p>\n<p class=\"p1\"><span style=\"font-size: 14pt;\">Como este tipo de problemas surgen como parte de una administraci\u00f3n que tiene en el nepotismo una manera muy particular de gobernar, ya se sabe que el propio gobernador tiene en la Secretar\u00eda de Finanzas a un primo, lejano dice Cuitl\u00e1huac, pero hermanados por la simulaci\u00f3n y el enga\u00f1o.<\/span><\/p>\n<p class=\"p1\"><span style=\"font-size: 18pt;\"><strong>Por otra parte, la ola de nepotismo y arbitrariedades ocurre tambi\u00e9n dentro de la Secretar\u00eda de Infraestructura y Obras P\u00fablicas de la entidad, donde el subsecretario, es nada menos que hijo de la diputada local Cecilia Guevara Guembe, llamado Fernando E. Guevara, quienes han buscado con desesperaci\u00f3n, la presidencia municipal de Poza Rica, que coloca a sus habitantes en punto menos que m\u00e1rtires, ellos podr\u00edan llegar despu\u00e9s de la pesadilla que representa el mandato de\u00a0El Pulpo\u00a0Remes, y ahora le dicen Pulpo porque, si se trata de robar. tiene m\u00e1s de dos manos.<\/strong><\/span><\/p>\n<p class=\"p1\"><span style=\"font-size: 14pt;\">Pobres pozaricenses, todo hace parecer que tendr\u00e1n otros tres a\u00f1os de mala suerte con tanto pol\u00edtico que quiere ocupar el lugar de El Pulpo.<\/span><\/p>\n<p class=\"p1\"><span style=\"font-size: 14pt;\">Se trata de un gobierno donde cada quien hace lo que quiere, porque mientras esto sucede las paredes de todo el estado est\u00e1n ilustradas con la fotograf\u00eda del secretario general de gobierno, Erick Cisneros, quien, con pretexto de su libro, se propone como sucesor de Cuitl\u00e1huac Garc\u00eda Jim\u00e9nez.<\/span><\/p>\n<p class=\"p1\"><span style=\"font-size: 14pt;\">Las apuestas pol\u00edticas no se hacen por candidatos o ideas sino por la impunidad y el nepotismo, en una entidad donde la inseguridad es un grave problema y el temor de la poblaci\u00f3n crece en todo momento.<\/span><\/p>\n<p>&nbsp;<\/p>\n<p class=\"p1\"><span style=\"font-size: 18pt; color: #139eca;\"><b>PEGA Y CORRE<\/b><\/span><\/p>\n<p class=\"p1\"><span style=\"font-size: 14pt;\">Cinco de los aspirantes a la candidatura por el Frente Amplio por M\u00e9xico, que representa parte de la opci\u00f3n electoral en M\u00e9xico, aseguran haber reunido las 150 mil firmas que solicita el primer paso para seguir en la lucha por ser los abanderados de esta fuerza; X\u00f3chitl G\u00e1lvez, Beatriz Paredes, Enrique de la Madrid, Santiago Creel y Silvano Aureoles, quienes aseguran ya contar con ellas, pero \u00e9ste \u00faltimo est\u00e1 inhabilitado para concursar por cargo p\u00fablico alguno por varios a\u00f1os, incluso los de elecci\u00f3n popular de tal manera que no debe tomarse en cuenta, aunque \u00e9l insiste en sentirse vivo para ser el candidato de la oposici\u00f3n. Lo que hace Aureoles es manchar este proceso que tiene muchos cuestionamientos.<\/span><\/p>\n<p>&nbsp;<\/p>\n<p><em><span style=\"font-size: 18pt;\"><strong>Esta columna se publica los lunes, mi\u00e9rcoles y viernes<\/strong><\/span><\/em><\/p>\n<p>&nbsp;<\/p>\n<hr \/>\n<p>&nbsp;<\/p>\n<p><img data-recalc-dims=\"1\" loading=\"lazy\" decoding=\"async\" class=\"aligncenter wp-image-14351\" src=\"https:\/\/i0.wp.com\/politicosaldesnudo.com.mx\/wp-content\/uploads\/2023\/01\/FIRMA-EDITORIAL-PD-300x37.png?resize=800%2C98&#038;ssl=1\" alt=\"\" width=\"800\" height=\"98\" srcset=\"https:\/\/i0.wp.com\/politicosaldesnudo.com.mx\/wp-content\/uploads\/2023\/01\/FIRMA-EDITORIAL-PD.png?resize=300%2C37&amp;ssl=1 300w, https:\/\/i0.wp.com\/politicosaldesnudo.com.mx\/wp-content\/uploads\/2023\/01\/FIRMA-EDITORIAL-PD.png?resize=1024%2C125&amp;ssl=1 1024w, https:\/\/i0.wp.com\/politicosaldesnudo.com.mx\/wp-content\/uploads\/2023\/01\/FIRMA-EDITORIAL-PD.png?resize=768%2C94&amp;ssl=1 768w, https:\/\/i0.wp.com\/politicosaldesnudo.com.mx\/wp-content\/uploads\/2023\/01\/FIRMA-EDITORIAL-PD.png?resize=1536%2C188&amp;ssl=1 1536w, https:\/\/i0.wp.com\/politicosaldesnudo.com.mx\/wp-content\/uploads\/2023\/01\/FIRMA-EDITORIAL-PD.png?resize=2048%2C250&amp;ssl=1 2048w, https:\/\/i0.wp.com\/politicosaldesnudo.com.mx\/wp-content\/uploads\/2023\/01\/FIRMA-EDITORIAL-PD.png?w=1600&amp;ssl=1 1600w, https:\/\/i0.wp.com\/politicosaldesnudo.com.mx\/wp-content\/uploads\/2023\/01\/FIRMA-EDITORIAL-PD.png?w=2400&amp;ssl=1 2400w\" sizes=\"auto, (max-width: 800px) 100vw, 800px\" \/><\/p>\n<p>&nbsp;<\/p>\n<p>&nbsp;<\/p>\n<p>&nbsp;<\/p>\n<p>&nbsp;<\/p>\n","protected":false},"excerpt":{"rendered":"<p>&nbsp; Por \u00c1ngel \u00c1lvaro Pe\u00f1a Como si se tratara de una moda, el Poder Judicial en Veracruz tambi\u00e9n tiene sus<\/p>\n","protected":false},"author":4,"featured_media":3775,"comment_status":"closed","ping_status":"closed","sticky":false,"template":"","format":"standard","meta":{"colormag_page_container_layout":"default_layout","colormag_page_sidebar_layout":"default_layout","_jetpack_memberships_contains_paid_content":false,"footnotes":"","jetpack_publicize_message":"","jetpack_publicize_feature_enabled":true,"jetpack_social_post_already_shared":false,"jetpack_social_options":{"image_generator_settings":{"template":"highway","default_image_id":0,"font":"","enabled":false},"version":2}},"categories":[26],"tags":[3063,3062,100],"class_list":["post-22888","post","type-post","status-publish","format-standard","has-post-thumbnail","hentry","category-columnistas","tag-ailett-garcia-cayetano","tag-gladys-de-lourdes-perez","tag-veracruz"],"jetpack_publicize_connections":[],"jetpack_featured_media_url":"https:\/\/i0.wp.com\/politicosaldesnudo.com.mx\/wp-content\/uploads\/2022\/04\/A%CC%81NGEL-A%CC%81LVARO-PEN%CC%83A1.png?fit=1816%2C1016&ssl=1","jetpack-related-posts":[],"jetpack_sharing_enabled":true,"_links":{"self":[{"href":"https:\/\/politicosaldesnudo.com.mx\/index.php\/wp-json\/wp\/v2\/posts\/22888","targetHints":{"allow":["GET"]}}],"collection":[{"href":"https:\/\/politicosaldesnudo.com.mx\/index.php\/wp-json\/wp\/v2\/posts"}],"about":[{"href":"https:\/\/politicosaldesnudo.com.mx\/index.php\/wp-json\/wp\/v2\/types\/post"}],"author":[{"embeddable":true,"href":"https:\/\/politicosaldesnudo.com.mx\/index.php\/wp-json\/wp\/v2\/users\/4"}],"replies":[{"embeddable":true,"href":"https:\/\/politicosaldesnudo.com.mx\/index.php\/wp-json\/wp\/v2\/comments?post=22888"}],"version-history":[{"count":0,"href":"https:\/\/politicosaldesnudo.com.mx\/index.php\/wp-json\/wp\/v2\/posts\/22888\/revisions"}],"wp:featuredmedia":[{"embeddable":true,"href":"https:\/\/politicosaldesnudo.com.mx\/index.php\/wp-json\/wp\/v2\/media\/3775"}],"wp:attachment":[{"href":"https:\/\/politicosaldesnudo.com.mx\/index.php\/wp-json\/wp\/v2\/media?parent=22888"}],"wp:term":[{"taxonomy":"category","embeddable":true,"href":"https:\/\/politicosaldesnudo.com.mx\/index.php\/wp-json\/wp\/v2\/categories?post=22888"},{"taxonomy":"post_tag","embeddable":true,"href":"https:\/\/politicosaldesnudo.com.mx\/index.php\/wp-json\/wp\/v2\/tags?post=22888"}],"curies":[{"name":"wp","href":"https:\/\/api.w.org\/{rel}","templated":true}]}}