{"id":22924,"date":"2023-08-08T09:17:57","date_gmt":"2023-08-08T14:17:57","guid":{"rendered":"https:\/\/politicosaldesnudo.com.mx\/?p=22924"},"modified":"2023-08-08T09:17:57","modified_gmt":"2023-08-08T14:17:57","slug":"fiscalia-de-brasil-pide-condena-a-los-primeros-40-golpista","status":"publish","type":"post","link":"https:\/\/politicosaldesnudo.com.mx\/index.php\/2023\/08\/08\/fiscalia-de-brasil-pide-condena-a-los-primeros-40-golpista\/","title":{"rendered":"Fiscal\u00eda de Brasil pide condena a los primeros 40 golpista\u00a0"},"content":{"rendered":"<p class=\"p1\">\n<p>&nbsp;<\/p>\n<p class=\"p1\"><span style=\"font-size: 14pt;\"><em><strong>SAO PAOLO, BRASIL.<\/strong><\/em><strong> La Fiscal\u00eda General de Brasil<\/strong> pidi\u00f3 la condena de <strong>los primeros 40 acusados de haber perpetrado el intento de golpe de Estado<\/strong> del 8 de enero contra el presidente Luiz In\u00e1cio Lula da Silva.<\/span><\/p>\n<p class=\"p1\"><span style=\"font-size: 14pt;\">La solicitud de la fiscal\u00eda general fue elevada al Supremo Tribunal Federal, que juzga la actuaci\u00f3n de los golpistas que asaltaron sus instalaciones, as\u00ed como la casa de gobierno y el Congreso, en Brasilia.<\/span><\/p>\n<p class=\"p1\"><strong><span style=\"font-size: 18pt;\">En total hay mil 290 procesados por el m\u00e1ximo tribunal, acusados formalmente de varios delitos vinculados al intento de derrocar el estado de derecho vigente.<\/span><\/strong><\/p>\n<p class=\"p1\"><span style=\"font-size: 14pt;\">En este primer bloque, la fiscal\u00eda general pide la condena de 40 personas por los delitos de asociaci\u00f3n delictuosa armada, abolici\u00f3n violenta del estado democr\u00e1tico de derecho, da\u00f1o calificado con violencia y amenaza grave con uso de sustancia inflamable contra el patrimonio de la naci\u00f3n.<\/span><\/p>\n<p>&nbsp;<\/p>\n<p><img data-recalc-dims=\"1\" loading=\"lazy\" decoding=\"async\" class=\"aligncenter wp-image-22926 size-large\" src=\"https:\/\/i0.wp.com\/politicosaldesnudo.com.mx\/wp-content\/uploads\/2023\/08\/P-GOLPISTAS-BRASIL-2-1024x573.png?resize=800%2C448&#038;ssl=1\" alt=\"\" width=\"800\" height=\"448\" srcset=\"https:\/\/i0.wp.com\/politicosaldesnudo.com.mx\/wp-content\/uploads\/2023\/08\/P-GOLPISTAS-BRASIL-2.png?resize=1024%2C573&amp;ssl=1 1024w, https:\/\/i0.wp.com\/politicosaldesnudo.com.mx\/wp-content\/uploads\/2023\/08\/P-GOLPISTAS-BRASIL-2.png?resize=300%2C168&amp;ssl=1 300w, https:\/\/i0.wp.com\/politicosaldesnudo.com.mx\/wp-content\/uploads\/2023\/08\/P-GOLPISTAS-BRASIL-2.png?resize=768%2C430&amp;ssl=1 768w, https:\/\/i0.wp.com\/politicosaldesnudo.com.mx\/wp-content\/uploads\/2023\/08\/P-GOLPISTAS-BRASIL-2.png?resize=1536%2C859&amp;ssl=1 1536w, https:\/\/i0.wp.com\/politicosaldesnudo.com.mx\/wp-content\/uploads\/2023\/08\/P-GOLPISTAS-BRASIL-2.png?w=1816&amp;ssl=1 1816w, https:\/\/i0.wp.com\/politicosaldesnudo.com.mx\/wp-content\/uploads\/2023\/08\/P-GOLPISTAS-BRASIL-2.png?w=1600&amp;ssl=1 1600w\" sizes=\"auto, (max-width: 800px) 100vw, 800px\" \/><\/p>\n<p>&nbsp;<\/p>\n<p class=\"p1\"><span style=\"font-size: 18pt;\"><strong>En los alegatos finales, los fiscales indican que \u201cla forma en que actuaron los invasores demostr\u00f3, por un lado, la estructura del grupo criminal y, por otro, la fragilidad de la contenci\u00f3n impuesta por la polic\u00eda de Brasilia\u201d.<\/strong><\/span><\/p>\n<p class=\"p1\"><span style=\"font-size: 14pt;\">Los acusados, seguidores del ex presidente Jair Bolsonaro (2019-2022), ped\u00edan al ej\u00e9rcito dar un golpe de Estado al aprovechar la toma de los poderes p\u00fablicos.<\/span><\/p>\n<p class=\"p1\"><span style=\"font-size: 14pt;\">El principal acusado es el ministro de Justicia de Bolsonaro, Anderson Torres, en prisi\u00f3n domiciliaria, quien en el momento de los hechos era secretario de Seguridad de Brasilia y est\u00e1 imputado por haber liberado la zona de polic\u00edas para permitir el asalto a las instituciones.<\/span><\/p>\n<p class=\"p1\"><span style=\"font-size: 14pt;\">En tanto, el equipo legal de Bolsonaro impugn\u00f3 la decisi\u00f3n del Tribunal Superior Electoral (TSE), que pidi\u00f3 su inhabilitaci\u00f3n durante ocho a\u00f1os por abuso de poder y uso fraudulento de recursos p\u00fablicos.<\/span><\/p>\n<p class=\"p1\"><span style=\"font-size: 18pt;\"><strong>Bolsonaro tiene pendientes otros 15 procesos en el TSE.<\/strong><\/span><\/p>\n<p>&nbsp;<\/p>\n<p>&nbsp;<\/p>\n","protected":false},"excerpt":{"rendered":"<p>&nbsp; SAO PAOLO, BRASIL. La Fiscal\u00eda General de Brasil pidi\u00f3 la condena de los primeros 40 acusados de haber perpetrado<\/p>\n","protected":false},"author":4,"featured_media":22925,"comment_status":"closed","ping_status":"closed","sticky":false,"template":"","format":"standard","meta":{"colormag_page_container_layout":"default_layout","colormag_page_sidebar_layout":"default_layout","_jetpack_memberships_contains_paid_content":false,"footnotes":"","jetpack_publicize_message":"","jetpack_publicize_feature_enabled":true,"jetpack_social_post_already_shared":false,"jetpack_social_options":{"image_generator_settings":{"template":"highway","default_image_id":0,"font":"","enabled":false},"version":2}},"categories":[28],"tags":[1299,284,953],"class_list":["post-22924","post","type-post","status-publish","format-standard","has-post-thumbnail","hentry","category-internacional","tag-bolsonaro","tag-brasil","tag-golpe-de-estado"],"jetpack_publicize_connections":[],"jetpack_featured_media_url":"https:\/\/i0.wp.com\/politicosaldesnudo.com.mx\/wp-content\/uploads\/2023\/08\/P-GOLPISTAS-BRASIL-1.png?fit=1816%2C1016&ssl=1","jetpack-related-posts":[],"jetpack_sharing_enabled":true,"_links":{"self":[{"href":"https:\/\/politicosaldesnudo.com.mx\/index.php\/wp-json\/wp\/v2\/posts\/22924","targetHints":{"allow":["GET"]}}],"collection":[{"href":"https:\/\/politicosaldesnudo.com.mx\/index.php\/wp-json\/wp\/v2\/posts"}],"about":[{"href":"https:\/\/politicosaldesnudo.com.mx\/index.php\/wp-json\/wp\/v2\/types\/post"}],"author":[{"embeddable":true,"href":"https:\/\/politicosaldesnudo.com.mx\/index.php\/wp-json\/wp\/v2\/users\/4"}],"replies":[{"embeddable":true,"href":"https:\/\/politicosaldesnudo.com.mx\/index.php\/wp-json\/wp\/v2\/comments?post=22924"}],"version-history":[{"count":0,"href":"https:\/\/politicosaldesnudo.com.mx\/index.php\/wp-json\/wp\/v2\/posts\/22924\/revisions"}],"wp:featuredmedia":[{"embeddable":true,"href":"https:\/\/politicosaldesnudo.com.mx\/index.php\/wp-json\/wp\/v2\/media\/22925"}],"wp:attachment":[{"href":"https:\/\/politicosaldesnudo.com.mx\/index.php\/wp-json\/wp\/v2\/media?parent=22924"}],"wp:term":[{"taxonomy":"category","embeddable":true,"href":"https:\/\/politicosaldesnudo.com.mx\/index.php\/wp-json\/wp\/v2\/categories?post=22924"},{"taxonomy":"post_tag","embeddable":true,"href":"https:\/\/politicosaldesnudo.com.mx\/index.php\/wp-json\/wp\/v2\/tags?post=22924"}],"curies":[{"name":"wp","href":"https:\/\/api.w.org\/{rel}","templated":true}]}}