{"id":22957,"date":"2023-08-10T03:01:07","date_gmt":"2023-08-10T08:01:07","guid":{"rendered":"https:\/\/politicosaldesnudo.com.mx\/?p=22957"},"modified":"2023-08-11T07:15:40","modified_gmt":"2023-08-11T12:15:40","slug":"morena-incurre-en-los-peores-vicios-ebrard-al-consejo-nacional","status":"publish","type":"post","link":"https:\/\/politicosaldesnudo.com.mx\/index.php\/2023\/08\/10\/morena-incurre-en-los-peores-vicios-ebrard-al-consejo-nacional\/","title":{"rendered":"Morena incurre en los peores vicios: Ebrard al Consejo Nacional"},"content":{"rendered":"<p>&nbsp;<\/p>\n<p class=\"p1\"><span style=\"font-size: 18pt;\"><strong>Por Jos\u00e9 Ure\u00f1a<\/strong><\/span><\/p>\n<p class=\"p1\"><span style=\"font-size: 14pt;\">El Consejo Nacional de Morena no puede evadir.<\/span><\/p>\n<p class=\"p1\"><span style=\"font-size: 14pt;\">Ya tiene documentadas muchas de las acciones \u201canti\u00e9ticas, ilegales e inmorales\u201d con las cuales se realizan las campa\u00f1as de las\u00a0corcholatas<\/span><\/p>\n<p class=\"p1\"><span style=\"font-size: 14pt;\">\u201cConductas, actividades y diversos acontecimientos que cre\u00edamos ya eliminados de la vida democr\u00e1tica del pa\u00eds y de nuestro movimiento\u201d.<\/span><\/p>\n<p class=\"p1\"><span style=\"font-size: 14pt;\">La denuncia est\u00e1 contenida en un escrito, uno de los muchos testimonios vertidos y\/o entregados por alguna de las\u00a0corcholatas\u00a0al Consejo Nacional de Morena.<\/span><\/p>\n<p class=\"p1\"><span style=\"font-size: 14pt;\">\u00bfY qu\u00e9 ha hecho el organismo presidido por\u00a0Alfonso Durazo, a la vez gobernador de Sonora?<\/span><\/p>\n<p class=\"p1\"><span style=\"font-size: 14pt;\">Nada.<\/span><\/p>\n<p class=\"p1\"><span style=\"font-size: 14pt;\">-Omisi\u00f3n -en expresi\u00f3n del documento entregado a\u00a0Tel\u00e9fono Rojo\u00a0por colaboradores cercanos al presidente morenista\u00a0Mario Delgado, a quien se le remiti\u00f3 copia.<\/span><\/p>\n<p class=\"p1\"><span style=\"font-size: 14pt;\">El texto est\u00e1 lleno de testimonios, pruebas de despilfarro, acarreos, participaci\u00f3n de gobernadores, funcionarios federales y de muchos hechos \u201cal m\u00e1s puro estilo del viejo r\u00e9gimen\u201d.<\/span><\/p>\n<p class=\"p1\"><span style=\"font-size: 18pt; color: #139eca;\"><strong>\u00a0AMENAZAS COMO M\u00c9TODO<\/strong><\/span><\/p>\n<p class=\"p1\"><span style=\"font-size: 14pt;\">Pero no demos la nota simple.<\/span><\/p>\n<p class=\"p1\"><span style=\"font-size: 14pt;\">El escrito central -los anexos abundan en fotograf\u00edas, declaraciones de funcionarios, participaciones indebidas y patrocinios bajo sospecha- est\u00e1 debidamente respaldado.<\/span><\/p>\n<p class=\"p1\"><span style=\"font-size: 14pt;\">Fue presentado por el abogado jalisciense\u00a0Carlos Palacios,\u00a0representante jur\u00eddico de\u00a0Marcelo Ebrard, y las firmas las encabeza la coordinadora de la campa\u00f1a ebrardista, la senadora\u00a0Martha Luc\u00eda Micher.<\/span><\/p>\n<p class=\"p1\"><span style=\"font-size: 14pt;\">La respaldan los consejeros nacionales\u00a0Daniel Andr\u00e9s Sibaja\u00a0y\u00a0Emmanuel Reyes Carmona, m\u00e1s un extenso equipo dedicado a recabar pruebas de cuanta anomal\u00eda se ha registrado.<\/span><\/p>\n<p class=\"p1\"><span style=\"font-size: 14pt;\">El texto reproduce los\u00a0T\u00e9rminos generales\u00a0del\u00a0Consejo Nacional de Morena\u00a0firmados el 11 de junio pasado, al cual deben respetar proceso,\u00a0corcholatas, sus simpatizantes y militantes.<\/span><\/p>\n<p class=\"p1\"><span style=\"font-size: 14pt;\">Luego entra en materia:<\/span><\/p>\n<p class=\"p1\"><span style=\"font-size: 14pt;\">\u201c\u2026Acudimos hoy \u201327 de julio de 2023\u2013 a este \u00f3rgano rector del proceso para se\u00f1alar conductas, actividades y diversos acontecimientos que cre\u00edamos ya eliminados de la vida democr\u00e1tica del pa\u00eds y de nuestro movimiento.<\/span><\/p>\n<p class=\"p1\"><span style=\"font-size: 14pt;\">\u201cEs inadmisible imaginar que despu\u00e9s de tantos a\u00f1os de lucha, el despilfarro publicitario, el uso de estructuras oficiales y\/o pr\u00e1cticas que condicionan y amenazan situaciones laborales, se han convertido en pr\u00e1cticas predominantes y comunes en este proceso tan importante para el movimiento\u2026\u201d<\/span><\/p>\n<p>&nbsp;<\/p>\n<p class=\"p1\"><span style=\"font-size: 18pt; color: #139eca;\"><strong>ASISTENTES A LA FUERZA<\/strong><\/span><\/p>\n<p class=\"p1\"><span style=\"font-size: 14pt;\">Ning\u00fan funcionario p\u00fablico\u00a0pareciera\u00a0escapar de estos se\u00f1alamientos.<\/span><\/p>\n<p class=\"p1\"><span style=\"font-size: 14pt;\">Dice el documento:<\/span><\/p>\n<p class=\"p1\"><span style=\"font-size: 14pt;\">\u201cEl actuar de ciertos funcionarios, gobernadores y dirigentes del partido en algunos estados, ha influido de manera negativa en este proceso interno de selecci\u00f3n, pues no s\u00f3lo ofende la integridad, dignidad e inteligencia de su militancia, sino que debilita y fractura al movimiento.<\/span><\/p>\n<p class=\"p1\"><span style=\"font-size: 14pt;\">\u201cDe continuar esta ruta, la incongruencia, la traici\u00f3n y la deslealtad quebrantar\u00e1n los principios de la cuarta transformaci\u00f3n.<\/span><\/p>\n<p class=\"p1\"><span style=\"font-size: 14pt;\">\u201cLo anteriormente se\u00f1alado ha provocado diversas denuncias ciudadanas ante las autoridades electorales que han sido difundidas por medios de comunicaci\u00f3n nacionales y estatales, mismas que se anexan en un documento para su conocimiento\u2026<\/span><\/p>\n<p class=\"p1\"><span style=\"font-size: 14pt;\">\u201cDemandamos que el Consejo Nacional, como \u00f3rgano garante y regulador del proceso de selecci\u00f3n interno, no contin\u00fae en la omisi\u00f3n de estas pr\u00e1cticas anti\u00e9ticas, ilegales e inmorales\u201d.<\/span><\/p>\n<p class=\"p1\"><span style=\"font-size: 14pt;\">El equipo de\u00a0Marcelo Ebrard\u00a0se declara agraviado y especifica otra queja:<\/span><\/p>\n<p class=\"p1\"><span style=\"font-size: 14pt;\">\u201c\u2026la empresa denominada \u2018Heur\u00edstica Comunicaci\u00f3n, SA de CV\u2019, contratada actualmente por diversos actores y gobiernos de nuestro movimiento, ha sido contratada para ejecutar una campa\u00f1a de odio, xen\u00f3foba y discriminatoria contra la Sra.\u00a0Rosalinda Bueso Azfura, esposa de nuestro compa\u00f1ero\u00a0Marcelo Ebrard\u201d.<\/span><\/p>\n<p class=\"p1\"><span style=\"font-size: 14pt;\">Luego le decimos qui\u00e9n maneja esta empresa al servicio de la\u00a0corcholata\u00a0favorita.<\/span><\/p>\n<p>&nbsp;<\/p>\n<hr \/>\n<p>&nbsp;<\/p>\n<p><img data-recalc-dims=\"1\" loading=\"lazy\" decoding=\"async\" class=\"aligncenter wp-image-14351\" src=\"https:\/\/i0.wp.com\/politicosaldesnudo.com.mx\/wp-content\/uploads\/2023\/01\/FIRMA-EDITORIAL-PD-300x37.png?resize=800%2C98&#038;ssl=1\" alt=\"\" width=\"800\" height=\"98\" srcset=\"https:\/\/i0.wp.com\/politicosaldesnudo.com.mx\/wp-content\/uploads\/2023\/01\/FIRMA-EDITORIAL-PD.png?resize=300%2C37&amp;ssl=1 300w, https:\/\/i0.wp.com\/politicosaldesnudo.com.mx\/wp-content\/uploads\/2023\/01\/FIRMA-EDITORIAL-PD.png?resize=1024%2C125&amp;ssl=1 1024w, https:\/\/i0.wp.com\/politicosaldesnudo.com.mx\/wp-content\/uploads\/2023\/01\/FIRMA-EDITORIAL-PD.png?resize=768%2C94&amp;ssl=1 768w, https:\/\/i0.wp.com\/politicosaldesnudo.com.mx\/wp-content\/uploads\/2023\/01\/FIRMA-EDITORIAL-PD.png?resize=1536%2C188&amp;ssl=1 1536w, https:\/\/i0.wp.com\/politicosaldesnudo.com.mx\/wp-content\/uploads\/2023\/01\/FIRMA-EDITORIAL-PD.png?resize=2048%2C250&amp;ssl=1 2048w, https:\/\/i0.wp.com\/politicosaldesnudo.com.mx\/wp-content\/uploads\/2023\/01\/FIRMA-EDITORIAL-PD.png?w=1600&amp;ssl=1 1600w, https:\/\/i0.wp.com\/politicosaldesnudo.com.mx\/wp-content\/uploads\/2023\/01\/FIRMA-EDITORIAL-PD.png?w=2400&amp;ssl=1 2400w\" sizes=\"auto, (max-width: 800px) 100vw, 800px\" \/><\/p>\n<p>&nbsp;<\/p>\n<p>&nbsp;<\/p>\n<p>&nbsp;<\/p>\n<p>&nbsp;<\/p>\n","protected":false},"excerpt":{"rendered":"<p>&nbsp; Por Jos\u00e9 Ure\u00f1a El Consejo Nacional de Morena no puede evadir. Ya tiene documentadas muchas de las acciones \u201canti\u00e9ticas,<\/p>\n","protected":false},"author":4,"featured_media":4036,"comment_status":"closed","ping_status":"closed","sticky":false,"template":"","format":"standard","meta":{"colormag_page_container_layout":"default_layout","colormag_page_sidebar_layout":"default_layout","_jetpack_memberships_contains_paid_content":false,"footnotes":"","jetpack_publicize_message":"","jetpack_publicize_feature_enabled":true,"jetpack_social_post_already_shared":false,"jetpack_social_options":{"image_generator_settings":{"template":"highway","default_image_id":0,"font":"","enabled":false},"version":2}},"categories":[26],"tags":[],"class_list":["post-22957","post","type-post","status-publish","format-standard","has-post-thumbnail","hentry","category-columnistas"],"jetpack_publicize_connections":[],"jetpack_featured_media_url":"https:\/\/i0.wp.com\/politicosaldesnudo.com.mx\/wp-content\/uploads\/2022\/04\/JOSE%CC%81-UREN%CC%83A-1.png?fit=1816%2C1016&ssl=1","jetpack-related-posts":[],"jetpack_sharing_enabled":true,"_links":{"self":[{"href":"https:\/\/politicosaldesnudo.com.mx\/index.php\/wp-json\/wp\/v2\/posts\/22957","targetHints":{"allow":["GET"]}}],"collection":[{"href":"https:\/\/politicosaldesnudo.com.mx\/index.php\/wp-json\/wp\/v2\/posts"}],"about":[{"href":"https:\/\/politicosaldesnudo.com.mx\/index.php\/wp-json\/wp\/v2\/types\/post"}],"author":[{"embeddable":true,"href":"https:\/\/politicosaldesnudo.com.mx\/index.php\/wp-json\/wp\/v2\/users\/4"}],"replies":[{"embeddable":true,"href":"https:\/\/politicosaldesnudo.com.mx\/index.php\/wp-json\/wp\/v2\/comments?post=22957"}],"version-history":[{"count":0,"href":"https:\/\/politicosaldesnudo.com.mx\/index.php\/wp-json\/wp\/v2\/posts\/22957\/revisions"}],"wp:featuredmedia":[{"embeddable":true,"href":"https:\/\/politicosaldesnudo.com.mx\/index.php\/wp-json\/wp\/v2\/media\/4036"}],"wp:attachment":[{"href":"https:\/\/politicosaldesnudo.com.mx\/index.php\/wp-json\/wp\/v2\/media?parent=22957"}],"wp:term":[{"taxonomy":"category","embeddable":true,"href":"https:\/\/politicosaldesnudo.com.mx\/index.php\/wp-json\/wp\/v2\/categories?post=22957"},{"taxonomy":"post_tag","embeddable":true,"href":"https:\/\/politicosaldesnudo.com.mx\/index.php\/wp-json\/wp\/v2\/tags?post=22957"}],"curies":[{"name":"wp","href":"https:\/\/api.w.org\/{rel}","templated":true}]}}