{"id":23034,"date":"2023-08-14T03:00:48","date_gmt":"2023-08-14T08:00:48","guid":{"rendered":"https:\/\/politicosaldesnudo.com.mx\/?p=23034"},"modified":"2023-08-14T03:01:04","modified_gmt":"2023-08-14T08:01:04","slug":"la-carcel-o-la-gloria-para-amlo","status":"publish","type":"post","link":"https:\/\/politicosaldesnudo.com.mx\/index.php\/2023\/08\/14\/la-carcel-o-la-gloria-para-amlo\/","title":{"rendered":"La c\u00e1rcel o la gloria para AMLO"},"content":{"rendered":"<p>&nbsp;<\/p>\n<p class=\"p1\"><span style=\"font-size: 18pt;\"><b>Por Pepe Valencia<span class=\"Apple-converted-space\">\u00a0<\/span><\/b><\/span><\/p>\n<p class=\"p1\"><span style=\"font-size: 14pt;\">A lo largo de la historia de la humanidad, los hombres del poder han tratado de borrar la obra de algunos de sus antecesores. Unos lo han logrado a medias o, por lo menos, la han opacado.<\/span><\/p>\n<p class=\"p1\"><span style=\"font-size: 14pt;\">Los vencedores imponen siempre su versi\u00f3n hist\u00f3rica y \u00e9sta perdura mientras no se descubre la verdad.<\/span><\/p>\n<p class=\"p1\"><span style=\"font-size: 14pt;\">El presidente Andr\u00e9s Manuel L\u00f3pez Obrador se ha esforzado en crear un antes y un despu\u00e9s de su ascenso al gobierno. Esto no es f\u00e1cil en los tiempos de redes sociales e inteligencia artificial, donde casi todo se sabe de manera instant\u00e1nea.<\/span><\/p>\n<p class=\"p1\"><span style=\"font-size: 14pt;\">Por ello las elecciones del pr\u00f3ximo a\u00f1o ser\u00e1n cruciales. Si Morena retiene el poder, entonces AMLO se consolidar\u00e1 como el gran<span class=\"Apple-converted-space\">\u00a0 <\/span>transformador.<\/span><\/p>\n<p class=\"p1\"><span style=\"font-size: 14pt;\">En caso contrario, las c\u00e1rceles mexicanas ser\u00e1n insuficientes para encerrar a tantos servidores p\u00fablicos de la 4T, incluidos gobernadores y altos<span class=\"Apple-converted-space\">\u00a0 <\/span>funcionarios , acusados de haber incurrido en actos de corrupci\u00f3n, desacato de mandatos judiciales y violado leyes al por mayor.<\/span><\/p>\n<p class=\"p1\"><span style=\"font-size: 14pt;\">El pr\u00f3ximo gobierno, si es de oposici\u00f3n, acaso emprender\u00e1 la tit\u00e1nica tarea de corregir errores reales o ficticios, comenzando por los contenidos de los libros de texto.<\/span><\/p>\n<p class=\"p1\"><span style=\"font-size: 14pt;\">Lo m\u00e1s grave para L\u00f3pez Obrador Obrador<span class=\"Apple-converted-space\">\u00a0 <\/span>no ser\u00eda la c\u00e1rcel, sino el olvido o la condena hist\u00f3rica. Su legado ser\u00eda borrado o quedar\u00eda calificado como el peor presidente.<\/span><\/p>\n<p class=\"p1\"><span style=\"font-size: 14pt;\">Por su edad, tal vez<span class=\"Apple-converted-space\">\u00a0 <\/span>AMLO no ser\u00eda llevado a prisi\u00f3n. Cuitl\u00e1huac no se salvar\u00eda. \u00a1Aguas! \u00bfUstedes qu\u00e9 opinan, amables lectores?<\/span><\/p>\n<p>&nbsp;<\/p>\n<hr \/>\n<p>&nbsp;<\/p>\n<p><img data-recalc-dims=\"1\" loading=\"lazy\" decoding=\"async\" class=\"aligncenter wp-image-14351\" src=\"https:\/\/i0.wp.com\/politicosaldesnudo.com.mx\/wp-content\/uploads\/2023\/01\/FIRMA-EDITORIAL-PD-300x37.png?resize=800%2C98&#038;ssl=1\" alt=\"\" width=\"800\" height=\"98\" srcset=\"https:\/\/i0.wp.com\/politicosaldesnudo.com.mx\/wp-content\/uploads\/2023\/01\/FIRMA-EDITORIAL-PD.png?resize=300%2C37&amp;ssl=1 300w, https:\/\/i0.wp.com\/politicosaldesnudo.com.mx\/wp-content\/uploads\/2023\/01\/FIRMA-EDITORIAL-PD.png?resize=1024%2C125&amp;ssl=1 1024w, https:\/\/i0.wp.com\/politicosaldesnudo.com.mx\/wp-content\/uploads\/2023\/01\/FIRMA-EDITORIAL-PD.png?resize=768%2C94&amp;ssl=1 768w, https:\/\/i0.wp.com\/politicosaldesnudo.com.mx\/wp-content\/uploads\/2023\/01\/FIRMA-EDITORIAL-PD.png?resize=1536%2C188&amp;ssl=1 1536w, https:\/\/i0.wp.com\/politicosaldesnudo.com.mx\/wp-content\/uploads\/2023\/01\/FIRMA-EDITORIAL-PD.png?resize=2048%2C250&amp;ssl=1 2048w, https:\/\/i0.wp.com\/politicosaldesnudo.com.mx\/wp-content\/uploads\/2023\/01\/FIRMA-EDITORIAL-PD.png?w=1600&amp;ssl=1 1600w, https:\/\/i0.wp.com\/politicosaldesnudo.com.mx\/wp-content\/uploads\/2023\/01\/FIRMA-EDITORIAL-PD.png?w=2400&amp;ssl=1 2400w\" sizes=\"auto, (max-width: 800px) 100vw, 800px\" \/><\/p>\n<p>&nbsp;<\/p>\n<p>&nbsp;<\/p>\n<p>&nbsp;<\/p>\n<p>&nbsp;<\/p>\n","protected":false},"excerpt":{"rendered":"<p>&nbsp; Por Pepe Valencia\u00a0 A lo largo de la historia de la humanidad, los hombres del poder han tratado de<\/p>\n","protected":false},"author":4,"featured_media":4618,"comment_status":"closed","ping_status":"closed","sticky":false,"template":"","format":"standard","meta":{"colormag_page_container_layout":"default_layout","colormag_page_sidebar_layout":"default_layout","_jetpack_memberships_contains_paid_content":false,"footnotes":"","jetpack_publicize_message":"","jetpack_publicize_feature_enabled":true,"jetpack_social_post_already_shared":false,"jetpack_social_options":{"image_generator_settings":{"template":"highway","default_image_id":0,"font":"","enabled":false},"version":2}},"categories":[26],"tags":[],"class_list":["post-23034","post","type-post","status-publish","format-standard","has-post-thumbnail","hentry","category-columnistas"],"jetpack_publicize_connections":[],"jetpack_featured_media_url":"https:\/\/i0.wp.com\/politicosaldesnudo.com.mx\/wp-content\/uploads\/2022\/05\/EJEMPLO.png?fit=1816%2C1016&ssl=1","jetpack-related-posts":[],"jetpack_sharing_enabled":true,"_links":{"self":[{"href":"https:\/\/politicosaldesnudo.com.mx\/index.php\/wp-json\/wp\/v2\/posts\/23034","targetHints":{"allow":["GET"]}}],"collection":[{"href":"https:\/\/politicosaldesnudo.com.mx\/index.php\/wp-json\/wp\/v2\/posts"}],"about":[{"href":"https:\/\/politicosaldesnudo.com.mx\/index.php\/wp-json\/wp\/v2\/types\/post"}],"author":[{"embeddable":true,"href":"https:\/\/politicosaldesnudo.com.mx\/index.php\/wp-json\/wp\/v2\/users\/4"}],"replies":[{"embeddable":true,"href":"https:\/\/politicosaldesnudo.com.mx\/index.php\/wp-json\/wp\/v2\/comments?post=23034"}],"version-history":[{"count":0,"href":"https:\/\/politicosaldesnudo.com.mx\/index.php\/wp-json\/wp\/v2\/posts\/23034\/revisions"}],"wp:featuredmedia":[{"embeddable":true,"href":"https:\/\/politicosaldesnudo.com.mx\/index.php\/wp-json\/wp\/v2\/media\/4618"}],"wp:attachment":[{"href":"https:\/\/politicosaldesnudo.com.mx\/index.php\/wp-json\/wp\/v2\/media?parent=23034"}],"wp:term":[{"taxonomy":"category","embeddable":true,"href":"https:\/\/politicosaldesnudo.com.mx\/index.php\/wp-json\/wp\/v2\/categories?post=23034"},{"taxonomy":"post_tag","embeddable":true,"href":"https:\/\/politicosaldesnudo.com.mx\/index.php\/wp-json\/wp\/v2\/tags?post=23034"}],"curies":[{"name":"wp","href":"https:\/\/api.w.org\/{rel}","templated":true}]}}