{"id":23039,"date":"2023-08-14T03:05:01","date_gmt":"2023-08-14T08:05:01","guid":{"rendered":"https:\/\/politicosaldesnudo.com.mx\/?p=23039"},"modified":"2023-08-14T03:05:01","modified_gmt":"2023-08-14T08:05:01","slug":"el-gobierno-de-la-opacidad","status":"publish","type":"post","link":"https:\/\/politicosaldesnudo.com.mx\/index.php\/2023\/08\/14\/el-gobierno-de-la-opacidad\/","title":{"rendered":"El gobierno de la opacidad"},"content":{"rendered":"<p class=\"p1\">\n<p>&nbsp;<\/p>\n<p class=\"p1\"><span style=\"font-size: 18pt;\"><b>Por Ricardo Homs<\/b><\/span><\/p>\n<p class=\"p1\"><span style=\"font-size: 14pt;\">Muy atr\u00e1s quedaron los tiempos en que quienes hoy gobiernan, -en el rol de oposici\u00f3n-, demandaban transparencia y democracia.<\/span><\/p>\n<p class=\"p1\"><span style=\"font-size: 14pt;\">Hoy como gobierno se han vuelto tramposamente opacos, pues para evitar someter al escrutinio p\u00fablico los caprichos del presidente, argumentan riesgos a la \u201cseguridad nacional\u201d y con ello reservan informaci\u00f3n por un largo periodo, para ocultar qu\u00e9 se hace con el dinero de los mexicanos para realizar costosas obras sin conocer su viabilidad.<span class=\"Apple-converted-space\">\u00a0<\/span><\/span><\/p>\n<p class=\"p1\"><span style=\"font-size: 14pt;\">Por ello el Congreso de la Uni\u00f3n, -dominado por Morena-, ha intentado asfixiar al INAI evitando reponer a los consejeros de este instituto que han finalizado su periodo, -y con ello-, no re\u00fanen el m\u00ednimo de miembros que exige la ley para sesionar y tomar decisiones.<\/span><\/p>\n<p class=\"p1\"><span style=\"font-size: 14pt;\">Sin embargo, mientras en todo el mundo los gobiernos transitan hacia la transparencia en la rendici\u00f3n de cuentas, el gobierno de la Cuarta Transformaci\u00f3n, -que ha tenido como lema de campa\u00f1a el combate a la corrupci\u00f3n-, es el que se ha distinguido por meter recursos jur\u00eddicos para restringir el acceso a la informaci\u00f3n a trav\u00e9s del argumento \u201cinformaci\u00f3n reservada\u201d, generalmente en el plazo de los pr\u00f3ximos cinco a\u00f1os, para evitar que ante el descubrimiento de responsabilidades administrativas, -o corrupci\u00f3n-, las responsabilidades hayan prescrito y se imposibiliten las sanciones.<\/span><\/p>\n<p class=\"p1\"><span style=\"font-size: 14pt;\">Simplemente el Tren Maya ha recibido amparos y procedimientos jur\u00eddicos que exigen se frene su construcci\u00f3n. Sin embargo, en lugar de cumplir con las \u00f3rdenes del juez, estas se ignoran y se constituye la figura del \u201cdesacato\u201d a la ley, lo cual constituye un delito.<\/span><\/p>\n<p class=\"p1\"><span style=\"font-size: 14pt;\">Sin embargo, el \u00f3rgano ejecutor de las \u00f3rdenes del juez es la Fiscal\u00eda General de la Rep\u00fablica, la cual ignora las disposiciones del Poder Judicial, pues equivale a sancionar al presidente de la rep\u00fablica o a las fuerzas armadas, que se han convertido en los desarrolladores de los proyectos personales del presidente.<\/span><\/p>\n<p class=\"p1\"><span style=\"font-size: 14pt;\">En el fondo de este problema jur\u00eddico que vulnera el estado de derecho seguramente est\u00e1 el inicio de obras sin el sustento de un proyecto ejecutivo respaldado en estudios de factibilidad confiables y precisos, -y a falta de ellos-, el inicio de las obras con simples estimaciones e informaci\u00f3n subjetiva, para no contradecir los deseos y exigencias del presidente.<\/span><\/p>\n<p class=\"p1\"><span style=\"font-size: 14pt;\">De esta forma inicia ahora una nueva aventura empresarial denominada Mexicana de Aviaci\u00f3n, bajo el liderazgo y administraci\u00f3n del Ej\u00e9rcito Mexicano. Sin embargo, ya se pagaron 850 millones de pesos a los trabajadores que durante varios a\u00f1os han litigado por su situaci\u00f3n laboral, reconoci\u00e9ndoles derechos sobre la propiedad industrial de la marca \u201cMexicana de Aviaci\u00f3n\u201c y se han asumido compromisos laborales sin tener a\u00fan el \u201cplan de negocio\u201d, que debe ser el eje rector de esta nueva aventura empresarial del actual gobierno.<\/span><\/p>\n<p class=\"p1\"><span style=\"font-size: 14pt;\">Se han mostrado rutas que ser\u00e1n cubiertas por esta aerol\u00ednea, sin haberse evaluado antes su rentabilidad.<\/span><\/p>\n<p class=\"p1\"><span style=\"font-size: 14pt;\">Se dio a conocer la pol\u00edtica de descuentos para la venta de boletos, sin conocer seguramente el costo de la operaci\u00f3n de la aerol\u00ednea, con lo cual se corre el riesgo de hacer deficitaria su sobrevivencia.<\/span><\/p>\n<p class=\"p1\"><span style=\"font-size: 14pt;\">Esta aerol\u00ednea competir\u00e1 contra empresas altamente experimentadas y con prestigio y adem\u00e1s, con el respaldo de las instituciones aeron\u00e1uticas de M\u00e9xico y el extranjero.<\/span><\/p>\n<p class=\"p1\"><span style=\"font-size: 14pt;\">\u00bfCu\u00e1nto tiempo tardar\u00e1n Mexicana de Aviaci\u00f3n, el tren Maya y el AIFA en ganarse la confianza de operadores tur\u00edsticos y de los usuarios de sus servicios?<\/span><\/p>\n<p class=\"p1\"><span style=\"font-size: 14pt;\">Seguramente cuando acabe este gobierno empezar\u00e1n las acciones jur\u00eddicas para eliminar las restricciones que impiden transparencia y entonces se ver\u00e1 cual fue el costo real de estas acciones intempestivas que llevaron a la creaci\u00f3n de empresas que competir\u00e1n contra profesionales en cada uno de sus campos de acci\u00f3n y todo por dar gusto al presidente.\u00a0<\/span><\/p>\n<p>&nbsp;<\/p>\n<p class=\"p1\"><span style=\"font-size: 18pt;\"><strong>\u00bfA usted qu\u00e9 le parece?<\/strong><\/span><\/p>\n<p>&nbsp;<\/p>\n<hr \/>\n<p>&nbsp;<\/p>\n<p class=\"p1\"><span style=\"font-size: 18pt;\"><strong>Facebook:<a href=\"https:\/\/www.facebook.com\/Ricardo.Homs1\">@Ricardo.Homs1<\/a><\/strong><\/span><\/p>\n<p class=\"p1\"><span style=\"font-size: 18pt;\"><strong>Twitter:\u00a0<\/strong><a href=\"https:\/\/twitter.com\/homsricardo\"><strong>@homsricardo<\/strong><\/a><\/span><\/p>\n<p class=\"p1\"><span style=\"font-size: 18pt;\"><strong>LinkedIn: <a href=\"https:\/\/www.linkedin.com\/in\/ricardo-homs-3920449\/?originalSubdomain=mx\">RicardoHoms<\/a><\/strong><\/span><\/p>\n<p class=\"p1\"><span style=\"font-size: 18pt;\"><a href=\"https:\/\/ricardohoms.com\/\"><strong>www.ricardohoms.com<\/strong><\/a><\/span><\/p>\n<p>&nbsp;<\/p>\n<p><img data-recalc-dims=\"1\" loading=\"lazy\" decoding=\"async\" class=\"aligncenter wp-image-14351\" src=\"https:\/\/i0.wp.com\/politicosaldesnudo.com.mx\/wp-content\/uploads\/2023\/01\/FIRMA-EDITORIAL-PD-300x37.png?resize=1000%2C122&#038;ssl=1\" alt=\"\" width=\"1000\" height=\"122\" srcset=\"https:\/\/i0.wp.com\/politicosaldesnudo.com.mx\/wp-content\/uploads\/2023\/01\/FIRMA-EDITORIAL-PD.png?resize=300%2C37&amp;ssl=1 300w, https:\/\/i0.wp.com\/politicosaldesnudo.com.mx\/wp-content\/uploads\/2023\/01\/FIRMA-EDITORIAL-PD.png?resize=1024%2C125&amp;ssl=1 1024w, https:\/\/i0.wp.com\/politicosaldesnudo.com.mx\/wp-content\/uploads\/2023\/01\/FIRMA-EDITORIAL-PD.png?resize=768%2C94&amp;ssl=1 768w, https:\/\/i0.wp.com\/politicosaldesnudo.com.mx\/wp-content\/uploads\/2023\/01\/FIRMA-EDITORIAL-PD.png?resize=1536%2C188&amp;ssl=1 1536w, https:\/\/i0.wp.com\/politicosaldesnudo.com.mx\/wp-content\/uploads\/2023\/01\/FIRMA-EDITORIAL-PD.png?resize=2048%2C250&amp;ssl=1 2048w\" sizes=\"auto, (max-width: 1000px) 100vw, 1000px\" \/><\/p>\n<p>&nbsp;<\/p>\n<p>&nbsp;<\/p>\n<p>&nbsp;<\/p>\n<p>&nbsp;<\/p>\n","protected":false},"excerpt":{"rendered":"<p>&nbsp; Por Ricardo Homs Muy atr\u00e1s quedaron los tiempos en que quienes hoy gobiernan, -en el rol de oposici\u00f3n-, demandaban [&hellip;]<\/p>\n","protected":false},"author":4,"featured_media":3778,"comment_status":"closed","ping_status":"closed","sticky":false,"template":"","format":"standard","meta":{"site-sidebar-layout":"default","site-content-layout":"","ast-site-content-layout":"default","site-content-style":"default","site-sidebar-style":"default","ast-global-header-display":"","ast-banner-title-visibility":"","ast-main-header-display":"","ast-hfb-above-header-display":"","ast-hfb-below-header-display":"","ast-hfb-mobile-header-display":"","site-post-title":"","ast-breadcrumbs-content":"","ast-featured-img":"","footer-sml-layout":"","ast-disable-related-posts":"","theme-transparent-header-meta":"","adv-header-id-meta":"","stick-header-meta":"","header-above-stick-meta":"","header-main-stick-meta":"","header-below-stick-meta":"","astra-migrate-meta-layouts":"default","ast-page-background-enabled":"default","ast-page-background-meta":{"desktop":{"background-color":"var(--ast-global-color-5)","background-image":"","background-repeat":"repeat","background-position":"center center","background-size":"auto","background-attachment":"scroll","background-type":"","background-media":"","overlay-type":"","overlay-color":"","overlay-opacity":"","overlay-gradient":""},"tablet":{"background-color":"","background-image":"","background-repeat":"repeat","background-position":"center center","background-size":"auto","background-attachment":"scroll","background-type":"","background-media":"","overlay-type":"","overlay-color":"","overlay-opacity":"","overlay-gradient":""},"mobile":{"background-color":"","background-image":"","background-repeat":"repeat","background-position":"center center","background-size":"auto","background-attachment":"scroll","background-type":"","background-media":"","overlay-type":"","overlay-color":"","overlay-opacity":"","overlay-gradient":""}},"ast-content-background-meta":{"desktop":{"background-color":"var(--ast-global-color-4)","background-image":"","background-repeat":"repeat","background-position":"center center","background-size":"auto","background-attachment":"scroll","background-type":"","background-media":"","overlay-type":"","overlay-color":"","overlay-opacity":"","overlay-gradient":""},"tablet":{"background-color":"var(--ast-global-color-4)","background-image":"","background-repeat":"repeat","background-position":"center center","background-size":"auto","background-attachment":"scroll","background-type":"","background-media":"","overlay-type":"","overlay-color":"","overlay-opacity":"","overlay-gradient":""},"mobile":{"background-color":"var(--ast-global-color-4)","background-image":"","background-repeat":"repeat","background-position":"center center","background-size":"auto","background-attachment":"scroll","background-type":"","background-media":"","overlay-type":"","overlay-color":"","overlay-opacity":"","overlay-gradient":""}},"_jetpack_newsletter_access":"","_jetpack_dont_email_post_to_subs":false,"_jetpack_newsletter_tier_id":0,"_jetpack_memberships_contains_paywalled_content":false,"_jetpack_feature_clip_id":0,"_jetpack_memberships_contains_paid_content":false,"footnotes":"","jetpack_publicize_message":"","jetpack_publicize_feature_enabled":true,"jetpack_social_post_already_shared":false,"jetpack_social_options":{"image_generator_settings":{"template":"highway","default_image_id":0,"font":"","enabled":false},"version":2},"jetpack_post_was_ever_published":false},"categories":[26],"tags":[],"class_list":["post-23039","post","type-post","status-publish","format-standard","has-post-thumbnail","hentry","category-columnistas"],"yoast_head":"<!-- This site is optimized with the Yoast SEO plugin v28.3 - https:\/\/yoast.com\/product\/yoast-seo-wordpress\/ -->\n<title>El gobierno de la opacidad - Pol\u00edticos al Desnudo<\/title>\n<meta name=\"robots\" content=\"index, follow, max-snippet:-1, max-image-preview:large, max-video-preview:-1\" \/>\n<link rel=\"canonical\" href=\"https:\/\/politicosaldesnudo.com.mx\/index.php\/2023\/08\/14\/el-gobierno-de-la-opacidad\/\" \/>\n<meta property=\"og:locale\" content=\"es_ES\" \/>\n<meta property=\"og:type\" content=\"article\" \/>\n<meta property=\"og:title\" content=\"El gobierno de la opacidad - Pol\u00edticos al Desnudo\" \/>\n<meta property=\"og:description\" content=\"&nbsp; Por Ricardo Homs Muy atr\u00e1s quedaron los tiempos en que quienes hoy gobiernan, -en el rol de oposici\u00f3n-, demandaban [&hellip;]\" \/>\n<meta property=\"og:url\" content=\"https:\/\/politicosaldesnudo.com.mx\/index.php\/2023\/08\/14\/el-gobierno-de-la-opacidad\/\" \/>\n<meta property=\"og:site_name\" content=\"Pol\u00edticos al Desnudo\" \/>\n<meta property=\"article:publisher\" content=\"https:\/\/www.facebook.com\/PoliticosAD\" \/>\n<meta property=\"article:published_time\" content=\"2023-08-14T08:05:01+00:00\" \/>\n<meta property=\"og:image\" content=\"https:\/\/i0.wp.com\/politicosaldesnudo.com.mx\/wp-content\/uploads\/2022\/04\/RICARDO-HOMS.png?fit=1816%2C1016&ssl=1\" \/>\n\t<meta property=\"og:image:width\" content=\"1816\" \/>\n\t<meta property=\"og:image:height\" content=\"1016\" \/>\n\t<meta property=\"og:image:type\" content=\"image\/png\" \/>\n<meta name=\"author\" content=\"Redacci\u00f3n Pol\u00edticos\" \/>\n<meta name=\"twitter:card\" content=\"summary_large_image\" \/>\n<meta name=\"twitter:label1\" content=\"Escrito por\" \/>\n\t<meta name=\"twitter:data1\" content=\"Redacci\u00f3n Pol\u00edticos\" \/>\n\t<meta name=\"twitter:label2\" content=\"Tiempo de lectura\" \/>\n\t<meta name=\"twitter:data2\" content=\"3 minutos\" \/>\n<script type=\"application\/ld+json\" class=\"yoast-schema-graph\">{\"@context\":\"https:\\\/\\\/schema.org\",\"@graph\":[{\"@type\":\"Article\",\"@id\":\"https:\\\/\\\/politicosaldesnudo.com.mx\\\/index.php\\\/2023\\\/08\\\/14\\\/el-gobierno-de-la-opacidad\\\/#article\",\"isPartOf\":{\"@id\":\"https:\\\/\\\/politicosaldesnudo.com.mx\\\/index.php\\\/2023\\\/08\\\/14\\\/el-gobierno-de-la-opacidad\\\/\"},\"author\":{\"name\":\"Redacci\u00f3n Pol\u00edticos\",\"@id\":\"https:\\\/\\\/politicosaldesnudo.com.mx\\\/#\\\/schema\\\/person\\\/ef3a64e561cc3f3f5dc52fab81adde7e\"},\"headline\":\"El gobierno de la opacidad\",\"datePublished\":\"2023-08-14T08:05:01+00:00\",\"mainEntityOfPage\":{\"@id\":\"https:\\\/\\\/politicosaldesnudo.com.mx\\\/index.php\\\/2023\\\/08\\\/14\\\/el-gobierno-de-la-opacidad\\\/\"},\"wordCount\":683,\"publisher\":{\"@id\":\"https:\\\/\\\/politicosaldesnudo.com.mx\\\/#organization\"},\"image\":{\"@id\":\"https:\\\/\\\/politicosaldesnudo.com.mx\\\/index.php\\\/2023\\\/08\\\/14\\\/el-gobierno-de-la-opacidad\\\/#primaryimage\"},\"thumbnailUrl\":\"https:\\\/\\\/i0.wp.com\\\/politicosaldesnudo.com.mx\\\/wp-content\\\/uploads\\\/2022\\\/04\\\/RICARDO-HOMS.png?fit=1816%2C1016&ssl=1\",\"articleSection\":[\"OPINI\u00d3N\"],\"inLanguage\":\"es\"},{\"@type\":\"WebPage\",\"@id\":\"https:\\\/\\\/politicosaldesnudo.com.mx\\\/index.php\\\/2023\\\/08\\\/14\\\/el-gobierno-de-la-opacidad\\\/\",\"url\":\"https:\\\/\\\/politicosaldesnudo.com.mx\\\/index.php\\\/2023\\\/08\\\/14\\\/el-gobierno-de-la-opacidad\\\/\",\"name\":\"El gobierno de la opacidad - Pol\u00edticos al Desnudo\",\"isPartOf\":{\"@id\":\"https:\\\/\\\/politicosaldesnudo.com.mx\\\/#website\"},\"primaryImageOfPage\":{\"@id\":\"https:\\\/\\\/politicosaldesnudo.com.mx\\\/index.php\\\/2023\\\/08\\\/14\\\/el-gobierno-de-la-opacidad\\\/#primaryimage\"},\"image\":{\"@id\":\"https:\\\/\\\/politicosaldesnudo.com.mx\\\/index.php\\\/2023\\\/08\\\/14\\\/el-gobierno-de-la-opacidad\\\/#primaryimage\"},\"thumbnailUrl\":\"https:\\\/\\\/i0.wp.com\\\/politicosaldesnudo.com.mx\\\/wp-content\\\/uploads\\\/2022\\\/04\\\/RICARDO-HOMS.png?fit=1816%2C1016&ssl=1\",\"datePublished\":\"2023-08-14T08:05:01+00:00\",\"breadcrumb\":{\"@id\":\"https:\\\/\\\/politicosaldesnudo.com.mx\\\/index.php\\\/2023\\\/08\\\/14\\\/el-gobierno-de-la-opacidad\\\/#breadcrumb\"},\"inLanguage\":\"es\",\"potentialAction\":[{\"@type\":\"ReadAction\",\"target\":[\"https:\\\/\\\/politicosaldesnudo.com.mx\\\/index.php\\\/2023\\\/08\\\/14\\\/el-gobierno-de-la-opacidad\\\/\"]}]},{\"@type\":\"ImageObject\",\"inLanguage\":\"es\",\"@id\":\"https:\\\/\\\/politicosaldesnudo.com.mx\\\/index.php\\\/2023\\\/08\\\/14\\\/el-gobierno-de-la-opacidad\\\/#primaryimage\",\"url\":\"https:\\\/\\\/i0.wp.com\\\/politicosaldesnudo.com.mx\\\/wp-content\\\/uploads\\\/2022\\\/04\\\/RICARDO-HOMS.png?fit=1816%2C1016&ssl=1\",\"contentUrl\":\"https:\\\/\\\/i0.wp.com\\\/politicosaldesnudo.com.mx\\\/wp-content\\\/uploads\\\/2022\\\/04\\\/RICARDO-HOMS.png?fit=1816%2C1016&ssl=1\",\"width\":1816,\"height\":1016},{\"@type\":\"BreadcrumbList\",\"@id\":\"https:\\\/\\\/politicosaldesnudo.com.mx\\\/index.php\\\/2023\\\/08\\\/14\\\/el-gobierno-de-la-opacidad\\\/#breadcrumb\",\"itemListElement\":[{\"@type\":\"ListItem\",\"position\":1,\"name\":\"Portada\",\"item\":\"https:\\\/\\\/politicosaldesnudo.com.mx\\\/\"},{\"@type\":\"ListItem\",\"position\":2,\"name\":\"El gobierno de la opacidad\"}]},{\"@type\":\"WebSite\",\"@id\":\"https:\\\/\\\/politicosaldesnudo.com.mx\\\/#website\",\"url\":\"https:\\\/\\\/politicosaldesnudo.com.mx\\\/\",\"name\":\"Pol\u00edticos al Desnudo\",\"description\":\"\",\"publisher\":{\"@id\":\"https:\\\/\\\/politicosaldesnudo.com.mx\\\/#organization\"},\"potentialAction\":[{\"@type\":\"SearchAction\",\"target\":{\"@type\":\"EntryPoint\",\"urlTemplate\":\"https:\\\/\\\/politicosaldesnudo.com.mx\\\/?s={search_term_string}\"},\"query-input\":{\"@type\":\"PropertyValueSpecification\",\"valueRequired\":true,\"valueName\":\"search_term_string\"}}],\"inLanguage\":\"es\"},{\"@type\":\"Organization\",\"@id\":\"https:\\\/\\\/politicosaldesnudo.com.mx\\\/#organization\",\"name\":\"Pol\u00edticos al Desnudo\",\"url\":\"https:\\\/\\\/politicosaldesnudo.com.mx\\\/\",\"logo\":{\"@type\":\"ImageObject\",\"inLanguage\":\"es\",\"@id\":\"https:\\\/\\\/politicosaldesnudo.com.mx\\\/#\\\/schema\\\/logo\\\/image\\\/\",\"url\":\"https:\\\/\\\/i0.wp.com\\\/politicosaldesnudo.com.mx\\\/wp-content\\\/uploads\\\/2026\\\/08\\\/cropped-logo.webp?fit=400%2C126&ssl=1\",\"contentUrl\":\"https:\\\/\\\/i0.wp.com\\\/politicosaldesnudo.com.mx\\\/wp-content\\\/uploads\\\/2026\\\/08\\\/cropped-logo.webp?fit=400%2C126&ssl=1\",\"width\":400,\"height\":126,\"caption\":\"Pol\u00edticos al Desnudo\"},\"image\":{\"@id\":\"https:\\\/\\\/politicosaldesnudo.com.mx\\\/#\\\/schema\\\/logo\\\/image\\\/\"},\"sameAs\":[\"https:\\\/\\\/www.facebook.com\\\/PoliticosAD\"]},{\"@type\":\"Person\",\"@id\":\"https:\\\/\\\/politicosaldesnudo.com.mx\\\/#\\\/schema\\\/person\\\/ef3a64e561cc3f3f5dc52fab81adde7e\",\"name\":\"Redacci\u00f3n Pol\u00edticos\",\"url\":\"https:\\\/\\\/politicosaldesnudo.com.mx\\\/index.php\\\/author\\\/redaccion-politicos\\\/\"}]}<\/script>\n<!-- \/ Yoast SEO plugin. -->","yoast_head_json":{"title":"El gobierno de la opacidad - Pol\u00edticos al Desnudo","robots":{"index":"index","follow":"follow","max-snippet":"max-snippet:-1","max-image-preview":"max-image-preview:large","max-video-preview":"max-video-preview:-1"},"canonical":"https:\/\/politicosaldesnudo.com.mx\/index.php\/2023\/08\/14\/el-gobierno-de-la-opacidad\/","og_locale":"es_ES","og_type":"article","og_title":"El gobierno de la opacidad - Pol\u00edticos al Desnudo","og_description":"&nbsp; Por Ricardo Homs Muy atr\u00e1s quedaron los tiempos en que quienes hoy gobiernan, -en el rol de oposici\u00f3n-, demandaban [&hellip;]","og_url":"https:\/\/politicosaldesnudo.com.mx\/index.php\/2023\/08\/14\/el-gobierno-de-la-opacidad\/","og_site_name":"Pol\u00edticos al Desnudo","article_publisher":"https:\/\/www.facebook.com\/PoliticosAD","article_published_time":"2023-08-14T08:05:01+00:00","og_image":[{"width":1816,"height":1016,"url":"https:\/\/i0.wp.com\/politicosaldesnudo.com.mx\/wp-content\/uploads\/2022\/04\/RICARDO-HOMS.png?fit=1816%2C1016&ssl=1","type":"image\/png"}],"author":"Redacci\u00f3n Pol\u00edticos","twitter_card":"summary_large_image","twitter_misc":{"Escrito por":"Redacci\u00f3n Pol\u00edticos","Tiempo de lectura":"3 minutos"},"schema":{"@context":"https:\/\/schema.org","@graph":[{"@type":"Article","@id":"https:\/\/politicosaldesnudo.com.mx\/index.php\/2023\/08\/14\/el-gobierno-de-la-opacidad\/#article","isPartOf":{"@id":"https:\/\/politicosaldesnudo.com.mx\/index.php\/2023\/08\/14\/el-gobierno-de-la-opacidad\/"},"author":{"name":"Redacci\u00f3n Pol\u00edticos","@id":"https:\/\/politicosaldesnudo.com.mx\/#\/schema\/person\/ef3a64e561cc3f3f5dc52fab81adde7e"},"headline":"El gobierno de la opacidad","datePublished":"2023-08-14T08:05:01+00:00","mainEntityOfPage":{"@id":"https:\/\/politicosaldesnudo.com.mx\/index.php\/2023\/08\/14\/el-gobierno-de-la-opacidad\/"},"wordCount":683,"publisher":{"@id":"https:\/\/politicosaldesnudo.com.mx\/#organization"},"image":{"@id":"https:\/\/politicosaldesnudo.com.mx\/index.php\/2023\/08\/14\/el-gobierno-de-la-opacidad\/#primaryimage"},"thumbnailUrl":"https:\/\/i0.wp.com\/politicosaldesnudo.com.mx\/wp-content\/uploads\/2022\/04\/RICARDO-HOMS.png?fit=1816%2C1016&ssl=1","articleSection":["OPINI\u00d3N"],"inLanguage":"es"},{"@type":"WebPage","@id":"https:\/\/politicosaldesnudo.com.mx\/index.php\/2023\/08\/14\/el-gobierno-de-la-opacidad\/","url":"https:\/\/politicosaldesnudo.com.mx\/index.php\/2023\/08\/14\/el-gobierno-de-la-opacidad\/","name":"El gobierno de la opacidad - Pol\u00edticos al Desnudo","isPartOf":{"@id":"https:\/\/politicosaldesnudo.com.mx\/#website"},"primaryImageOfPage":{"@id":"https:\/\/politicosaldesnudo.com.mx\/index.php\/2023\/08\/14\/el-gobierno-de-la-opacidad\/#primaryimage"},"image":{"@id":"https:\/\/politicosaldesnudo.com.mx\/index.php\/2023\/08\/14\/el-gobierno-de-la-opacidad\/#primaryimage"},"thumbnailUrl":"https:\/\/i0.wp.com\/politicosaldesnudo.com.mx\/wp-content\/uploads\/2022\/04\/RICARDO-HOMS.png?fit=1816%2C1016&ssl=1","datePublished":"2023-08-14T08:05:01+00:00","breadcrumb":{"@id":"https:\/\/politicosaldesnudo.com.mx\/index.php\/2023\/08\/14\/el-gobierno-de-la-opacidad\/#breadcrumb"},"inLanguage":"es","potentialAction":[{"@type":"ReadAction","target":["https:\/\/politicosaldesnudo.com.mx\/index.php\/2023\/08\/14\/el-gobierno-de-la-opacidad\/"]}]},{"@type":"ImageObject","inLanguage":"es","@id":"https:\/\/politicosaldesnudo.com.mx\/index.php\/2023\/08\/14\/el-gobierno-de-la-opacidad\/#primaryimage","url":"https:\/\/i0.wp.com\/politicosaldesnudo.com.mx\/wp-content\/uploads\/2022\/04\/RICARDO-HOMS.png?fit=1816%2C1016&ssl=1","contentUrl":"https:\/\/i0.wp.com\/politicosaldesnudo.com.mx\/wp-content\/uploads\/2022\/04\/RICARDO-HOMS.png?fit=1816%2C1016&ssl=1","width":1816,"height":1016},{"@type":"BreadcrumbList","@id":"https:\/\/politicosaldesnudo.com.mx\/index.php\/2023\/08\/14\/el-gobierno-de-la-opacidad\/#breadcrumb","itemListElement":[{"@type":"ListItem","position":1,"name":"Portada","item":"https:\/\/politicosaldesnudo.com.mx\/"},{"@type":"ListItem","position":2,"name":"El gobierno de la opacidad"}]},{"@type":"WebSite","@id":"https:\/\/politicosaldesnudo.com.mx\/#website","url":"https:\/\/politicosaldesnudo.com.mx\/","name":"Pol\u00edticos al Desnudo","description":"","publisher":{"@id":"https:\/\/politicosaldesnudo.com.mx\/#organization"},"potentialAction":[{"@type":"SearchAction","target":{"@type":"EntryPoint","urlTemplate":"https:\/\/politicosaldesnudo.com.mx\/?s={search_term_string}"},"query-input":{"@type":"PropertyValueSpecification","valueRequired":true,"valueName":"search_term_string"}}],"inLanguage":"es"},{"@type":"Organization","@id":"https:\/\/politicosaldesnudo.com.mx\/#organization","name":"Pol\u00edticos al Desnudo","url":"https:\/\/politicosaldesnudo.com.mx\/","logo":{"@type":"ImageObject","inLanguage":"es","@id":"https:\/\/politicosaldesnudo.com.mx\/#\/schema\/logo\/image\/","url":"https:\/\/i0.wp.com\/politicosaldesnudo.com.mx\/wp-content\/uploads\/2026\/08\/cropped-logo.webp?fit=400%2C126&ssl=1","contentUrl":"https:\/\/i0.wp.com\/politicosaldesnudo.com.mx\/wp-content\/uploads\/2026\/08\/cropped-logo.webp?fit=400%2C126&ssl=1","width":400,"height":126,"caption":"Pol\u00edticos al Desnudo"},"image":{"@id":"https:\/\/politicosaldesnudo.com.mx\/#\/schema\/logo\/image\/"},"sameAs":["https:\/\/www.facebook.com\/PoliticosAD"]},{"@type":"Person","@id":"https:\/\/politicosaldesnudo.com.mx\/#\/schema\/person\/ef3a64e561cc3f3f5dc52fab81adde7e","name":"Redacci\u00f3n Pol\u00edticos","url":"https:\/\/politicosaldesnudo.com.mx\/index.php\/author\/redaccion-politicos\/"}]}},"jetpack_publicize_connections":[],"jetpack-related-posts":[{"id":87316,"url":"https:\/\/politicosaldesnudo.com.mx\/index.php\/2026\/07\/29\/sheinbaum-anuncia-decreto-para-evitar-que-dependencias-reserven-informacion-de-manera-discrecional\/","url_meta":{"origin":23039,"position":0},"title":"Sheinbaum anuncia decreto para evitar que dependencias reserven informaci\u00f3n de manera discrecional","author":"Redacci\u00f3n Pol\u00edticos","date":"29 de julio de 2026","format":false,"excerpt":"La presidenta Claudia Sheinbaum Pardo adelant\u00f3 este martes que emitir\u00e1 un \u201cdecreto para la transparencia\u201d en la administraci\u00f3n p\u00fablica federal, con el objetivo de evitar que las dependencias reserven informaci\u00f3n de manera discrecional y, con ello, combatir la opacidad y la impunidad. Durante su conferencia matutina en Palacio Nacional, explic\u00f3\u2026","rel":"","context":"En \u00abNACIONAL\u00bb","block_context":{"text":"NACIONAL","link":"https:\/\/politicosaldesnudo.com.mx\/index.php\/category\/nacional\/"},"img":{"alt_text":"","src":"https:\/\/i0.wp.com\/politicosaldesnudo.com.mx\/wp-content\/uploads\/2026\/07\/Sin-titulo-1.jpg?fit=1200%2C741&ssl=1&resize=350%2C200","width":350,"height":200,"srcset":"https:\/\/i0.wp.com\/politicosaldesnudo.com.mx\/wp-content\/uploads\/2026\/07\/Sin-titulo-1.jpg?fit=1200%2C741&ssl=1&resize=350%2C200 1x, https:\/\/i0.wp.com\/politicosaldesnudo.com.mx\/wp-content\/uploads\/2026\/07\/Sin-titulo-1.jpg?fit=1200%2C741&ssl=1&resize=525%2C300 1.5x, https:\/\/i0.wp.com\/politicosaldesnudo.com.mx\/wp-content\/uploads\/2026\/07\/Sin-titulo-1.jpg?fit=1200%2C741&ssl=1&resize=700%2C400 2x, https:\/\/i0.wp.com\/politicosaldesnudo.com.mx\/wp-content\/uploads\/2026\/07\/Sin-titulo-1.jpg?fit=1200%2C741&ssl=1&resize=1050%2C600 3x"},"classes":[]},{"id":87805,"url":"https:\/\/politicosaldesnudo.com.mx\/index.php\/2026\/08\/17\/luisa-maria-alcalde-la-pendejada-mas-grande-de-todas\/","url_meta":{"origin":23039,"position":1},"title":"Luisa Mar\u00eda Alcalde: la pendejada m\u00e1s grande de todas","author":"Redacci\u00f3n Pol\u00edticos","date":"17 de agosto de 2026","format":false,"excerpt":"PRIMICIAS POR VICENTE MART\u00cdNEZ Luisa Mar\u00eda Alcalde sali\u00f3 a decir que no existe una \u201clista negra\u201d de periodistas y que lo presentado durante el espacio \u201cDerecho de R\u00e9plica\u201d fue solamente un \u201can\u00e1lisis digital\u201d. El problema es que la explicaci\u00f3n no borra lo que se mostr\u00f3. Desde el Gobierno Federal se\u2026","rel":"","context":"En \u00abOPINI\u00d3N\u00bb","block_context":{"text":"OPINI\u00d3N","link":"https:\/\/politicosaldesnudo.com.mx\/index.php\/category\/columnistas\/"},"img":{"alt_text":"","src":"https:\/\/i0.wp.com\/politicosaldesnudo.com.mx\/wp-content\/uploads\/2026\/08\/primicias-170826-scaled.png?fit=1200%2C659&ssl=1&resize=350%2C200","width":350,"height":200,"srcset":"https:\/\/i0.wp.com\/politicosaldesnudo.com.mx\/wp-content\/uploads\/2026\/08\/primicias-170826-scaled.png?fit=1200%2C659&ssl=1&resize=350%2C200 1x, https:\/\/i0.wp.com\/politicosaldesnudo.com.mx\/wp-content\/uploads\/2026\/08\/primicias-170826-scaled.png?fit=1200%2C659&ssl=1&resize=525%2C300 1.5x, https:\/\/i0.wp.com\/politicosaldesnudo.com.mx\/wp-content\/uploads\/2026\/08\/primicias-170826-scaled.png?fit=1200%2C659&ssl=1&resize=700%2C400 2x, https:\/\/i0.wp.com\/politicosaldesnudo.com.mx\/wp-content\/uploads\/2026\/08\/primicias-170826-scaled.png?fit=1200%2C659&ssl=1&resize=1050%2C600 3x"},"classes":[]},{"id":87055,"url":"https:\/\/politicosaldesnudo.com.mx\/index.php\/2026\/07\/20\/la-pension-una-promesa-que-tarda-treinta-anos-en-cumplirse\/","url_meta":{"origin":23039,"position":2},"title":"La pensi\u00f3n: una promesa que tarda treinta a\u00f1os en cumplirse","author":"Redacci\u00f3n Pol\u00edticos","date":"20 de julio de 2026","format":false,"excerpt":"\u201cQuien tiene la voluntad tiene la fuerza\u201d. \u2013 Menandro. \u00a0 Los sistemas de pensiones representan uno de los mayores desaf\u00edos financieros que enfrentan los gobiernos modernos. A diferencia de una carretera, un hospital o una obra p\u00fablica, cuyos resultados pueden medirse en cuesti\u00f3n de meses, un sistema pensionario s\u00f3lo demuestra\u2026","rel":"","context":"En \u00abOPINI\u00d3N\u00bb","block_context":{"text":"OPINI\u00d3N","link":"https:\/\/politicosaldesnudo.com.mx\/index.php\/category\/columnistas\/"},"img":{"alt_text":"","src":"https:\/\/i0.wp.com\/politicosaldesnudo.com.mx\/wp-content\/uploads\/2026\/01\/BANNER-BAQUEIRO.jpg?fit=666%2C371&ssl=1&resize=350%2C200","width":350,"height":200,"srcset":"https:\/\/i0.wp.com\/politicosaldesnudo.com.mx\/wp-content\/uploads\/2026\/01\/BANNER-BAQUEIRO.jpg?fit=666%2C371&ssl=1&resize=350%2C200 1x, https:\/\/i0.wp.com\/politicosaldesnudo.com.mx\/wp-content\/uploads\/2026\/01\/BANNER-BAQUEIRO.jpg?fit=666%2C371&ssl=1&resize=525%2C300 1.5x"},"classes":[]},{"id":87941,"url":"https:\/\/politicosaldesnudo.com.mx\/index.php\/2026\/08\/21\/vuelve-rocha-moya-al-gobierno-de-sinaloa-tras-112-dias-de-licencia\/","url_meta":{"origin":23039,"position":3},"title":"Vuelve Rocha Moya al Gobierno de Sinaloa tras 112 d\u00edas de licencia","author":"Redacci\u00f3n Pol\u00edticos","date":"21 de agosto de 2026","format":false,"excerpt":"Rub\u00e9n Rocha Moya se reincorpor\u00f3 este viernes a la gubernatura de Sinaloa, despu\u00e9s de permanecer 112 d\u00edas separado del cargo mientras las autoridades mexicanas revisaban las acusaciones formuladas en su contra por Estados Unidos. Mediante un mensaje difundido en redes sociales, el mandatario asegur\u00f3 que retoma sus responsabilidades para concluir\u2026","rel":"","context":"En \u00abNACIONAL\u00bb","block_context":{"text":"NACIONAL","link":"https:\/\/politicosaldesnudo.com.mx\/index.php\/category\/nacional\/"},"img":{"alt_text":"","src":"https:\/\/i0.wp.com\/politicosaldesnudo.com.mx\/wp-content\/uploads\/2026\/08\/rocha-moya.jpg?fit=1200%2C663&ssl=1&resize=350%2C200","width":350,"height":200,"srcset":"https:\/\/i0.wp.com\/politicosaldesnudo.com.mx\/wp-content\/uploads\/2026\/08\/rocha-moya.jpg?fit=1200%2C663&ssl=1&resize=350%2C200 1x, https:\/\/i0.wp.com\/politicosaldesnudo.com.mx\/wp-content\/uploads\/2026\/08\/rocha-moya.jpg?fit=1200%2C663&ssl=1&resize=525%2C300 1.5x, https:\/\/i0.wp.com\/politicosaldesnudo.com.mx\/wp-content\/uploads\/2026\/08\/rocha-moya.jpg?fit=1200%2C663&ssl=1&resize=700%2C400 2x, https:\/\/i0.wp.com\/politicosaldesnudo.com.mx\/wp-content\/uploads\/2026\/08\/rocha-moya.jpg?fit=1200%2C663&ssl=1&resize=1050%2C600 3x"},"classes":[]},{"id":87795,"url":"https:\/\/politicosaldesnudo.com.mx\/index.php\/2026\/08\/17\/el-efecto-andy-hoy-por-ti-manana-por-mi-porque-si-caigo-yo-nos-caemos-todos-el-blindaje-politico-de-morena\/","url_meta":{"origin":23039,"position":4},"title":"EL EFECTO ANDY\u2026 HOY POR TI, MA\u00d1ANA POR M\u00cd, PORQUE SI \u201cCAIGO YO\u201d, NOS CAEMOS TODOS\u2026 El blindaje pol\u00edtico de MORENA","author":"Redacci\u00f3n Pol\u00edticos","date":"17 de agosto de 2026","format":false,"excerpt":"Una Opini\u00f3n Alternativa. Por. Carlos O. Silva Bandala. Sin embargo, la ruta de Andy L\u00f3pez Beltr\u00e1n est\u00e1 trazada: ser\u00e1 candidato a Diputado Federal y de manera subsecuente obtendr\u00e1 el Fuero Constitucional en el Congreso\u2026 En Psicolog\u00eda Pol\u00edtica la aspiraci\u00f3n de Andy se interpreta como la herencia simb\u00f3lica de un CAPITAL\u2026","rel":"","context":"En \u00abOPINI\u00d3N\u00bb","block_context":{"text":"OPINI\u00d3N","link":"https:\/\/politicosaldesnudo.com.mx\/index.php\/category\/columnistas\/"},"img":{"alt_text":"","src":"https:\/\/i0.wp.com\/politicosaldesnudo.com.mx\/wp-content\/uploads\/2026\/08\/carlos-silva-170826-scaled.png?fit=1200%2C659&ssl=1&resize=350%2C200","width":350,"height":200,"srcset":"https:\/\/i0.wp.com\/politicosaldesnudo.com.mx\/wp-content\/uploads\/2026\/08\/carlos-silva-170826-scaled.png?fit=1200%2C659&ssl=1&resize=350%2C200 1x, https:\/\/i0.wp.com\/politicosaldesnudo.com.mx\/wp-content\/uploads\/2026\/08\/carlos-silva-170826-scaled.png?fit=1200%2C659&ssl=1&resize=525%2C300 1.5x, https:\/\/i0.wp.com\/politicosaldesnudo.com.mx\/wp-content\/uploads\/2026\/08\/carlos-silva-170826-scaled.png?fit=1200%2C659&ssl=1&resize=700%2C400 2x, https:\/\/i0.wp.com\/politicosaldesnudo.com.mx\/wp-content\/uploads\/2026\/08\/carlos-silva-170826-scaled.png?fit=1200%2C659&ssl=1&resize=1050%2C600 3x"},"classes":[]},{"id":88041,"url":"https:\/\/politicosaldesnudo.com.mx\/index.php\/2026\/08\/24\/sheinbaum-reprueba-el-fugaz-regreso-de-rocha-moya-al-gobierno-de-sinaloa\/","url_meta":{"origin":23039,"position":5},"title":"Sheinbaum reprueba el fugaz regreso de Rocha Moya al Gobierno de Sinaloa","author":"Redacci\u00f3n Pol\u00edticos","date":"24 de agosto de 2026","format":false,"excerpt":"La presidenta Claudia Sheinbaum cuestion\u00f3 la decisi\u00f3n de Rub\u00e9n Rocha Moya de retomar temporalmente la gubernatura de Sinaloa y consider\u00f3 que su actuaci\u00f3n fue imprudente, debido a que los intereses personales no deben colocarse por encima de la estabilidad de la entidad. Durante su conferencia matutina, este lunes la mandataria\u2026","rel":"","context":"En \u00abNACIONAL\u00bb","block_context":{"text":"NACIONAL","link":"https:\/\/politicosaldesnudo.com.mx\/index.php\/category\/nacional\/"},"img":{"alt_text":"","src":"https:\/\/i0.wp.com\/politicosaldesnudo.com.mx\/wp-content\/uploads\/2026\/08\/shein-1-scaled.jpg?fit=1200%2C800&ssl=1&resize=350%2C200","width":350,"height":200,"srcset":"https:\/\/i0.wp.com\/politicosaldesnudo.com.mx\/wp-content\/uploads\/2026\/08\/shein-1-scaled.jpg?fit=1200%2C800&ssl=1&resize=350%2C200 1x, https:\/\/i0.wp.com\/politicosaldesnudo.com.mx\/wp-content\/uploads\/2026\/08\/shein-1-scaled.jpg?fit=1200%2C800&ssl=1&resize=525%2C300 1.5x, https:\/\/i0.wp.com\/politicosaldesnudo.com.mx\/wp-content\/uploads\/2026\/08\/shein-1-scaled.jpg?fit=1200%2C800&ssl=1&resize=700%2C400 2x, https:\/\/i0.wp.com\/politicosaldesnudo.com.mx\/wp-content\/uploads\/2026\/08\/shein-1-scaled.jpg?fit=1200%2C800&ssl=1&resize=1050%2C600 3x"},"classes":[]}],"jetpack_sharing_enabled":true,"jetpack_featured_media_url":"https:\/\/i0.wp.com\/politicosaldesnudo.com.mx\/wp-content\/uploads\/2022\/04\/RICARDO-HOMS.png?fit=1816%2C1016&ssl=1","_links":{"self":[{"href":"https:\/\/politicosaldesnudo.com.mx\/index.php\/wp-json\/wp\/v2\/posts\/23039","targetHints":{"allow":["GET"]}}],"collection":[{"href":"https:\/\/politicosaldesnudo.com.mx\/index.php\/wp-json\/wp\/v2\/posts"}],"about":[{"href":"https:\/\/politicosaldesnudo.com.mx\/index.php\/wp-json\/wp\/v2\/types\/post"}],"author":[{"embeddable":true,"href":"https:\/\/politicosaldesnudo.com.mx\/index.php\/wp-json\/wp\/v2\/users\/4"}],"replies":[{"embeddable":true,"href":"https:\/\/politicosaldesnudo.com.mx\/index.php\/wp-json\/wp\/v2\/comments?post=23039"}],"version-history":[{"count":0,"href":"https:\/\/politicosaldesnudo.com.mx\/index.php\/wp-json\/wp\/v2\/posts\/23039\/revisions"}],"wp:featuredmedia":[{"embeddable":true,"href":"https:\/\/politicosaldesnudo.com.mx\/index.php\/wp-json\/wp\/v2\/media\/3778"}],"wp:attachment":[{"href":"https:\/\/politicosaldesnudo.com.mx\/index.php\/wp-json\/wp\/v2\/media?parent=23039"}],"wp:term":[{"taxonomy":"category","embeddable":true,"href":"https:\/\/politicosaldesnudo.com.mx\/index.php\/wp-json\/wp\/v2\/categories?post=23039"},{"taxonomy":"post_tag","embeddable":true,"href":"https:\/\/politicosaldesnudo.com.mx\/index.php\/wp-json\/wp\/v2\/tags?post=23039"}],"curies":[{"name":"wp","href":"https:\/\/api.w.org\/{rel}","templated":true}]}}