{"id":23043,"date":"2023-08-14T03:12:06","date_gmt":"2023-08-14T08:12:06","guid":{"rendered":"https:\/\/politicosaldesnudo.com.mx\/?p=23043"},"modified":"2023-08-14T03:12:15","modified_gmt":"2023-08-14T08:12:15","slug":"sin-ministros-en-prision-imposible-la-justicia-en-mexico","status":"publish","type":"post","link":"https:\/\/politicosaldesnudo.com.mx\/index.php\/2023\/08\/14\/sin-ministros-en-prision-imposible-la-justicia-en-mexico\/","title":{"rendered":"Sin ministros en prisi\u00f3n, imposible la justicia en M\u00e9xico"},"content":{"rendered":"<p>&nbsp;<\/p>\n<p class=\"p1\"><span style=\"font-size: 18pt;\"><b>Por Jos\u00e9 Lima Cobos<\/b><\/span><\/p>\n<p class=\"p1\"><span style=\"font-size: 14pt;\">Sin observar, de manera clara y precisa<span class=\"Apple-converted-space\">\u00a0 <\/span>la Constituci\u00f3n Pol\u00edtica de los Estados Unidos Mexicanos ser\u00e1 imposible que brille la justicia en nuestra naci\u00f3n y todo se reduce a complicidades ,complacencias y simulaciones por<span class=\"Apple-converted-space\">\u00a0 <\/span>dem\u00e1s bochornosas y da\u00f1inas para<span class=\"Apple-converted-space\">\u00a0 <\/span>los ni\u00f1os y los j\u00f3venes que son la esperanza de todo el mundo, cuando todo se convierte en dimes y diretes y no se ataca a fondo a los responsables y con<span class=\"Apple-converted-space\">\u00a0 <\/span>especulaciones que conducen a confundir y con ello al pa\u00eds, al denostar al Presidente de la Rep\u00fablica al que se pretende ubicarlo como que ejerce violencia de genero en un proceso electoral que a\u00fan no se abre, dentro de los par\u00e1metros de la ley que lo regula, luego entonces al confundir con el lenguaje sibilino, evidencia falta de probidad y profesionalismo jur\u00eddico de quienes, a su conveniencia o por intereses mezquinos interpretan la ley y la constituci\u00f3n.<\/span><\/p>\n<p class=\"p1\"><span style=\"font-size: 18pt;\"><strong>Con<span class=\"Apple-converted-space\">\u00a0 <\/span>el supuesto af\u00e1n de impartir justicia \u2014\u201cr\u00e1pida y expedita\u201d\u2014 Art\u00edculo 17 constitucional, las resoluciones de los tribunales de la Suprema Corte de Justicia, sus ministros, magistrados y jueces, han constituido una dictadura<span class=\"Apple-converted-space\">\u00a0 <\/span>judicial ominosa y focalizada a proteger a los intereses contrarios a la naci\u00f3n, lo que ha quedado demostrado en este sexenio donde, se pretende atender la injusticia acendrada que<span class=\"Apple-converted-space\">\u00a0 <\/span>priva en la naci\u00f3n y la resistencia a que se logren los \u00b4prop\u00f3sitos nacionales acreditado todo esto con las acciones emprendidas por la oligarqu\u00eda interna, aliada con la externa para socavar el beneficio social, en contubernio con impartidores de justicia.<\/strong><\/span><\/p>\n<p class=\"p1\"><span style=\"font-size: 14pt;\"><span class=\"Apple-converted-space\">\u00a0<\/span>Si de impartir justicia se trata, las c\u00e1rceles est\u00e1n<span class=\"Apple-converted-space\">\u00a0 <\/span>vac\u00edas de quienes imparten esa<span class=\"Apple-converted-space\">\u00a0 <\/span>justicia selectiva que apoya a los poderosos, sin tener la m\u00ednima condena, por el contrario, cada d\u00eda medran y socavan la econom\u00eda de la naci\u00f3n mediante la construcci\u00f3n de una infraestructura que alberga a quienes causan el rezago en los expedientes que est\u00e1n a su cargo para tener m\u00e1s presupuesto, en tanto, los miserables que caen en sus garras y sufren<span class=\"Apple-converted-space\">\u00a0 <\/span>la<span class=\"Apple-converted-space\">\u00a0 <\/span>consecuencia de esa irresponsabilidad, con efectos da\u00f1inos y depredadores para la econom\u00eda nacional+, viven condenados al abandono.<\/span><\/p>\n<p class=\"p1\"><span style=\"font-size: 14pt;\">Actos elocuentes contra los intereses nacionales, son el resultado<span class=\"Apple-converted-space\">\u00a0 <\/span>de los ministros de la Suprema Corte de Justicia que sirven a intereses contrarios a la naci\u00f3n y graves, porque atentan contra la pol\u00edtica internacional en materia de delincuencia organizada,<span class=\"Apple-converted-space\">\u00a0 <\/span>como lo constituye \u2014de manera enunciativa solamente\u2014 la jurisprudencia de la segunda sala de ese poder que impide que el gobierno mexicano, al trav\u00e9s de la Secretar\u00eda de Hacienda y<span class=\"Apple-converted-space\">\u00a0 <\/span>su Unidad de Inteligencia Financiera puedan bloquear o<span class=\"Apple-converted-space\">\u00a0 <\/span>actuar sobre los bienes econ\u00f3micos que acumulan todos los delincuentes de este pa\u00eds \u2014obviamente los altamente poderosos en contrabando, drogas, secuestros, trata de personas, narcotr\u00e1fico, lavado de dinero, enriquecimiento il\u00edcito y dem\u00e1s delitos, que tiene su origen en la figura ep\u00f3nima de Medina Mora que pese a que se descubrieron transacciones y transferencias econ\u00f3micas altamente<span class=\"Apple-converted-space\">\u00a0 <\/span>sospechosas, siendo embajador de M\u00e9xico en Inglaterra y<span class=\"Apple-converted-space\">\u00a0 <\/span>en<span class=\"Apple-converted-space\">\u00a0 <\/span>Estados Unidos \u2014antes hab\u00eda sido con Fox y Calder\u00f3n, jefe de la pol\u00edtica Judicial Federal y Procurador General de la Rep\u00fablica\u2014 goza de la gran<span class=\"Apple-converted-space\">\u00a0 <\/span>impunidad, que solo puede existir en el pa\u00eds, donde la corrupci\u00f3n es la madre de todas las batallas, que no se libra a fondo porque se tocan los bienes de los atracadores y saqueadores de los bienes de los mexicanos.<\/span><\/p>\n<p class=\"p1\"><span style=\"font-size: 14pt;\">Esa jurisprudencia maldita que tiene nombres y apellidos<span class=\"Apple-converted-space\">\u00a0 <\/span>y grandes responsables que viven en la opulencia y que a\u00fan atracan a la econom\u00eda nacional , los que ya se<span class=\"Apple-converted-space\">\u00a0 <\/span>fueron, <\/span><span style=\"font-size: 14pt;\">\u2014Franco y Medina Mora\u2014<span class=\"Apple-converted-space\">\u00a0 <\/span>los que<span class=\"Apple-converted-space\">\u00a0 <\/span>a\u00fan subsisten en esa sala como son P\u00e9rez<span class=\"Apple-converted-space\">\u00a0 <\/span>Dayan, Laynez y Yasmin Esquivel \u2014propuesta por AMLO\u2014<span class=\"Apple-converted-space\">\u00a0 <\/span>a quienes se les debe llama a cuentas y llevarlos a prisi\u00f3n<span class=\"Apple-converted-space\">\u00a0 <\/span>sin miramiento alguno \u2014para que devuelvan lo robado, al violar el Art\u00edculo 127 constitucional\u2014 para que no haya repetici\u00f3n, pero si nada se hace cuando est\u00e1 a la vista lo que hicieron esos y otros ministros, c\u00f3mo es posible<span class=\"Apple-converted-space\">\u00a0 <\/span>exigir a los dem\u00e1s una conducta distinta o diferente, en s\u00edntesis, si entre ladrones no hay jerarqu\u00edas, hagamos el esfuerzo de que exista el mismo racero, o todos coludos o todos rabones, porque de<span class=\"Apple-converted-space\">\u00a0 <\/span>si de hacer justicia se trata, empecemos por aplic\u00e1rsela, a<span class=\"Apple-converted-space\">\u00a0 <\/span>los obligados<span class=\"Apple-converted-space\">\u00a0 <\/span>a impartirlas, lo que no se vislumbra, al menos hasta hora.<\/span><\/p>\n<p class=\"p1\"><span style=\"font-size: 14pt;\">Si el buen<span class=\"Apple-converted-space\">\u00a0 <\/span>juez por su casa empieza, no se ve que exista la disposici\u00f3n de aplicar el art\u00edculo127 y 108<span class=\"Apple-converted-space\">\u00a0 <\/span>constitucionales contra ning\u00fan togado, pues, si al menor esbozo del presidente alebresta a los que<span class=\"Apple-converted-space\">\u00a0 <\/span>viven y han vivido<span class=\"Apple-converted-space\">\u00a0 <\/span>de la corrupci\u00f3n <span class=\"Apple-converted-space\">\u00a0 <\/span>al aplicar<span class=\"Apple-converted-space\">\u00a0 <\/span>lo que est\u00e1 previsto como \u201cse aplicar\u00e1n sanciones administrativas a los servidores p\u00fablicos por los actos u omisiones<span class=\"Apple-converted-space\">\u00a0 <\/span>que afecten la legalidad, honradez, lealtad, imparcialidad y eficiencia en el desempe\u00f1o de sus empleos , cargos o comisiones\u201d las que consistir\u00e1n<span class=\"Apple-converted-space\">\u00a0 <\/span>en amonestaci\u00f3n, suspensi\u00f3n, destituci\u00f3n e inhabilitaci\u00f3n, observando el Art\u00edculo 109<span class=\"Apple-converted-space\">\u00a0 <\/span>que establece el juicio de procedencia para retirarles el fuero y aplicar las sanciones que se\u00f1ala el Art\u00edculo 110, en s\u00edntesis, si les tiemblan las piernas cuando el presidente habla del desafuero de los magistrados del tribunal electoral, que no se dir\u00e1<span class=\"Apple-converted-space\">\u00a0 <\/span>si, con todo derecho lo ejercita contra los ministros de la corte, los sicofantas saldr\u00e1n a gritar que se atenta contra la autonom\u00eda e independencia de ese<span class=\"Apple-converted-space\">\u00a0 <\/span>poder, pero<span class=\"Apple-converted-space\">\u00a0 <\/span>jam\u00e1s se les se\u00f1alar\u00e1 porque son violadores<span class=\"Apple-converted-space\">\u00a0 <\/span>a la Constituci\u00f3n.<\/span><\/p>\n<p class=\"p1\"><span style=\"font-size: 18pt;\"><strong>Ahora bien, no solo el presidente de la rep\u00fablica<span class=\"Apple-converted-space\">\u00a0 <\/span>puede solicitar el desafuero de un ministro , juez o magistrado, sino la constituci\u00f3n es contundente \u201c cualquier ciudadano, bajo su m\u00e1s estricta responsabilidad y mediante la presentaci\u00f3n de elementos de prueba, podr\u00e1 formular<span class=\"Apple-converted-space\">\u00a0 <\/span>la denuncia ante la C\u00e1mara de Diputados del Congreso de la Uni\u00f3n respecto de las<span class=\"Apple-converted-space\">\u00a0 <\/span>conductas a que se refiere el presente art\u00edculo\u201d, en concreto, la suerte est\u00e1 echada, sin embargo, el jefe del ejecutivo quiere que<span class=\"Apple-converted-space\">\u00a0 <\/span>los ciudadanos<span class=\"Apple-converted-space\">\u00a0 <\/span>o quien quiera lo podr\u00e1 promover el juicio pol\u00edtico, quien gobierna no se puede sustraer a esa responsabilidad y m\u00e1s cuando m\u00e1s de treinta millones de<span class=\"Apple-converted-space\">\u00a0 <\/span>mexicanos le han brindado una absoluta<span class=\"Apple-converted-space\">\u00a0 <\/span>y total confianza, luego, no se puede abandonar el gobierno dejando el estigma de que,<span class=\"Apple-converted-space\">\u00a0 <\/span>se fue Medina Mora sin castigo<span class=\"Apple-converted-space\">\u00a0 <\/span>y sus c\u00f3mplices, los dem\u00e1s ministros<span class=\"Apple-converted-space\">\u00a0 <\/span>corrieron con la misma suerte.<\/strong><\/span><\/p>\n<p class=\"p1\"><span style=\"font-size: 14pt;\">As\u00ed que los Magistrados del Tribunal Electoral o los Consejeros del INE, con su<span class=\"Apple-converted-space\">\u00a0 <\/span>conducta indigna y fuera del esp\u00edritu de las leyes,<span class=\"Apple-converted-space\">\u00a0 <\/span>de seguro que no<span class=\"Apple-converted-space\">\u00a0 <\/span>dormir\u00e1n tranquilos porque si ya la secretar\u00eda de gobernaci\u00f3n ha anunciado que se har\u00e1 uso<span class=\"Apple-converted-space\">\u00a0 <\/span>de los recursos que los ordenamientos jur\u00eddicos rigen el orden jur\u00eddico nacional, y m\u00e1s en el caso de silenciar al presidente de la rep\u00fablica que est\u00e1 obligado a informar al<span class=\"Apple-converted-space\">\u00a0 <\/span>pueblo, ello conlleva a que extirpe la mediocridad y poner a cada quien en su lugar, porque la definici\u00f3n es clara, o est\u00e1 a favor de la naci\u00f3n o en contra de ella y, el presidente es el responsable de que se guarde y se hagan guardar las leyes y su constituci\u00f3n, con los tratados internacionales de que el pa\u00eds es parte.<\/span><\/p>\n<p>&nbsp;<\/p>\n<hr \/>\n<p>&nbsp;<\/p>\n<p><span style=\"font-size: 18pt;\"><strong>Correo:<a href=\"mailto:limacobos@hotmail.com\"> limacobos@hotmail.com<\/a><\/strong><\/span><\/p>\n<p><span style=\"font-size: 18pt;\"><strong>Twitter: <a href=\"https:\/\/twitter.com\/limacobos1\">@limacobos1<\/a><\/strong><\/span><\/p>\n<p>&nbsp;<\/p>\n<p><img data-recalc-dims=\"1\" loading=\"lazy\" decoding=\"async\" class=\"aligncenter wp-image-14351\" src=\"https:\/\/i0.wp.com\/politicosaldesnudo.com.mx\/wp-content\/uploads\/2023\/01\/FIRMA-EDITORIAL-PD-300x37.png?resize=800%2C98&#038;ssl=1\" alt=\"\" width=\"800\" height=\"98\" srcset=\"https:\/\/i0.wp.com\/politicosaldesnudo.com.mx\/wp-content\/uploads\/2023\/01\/FIRMA-EDITORIAL-PD.png?resize=300%2C37&amp;ssl=1 300w, https:\/\/i0.wp.com\/politicosaldesnudo.com.mx\/wp-content\/uploads\/2023\/01\/FIRMA-EDITORIAL-PD.png?resize=1024%2C125&amp;ssl=1 1024w, https:\/\/i0.wp.com\/politicosaldesnudo.com.mx\/wp-content\/uploads\/2023\/01\/FIRMA-EDITORIAL-PD.png?resize=768%2C94&amp;ssl=1 768w, https:\/\/i0.wp.com\/politicosaldesnudo.com.mx\/wp-content\/uploads\/2023\/01\/FIRMA-EDITORIAL-PD.png?resize=1536%2C188&amp;ssl=1 1536w, https:\/\/i0.wp.com\/politicosaldesnudo.com.mx\/wp-content\/uploads\/2023\/01\/FIRMA-EDITORIAL-PD.png?resize=2048%2C250&amp;ssl=1 2048w, https:\/\/i0.wp.com\/politicosaldesnudo.com.mx\/wp-content\/uploads\/2023\/01\/FIRMA-EDITORIAL-PD.png?w=1600&amp;ssl=1 1600w, https:\/\/i0.wp.com\/politicosaldesnudo.com.mx\/wp-content\/uploads\/2023\/01\/FIRMA-EDITORIAL-PD.png?w=2400&amp;ssl=1 2400w\" sizes=\"auto, (max-width: 800px) 100vw, 800px\" \/><\/p>\n<p>&nbsp;<\/p>\n<p>&nbsp;<\/p>\n<p>&nbsp;<\/p>\n<p>&nbsp;<\/p>\n","protected":false},"excerpt":{"rendered":"<p>&nbsp; Por Jos\u00e9 Lima Cobos Sin observar, de manera clara y precisa\u00a0 la Constituci\u00f3n Pol\u00edtica de los Estados Unidos Mexicanos<\/p>\n","protected":false},"author":4,"featured_media":4215,"comment_status":"closed","ping_status":"closed","sticky":false,"template":"","format":"standard","meta":{"colormag_page_container_layout":"default_layout","colormag_page_sidebar_layout":"default_layout","_jetpack_memberships_contains_paid_content":false,"footnotes":"","jetpack_publicize_message":"","jetpack_publicize_feature_enabled":true,"jetpack_social_post_already_shared":false,"jetpack_social_options":{"image_generator_settings":{"template":"highway","default_image_id":0,"font":"","enabled":false},"version":2}},"categories":[26],"tags":[],"class_list":["post-23043","post","type-post","status-publish","format-standard","has-post-thumbnail","hentry","category-columnistas"],"jetpack_publicize_connections":[],"jetpack_featured_media_url":"https:\/\/i0.wp.com\/politicosaldesnudo.com.mx\/wp-content\/uploads\/2022\/04\/JOSE%CC%81-LIMA-COBOS.png?fit=1816%2C1016&ssl=1","jetpack-related-posts":[],"jetpack_sharing_enabled":true,"_links":{"self":[{"href":"https:\/\/politicosaldesnudo.com.mx\/index.php\/wp-json\/wp\/v2\/posts\/23043","targetHints":{"allow":["GET"]}}],"collection":[{"href":"https:\/\/politicosaldesnudo.com.mx\/index.php\/wp-json\/wp\/v2\/posts"}],"about":[{"href":"https:\/\/politicosaldesnudo.com.mx\/index.php\/wp-json\/wp\/v2\/types\/post"}],"author":[{"embeddable":true,"href":"https:\/\/politicosaldesnudo.com.mx\/index.php\/wp-json\/wp\/v2\/users\/4"}],"replies":[{"embeddable":true,"href":"https:\/\/politicosaldesnudo.com.mx\/index.php\/wp-json\/wp\/v2\/comments?post=23043"}],"version-history":[{"count":0,"href":"https:\/\/politicosaldesnudo.com.mx\/index.php\/wp-json\/wp\/v2\/posts\/23043\/revisions"}],"wp:featuredmedia":[{"embeddable":true,"href":"https:\/\/politicosaldesnudo.com.mx\/index.php\/wp-json\/wp\/v2\/media\/4215"}],"wp:attachment":[{"href":"https:\/\/politicosaldesnudo.com.mx\/index.php\/wp-json\/wp\/v2\/media?parent=23043"}],"wp:term":[{"taxonomy":"category","embeddable":true,"href":"https:\/\/politicosaldesnudo.com.mx\/index.php\/wp-json\/wp\/v2\/categories?post=23043"},{"taxonomy":"post_tag","embeddable":true,"href":"https:\/\/politicosaldesnudo.com.mx\/index.php\/wp-json\/wp\/v2\/tags?post=23043"}],"curies":[{"name":"wp","href":"https:\/\/api.w.org\/{rel}","templated":true}]}}