{"id":23114,"date":"2023-08-14T07:04:22","date_gmt":"2023-08-14T12:04:22","guid":{"rendered":"https:\/\/politicosaldesnudo.com.mx\/?p=23114"},"modified":"2023-08-15T08:15:22","modified_gmt":"2023-08-15T13:15:22","slug":"en-su-74a-edicion-arranca-oficialmente-la-expo-tuxpan-2023","status":"publish","type":"post","link":"https:\/\/politicosaldesnudo.com.mx\/index.php\/2023\/08\/14\/en-su-74a-edicion-arranca-oficialmente-la-expo-tuxpan-2023\/","title":{"rendered":"En su 74\u00aa Edici\u00f3n, arranca oficialmente la Expo Tuxpan 2023"},"content":{"rendered":"<p class=\"p1\">\n<p>&nbsp;<\/p>\n<p class=\"p1\"><span style=\"font-size: 14pt;\"><em><strong>TUXPAN, VERACRUZ.<\/strong> <\/em>El alcalde Jos\u00e9 Manuel Pozos Castro, el director general de Ganader\u00eda del Estado, Arturo Enrique Hern\u00e1ndez y el presidente de la Asociaci\u00f3n Ganadera Local, V\u00edctor Arturo Mart\u00ednez Zavala <strong>inauguraron oficialmente la 74\u00aa Edici\u00f3n de la Expo Tuxpan 2023.<\/strong><\/span><\/p>\n<p class=\"p1\"><span style=\"font-size: 18pt;\"><strong>Se espera el arribo a Tuxpan de miles de turistas nacionales y de la regi\u00f3n, generando una importante derrama econ\u00f3mica que fortalecer\u00e1 la econom\u00eda.<\/strong><\/span><\/p>\n<p class=\"p1\"><span style=\"font-size: 14pt;\">El alcalde se\u00f1al\u00f3 que la Expo Tuxpan 2023 es una fiesta llena de alegr\u00eda y de una gran tradici\u00f3n, que a lo largo de 74 a\u00f1os ha sido motivo de orgullo y parte de la identidad de los tuxpe\u00f1os y que se distingue por su exposici\u00f3n y muestra nacional ganadera. Adem\u00e1s de la subasta de ganado selecto y equinos.<\/span><\/p>\n<p>&nbsp;<\/p>\n<blockquote>\n<p class=\"p1\"><span style=\"font-size: 14pt;\">Miles de personas habr\u00e1n de disfrutar en los siguientes d\u00edas del elenco art\u00edstico, de los juegos mec\u00e1nicos, de la exposici\u00f3n agr\u00edcola, comercial, artesanal y gastron\u00f3mica, en un ambiente de paz y seguridad\u201d<\/span><\/p>\n<\/blockquote>\n<p>&nbsp;<\/p>\n<p><img data-recalc-dims=\"1\" loading=\"lazy\" decoding=\"async\" class=\"aligncenter wp-image-23116 size-large\" src=\"https:\/\/i0.wp.com\/politicosaldesnudo.com.mx\/wp-content\/uploads\/2023\/08\/P-EXPO-TUXPAN-2023-2-1024x573.png?resize=800%2C448&#038;ssl=1\" alt=\"\" width=\"800\" height=\"448\" srcset=\"https:\/\/i0.wp.com\/politicosaldesnudo.com.mx\/wp-content\/uploads\/2023\/08\/P-EXPO-TUXPAN-2023-2.png?resize=1024%2C573&amp;ssl=1 1024w, https:\/\/i0.wp.com\/politicosaldesnudo.com.mx\/wp-content\/uploads\/2023\/08\/P-EXPO-TUXPAN-2023-2.png?resize=300%2C168&amp;ssl=1 300w, https:\/\/i0.wp.com\/politicosaldesnudo.com.mx\/wp-content\/uploads\/2023\/08\/P-EXPO-TUXPAN-2023-2.png?resize=768%2C430&amp;ssl=1 768w, https:\/\/i0.wp.com\/politicosaldesnudo.com.mx\/wp-content\/uploads\/2023\/08\/P-EXPO-TUXPAN-2023-2.png?resize=1536%2C859&amp;ssl=1 1536w, https:\/\/i0.wp.com\/politicosaldesnudo.com.mx\/wp-content\/uploads\/2023\/08\/P-EXPO-TUXPAN-2023-2.png?w=1816&amp;ssl=1 1816w, https:\/\/i0.wp.com\/politicosaldesnudo.com.mx\/wp-content\/uploads\/2023\/08\/P-EXPO-TUXPAN-2023-2.png?w=1600&amp;ssl=1 1600w\" sizes=\"auto, (max-width: 800px) 100vw, 800px\" \/><\/p>\n<p>&nbsp;<\/p>\n<p class=\"p1\"><span style=\"font-size: 14pt;\">En este evento, en el que tambi\u00e9n estuvo presente el Vicealmirante CG DEM Juan Carlos Vera Salinas, Comandante de la V Regi\u00f3n Naval, Pozos Castro reconoci\u00f3 el trabajo realizado por el Comit\u00e9 Organizador y por la directiva de la Asociaci\u00f3n Ganadera Local para impulsar esta Expo que -dijo- contribuir\u00e1 a impulsar la econom\u00eda del municipio.<\/span><\/p>\n<p>&nbsp;<\/p>\n<blockquote>\n<p class=\"p1\"><span style=\"font-size: 14pt;\">La Feria de Tuxpan es uno de los eventos m\u00e1s importantes del estado de Veracruz y el prestigio se lo ha ganado a pulso\u201d, dijo el alcalde Jos\u00e9 Manuel Pozos.<\/span><\/p>\n<\/blockquote>\n<p>&nbsp;<\/p>\n<p class=\"p1\"><span style=\"font-size: 18pt;\"><strong>Por \u00faltimo, dese\u00f3 el mayor de los \u00e9xitos a los expositores locales y de la regi\u00f3n, y agradeci\u00f3 la invitaci\u00f3n a los organizadores de la Expo.<span class=\"Apple-converted-space\">\u00a0<\/span><\/strong><\/span><\/p>\n<p>&nbsp;<\/p>\n<p><img data-recalc-dims=\"1\" loading=\"lazy\" decoding=\"async\" class=\"aligncenter wp-image-23117 size-large\" src=\"https:\/\/i0.wp.com\/politicosaldesnudo.com.mx\/wp-content\/uploads\/2023\/08\/P-EXPO-TUXPAN-2023-3-1024x573.png?resize=800%2C448&#038;ssl=1\" alt=\"\" width=\"800\" height=\"448\" srcset=\"https:\/\/i0.wp.com\/politicosaldesnudo.com.mx\/wp-content\/uploads\/2023\/08\/P-EXPO-TUXPAN-2023-3.png?resize=1024%2C573&amp;ssl=1 1024w, https:\/\/i0.wp.com\/politicosaldesnudo.com.mx\/wp-content\/uploads\/2023\/08\/P-EXPO-TUXPAN-2023-3.png?resize=300%2C168&amp;ssl=1 300w, https:\/\/i0.wp.com\/politicosaldesnudo.com.mx\/wp-content\/uploads\/2023\/08\/P-EXPO-TUXPAN-2023-3.png?resize=768%2C430&amp;ssl=1 768w, https:\/\/i0.wp.com\/politicosaldesnudo.com.mx\/wp-content\/uploads\/2023\/08\/P-EXPO-TUXPAN-2023-3.png?resize=1536%2C859&amp;ssl=1 1536w, https:\/\/i0.wp.com\/politicosaldesnudo.com.mx\/wp-content\/uploads\/2023\/08\/P-EXPO-TUXPAN-2023-3.png?w=1816&amp;ssl=1 1816w, https:\/\/i0.wp.com\/politicosaldesnudo.com.mx\/wp-content\/uploads\/2023\/08\/P-EXPO-TUXPAN-2023-3.png?w=1600&amp;ssl=1 1600w\" sizes=\"auto, (max-width: 800px) 100vw, 800px\" \/><\/p>\n<p>&nbsp;<\/p>\n<p>&nbsp;<\/p>\n<p class=\"p1\"><span style=\"font-size: 18pt;\"><strong>La primera autoridad del municipio tambi\u00e9n coloc\u00f3 la banda de Reina de la Expo Tuxpan 2023 a Brisa Rivera Garc\u00eda.<\/strong><\/span><\/p>\n<p class=\"p1\"><span style=\"font-size: 14pt;\">Por su parte, el MVZ Enrique Hern\u00e1ndez destac\u00f3 que esta expo ganadera, agr\u00edcola, comercial, artesanal y deportiva se lleva a cabo para impulsar la econom\u00eda regional y fomentar el sano esparcimiento de todas las familias; siendo una gran tradici\u00f3n para la regi\u00f3n huasteca.<span class=\"Apple-converted-space\">\u00a0<\/span><\/span><\/p>\n<p class=\"p1\"><span style=\"font-size: 14pt;\">El presidente de la Asociaci\u00f3n Ganadera Local, V\u00edctor Arturo Mart\u00ednez Zavala, agradeci\u00f3 al alcalde Jos\u00e9 Manuel Pozos Castro por brindar todas las facilidades para llevar a cabo esta Expo.<\/span><\/p>\n<p class=\"p1\"><span style=\"font-size: 14pt;\">Aprovech\u00f3 para invitar a la poblaci\u00f3n de Tuxpan y la regi\u00f3n a asistir a los eventos y concursos que se realizar\u00e1n dentro de esta feria; as\u00ed como de la exposici\u00f3n de productos agr\u00edcolas, comerciales y artesanales.<\/span><\/p>\n<p>&nbsp;<\/p>\n<p>&nbsp;<\/p>\n<p>&nbsp;<\/p>\n","protected":false},"excerpt":{"rendered":"<p>&nbsp; TUXPAN, VERACRUZ. El alcalde Jos\u00e9 Manuel Pozos Castro, el director general de Ganader\u00eda del Estado, Arturo Enrique Hern\u00e1ndez y<\/p>\n","protected":false},"author":4,"featured_media":23115,"comment_status":"closed","ping_status":"closed","sticky":false,"template":"","format":"standard","meta":{"colormag_page_container_layout":"default_layout","colormag_page_sidebar_layout":"default_layout","_jetpack_memberships_contains_paid_content":false,"footnotes":"","jetpack_publicize_message":"","jetpack_publicize_feature_enabled":true,"jetpack_social_post_already_shared":false,"jetpack_social_options":{"image_generator_settings":{"template":"highway","default_image_id":0,"font":"","enabled":false},"version":2}},"categories":[1082],"tags":[3074,576,70,100],"class_list":["post-23114","post","type-post","status-publish","format-standard","has-post-thumbnail","hentry","category-tuxpan","tag-expo-tuxpan-2023","tag-jose-manuel-pozos","tag-tuxpan","tag-veracruz"],"jetpack_publicize_connections":[],"jetpack_featured_media_url":"https:\/\/i0.wp.com\/politicosaldesnudo.com.mx\/wp-content\/uploads\/2023\/08\/P-EXPO-TUXPAN-2023-1.png?fit=1816%2C1016&ssl=1","jetpack-related-posts":[],"jetpack_sharing_enabled":true,"_links":{"self":[{"href":"https:\/\/politicosaldesnudo.com.mx\/index.php\/wp-json\/wp\/v2\/posts\/23114","targetHints":{"allow":["GET"]}}],"collection":[{"href":"https:\/\/politicosaldesnudo.com.mx\/index.php\/wp-json\/wp\/v2\/posts"}],"about":[{"href":"https:\/\/politicosaldesnudo.com.mx\/index.php\/wp-json\/wp\/v2\/types\/post"}],"author":[{"embeddable":true,"href":"https:\/\/politicosaldesnudo.com.mx\/index.php\/wp-json\/wp\/v2\/users\/4"}],"replies":[{"embeddable":true,"href":"https:\/\/politicosaldesnudo.com.mx\/index.php\/wp-json\/wp\/v2\/comments?post=23114"}],"version-history":[{"count":0,"href":"https:\/\/politicosaldesnudo.com.mx\/index.php\/wp-json\/wp\/v2\/posts\/23114\/revisions"}],"wp:featuredmedia":[{"embeddable":true,"href":"https:\/\/politicosaldesnudo.com.mx\/index.php\/wp-json\/wp\/v2\/media\/23115"}],"wp:attachment":[{"href":"https:\/\/politicosaldesnudo.com.mx\/index.php\/wp-json\/wp\/v2\/media?parent=23114"}],"wp:term":[{"taxonomy":"category","embeddable":true,"href":"https:\/\/politicosaldesnudo.com.mx\/index.php\/wp-json\/wp\/v2\/categories?post=23114"},{"taxonomy":"post_tag","embeddable":true,"href":"https:\/\/politicosaldesnudo.com.mx\/index.php\/wp-json\/wp\/v2\/tags?post=23114"}],"curies":[{"name":"wp","href":"https:\/\/api.w.org\/{rel}","templated":true}]}}