{"id":23141,"date":"2023-08-16T08:22:47","date_gmt":"2023-08-16T13:22:47","guid":{"rendered":"https:\/\/politicosaldesnudo.com.mx\/?p=23141"},"modified":"2023-08-16T08:22:47","modified_gmt":"2023-08-16T13:22:47","slug":"no-sigue-a-la-tercera-etapa-fuera-de-la-madrid-del-frente-amplio","status":"publish","type":"post","link":"https:\/\/politicosaldesnudo.com.mx\/index.php\/2023\/08\/16\/no-sigue-a-la-tercera-etapa-fuera-de-la-madrid-del-frente-amplio\/","title":{"rendered":"No sigue a la tercera etapa; fuera De la Madrid del Frente Amplio"},"content":{"rendered":"<p>&nbsp;<\/p>\n<p class=\"p1\"><span style=\"font-size: 14pt;\"><em><strong>CIUDAD DE M\u00c9XICO.<\/strong> <\/em>El priista<strong> Enrique de la Madrid<\/strong>, qued\u00f3 fuera de la contienda por la<strong> candidatura presidencial del <em>Frente Amplio por M\u00e9xico<\/em><\/strong>, tras realizarse el primer sondeo de opini\u00f3n.<\/span><\/p>\n<p class=\"p1\"><span style=\"font-size: 18pt;\"><strong>Dicha encuesta comenz\u00f3 el pasado viernes 11 de agosto, y en la cual X\u00f3chitl G\u00e1lvez obtuvo 38.3% de simpat\u00edas, seguida por Beatriz Paredes con 26%, y Santiago Creel con 20.1%.<\/strong><\/span><\/p>\n<p class=\"p1\"><span style=\"font-size: 14pt;\">Cabe se\u00f1alar que el ejercicio estaba planeado para desarrollarse durante cinco d\u00edas, del 11 a 16 de agosto, sin embargo, el Comit\u00e9 Organizador determin\u00f3 que fuera del 11 al 14 de agosto.<\/span><\/p>\n<p class=\"p1\"><span style=\"font-size: 18pt;\"><strong>En estas fechas, se aplicaron 3 mil cuestionarios en vivienda y 3 mil cuestionarios v\u00eda telef\u00f3nica, de acuerdo con informaci\u00f3n del propio Comit\u00e9.<\/strong><\/span><\/p>\n<p class=\"p1\"><span style=\"font-size: 14pt;\">Hasta el momento, el Frente Amplio por M\u00e9xico no ha dado a conocer cu\u00e1l fue la casa encuestadora encargada del ejercicio y \u00fanicamente detall\u00f3 c\u00f3mo fue realizado el sondeo, con 3 mil encuestas casa por casa y otras 3 mil por tel\u00e9fono.<\/span><\/p>\n<p class=\"p1\"><span style=\"font-size: 18pt;\"><strong>El segundo foro se realizar\u00e1 este jueves 17 de agosto, a las 20:00 horas en la ciudad de Durango, y en el cual participar\u00e1n los tres finalistas.<\/strong><\/span><\/p>\n<p class=\"p1\"><span style=\"font-size: 14pt;\">Una vez difundidos los resultados, en redes sociales Enrique de la Madrid se pronunci\u00f3 al respecto y felicit\u00f3 a los ganadores de esta etapa del proceso.<\/span><\/p>\n<p>&nbsp;<\/p>\n<blockquote>\n<p class=\"p1\"><span style=\"font-size: 14pt;\">Estoy convencido de que un mucho mejor M\u00e9xico es posible\u201d<\/span><\/p>\n<\/blockquote>\n<p>&nbsp;<\/p>\n<p>&nbsp;<\/p>\n<p>&nbsp;<\/p>\n","protected":false},"excerpt":{"rendered":"<p>&nbsp; CIUDAD DE M\u00c9XICO. El priista Enrique de la Madrid, qued\u00f3 fuera de la contienda por la candidatura presidencial del<\/p>\n","protected":false},"author":4,"featured_media":23142,"comment_status":"closed","ping_status":"closed","sticky":false,"template":"","format":"standard","meta":{"colormag_page_container_layout":"default_layout","colormag_page_sidebar_layout":"default_layout","_jetpack_memberships_contains_paid_content":false,"footnotes":"","jetpack_publicize_message":"","jetpack_publicize_feature_enabled":true,"jetpack_social_post_already_shared":false,"jetpack_social_options":{"image_generator_settings":{"template":"highway","default_image_id":0,"font":"","enabled":false},"version":2}},"categories":[33],"tags":[2278,2951],"class_list":["post-23141","post","type-post","status-publish","format-standard","has-post-thumbnail","hentry","category-nacional","tag-enrique-de-la-madrid","tag-frente-amplio-por-mexico"],"jetpack_publicize_connections":[],"jetpack_featured_media_url":"https:\/\/i0.wp.com\/politicosaldesnudo.com.mx\/wp-content\/uploads\/2023\/08\/P-FRENTE-AMPLIO-DELAMADRID.png?fit=1816%2C1016&ssl=1","jetpack-related-posts":[],"jetpack_sharing_enabled":true,"_links":{"self":[{"href":"https:\/\/politicosaldesnudo.com.mx\/index.php\/wp-json\/wp\/v2\/posts\/23141","targetHints":{"allow":["GET"]}}],"collection":[{"href":"https:\/\/politicosaldesnudo.com.mx\/index.php\/wp-json\/wp\/v2\/posts"}],"about":[{"href":"https:\/\/politicosaldesnudo.com.mx\/index.php\/wp-json\/wp\/v2\/types\/post"}],"author":[{"embeddable":true,"href":"https:\/\/politicosaldesnudo.com.mx\/index.php\/wp-json\/wp\/v2\/users\/4"}],"replies":[{"embeddable":true,"href":"https:\/\/politicosaldesnudo.com.mx\/index.php\/wp-json\/wp\/v2\/comments?post=23141"}],"version-history":[{"count":0,"href":"https:\/\/politicosaldesnudo.com.mx\/index.php\/wp-json\/wp\/v2\/posts\/23141\/revisions"}],"wp:featuredmedia":[{"embeddable":true,"href":"https:\/\/politicosaldesnudo.com.mx\/index.php\/wp-json\/wp\/v2\/media\/23142"}],"wp:attachment":[{"href":"https:\/\/politicosaldesnudo.com.mx\/index.php\/wp-json\/wp\/v2\/media?parent=23141"}],"wp:term":[{"taxonomy":"category","embeddable":true,"href":"https:\/\/politicosaldesnudo.com.mx\/index.php\/wp-json\/wp\/v2\/categories?post=23141"},{"taxonomy":"post_tag","embeddable":true,"href":"https:\/\/politicosaldesnudo.com.mx\/index.php\/wp-json\/wp\/v2\/tags?post=23141"}],"curies":[{"name":"wp","href":"https:\/\/api.w.org\/{rel}","templated":true}]}}