{"id":23144,"date":"2023-08-16T10:49:55","date_gmt":"2023-08-16T15:49:55","guid":{"rendered":"https:\/\/politicosaldesnudo.com.mx\/?p=23144"},"modified":"2023-08-16T10:49:55","modified_gmt":"2023-08-16T15:49:55","slug":"aumenta-0-9-el-robo-de-autos-en-mexico-amis","status":"publish","type":"post","link":"https:\/\/politicosaldesnudo.com.mx\/index.php\/2023\/08\/16\/aumenta-0-9-el-robo-de-autos-en-mexico-amis\/","title":{"rendered":"Aumenta 0.9% el robo de autos en M\u00e9xico: AMIS"},"content":{"rendered":"<p>&nbsp;<\/p>\n<p class=\"p1\"><span style=\"font-size: 14pt;\"><em><strong>CIUDAD DE M\u00c9XICO.<\/strong> <\/em>Revela la <strong>Asociaci\u00f3n Mexicana de Instituciones de Seguros<\/strong> (AMIS) que en los \u00faltimos <strong>12 meses fueron robados 61 mil 48 veh\u00edculos asegurados<\/strong>, un aumento de 0.9 por ciento<\/span><\/p>\n<p class=\"p1\"><span style=\"font-size: 18pt;\"><strong>Esto representa 527 autos m\u00e1s con respecto a los 60 mil 521 carros reportados robados en 2023.<\/strong><\/span><\/p>\n<p class=\"p1\"><span style=\"font-size: 14pt;\">El informe de AMIS tambi\u00e9n se\u00f1ala que\u00a0diariamente son robados un promedio de 167 veh\u00edculos, esto debido a que las personas han regresado a sus actividades labores.<\/span><\/p>\n<p>&nbsp;<\/p>\n<p class=\"p1\"><span style=\"font-size: 18pt; color: #139eca;\"><strong>VEH\u00cdCULOS ASEGURADOS<span class=\"Apple-converted-space\">\u00a0<\/span><\/strong><\/span><\/p>\n<p class=\"p1\"><span style=\"font-size: 18pt;\"><strong>Cabe destacar que en el sector de veh\u00edculos asegurados robados,\u00a0las aseguradoras recuperaron 26 mil 48 unidades que fueron reportadas, es decir, el 43 por ciento del total.<span class=\"Apple-converted-space\">\u00a0<\/span><\/strong><\/span><\/p>\n<p class=\"p1\"><span style=\"font-size: 14pt;\">Estas cifras de junio de 2022 son iguales a las del mismo mes pero 2023.<\/span><\/p>\n<p class=\"p1\"><span style=\"font-size: 14pt;\">Por su parte, Norma Alicia Rosas, directora ejecutiva de la AMIS, tambi\u00e9n indic\u00f3 que, en los \u00faltimos 12 meses, el robo de equipo pesado y de motocicletas asegurados tuvo un alza de 26.21 y 18.13 por ciento, respectivamente.<\/span><\/p>\n<p class=\"p1\"><span style=\"font-size: 14pt;\">Detall\u00f3 que, hasta junio de este a\u00f1o, se reportaron ocho mil 834 unidades aseguradas de equipo pesado robadas, que representan un promedio de 24 unidades diarias; en el caso de las motocicletas, se hurtaron cinco mil 361 en este mismo periodo, lo que representa 14 motos aseguradas diarias, en promedio.<\/span><\/p>\n<p>&nbsp;<\/p>\n<p class=\"p1\"><span style=\"font-size: 18pt; color: #139eca;\"><strong>ROBOS POR ESTADO<\/strong><\/span><\/p>\n<p class=\"p1\"><span style=\"font-size: 14pt;\">No obstante, la AMIS ubic\u00f3 a seis entidades donde se concentra m\u00e1s de la mitad de las unidades robadas aseguradas, con el 64 por ciento.<\/span><\/p>\n<p class=\"p1\"><span style=\"font-size: 18pt;\"><strong>En primer lugar lo obtiene Estado de M\u00e9xico con 15 mil 609 veh\u00edculos robados, le sigue Jalisco con nueve mil 791, despu\u00e9s la Ciudad de M\u00e9xico con cuatro mil 806.<\/strong><\/span><\/p>\n<p class=\"p1\"><span style=\"font-size: 18pt;\"><strong>Las tres \u00faltimos estados con robos los concentra Puebla con tres mil 515, Guanajuato con dos mil 874 y Michoac\u00e1n con dos mil 240.<\/strong><\/span><\/p>\n<p class=\"p1\"><span style=\"font-size: 14pt;\">Al final, las cinco entidades donde se report\u00f3 el mayor aumento en el robo de autos asegurados son Hidalgo con un alza de 54 por ciento; Campeche con 50 por ciento; Puebla con 32 por ciento; Oaxaca con 30 por ciento y Tlaxcala con 29 por ciento.<\/span><\/p>\n<p>&nbsp;<\/p>\n<p>&nbsp;<\/p>\n<p>&nbsp;<\/p>\n","protected":false},"excerpt":{"rendered":"<p>&nbsp; CIUDAD DE M\u00c9XICO. Revela la Asociaci\u00f3n Mexicana de Instituciones de Seguros (AMIS) que en los \u00faltimos 12 meses fueron<\/p>\n","protected":false},"author":4,"featured_media":23145,"comment_status":"closed","ping_status":"closed","sticky":false,"template":"","format":"standard","meta":{"colormag_page_container_layout":"default_layout","colormag_page_sidebar_layout":"default_layout","_jetpack_memberships_contains_paid_content":false,"footnotes":"","jetpack_publicize_message":"","jetpack_publicize_feature_enabled":true,"jetpack_social_post_already_shared":false,"jetpack_social_options":{"image_generator_settings":{"template":"highway","default_image_id":0,"font":"","enabled":false},"version":2}},"categories":[2050],"tags":[484,3078],"class_list":["post-23144","post","type-post","status-publish","format-standard","has-post-thumbnail","hentry","category-economia","tag-amis","tag-autos-robados"],"jetpack_publicize_connections":[],"jetpack_featured_media_url":"https:\/\/i0.wp.com\/politicosaldesnudo.com.mx\/wp-content\/uploads\/2023\/08\/P-CARROS-AMIS.png?fit=1816%2C1016&ssl=1","jetpack-related-posts":[],"jetpack_sharing_enabled":true,"_links":{"self":[{"href":"https:\/\/politicosaldesnudo.com.mx\/index.php\/wp-json\/wp\/v2\/posts\/23144","targetHints":{"allow":["GET"]}}],"collection":[{"href":"https:\/\/politicosaldesnudo.com.mx\/index.php\/wp-json\/wp\/v2\/posts"}],"about":[{"href":"https:\/\/politicosaldesnudo.com.mx\/index.php\/wp-json\/wp\/v2\/types\/post"}],"author":[{"embeddable":true,"href":"https:\/\/politicosaldesnudo.com.mx\/index.php\/wp-json\/wp\/v2\/users\/4"}],"replies":[{"embeddable":true,"href":"https:\/\/politicosaldesnudo.com.mx\/index.php\/wp-json\/wp\/v2\/comments?post=23144"}],"version-history":[{"count":0,"href":"https:\/\/politicosaldesnudo.com.mx\/index.php\/wp-json\/wp\/v2\/posts\/23144\/revisions"}],"wp:featuredmedia":[{"embeddable":true,"href":"https:\/\/politicosaldesnudo.com.mx\/index.php\/wp-json\/wp\/v2\/media\/23145"}],"wp:attachment":[{"href":"https:\/\/politicosaldesnudo.com.mx\/index.php\/wp-json\/wp\/v2\/media?parent=23144"}],"wp:term":[{"taxonomy":"category","embeddable":true,"href":"https:\/\/politicosaldesnudo.com.mx\/index.php\/wp-json\/wp\/v2\/categories?post=23144"},{"taxonomy":"post_tag","embeddable":true,"href":"https:\/\/politicosaldesnudo.com.mx\/index.php\/wp-json\/wp\/v2\/tags?post=23144"}],"curies":[{"name":"wp","href":"https:\/\/api.w.org\/{rel}","templated":true}]}}