{"id":23157,"date":"2023-08-17T05:46:10","date_gmt":"2023-08-17T10:46:10","guid":{"rendered":"https:\/\/politicosaldesnudo.com.mx\/?p=23157"},"modified":"2023-08-17T07:22:04","modified_gmt":"2023-08-17T12:22:04","slug":"el-prd-debe-ver-para-adentro","status":"publish","type":"post","link":"https:\/\/politicosaldesnudo.com.mx\/index.php\/2023\/08\/17\/el-prd-debe-ver-para-adentro\/","title":{"rendered":"El PRD debe ver para adentro"},"content":{"rendered":"<p>&nbsp;<\/p>\n<p><span style=\"font-size: 18pt;\"><strong>Por \u00c1ngel \u00c1lvaro Pe\u00f1a<\/strong><\/span><\/p>\n<p><span style=\"font-size: 14pt;\">En la discusi\u00f3n interna del PRD sobre su permanencia en el <em>Frente Amplio por M\u00e9xico<\/em>, deber\u00edan considerar una variable que les dar\u00eda dignidad ante los adversarios y el pueblo de M\u00e9xico, voltear a ver a las v\u00edctimas del autoritarismo y colocarlos como bandera. Incluso como candidatos a altos cargos de elecci\u00f3n popular.<\/span><\/p>\n<p><span style=\"font-size: 18pt;\"><strong>Es el caso de Rogelio Franco Cast\u00e1n, considerado un preso de conciencia, por quien supuestamente ha luchado el PRD y permanece preso. A unas horas de ser liberado, seg\u00fan c\u00e1lculos optimistas, designarlo como posible abanderado perredista para la Presidencia de la Rep\u00fablica o la gubernatura de Veracruz, impedir\u00eda que ese partido perdiera su registro, aunque vaya solo en la competencia electoral.<\/strong><\/span><\/p>\n<p>&nbsp;<\/p>\n<p><img data-recalc-dims=\"1\" loading=\"lazy\" decoding=\"async\" class=\"aligncenter wp-image-23158 size-large\" src=\"https:\/\/i0.wp.com\/politicosaldesnudo.com.mx\/wp-content\/uploads\/2023\/08\/P-ROGELIO-CASTAN-1024x573.png?resize=800%2C448&#038;ssl=1\" alt=\"\" width=\"800\" height=\"448\" srcset=\"https:\/\/i0.wp.com\/politicosaldesnudo.com.mx\/wp-content\/uploads\/2023\/08\/P-ROGELIO-CASTAN.png?resize=1024%2C573&amp;ssl=1 1024w, https:\/\/i0.wp.com\/politicosaldesnudo.com.mx\/wp-content\/uploads\/2023\/08\/P-ROGELIO-CASTAN.png?resize=300%2C168&amp;ssl=1 300w, https:\/\/i0.wp.com\/politicosaldesnudo.com.mx\/wp-content\/uploads\/2023\/08\/P-ROGELIO-CASTAN.png?resize=768%2C430&amp;ssl=1 768w, https:\/\/i0.wp.com\/politicosaldesnudo.com.mx\/wp-content\/uploads\/2023\/08\/P-ROGELIO-CASTAN.png?resize=1536%2C859&amp;ssl=1 1536w, https:\/\/i0.wp.com\/politicosaldesnudo.com.mx\/wp-content\/uploads\/2023\/08\/P-ROGELIO-CASTAN.png?w=1816&amp;ssl=1 1816w, https:\/\/i0.wp.com\/politicosaldesnudo.com.mx\/wp-content\/uploads\/2023\/08\/P-ROGELIO-CASTAN.png?w=1600&amp;ssl=1 1600w\" sizes=\"auto, (max-width: 800px) 100vw, 800px\" \/><\/p>\n<p>&nbsp;<\/p>\n<p><span style=\"font-size: 18pt; color: #139eca;\"><strong>La poblaci\u00f3n empezar\u00eda a ver al PRD con luz propia y personalidad definida.<\/strong><\/span><\/p>\n<p><span style=\"font-size: 14pt;\">En alg\u00fan momento de lucidez la c\u00fapula perredista debe hacer un espacio a los fundadores de ese partido que sacrificaron todo y algunos dieron su vida en la formaci\u00f3n de su partido que surgi\u00f3 el 5 de mayo de 1989. Es tiempo que su actual dirigencia recuerde a Porfirio Mu\u00f1oz Ledo, Cuauht\u00e9moc C\u00e1rdenas, Ifigenia Mart\u00ednez, Andr\u00e9s Manuel L\u00f3pez Obrador, Heberto Castillo, Gonzalo Mart\u00ednez Corbal\u00e1, Gilberto Rinc\u00f3n Gallardo, Amalia Garc\u00eda, entre otros. Cada uno de ellos son parte de nuestra historia.<\/span><\/p>\n<p><span style=\"font-size: 14pt;\">El pragmatismo del PRD le impide ver m\u00e1s all\u00e1 de su obsesi\u00f3n por adherirse a la derecha. Muchos de sus simpatizantes se consideraron traicionados al unirse el perredismo a partidos tradicionalmente conservadores como el PAN y el PRI. Por eso est\u00e1 ahora a punto de perderse en el olvido electoral de la gente. Espacio por el que debe luchar y no resignarse a la voluntad de los conservadores a quienes regala su destino y sus colores.<\/span><\/p>\n<p><span style=\"font-size: 18pt;\"><strong>Rogelio Franco fue v\u00edctima de un encarcelamiento que s\u00f3lo obedec\u00eda a la intenci\u00f3n de dejarlo fuera de la pol\u00edtica nacional, porque en el momento de su aprehensi\u00f3n era candidato a una diputaci\u00f3n federal plurinominal, cargo que le fue arrebatado por un correligionario que, al fungir como su abogado defensor, lo \u00fanico que hizo fue ocupar su curul a la mala, en la C\u00e1mara, a pesar de que Franco Cast\u00e1n hab\u00eda tomado protesta desde la c\u00e1rcel.<\/strong><\/span><\/p>\n<p><span style=\"font-size: 14pt;\">As\u00ed, el PRD tiene en la figura del ex secretario de Gobierno de Veracruz, una posibilidad digna, que puede regresarle viejos espacios y lograr triunfos que, con el Frente Amplio, no puede obtener ni por casualidad.<\/span><\/p>\n<p><span style=\"font-size: 18pt; color: #139eca;\"><strong>Franco Cast\u00e1n lleva dos a\u00f1os y medio en la c\u00e1rcel por el delito de ultrajes a la autoridad, normatividad derogada por violar los derechos humanos, pero fue rehabilitada para deshacerse de enemigos pol\u00edticos, lo cual no convierte en un preso pol\u00edtico del gobierno de Veracruz.<\/strong><\/span><\/p>\n<p><span style=\"font-size: 14pt;\">El PRD no s\u00f3lo debe replegarse de nuevo a la izquierda sino recuperar las simpat\u00edas de la gente que le dio su confianza. Para lograrlo debe ver hacia adentro y no buscando en la derecha lo que no pudo obtener en la izquierda.<\/span><\/p>\n<p><span style=\"font-size: 18pt;\"><strong>El problema del cautiverio de Franco Cast\u00e1n no s\u00f3lo es conocido en todo el pa\u00eds sino en el extranjero, de tal suerte que postularlo para competir por la Presidencia de la Rep\u00fablica o la gubernatura de Veracruz, le dar\u00eda nuevos br\u00edos al perredismo, que rescatar\u00eda su dignidad.<\/strong><\/span><\/p>\n<p><span style=\"font-size: 14pt;\">Los aplazamientos de las audiencias, las trampas de los abogados, las triqui\u00f1uelas de los jueces, el descr\u00e9dito medi\u00e1tico en espacios del gobierno estatal, confirman que se trata de un preso pol\u00edtico condenado a una especie de sentencia sin fin.<\/span><\/p>\n<p><span style=\"font-size: 14pt;\">Es hora de que haya cambios tan profundos como responsables en la pol\u00edtica de todos los partidos y el PRD no debe abandonarse a su agon\u00eda sino luchar hasta el final por su sobrevivencia.<\/span><\/p>\n<p><span style=\"font-size: 14pt;\">Sabemos que, a pesar de las invitaciones del propio Presidente de la Rep\u00fablica para que Rogelio Franco se integrara a Morena, fue fiel a un PRD que pareciera que le da la espalda en todo momento ya hora que tiene una oportunidad para ganar espacios, dignidad y simpat\u00edas debe estar alerta y dejar los intereses personales atr\u00e1s para luchar como en los viejos tiempos.<\/span><\/p>\n<p>&nbsp;<\/p>\n<p><span style=\"font-size: 18pt; color: #139eca;\"><strong>PEGA Y CORRE<\/strong><\/span><\/p>\n<p><span style=\"font-size: 14pt;\">Al depurar a sus precandidatos el <em>Frente Amplio<\/em> se debilita, porque las figuras que van quedando son tan fr\u00e1giles como la credibilidad del m\u00e9todo para escoger a sus candidatos.<\/span><\/p>\n<p>&nbsp;<\/p>\n<p><em><span style=\"font-size: 18pt;\"><strong>Esta columna se publica los lunes, mi\u00e9rcoles y viernes<\/strong><\/span><\/em><\/p>\n<p>&nbsp;<\/p>\n<hr \/>\n<p>&nbsp;<\/p>\n<p><img data-recalc-dims=\"1\" loading=\"lazy\" decoding=\"async\" class=\"aligncenter wp-image-14351\" src=\"https:\/\/i0.wp.com\/politicosaldesnudo.com.mx\/wp-content\/uploads\/2023\/01\/FIRMA-EDITORIAL-PD-300x37.png?resize=800%2C98&#038;ssl=1\" alt=\"\" width=\"800\" height=\"98\" srcset=\"https:\/\/i0.wp.com\/politicosaldesnudo.com.mx\/wp-content\/uploads\/2023\/01\/FIRMA-EDITORIAL-PD.png?resize=300%2C37&amp;ssl=1 300w, https:\/\/i0.wp.com\/politicosaldesnudo.com.mx\/wp-content\/uploads\/2023\/01\/FIRMA-EDITORIAL-PD.png?resize=1024%2C125&amp;ssl=1 1024w, https:\/\/i0.wp.com\/politicosaldesnudo.com.mx\/wp-content\/uploads\/2023\/01\/FIRMA-EDITORIAL-PD.png?resize=768%2C94&amp;ssl=1 768w, https:\/\/i0.wp.com\/politicosaldesnudo.com.mx\/wp-content\/uploads\/2023\/01\/FIRMA-EDITORIAL-PD.png?resize=1536%2C188&amp;ssl=1 1536w, https:\/\/i0.wp.com\/politicosaldesnudo.com.mx\/wp-content\/uploads\/2023\/01\/FIRMA-EDITORIAL-PD.png?resize=2048%2C250&amp;ssl=1 2048w, https:\/\/i0.wp.com\/politicosaldesnudo.com.mx\/wp-content\/uploads\/2023\/01\/FIRMA-EDITORIAL-PD.png?w=1600&amp;ssl=1 1600w, https:\/\/i0.wp.com\/politicosaldesnudo.com.mx\/wp-content\/uploads\/2023\/01\/FIRMA-EDITORIAL-PD.png?w=2400&amp;ssl=1 2400w\" sizes=\"auto, (max-width: 800px) 100vw, 800px\" \/><\/p>\n<p>&nbsp;<\/p>\n<p>&nbsp;<\/p>\n<p>&nbsp;<\/p>\n<p>&nbsp;<\/p>\n","protected":false},"excerpt":{"rendered":"<p>&nbsp; Por \u00c1ngel \u00c1lvaro Pe\u00f1a En la discusi\u00f3n interna del PRD sobre su permanencia en el Frente Amplio por M\u00e9xico,<\/p>\n","protected":false},"author":4,"featured_media":3775,"comment_status":"closed","ping_status":"closed","sticky":false,"template":"","format":"standard","meta":{"colormag_page_container_layout":"default_layout","colormag_page_sidebar_layout":"default_layout","_jetpack_memberships_contains_paid_content":false,"footnotes":"","jetpack_publicize_message":"","jetpack_publicize_feature_enabled":true,"jetpack_social_post_already_shared":false,"jetpack_social_options":{"image_generator_settings":{"template":"highway","default_image_id":0,"font":"","enabled":false},"version":2}},"categories":[26],"tags":[318,989,100],"class_list":["post-23157","post","type-post","status-publish","format-standard","has-post-thumbnail","hentry","category-columnistas","tag-prd","tag-rogelio-franco-castan","tag-veracruz"],"jetpack_publicize_connections":[],"jetpack_featured_media_url":"https:\/\/i0.wp.com\/politicosaldesnudo.com.mx\/wp-content\/uploads\/2022\/04\/A%CC%81NGEL-A%CC%81LVARO-PEN%CC%83A1.png?fit=1816%2C1016&ssl=1","jetpack-related-posts":[],"jetpack_sharing_enabled":true,"_links":{"self":[{"href":"https:\/\/politicosaldesnudo.com.mx\/index.php\/wp-json\/wp\/v2\/posts\/23157","targetHints":{"allow":["GET"]}}],"collection":[{"href":"https:\/\/politicosaldesnudo.com.mx\/index.php\/wp-json\/wp\/v2\/posts"}],"about":[{"href":"https:\/\/politicosaldesnudo.com.mx\/index.php\/wp-json\/wp\/v2\/types\/post"}],"author":[{"embeddable":true,"href":"https:\/\/politicosaldesnudo.com.mx\/index.php\/wp-json\/wp\/v2\/users\/4"}],"replies":[{"embeddable":true,"href":"https:\/\/politicosaldesnudo.com.mx\/index.php\/wp-json\/wp\/v2\/comments?post=23157"}],"version-history":[{"count":0,"href":"https:\/\/politicosaldesnudo.com.mx\/index.php\/wp-json\/wp\/v2\/posts\/23157\/revisions"}],"wp:featuredmedia":[{"embeddable":true,"href":"https:\/\/politicosaldesnudo.com.mx\/index.php\/wp-json\/wp\/v2\/media\/3775"}],"wp:attachment":[{"href":"https:\/\/politicosaldesnudo.com.mx\/index.php\/wp-json\/wp\/v2\/media?parent=23157"}],"wp:term":[{"taxonomy":"category","embeddable":true,"href":"https:\/\/politicosaldesnudo.com.mx\/index.php\/wp-json\/wp\/v2\/categories?post=23157"},{"taxonomy":"post_tag","embeddable":true,"href":"https:\/\/politicosaldesnudo.com.mx\/index.php\/wp-json\/wp\/v2\/tags?post=23157"}],"curies":[{"name":"wp","href":"https:\/\/api.w.org\/{rel}","templated":true}]}}