{"id":23186,"date":"2023-08-17T08:43:46","date_gmt":"2023-08-17T13:43:46","guid":{"rendered":"https:\/\/politicosaldesnudo.com.mx\/?p=23186"},"modified":"2023-08-17T08:52:09","modified_gmt":"2023-08-17T13:52:09","slug":"insiste-marko-cortes-a-movimiento-ciudadano-unirse-al-frente","status":"publish","type":"post","link":"https:\/\/politicosaldesnudo.com.mx\/index.php\/2023\/08\/17\/insiste-marko-cortes-a-movimiento-ciudadano-unirse-al-frente\/","title":{"rendered":"Insiste Marko Cortes a Movimiento Ciudadano unirse al Frente"},"content":{"rendered":"<p>&nbsp;<\/p>\n<p class=\"p1\"><span style=\"font-size: 14pt;\"><em><strong>CIUDAD DE M\u00c9XICO.<\/strong> <\/em><span class=\"s1\">El presidente nacional del PAN,<strong> Marko Cort\u00e9s<\/strong>, se\u00f1al\u00f3 que el <strong>partido buscar\u00e1 que Movimiento Ciudadano (MC) se una al <em>Frente Amplio por M\u00e9xico<\/em><\/strong> \u201chasta el l\u00edmite de lo posible\u201d.<\/span><\/span><\/p>\n<p class=\"p4\"><span style=\"font-size: 14pt;\">Durante la reuni\u00f3n plenaria de Acci\u00f3n Nacional, en San Miguel de Allende, Guanajuato, mencion\u00f3 que dentro del partido naranja existen voces que avalan una alianza opositora.<\/span><\/p>\n<p>&nbsp;<\/p>\n<blockquote>\n<p class=\"p4\"><span style=\"font-size: 14pt;\">Vamos a seguir trabajando por hacer la coalici\u00f3n lo m\u00e1s amplia posible. Yo buscar\u00e9 una coalici\u00f3n, no de tres, sino de cuatro, o m\u00e1s partidos pol\u00edticos, junto con la sociedad. Y lo vamos a buscar hasta el l\u00edmite de lo posible. Esa hegemon\u00eda que se ve\u00eda en el partido de MC, ya no la vemos, hoy ya vemos voces muy claras que dicen: debemos construir por el bien de M\u00e9xico\u201d<\/span><\/p>\n<\/blockquote>\n<p>&nbsp;<\/p>\n<p class=\"p4\"><span style=\"font-size: 18pt;\"><strong>A\u00f1adi\u00f3 que quienes busquen unirse al Frente de manera informal o formal, son bienvenidos.<\/strong><\/span><\/p>\n<p>&nbsp;<\/p>\n<blockquote>\n<p class=\"p4\"><span style=\"font-size: 14pt;\">Son necesarios para lograr cambiar el rumbo de nuestro pa\u00eds\u201d<\/span><\/p>\n<\/blockquote>\n<p>&nbsp;<\/p>\n<p class=\"p4\"><span style=\"font-size: 18pt;\"><strong>Tambi\u00e9n descart\u00f3 que vayan a producirse conflictos entre X\u00f3chitl G\u00e1lvez y Santiago Creel, si es que alguno es elegido para encabezar la candidatura presidencial del <em>Frente Amplio por M\u00e9xico<\/em>, por lo cual llam\u00f3 a cerrar filas para arrebatarle el poder a Morena.<\/strong><\/span><\/p>\n<p>&nbsp;<\/p>\n<blockquote>\n<p class=\"p4\"><span style=\"font-size: 14pt;\">Despreoc\u00fapense de que haya un conflicto entre panistas, va a haber unidad, en un gran cierre de filas. Para ganar la Presidencia el pr\u00f3ximo a\u00f1o\u201d<\/span><\/p>\n<\/blockquote>\n<p>&nbsp;<\/p>\n<p class=\"p4\"><span style=\"font-size: 14pt;\">Finalmente, Cort\u00e9s Mendoza aprovech\u00f3 para pedir a los legisladores panistas que promociones el proceso de selecci\u00f3n del <em>Frente Amplio por M\u00e9xico<\/em>, porque s\u00f3lo as\u00ed tendr\u00e1n oportunidad de ganar en la elecci\u00f3n del 2024.<\/span><\/p>\n<p>&nbsp;<\/p>\n<p>&nbsp;<\/p>\n","protected":false},"excerpt":{"rendered":"<p>&nbsp; CIUDAD DE M\u00c9XICO. El presidente nacional del PAN, Marko Cort\u00e9s, se\u00f1al\u00f3 que el partido buscar\u00e1 que Movimiento Ciudadano (MC) [&hellip;]<\/p>\n","protected":false},"author":4,"featured_media":23187,"comment_status":"closed","ping_status":"closed","sticky":false,"template":"","format":"standard","meta":{"site-sidebar-layout":"default","site-content-layout":"","ast-site-content-layout":"default","site-content-style":"default","site-sidebar-style":"default","ast-global-header-display":"","ast-banner-title-visibility":"","ast-main-header-display":"","ast-hfb-above-header-display":"","ast-hfb-below-header-display":"","ast-hfb-mobile-header-display":"","site-post-title":"","ast-breadcrumbs-content":"","ast-featured-img":"","footer-sml-layout":"","ast-disable-related-posts":"","theme-transparent-header-meta":"","adv-header-id-meta":"","stick-header-meta":"","header-above-stick-meta":"","header-main-stick-meta":"","header-below-stick-meta":"","astra-migrate-meta-layouts":"default","ast-page-background-enabled":"default","ast-page-background-meta":{"desktop":{"background-color":"var(--ast-global-color-5)","background-image":"","background-repeat":"repeat","background-position":"center center","background-size":"auto","background-attachment":"scroll","background-type":"","background-media":"","overlay-type":"","overlay-color":"","overlay-opacity":"","overlay-gradient":""},"tablet":{"background-color":"","background-image":"","background-repeat":"repeat","background-position":"center center","background-size":"auto","background-attachment":"scroll","background-type":"","background-media":"","overlay-type":"","overlay-color":"","overlay-opacity":"","overlay-gradient":""},"mobile":{"background-color":"","background-image":"","background-repeat":"repeat","background-position":"center center","background-size":"auto","background-attachment":"scroll","background-type":"","background-media":"","overlay-type":"","overlay-color":"","overlay-opacity":"","overlay-gradient":""}},"ast-content-background-meta":{"desktop":{"background-color":"var(--ast-global-color-4)","background-image":"","background-repeat":"repeat","background-position":"center center","background-size":"auto","background-attachment":"scroll","background-type":"","background-media":"","overlay-type":"","overlay-color":"","overlay-opacity":"","overlay-gradient":""},"tablet":{"background-color":"var(--ast-global-color-4)","background-image":"","background-repeat":"repeat","background-position":"center center","background-size":"auto","background-attachment":"scroll","background-type":"","background-media":"","overlay-type":"","overlay-color":"","overlay-opacity":"","overlay-gradient":""},"mobile":{"background-color":"var(--ast-global-color-4)","background-image":"","background-repeat":"repeat","background-position":"center center","background-size":"auto","background-attachment":"scroll","background-type":"","background-media":"","overlay-type":"","overlay-color":"","overlay-opacity":"","overlay-gradient":""}},"_jetpack_newsletter_access":"","_jetpack_dont_email_post_to_subs":false,"_jetpack_newsletter_tier_id":0,"_jetpack_memberships_contains_paywalled_content":false,"_jetpack_feature_clip_id":0,"_jetpack_memberships_contains_paid_content":false,"footnotes":"","jetpack_publicize_message":"","jetpack_publicize_feature_enabled":true,"jetpack_social_post_already_shared":false,"jetpack_social_options":{"image_generator_settings":{"template":"highway","default_image_id":0,"font":"","enabled":false},"version":2},"jetpack_post_was_ever_published":false},"categories":[33],"tags":[2951,930,314,103],"class_list":["post-23186","post","type-post","status-publish","format-standard","has-post-thumbnail","hentry","category-nacional","tag-frente-amplio-por-mexico","tag-marko-cortes","tag-movimiento-ciudadano","tag-pan"],"yoast_head":"<!-- This site is optimized with the Yoast SEO plugin v28.3 - https:\/\/yoast.com\/product\/yoast-seo-wordpress\/ -->\n<title>Insiste Marko Cortes a Movimiento Ciudadano unirse al Frente - Pol\u00edticos al Desnudo<\/title>\n<meta name=\"robots\" content=\"index, follow, max-snippet:-1, max-image-preview:large, max-video-preview:-1\" \/>\n<link rel=\"canonical\" href=\"https:\/\/politicosaldesnudo.com.mx\/index.php\/2023\/08\/17\/insiste-marko-cortes-a-movimiento-ciudadano-unirse-al-frente\/\" \/>\n<meta property=\"og:locale\" content=\"es_ES\" \/>\n<meta property=\"og:type\" content=\"article\" \/>\n<meta property=\"og:title\" content=\"Insiste Marko Cortes a Movimiento Ciudadano unirse al Frente - Pol\u00edticos al Desnudo\" \/>\n<meta property=\"og:description\" content=\"&nbsp; CIUDAD DE M\u00c9XICO. El presidente nacional del PAN, Marko Cort\u00e9s, se\u00f1al\u00f3 que el partido buscar\u00e1 que Movimiento Ciudadano (MC) [&hellip;]\" \/>\n<meta property=\"og:url\" content=\"https:\/\/politicosaldesnudo.com.mx\/index.php\/2023\/08\/17\/insiste-marko-cortes-a-movimiento-ciudadano-unirse-al-frente\/\" \/>\n<meta property=\"og:site_name\" content=\"Pol\u00edticos al Desnudo\" \/>\n<meta property=\"article:publisher\" content=\"https:\/\/www.facebook.com\/PoliticosAD\" \/>\n<meta property=\"article:published_time\" content=\"2023-08-17T13:43:46+00:00\" \/>\n<meta property=\"article:modified_time\" content=\"2023-08-17T13:52:09+00:00\" \/>\n<meta property=\"og:image\" content=\"https:\/\/i0.wp.com\/politicosaldesnudo.com.mx\/wp-content\/uploads\/2023\/08\/P-MARKO-CORTES.png?fit=1816%2C1016&ssl=1\" \/>\n\t<meta property=\"og:image:width\" content=\"1816\" \/>\n\t<meta property=\"og:image:height\" content=\"1016\" \/>\n\t<meta property=\"og:image:type\" content=\"image\/png\" \/>\n<meta name=\"author\" content=\"Redacci\u00f3n Pol\u00edticos\" \/>\n<meta name=\"twitter:card\" content=\"summary_large_image\" \/>\n<meta name=\"twitter:label1\" content=\"Escrito por\" \/>\n\t<meta name=\"twitter:data1\" content=\"Redacci\u00f3n Pol\u00edticos\" \/>\n\t<meta name=\"twitter:label2\" content=\"Tiempo de lectura\" \/>\n\t<meta name=\"twitter:data2\" content=\"1 minuto\" \/>\n<script type=\"application\/ld+json\" class=\"yoast-schema-graph\">{\"@context\":\"https:\\\/\\\/schema.org\",\"@graph\":[{\"@type\":\"Article\",\"@id\":\"https:\\\/\\\/politicosaldesnudo.com.mx\\\/index.php\\\/2023\\\/08\\\/17\\\/insiste-marko-cortes-a-movimiento-ciudadano-unirse-al-frente\\\/#article\",\"isPartOf\":{\"@id\":\"https:\\\/\\\/politicosaldesnudo.com.mx\\\/index.php\\\/2023\\\/08\\\/17\\\/insiste-marko-cortes-a-movimiento-ciudadano-unirse-al-frente\\\/\"},\"author\":{\"name\":\"Redacci\u00f3n Pol\u00edticos\",\"@id\":\"https:\\\/\\\/politicosaldesnudo.com.mx\\\/#\\\/schema\\\/person\\\/ef3a64e561cc3f3f5dc52fab81adde7e\"},\"headline\":\"Insiste Marko Cortes a Movimiento Ciudadano unirse al Frente\",\"datePublished\":\"2023-08-17T13:43:46+00:00\",\"dateModified\":\"2023-08-17T13:52:09+00:00\",\"mainEntityOfPage\":{\"@id\":\"https:\\\/\\\/politicosaldesnudo.com.mx\\\/index.php\\\/2023\\\/08\\\/17\\\/insiste-marko-cortes-a-movimiento-ciudadano-unirse-al-frente\\\/\"},\"wordCount\":300,\"publisher\":{\"@id\":\"https:\\\/\\\/politicosaldesnudo.com.mx\\\/#organization\"},\"image\":{\"@id\":\"https:\\\/\\\/politicosaldesnudo.com.mx\\\/index.php\\\/2023\\\/08\\\/17\\\/insiste-marko-cortes-a-movimiento-ciudadano-unirse-al-frente\\\/#primaryimage\"},\"thumbnailUrl\":\"https:\\\/\\\/i0.wp.com\\\/politicosaldesnudo.com.mx\\\/wp-content\\\/uploads\\\/2023\\\/08\\\/P-MARKO-CORTES.png?fit=1816%2C1016&ssl=1\",\"keywords\":[\"FRENTE AMPLIO POR M\u00c9XICO\",\"MARKO CORT\u00c9S\",\"MOVIMIENTO CIUDADANO\",\"PAN\"],\"articleSection\":[\"NACIONAL\"],\"inLanguage\":\"es\"},{\"@type\":\"WebPage\",\"@id\":\"https:\\\/\\\/politicosaldesnudo.com.mx\\\/index.php\\\/2023\\\/08\\\/17\\\/insiste-marko-cortes-a-movimiento-ciudadano-unirse-al-frente\\\/\",\"url\":\"https:\\\/\\\/politicosaldesnudo.com.mx\\\/index.php\\\/2023\\\/08\\\/17\\\/insiste-marko-cortes-a-movimiento-ciudadano-unirse-al-frente\\\/\",\"name\":\"Insiste Marko Cortes a Movimiento Ciudadano unirse al Frente - Pol\u00edticos al Desnudo\",\"isPartOf\":{\"@id\":\"https:\\\/\\\/politicosaldesnudo.com.mx\\\/#website\"},\"primaryImageOfPage\":{\"@id\":\"https:\\\/\\\/politicosaldesnudo.com.mx\\\/index.php\\\/2023\\\/08\\\/17\\\/insiste-marko-cortes-a-movimiento-ciudadano-unirse-al-frente\\\/#primaryimage\"},\"image\":{\"@id\":\"https:\\\/\\\/politicosaldesnudo.com.mx\\\/index.php\\\/2023\\\/08\\\/17\\\/insiste-marko-cortes-a-movimiento-ciudadano-unirse-al-frente\\\/#primaryimage\"},\"thumbnailUrl\":\"https:\\\/\\\/i0.wp.com\\\/politicosaldesnudo.com.mx\\\/wp-content\\\/uploads\\\/2023\\\/08\\\/P-MARKO-CORTES.png?fit=1816%2C1016&ssl=1\",\"datePublished\":\"2023-08-17T13:43:46+00:00\",\"dateModified\":\"2023-08-17T13:52:09+00:00\",\"breadcrumb\":{\"@id\":\"https:\\\/\\\/politicosaldesnudo.com.mx\\\/index.php\\\/2023\\\/08\\\/17\\\/insiste-marko-cortes-a-movimiento-ciudadano-unirse-al-frente\\\/#breadcrumb\"},\"inLanguage\":\"es\",\"potentialAction\":[{\"@type\":\"ReadAction\",\"target\":[\"https:\\\/\\\/politicosaldesnudo.com.mx\\\/index.php\\\/2023\\\/08\\\/17\\\/insiste-marko-cortes-a-movimiento-ciudadano-unirse-al-frente\\\/\"]}]},{\"@type\":\"ImageObject\",\"inLanguage\":\"es\",\"@id\":\"https:\\\/\\\/politicosaldesnudo.com.mx\\\/index.php\\\/2023\\\/08\\\/17\\\/insiste-marko-cortes-a-movimiento-ciudadano-unirse-al-frente\\\/#primaryimage\",\"url\":\"https:\\\/\\\/i0.wp.com\\\/politicosaldesnudo.com.mx\\\/wp-content\\\/uploads\\\/2023\\\/08\\\/P-MARKO-CORTES.png?fit=1816%2C1016&ssl=1\",\"contentUrl\":\"https:\\\/\\\/i0.wp.com\\\/politicosaldesnudo.com.mx\\\/wp-content\\\/uploads\\\/2023\\\/08\\\/P-MARKO-CORTES.png?fit=1816%2C1016&ssl=1\",\"width\":1816,\"height\":1016},{\"@type\":\"BreadcrumbList\",\"@id\":\"https:\\\/\\\/politicosaldesnudo.com.mx\\\/index.php\\\/2023\\\/08\\\/17\\\/insiste-marko-cortes-a-movimiento-ciudadano-unirse-al-frente\\\/#breadcrumb\",\"itemListElement\":[{\"@type\":\"ListItem\",\"position\":1,\"name\":\"Portada\",\"item\":\"https:\\\/\\\/politicosaldesnudo.com.mx\\\/\"},{\"@type\":\"ListItem\",\"position\":2,\"name\":\"Insiste Marko Cortes a Movimiento Ciudadano unirse al Frente\"}]},{\"@type\":\"WebSite\",\"@id\":\"https:\\\/\\\/politicosaldesnudo.com.mx\\\/#website\",\"url\":\"https:\\\/\\\/politicosaldesnudo.com.mx\\\/\",\"name\":\"Pol\u00edticos al Desnudo\",\"description\":\"\",\"publisher\":{\"@id\":\"https:\\\/\\\/politicosaldesnudo.com.mx\\\/#organization\"},\"potentialAction\":[{\"@type\":\"SearchAction\",\"target\":{\"@type\":\"EntryPoint\",\"urlTemplate\":\"https:\\\/\\\/politicosaldesnudo.com.mx\\\/?s={search_term_string}\"},\"query-input\":{\"@type\":\"PropertyValueSpecification\",\"valueRequired\":true,\"valueName\":\"search_term_string\"}}],\"inLanguage\":\"es\"},{\"@type\":\"Organization\",\"@id\":\"https:\\\/\\\/politicosaldesnudo.com.mx\\\/#organization\",\"name\":\"Pol\u00edticos al Desnudo\",\"url\":\"https:\\\/\\\/politicosaldesnudo.com.mx\\\/\",\"logo\":{\"@type\":\"ImageObject\",\"inLanguage\":\"es\",\"@id\":\"https:\\\/\\\/politicosaldesnudo.com.mx\\\/#\\\/schema\\\/logo\\\/image\\\/\",\"url\":\"https:\\\/\\\/i0.wp.com\\\/politicosaldesnudo.com.mx\\\/wp-content\\\/uploads\\\/2026\\\/08\\\/cropped-logo.webp?fit=400%2C126&ssl=1\",\"contentUrl\":\"https:\\\/\\\/i0.wp.com\\\/politicosaldesnudo.com.mx\\\/wp-content\\\/uploads\\\/2026\\\/08\\\/cropped-logo.webp?fit=400%2C126&ssl=1\",\"width\":400,\"height\":126,\"caption\":\"Pol\u00edticos al Desnudo\"},\"image\":{\"@id\":\"https:\\\/\\\/politicosaldesnudo.com.mx\\\/#\\\/schema\\\/logo\\\/image\\\/\"},\"sameAs\":[\"https:\\\/\\\/www.facebook.com\\\/PoliticosAD\"]},{\"@type\":\"Person\",\"@id\":\"https:\\\/\\\/politicosaldesnudo.com.mx\\\/#\\\/schema\\\/person\\\/ef3a64e561cc3f3f5dc52fab81adde7e\",\"name\":\"Redacci\u00f3n Pol\u00edticos\",\"url\":\"https:\\\/\\\/politicosaldesnudo.com.mx\\\/index.php\\\/author\\\/redaccion-politicos\\\/\"}]}<\/script>\n<!-- \/ Yoast SEO plugin. -->","yoast_head_json":{"title":"Insiste Marko Cortes a Movimiento Ciudadano unirse al Frente - Pol\u00edticos al Desnudo","robots":{"index":"index","follow":"follow","max-snippet":"max-snippet:-1","max-image-preview":"max-image-preview:large","max-video-preview":"max-video-preview:-1"},"canonical":"https:\/\/politicosaldesnudo.com.mx\/index.php\/2023\/08\/17\/insiste-marko-cortes-a-movimiento-ciudadano-unirse-al-frente\/","og_locale":"es_ES","og_type":"article","og_title":"Insiste Marko Cortes a Movimiento Ciudadano unirse al Frente - Pol\u00edticos al Desnudo","og_description":"&nbsp; CIUDAD DE M\u00c9XICO. El presidente nacional del PAN, Marko Cort\u00e9s, se\u00f1al\u00f3 que el partido buscar\u00e1 que Movimiento Ciudadano (MC) [&hellip;]","og_url":"https:\/\/politicosaldesnudo.com.mx\/index.php\/2023\/08\/17\/insiste-marko-cortes-a-movimiento-ciudadano-unirse-al-frente\/","og_site_name":"Pol\u00edticos al Desnudo","article_publisher":"https:\/\/www.facebook.com\/PoliticosAD","article_published_time":"2023-08-17T13:43:46+00:00","article_modified_time":"2023-08-17T13:52:09+00:00","og_image":[{"width":1816,"height":1016,"url":"https:\/\/i0.wp.com\/politicosaldesnudo.com.mx\/wp-content\/uploads\/2023\/08\/P-MARKO-CORTES.png?fit=1816%2C1016&ssl=1","type":"image\/png"}],"author":"Redacci\u00f3n Pol\u00edticos","twitter_card":"summary_large_image","twitter_misc":{"Escrito por":"Redacci\u00f3n Pol\u00edticos","Tiempo de lectura":"1 minuto"},"schema":{"@context":"https:\/\/schema.org","@graph":[{"@type":"Article","@id":"https:\/\/politicosaldesnudo.com.mx\/index.php\/2023\/08\/17\/insiste-marko-cortes-a-movimiento-ciudadano-unirse-al-frente\/#article","isPartOf":{"@id":"https:\/\/politicosaldesnudo.com.mx\/index.php\/2023\/08\/17\/insiste-marko-cortes-a-movimiento-ciudadano-unirse-al-frente\/"},"author":{"name":"Redacci\u00f3n Pol\u00edticos","@id":"https:\/\/politicosaldesnudo.com.mx\/#\/schema\/person\/ef3a64e561cc3f3f5dc52fab81adde7e"},"headline":"Insiste Marko Cortes a Movimiento Ciudadano unirse al Frente","datePublished":"2023-08-17T13:43:46+00:00","dateModified":"2023-08-17T13:52:09+00:00","mainEntityOfPage":{"@id":"https:\/\/politicosaldesnudo.com.mx\/index.php\/2023\/08\/17\/insiste-marko-cortes-a-movimiento-ciudadano-unirse-al-frente\/"},"wordCount":300,"publisher":{"@id":"https:\/\/politicosaldesnudo.com.mx\/#organization"},"image":{"@id":"https:\/\/politicosaldesnudo.com.mx\/index.php\/2023\/08\/17\/insiste-marko-cortes-a-movimiento-ciudadano-unirse-al-frente\/#primaryimage"},"thumbnailUrl":"https:\/\/i0.wp.com\/politicosaldesnudo.com.mx\/wp-content\/uploads\/2023\/08\/P-MARKO-CORTES.png?fit=1816%2C1016&ssl=1","keywords":["FRENTE AMPLIO POR M\u00c9XICO","MARKO CORT\u00c9S","MOVIMIENTO CIUDADANO","PAN"],"articleSection":["NACIONAL"],"inLanguage":"es"},{"@type":"WebPage","@id":"https:\/\/politicosaldesnudo.com.mx\/index.php\/2023\/08\/17\/insiste-marko-cortes-a-movimiento-ciudadano-unirse-al-frente\/","url":"https:\/\/politicosaldesnudo.com.mx\/index.php\/2023\/08\/17\/insiste-marko-cortes-a-movimiento-ciudadano-unirse-al-frente\/","name":"Insiste Marko Cortes a Movimiento Ciudadano unirse al Frente - Pol\u00edticos al Desnudo","isPartOf":{"@id":"https:\/\/politicosaldesnudo.com.mx\/#website"},"primaryImageOfPage":{"@id":"https:\/\/politicosaldesnudo.com.mx\/index.php\/2023\/08\/17\/insiste-marko-cortes-a-movimiento-ciudadano-unirse-al-frente\/#primaryimage"},"image":{"@id":"https:\/\/politicosaldesnudo.com.mx\/index.php\/2023\/08\/17\/insiste-marko-cortes-a-movimiento-ciudadano-unirse-al-frente\/#primaryimage"},"thumbnailUrl":"https:\/\/i0.wp.com\/politicosaldesnudo.com.mx\/wp-content\/uploads\/2023\/08\/P-MARKO-CORTES.png?fit=1816%2C1016&ssl=1","datePublished":"2023-08-17T13:43:46+00:00","dateModified":"2023-08-17T13:52:09+00:00","breadcrumb":{"@id":"https:\/\/politicosaldesnudo.com.mx\/index.php\/2023\/08\/17\/insiste-marko-cortes-a-movimiento-ciudadano-unirse-al-frente\/#breadcrumb"},"inLanguage":"es","potentialAction":[{"@type":"ReadAction","target":["https:\/\/politicosaldesnudo.com.mx\/index.php\/2023\/08\/17\/insiste-marko-cortes-a-movimiento-ciudadano-unirse-al-frente\/"]}]},{"@type":"ImageObject","inLanguage":"es","@id":"https:\/\/politicosaldesnudo.com.mx\/index.php\/2023\/08\/17\/insiste-marko-cortes-a-movimiento-ciudadano-unirse-al-frente\/#primaryimage","url":"https:\/\/i0.wp.com\/politicosaldesnudo.com.mx\/wp-content\/uploads\/2023\/08\/P-MARKO-CORTES.png?fit=1816%2C1016&ssl=1","contentUrl":"https:\/\/i0.wp.com\/politicosaldesnudo.com.mx\/wp-content\/uploads\/2023\/08\/P-MARKO-CORTES.png?fit=1816%2C1016&ssl=1","width":1816,"height":1016},{"@type":"BreadcrumbList","@id":"https:\/\/politicosaldesnudo.com.mx\/index.php\/2023\/08\/17\/insiste-marko-cortes-a-movimiento-ciudadano-unirse-al-frente\/#breadcrumb","itemListElement":[{"@type":"ListItem","position":1,"name":"Portada","item":"https:\/\/politicosaldesnudo.com.mx\/"},{"@type":"ListItem","position":2,"name":"Insiste Marko Cortes a Movimiento Ciudadano unirse al Frente"}]},{"@type":"WebSite","@id":"https:\/\/politicosaldesnudo.com.mx\/#website","url":"https:\/\/politicosaldesnudo.com.mx\/","name":"Pol\u00edticos al Desnudo","description":"","publisher":{"@id":"https:\/\/politicosaldesnudo.com.mx\/#organization"},"potentialAction":[{"@type":"SearchAction","target":{"@type":"EntryPoint","urlTemplate":"https:\/\/politicosaldesnudo.com.mx\/?s={search_term_string}"},"query-input":{"@type":"PropertyValueSpecification","valueRequired":true,"valueName":"search_term_string"}}],"inLanguage":"es"},{"@type":"Organization","@id":"https:\/\/politicosaldesnudo.com.mx\/#organization","name":"Pol\u00edticos al Desnudo","url":"https:\/\/politicosaldesnudo.com.mx\/","logo":{"@type":"ImageObject","inLanguage":"es","@id":"https:\/\/politicosaldesnudo.com.mx\/#\/schema\/logo\/image\/","url":"https:\/\/i0.wp.com\/politicosaldesnudo.com.mx\/wp-content\/uploads\/2026\/08\/cropped-logo.webp?fit=400%2C126&ssl=1","contentUrl":"https:\/\/i0.wp.com\/politicosaldesnudo.com.mx\/wp-content\/uploads\/2026\/08\/cropped-logo.webp?fit=400%2C126&ssl=1","width":400,"height":126,"caption":"Pol\u00edticos al Desnudo"},"image":{"@id":"https:\/\/politicosaldesnudo.com.mx\/#\/schema\/logo\/image\/"},"sameAs":["https:\/\/www.facebook.com\/PoliticosAD"]},{"@type":"Person","@id":"https:\/\/politicosaldesnudo.com.mx\/#\/schema\/person\/ef3a64e561cc3f3f5dc52fab81adde7e","name":"Redacci\u00f3n Pol\u00edticos","url":"https:\/\/politicosaldesnudo.com.mx\/index.php\/author\/redaccion-politicos\/"}]}},"jetpack_publicize_connections":[],"jetpack-related-posts":[{"id":88214,"url":"https:\/\/politicosaldesnudo.com.mx\/index.php\/2026\/08\/31\/pepe-yunes-el-mil-chaquetas\/","url_meta":{"origin":23186,"position":0},"title":"Pepe Yunes: El mil chaquetas","author":"Redacci\u00f3n Pol\u00edticos","date":"31 de agosto de 2026","format":false,"excerpt":"PRIMICIAS Por Vicente Mart\u00ednez Pepe Yunes volvi\u00f3 a aparecer en la escena pol\u00edtica veracruzana y su presencia en la asamblea de Movimiento Ciudadano, realizada este domingo en el puerto, ya despert\u00f3 lecturas rumbo al 2030. Al priista le han puesto el mote de \u201cel mil chaquetas\u201d por su capacidad para\u2026","rel":"","context":"En \u00abOPINI\u00d3N\u00bb","block_context":{"text":"OPINI\u00d3N","link":"https:\/\/politicosaldesnudo.com.mx\/index.php\/category\/columnistas\/"},"img":{"alt_text":"","src":"https:\/\/i0.wp.com\/politicosaldesnudo.com.mx\/wp-content\/uploads\/2026\/08\/vicente-3108.png?fit=1200%2C658&ssl=1&resize=350%2C200","width":350,"height":200,"srcset":"https:\/\/i0.wp.com\/politicosaldesnudo.com.mx\/wp-content\/uploads\/2026\/08\/vicente-3108.png?fit=1200%2C658&ssl=1&resize=350%2C200 1x, https:\/\/i0.wp.com\/politicosaldesnudo.com.mx\/wp-content\/uploads\/2026\/08\/vicente-3108.png?fit=1200%2C658&ssl=1&resize=525%2C300 1.5x, https:\/\/i0.wp.com\/politicosaldesnudo.com.mx\/wp-content\/uploads\/2026\/08\/vicente-3108.png?fit=1200%2C658&ssl=1&resize=700%2C400 2x, https:\/\/i0.wp.com\/politicosaldesnudo.com.mx\/wp-content\/uploads\/2026\/08\/vicente-3108.png?fit=1200%2C658&ssl=1&resize=1050%2C600 3x"},"classes":[]},{"id":88247,"url":"https:\/\/politicosaldesnudo.com.mx\/index.php\/2026\/08\/31\/pepe-yunes-frena-rumores-de-ruptura-con-el-pri-y-se-ofrece-para-unir-a-la-oposicion-en-veracruz\/","url_meta":{"origin":23186,"position":1},"title":"Pepe Yunes frena rumores de ruptura con el PRI y se ofrece para unir a la oposici\u00f3n en Veracruz","author":"Redacci\u00f3n Pol\u00edticos","date":"31 de agosto de 2026","format":false,"excerpt":"Su aparici\u00f3n en un encuentro de Movimiento Ciudadano aliment\u00f3 las versiones sobre un posible cambio de partido. El excandidato a gobernador asegur\u00f3 que seguir\u00e1 en el tricolor, pero buscar\u00e1 construir un bloque amplio contra Morena rumbo a 2027. Xalapa, Ver.\u2014 Jos\u00e9 Francisco Yunes Zorrilla puso freno a las especulaciones sobre\u2026","rel":"","context":"En \u00abESTADOS\u00bb","block_context":{"text":"ESTADOS","link":"https:\/\/politicosaldesnudo.com.mx\/index.php\/category\/estados\/"},"img":{"alt_text":"","src":"https:\/\/i0.wp.com\/politicosaldesnudo.com.mx\/wp-content\/uploads\/2026\/08\/pepe-scaled.jpg?fit=1200%2C800&ssl=1&resize=350%2C200","width":350,"height":200,"srcset":"https:\/\/i0.wp.com\/politicosaldesnudo.com.mx\/wp-content\/uploads\/2026\/08\/pepe-scaled.jpg?fit=1200%2C800&ssl=1&resize=350%2C200 1x, https:\/\/i0.wp.com\/politicosaldesnudo.com.mx\/wp-content\/uploads\/2026\/08\/pepe-scaled.jpg?fit=1200%2C800&ssl=1&resize=525%2C300 1.5x, https:\/\/i0.wp.com\/politicosaldesnudo.com.mx\/wp-content\/uploads\/2026\/08\/pepe-scaled.jpg?fit=1200%2C800&ssl=1&resize=700%2C400 2x, https:\/\/i0.wp.com\/politicosaldesnudo.com.mx\/wp-content\/uploads\/2026\/08\/pepe-scaled.jpg?fit=1200%2C800&ssl=1&resize=1050%2C600 3x"},"classes":[]},{"id":88198,"url":"https:\/\/politicosaldesnudo.com.mx\/index.php\/2026\/08\/31\/mc-la-anoranza-de-dante-delgado-25-anos-despues\/","url_meta":{"origin":23186,"position":2},"title":"MC: la a\u00f1oranza de Dante Delgado 25 a\u00f1os despu\u00e9s","author":"Redacci\u00f3n Pol\u00edticos","date":"31 de agosto de 2026","format":false,"excerpt":"Astrolabio Pol\u00edtico Por: Luis Ram\u00edrez Baqueiro \u201cLa ambici\u00f3n es el \u00faltimo refugio del fracaso\u201d. \u2013 Oscar Wilde. Movimiento Ciudadano en su desesperaci\u00f3n parece haber descubierto en Veracruz una peculiar estrategia de crecimiento: antes que construir nuevos liderazgos, formar cuadros o presentar una oferta pol\u00edtica verdaderamente distinta, abre sus puertas \u2014o\u2026","rel":"","context":"En \u00abOPINI\u00d3N\u00bb","block_context":{"text":"OPINI\u00d3N","link":"https:\/\/politicosaldesnudo.com.mx\/index.php\/category\/columnistas\/"},"img":{"alt_text":"","src":"https:\/\/i0.wp.com\/politicosaldesnudo.com.mx\/wp-content\/uploads\/2026\/08\/COLUMNISTAS-PAD-6.png?fit=1200%2C658&ssl=1&resize=350%2C200","width":350,"height":200,"srcset":"https:\/\/i0.wp.com\/politicosaldesnudo.com.mx\/wp-content\/uploads\/2026\/08\/COLUMNISTAS-PAD-6.png?fit=1200%2C658&ssl=1&resize=350%2C200 1x, https:\/\/i0.wp.com\/politicosaldesnudo.com.mx\/wp-content\/uploads\/2026\/08\/COLUMNISTAS-PAD-6.png?fit=1200%2C658&ssl=1&resize=525%2C300 1.5x, https:\/\/i0.wp.com\/politicosaldesnudo.com.mx\/wp-content\/uploads\/2026\/08\/COLUMNISTAS-PAD-6.png?fit=1200%2C658&ssl=1&resize=700%2C400 2x, https:\/\/i0.wp.com\/politicosaldesnudo.com.mx\/wp-content\/uploads\/2026\/08\/COLUMNISTAS-PAD-6.png?fit=1200%2C658&ssl=1&resize=1050%2C600 3x"},"classes":[]},{"id":87479,"url":"https:\/\/politicosaldesnudo.com.mx\/index.php\/2026\/08\/03\/el-dilema-naranja-o-quien-por-mc\/","url_meta":{"origin":23186,"position":3},"title":"El dilema naranja o \u00bfqui\u00e9n por MC?","author":"Redacci\u00f3n Pol\u00edticos","date":"3 de agosto de 2026","format":false,"excerpt":"Astrolabio Pol\u00edtico Por: Luis Ram\u00edrez Baqueiro \u201cCon las palabras gobernamos a los hombres\u201d. \u2013 Benjamin Disraeli. A casi un a\u00f1o de que arranque formalmente la carrera por la sucesi\u00f3n gubernamental en Veracruz, una realidad comienza a imponerse sobre cualquier especulaci\u00f3n: Movimiento Ciudadano sigue siendo un actor con capacidad para alterar\u2026","rel":"","context":"En \u00abOPINI\u00d3N\u00bb","block_context":{"text":"OPINI\u00d3N","link":"https:\/\/politicosaldesnudo.com.mx\/index.php\/category\/columnistas\/"},"img":{"alt_text":"","src":"https:\/\/i0.wp.com\/politicosaldesnudo.com.mx\/wp-content\/uploads\/2026\/01\/BANNER-BAQUEIRO.jpg?fit=666%2C371&ssl=1&resize=350%2C200","width":350,"height":200,"srcset":"https:\/\/i0.wp.com\/politicosaldesnudo.com.mx\/wp-content\/uploads\/2026\/01\/BANNER-BAQUEIRO.jpg?fit=666%2C371&ssl=1&resize=350%2C200 1x, https:\/\/i0.wp.com\/politicosaldesnudo.com.mx\/wp-content\/uploads\/2026\/01\/BANNER-BAQUEIRO.jpg?fit=666%2C371&ssl=1&resize=525%2C300 1.5x"},"classes":[]},{"id":87930,"url":"https:\/\/politicosaldesnudo.com.mx\/index.php\/2026\/08\/21\/pan-busca-dejar-atras-la-influencia-de-los-yunes\/","url_meta":{"origin":23186,"position":4},"title":"PAN busca dejar atr\u00e1s la influencia de los Yunes","author":"Redacci\u00f3n Pol\u00edticos","date":"21 de agosto de 2026","format":false,"excerpt":"ALMA GRANDE POR \u00c1NGEL \u00c1LVARO PE\u00d1A La declaraci\u00f3n de Jorge Romero Herrera sobre Miguel \u00c1ngel Yunes Linares y Miguel \u00c1ngel Yunes M\u00e1rquez coloca nuevamente al PAN frente a una de las rupturas pol\u00edticas que m\u00e1s repercusi\u00f3n han tenido en Veracruz. El dirigente nacional asegur\u00f3 que los Yunes ya no tendr\u00e1n\u2026","rel":"","context":"En \u00abOPINI\u00d3N\u00bb","block_context":{"text":"OPINI\u00d3N","link":"https:\/\/politicosaldesnudo.com.mx\/index.php\/category\/columnistas\/"},"img":{"alt_text":"","src":"https:\/\/i0.wp.com\/politicosaldesnudo.com.mx\/wp-content\/uploads\/2026\/08\/ag-210826.png?fit=1200%2C659&ssl=1&resize=350%2C200","width":350,"height":200,"srcset":"https:\/\/i0.wp.com\/politicosaldesnudo.com.mx\/wp-content\/uploads\/2026\/08\/ag-210826.png?fit=1200%2C659&ssl=1&resize=350%2C200 1x, https:\/\/i0.wp.com\/politicosaldesnudo.com.mx\/wp-content\/uploads\/2026\/08\/ag-210826.png?fit=1200%2C659&ssl=1&resize=525%2C300 1.5x, https:\/\/i0.wp.com\/politicosaldesnudo.com.mx\/wp-content\/uploads\/2026\/08\/ag-210826.png?fit=1200%2C659&ssl=1&resize=700%2C400 2x, https:\/\/i0.wp.com\/politicosaldesnudo.com.mx\/wp-content\/uploads\/2026\/08\/ag-210826.png?fit=1200%2C659&ssl=1&resize=1050%2C600 3x"},"classes":[]},{"id":87950,"url":"https:\/\/politicosaldesnudo.com.mx\/index.php\/2026\/08\/21\/pan-abre-la-puerta-a-pactos-con-el-pri-en-veracruz-rumbo-a-2027\/","url_meta":{"origin":23186,"position":5},"title":"PAN abre la puerta a pactos con el PRI en Veracruz rumbo a 2027","author":"Redacci\u00f3n Pol\u00edticos","date":"21 de agosto de 2026","format":false,"excerpt":"La posibilidad de que el PAN y el PRI vuelvan a competir juntos en Veracruz no est\u00e1 completamente descartada. La dirigencia nacional de Acci\u00f3n Nacional evaluar\u00e1 cada distrito antes de decidir si establece acuerdos electorales para los comicios de 2027. Durante una visita a la entidad, el presidente nacional del\u2026","rel":"","context":"En \u00abESTADOS\u00bb","block_context":{"text":"ESTADOS","link":"https:\/\/politicosaldesnudo.com.mx\/index.php\/category\/estados\/"},"img":{"alt_text":"","src":"https:\/\/i0.wp.com\/politicosaldesnudo.com.mx\/wp-content\/uploads\/2026\/08\/pan-pri.png?fit=1200%2C675&ssl=1&resize=350%2C200","width":350,"height":200,"srcset":"https:\/\/i0.wp.com\/politicosaldesnudo.com.mx\/wp-content\/uploads\/2026\/08\/pan-pri.png?fit=1200%2C675&ssl=1&resize=350%2C200 1x, https:\/\/i0.wp.com\/politicosaldesnudo.com.mx\/wp-content\/uploads\/2026\/08\/pan-pri.png?fit=1200%2C675&ssl=1&resize=525%2C300 1.5x, https:\/\/i0.wp.com\/politicosaldesnudo.com.mx\/wp-content\/uploads\/2026\/08\/pan-pri.png?fit=1200%2C675&ssl=1&resize=700%2C400 2x, https:\/\/i0.wp.com\/politicosaldesnudo.com.mx\/wp-content\/uploads\/2026\/08\/pan-pri.png?fit=1200%2C675&ssl=1&resize=1050%2C600 3x"},"classes":[]}],"jetpack_sharing_enabled":true,"jetpack_featured_media_url":"https:\/\/i0.wp.com\/politicosaldesnudo.com.mx\/wp-content\/uploads\/2023\/08\/P-MARKO-CORTES.png?fit=1816%2C1016&ssl=1","_links":{"self":[{"href":"https:\/\/politicosaldesnudo.com.mx\/index.php\/wp-json\/wp\/v2\/posts\/23186","targetHints":{"allow":["GET"]}}],"collection":[{"href":"https:\/\/politicosaldesnudo.com.mx\/index.php\/wp-json\/wp\/v2\/posts"}],"about":[{"href":"https:\/\/politicosaldesnudo.com.mx\/index.php\/wp-json\/wp\/v2\/types\/post"}],"author":[{"embeddable":true,"href":"https:\/\/politicosaldesnudo.com.mx\/index.php\/wp-json\/wp\/v2\/users\/4"}],"replies":[{"embeddable":true,"href":"https:\/\/politicosaldesnudo.com.mx\/index.php\/wp-json\/wp\/v2\/comments?post=23186"}],"version-history":[{"count":0,"href":"https:\/\/politicosaldesnudo.com.mx\/index.php\/wp-json\/wp\/v2\/posts\/23186\/revisions"}],"wp:featuredmedia":[{"embeddable":true,"href":"https:\/\/politicosaldesnudo.com.mx\/index.php\/wp-json\/wp\/v2\/media\/23187"}],"wp:attachment":[{"href":"https:\/\/politicosaldesnudo.com.mx\/index.php\/wp-json\/wp\/v2\/media?parent=23186"}],"wp:term":[{"taxonomy":"category","embeddable":true,"href":"https:\/\/politicosaldesnudo.com.mx\/index.php\/wp-json\/wp\/v2\/categories?post=23186"},{"taxonomy":"post_tag","embeddable":true,"href":"https:\/\/politicosaldesnudo.com.mx\/index.php\/wp-json\/wp\/v2\/tags?post=23186"}],"curies":[{"name":"wp","href":"https:\/\/api.w.org\/{rel}","templated":true}]}}