{"id":23191,"date":"2023-08-17T17:43:40","date_gmt":"2023-08-17T22:43:40","guid":{"rendered":"https:\/\/politicosaldesnudo.com.mx\/?p=23191"},"modified":"2023-08-18T08:27:33","modified_gmt":"2023-08-18T13:27:33","slug":"gobierno-federal-ayuda-a-jovenes-desaparecidos-en-lagos-de-moreno","status":"publish","type":"post","link":"https:\/\/politicosaldesnudo.com.mx\/index.php\/2023\/08\/17\/gobierno-federal-ayuda-a-jovenes-desaparecidos-en-lagos-de-moreno\/","title":{"rendered":"Gobierno federal ayuda a caso de j\u00f3venes desaparecidos en Lagos de Moreno"},"content":{"rendered":"<p>&nbsp;<\/p>\n<p class=\"p1\"><span style=\"font-size: 14pt;\"><em><strong>CIUDAD DE M\u00c9XICO<\/strong><\/em>. El presidente <strong>Andr\u00e9s Manuel L\u00f3pez Obrador<\/strong> afirm\u00f3 que el <strong>Gobierno de M\u00e9xico ayuda en la investigaci\u00f3n del caso de los cinco j\u00f3venes desaparecidos en Lagos de Moreno, Jalisco.<\/strong><\/span><\/p>\n<p>&nbsp;<\/p>\n<blockquote>\n<p class=\"p1\"><span style=\"font-size: 14pt;\">\u201cEstamos nosotros ayudando en la investigaci\u00f3n. Hay un grupo de especialistas de la Secretar\u00eda de Seguridad, especialistas en secuestro, sobre todo, y en investigaci\u00f3n; est\u00e1n trabajando. (\u2026) Nosotros estamos ayudando, vamos a seguir ayudando\u201d<\/span><\/p>\n<\/blockquote>\n<p>&nbsp;<\/p>\n<p class=\"p1\"><span style=\"font-size: 18pt;\"><strong>Este se\u00f1alamiento lo hace el presidente L\u00f3pez Obrador al desmentir la manipulaci\u00f3n que realizaron ciertos medios conservadores sobre la ma\u00f1anera del mi\u00e9rcoles, en donde se\u00f1alaron que el mandatario \u201cno quiso hablar\u201d sobre la desaparici\u00f3n de los 5 j\u00f3venes de Lagos de Moreno.<\/strong><\/span><\/p>\n<p>&nbsp;<\/p>\n<blockquote>\n<p class=\"p1\"><span style=\"font-size: 14pt;\">\u00a0Ellos son capaces de todo, yo no, no somos iguales. Yo tengo principios, tengo ideales, soy un hombre de sentimientos, no me puedo burlar del dolor, de la desgracia de los dem\u00e1s, nunca lo he hecho, por eso quer\u00eda iniciar esta conferencia de esta forma\u201d<\/span><\/p>\n<\/blockquote>\n<p>&nbsp;<\/p>\n<blockquote>\n<p class=\"p1\"><span style=\"font-size: 14pt;\">\u00bfUstedes creen que s\u00ed yo escucho que me est\u00e1n preguntando sobre eso no les contesto? Pero \u00bfqu\u00e9 escuch\u00e9? Nada, por eso me acord\u00e9 de ese chiste, que era puro grito y no escucho, entonces lo interpretan como que no quise yo responder y que adem\u00e1s me burl\u00e9; son unos perversos\u201d<\/span><\/p>\n<\/blockquote>\n<p>&nbsp;<\/p>\n<p class=\"p1\"><span style=\"font-size: 18pt;\"><strong>Andr\u00e9s Manuel L\u00f3pez Obrador asegur\u00f3 que no tiene porque ofrecer disculpas porque ayer no escuch\u00f3 que le preguntaron sobre los cinco j\u00f3venes en Lagos de Moreno, Jalisco.<\/strong><\/span><\/p>\n<p>&nbsp;<\/p>\n<p><img data-recalc-dims=\"1\" loading=\"lazy\" decoding=\"async\" class=\"aligncenter wp-image-23192 size-full\" src=\"https:\/\/i0.wp.com\/politicosaldesnudo.com.mx\/wp-content\/uploads\/2023\/08\/MX-NOTICIAS-LAGOS-2.png?resize=680%2C553&#038;ssl=1\" alt=\"\" width=\"680\" height=\"553\" srcset=\"https:\/\/i0.wp.com\/politicosaldesnudo.com.mx\/wp-content\/uploads\/2023\/08\/MX-NOTICIAS-LAGOS-2.png?w=680&amp;ssl=1 680w, https:\/\/i0.wp.com\/politicosaldesnudo.com.mx\/wp-content\/uploads\/2023\/08\/MX-NOTICIAS-LAGOS-2.png?resize=300%2C244&amp;ssl=1 300w\" sizes=\"auto, (max-width: 680px) 100vw, 680px\" \/><\/p>\n<p>&nbsp;<\/p>\n<p class=\"p1\"><span style=\"font-size: 18pt;\"><strong>Aunque dijo el presidente L\u00f3pez Obrador que la Fiscal\u00eda de Jalisco lleva a cabo las indagatorias, ser\u00e1 la Fiscal\u00eda General de la Rep\u00fablica (FGR) la que decidir\u00e1 si atrae el caso, como lo solicita el gobernador Enrique Alfaro Ram\u00edrez.\u00a0<\/strong><\/span><\/p>\n<p>&nbsp;<\/p>\n<blockquote>\n<p class=\"p1\"><span style=\"font-size: 14pt;\">Est\u00e1n haciendo su trabajo; es muy lamentable, muy triste esto que est\u00e1 sucediendo. Hay varias hip\u00f3tesis, pero hay que esperar, no adelantarnos. Vamos a que se avance m\u00e1s en la investigaci\u00f3n y s\u00ed hay algunos avances, pero vamos a esperar\u201d<\/span><\/p>\n<\/blockquote>\n<p class=\"p1\"><span style=\"font-size: 14pt;\">Al momento se realizan todos los an\u00e1lisis correspondientes y siguen las l\u00edneas de investigaci\u00f3n.<\/span><\/p>\n<p class=\"p1\"><span style=\"font-size: 14pt;\">Andr\u00e9s Manuel L\u00f3pez Obrador reiter\u00f3 la confianza del pueblo de M\u00e9xico. Sostuvo que \u201csaben que nosotros no somos perversos, no somos como ellos, por eso no pasar\u00e1n, (\u2026) pueden inventar lo que sea y no pasan porque tenemos un pueblo muy consciente\u201d.\u00a0<\/span><\/p>\n<blockquote>\n<p class=\"p1\"><span style=\"font-size: 14pt;\">Qu\u00e9 bueno que tenemos este medio, estas ma\u00f1aneras para poder aclarar, porque si no imag\u00ednense con toda la lanzada en televisi\u00f3n, en radio, en los peri\u00f3dicos, ocho columnas en Reforma, \u00bfc\u00f3mo aclaramos? No tendr\u00edamos posibilidad de hacerlo\u201d<\/span><\/p>\n<\/blockquote>\n<p>&nbsp;<\/p>\n<p>&nbsp;<\/p>\n<p>&nbsp;<\/p>\n","protected":false},"excerpt":{"rendered":"<p>&nbsp; CIUDAD DE M\u00c9XICO. El presidente Andr\u00e9s Manuel L\u00f3pez Obrador afirm\u00f3 que el Gobierno de M\u00e9xico ayuda en la investigaci\u00f3n<\/p>\n","protected":false},"author":4,"featured_media":23196,"comment_status":"closed","ping_status":"closed","sticky":false,"template":"","format":"standard","meta":{"colormag_page_container_layout":"default_layout","colormag_page_sidebar_layout":"default_layout","_jetpack_memberships_contains_paid_content":false,"footnotes":"","jetpack_publicize_message":"","jetpack_publicize_feature_enabled":true,"jetpack_social_post_already_shared":false,"jetpack_social_options":{"image_generator_settings":{"template":"highway","default_image_id":0,"font":"","enabled":false},"version":2}},"categories":[33],"tags":[95,985,3084],"class_list":["post-23191","post","type-post","status-publish","format-standard","has-post-thumbnail","hentry","category-nacional","tag-andres-manuel-lopez-obrador","tag-fgr","tag-joves-en-lagos-de-moreno"],"jetpack_publicize_connections":[],"jetpack_featured_media_url":"https:\/\/i0.wp.com\/politicosaldesnudo.com.mx\/wp-content\/uploads\/2023\/08\/P-JOVENES-LAGO-DE-MORENO.png?fit=1816%2C1016&ssl=1","jetpack-related-posts":[],"jetpack_sharing_enabled":true,"_links":{"self":[{"href":"https:\/\/politicosaldesnudo.com.mx\/index.php\/wp-json\/wp\/v2\/posts\/23191","targetHints":{"allow":["GET"]}}],"collection":[{"href":"https:\/\/politicosaldesnudo.com.mx\/index.php\/wp-json\/wp\/v2\/posts"}],"about":[{"href":"https:\/\/politicosaldesnudo.com.mx\/index.php\/wp-json\/wp\/v2\/types\/post"}],"author":[{"embeddable":true,"href":"https:\/\/politicosaldesnudo.com.mx\/index.php\/wp-json\/wp\/v2\/users\/4"}],"replies":[{"embeddable":true,"href":"https:\/\/politicosaldesnudo.com.mx\/index.php\/wp-json\/wp\/v2\/comments?post=23191"}],"version-history":[{"count":0,"href":"https:\/\/politicosaldesnudo.com.mx\/index.php\/wp-json\/wp\/v2\/posts\/23191\/revisions"}],"wp:featuredmedia":[{"embeddable":true,"href":"https:\/\/politicosaldesnudo.com.mx\/index.php\/wp-json\/wp\/v2\/media\/23196"}],"wp:attachment":[{"href":"https:\/\/politicosaldesnudo.com.mx\/index.php\/wp-json\/wp\/v2\/media?parent=23191"}],"wp:term":[{"taxonomy":"category","embeddable":true,"href":"https:\/\/politicosaldesnudo.com.mx\/index.php\/wp-json\/wp\/v2\/categories?post=23191"},{"taxonomy":"post_tag","embeddable":true,"href":"https:\/\/politicosaldesnudo.com.mx\/index.php\/wp-json\/wp\/v2\/tags?post=23191"}],"curies":[{"name":"wp","href":"https:\/\/api.w.org\/{rel}","templated":true}]}}