{"id":23197,"date":"2023-08-18T07:58:33","date_gmt":"2023-08-18T12:58:33","guid":{"rendered":"https:\/\/politicosaldesnudo.com.mx\/?p=23197"},"modified":"2023-08-21T02:17:07","modified_gmt":"2023-08-21T07:17:07","slug":"una-alfombra-llamada-carlos","status":"publish","type":"post","link":"https:\/\/politicosaldesnudo.com.mx\/index.php\/2023\/08\/18\/una-alfombra-llamada-carlos\/","title":{"rendered":"Una alfombra llamada Carlos"},"content":{"rendered":"<p>&nbsp;<\/p>\n<p class=\"p1\"><span style=\"font-size: 18pt;\"><b>Por \u00c1ngel \u00c1lvaro Pe\u00f1a<\/b><\/span><\/p>\n<p class=\"p1\"><span style=\"font-size: 14pt;\">Tan grave es la lisonja gratuita y exagerada como la acusaci\u00f3n falsa y sin fundamentos, sobre todo cuando provienen de los comunicadores y se dirigen a una autoridad Hay periodistas que no conocen los l\u00edmites de su oficio, que, como toda funci\u00f3n social, tiene normas.<\/span><\/p>\n<p class=\"p1\"><span style=\"font-size: 14pt;\">Cuando el Presidente de la Rep\u00fablica se\u00f1ala \u201cNo somos iguales\u201d, hay quienes aseguran que puede caber la posibilidad de hacer ahora lo mismo que en otros sexenios, como mostrar servilismo y sumisi\u00f3n ante quien debe obedecer a los mexicanos. La libertad de expresi\u00f3n es parte fundamental de la democracia, pero cuando se abusa de un oficio con la responsabilidad hist\u00f3rica como el periodismo, se atenta contra la democracia.<\/span><\/p>\n<p class=\"p1\"><span style=\"font-size: 14pt;\">Desde la llegada de las actuales autoridades del pa\u00eds se cuestion\u00f3 la alabanza que cultivaba el culto a la personalidad. Se practicaba diariamente, pero no de manera tan desproporcionada como la ma\u00f1ana del mi\u00e9rcoles 16 de agosto, cuando el comunicador Carlos Pozos, mejor conocido como Lord Mol\u00e9cula se tir\u00f3 al piso para definir a Andr\u00e9s Manuel L\u00f3pez Obrador, rompiendo todos los r\u00e9cords de elogios que parec\u00edan piropos de un enamorado, falt\u00e1ndole al respeto al Jefe del Ejecutivo y a los compa\u00f1eros periodistas, que pueden coincidir con \u00e9l en algunos aspectos o ser radicalmente diferentes, y es en esa diferencia donde el reportero patin\u00f3 hasta formar parte de los muchos rid\u00edculos que han hecho a veces involuntariamente los compa\u00f1eros de la fuente.<\/span><\/p>\n<p class=\"p1\"><span style=\"font-size: 18pt;\"><strong>Decir, cara a cara, que el Presidente es un gigante, compararlo, frente a frente, con Ju\u00e1rez e Hidalgo, es un insulto a la figura presidencial. Por muy digna que sea la similitud, no deja de parecerse a los poemas elogiosos de los siervos a los tiranos en la antigua Roma, antes de iniciar el circo donde el monarca decid\u00eda quienes deb\u00edan morir.<\/strong><\/span><\/p>\n<p class=\"p1\"><span style=\"font-size: 14pt;\">Carlos Pozos insult\u00f3 a todos, incluso a los posibles sucesores de L\u00f3pez Obrador, porque se atrevi\u00f3 a decir que \u00e9ste dejar\u00e1 unos zapatos muy grandes a quien contin\u00fae en la Presidencia de la Rep\u00fablica. La desproporci\u00f3n de la visi\u00f3n de una persona as\u00ed no deber\u00eda dedicarse al periodismo porque toda difusi\u00f3n de su trabajo ser\u00eda exagerada, distorsionada, irreal, fantasiosa.<\/span><\/p>\n<p>&nbsp;<\/p>\n<p><img data-recalc-dims=\"1\" loading=\"lazy\" decoding=\"async\" class=\"aligncenter wp-image-23198 size-large\" src=\"https:\/\/i0.wp.com\/politicosaldesnudo.com.mx\/wp-content\/uploads\/2023\/08\/P-LORD-MOLECULA-1024x573.png?resize=800%2C448&#038;ssl=1\" alt=\"\" width=\"800\" height=\"448\" srcset=\"https:\/\/i0.wp.com\/politicosaldesnudo.com.mx\/wp-content\/uploads\/2023\/08\/P-LORD-MOLECULA.png?resize=1024%2C573&amp;ssl=1 1024w, https:\/\/i0.wp.com\/politicosaldesnudo.com.mx\/wp-content\/uploads\/2023\/08\/P-LORD-MOLECULA.png?resize=300%2C168&amp;ssl=1 300w, https:\/\/i0.wp.com\/politicosaldesnudo.com.mx\/wp-content\/uploads\/2023\/08\/P-LORD-MOLECULA.png?resize=768%2C430&amp;ssl=1 768w, https:\/\/i0.wp.com\/politicosaldesnudo.com.mx\/wp-content\/uploads\/2023\/08\/P-LORD-MOLECULA.png?resize=1536%2C859&amp;ssl=1 1536w, https:\/\/i0.wp.com\/politicosaldesnudo.com.mx\/wp-content\/uploads\/2023\/08\/P-LORD-MOLECULA.png?w=1816&amp;ssl=1 1816w, https:\/\/i0.wp.com\/politicosaldesnudo.com.mx\/wp-content\/uploads\/2023\/08\/P-LORD-MOLECULA.png?w=1600&amp;ssl=1 1600w\" sizes=\"auto, (max-width: 800px) 100vw, 800px\" \/><\/p>\n<p>&nbsp;<\/p>\n<p class=\"p1\"><span style=\"font-size: 18pt;\"><strong>Podr\u00eda ser un profesional de cualquier otra actividad pero nunca la de transmitir sus ideas porque su percepci\u00f3n no est\u00e1 ubicada en la realidad y su interpretaci\u00f3n de la realidad es producto de una mente que no est\u00e1 ubicada en el tiempo ni en el espacio.<\/strong><\/span><\/p>\n<p class=\"p1\"><span style=\"font-size: 14pt;\">Imaginemos que mol\u00e9cula es m\u00e9dico, c\u00f3mo explicar\u00eda una enfermedad terminal con esa visi\u00f3n y su caracter\u00edstico lenguaje. O lo que es peor, un catedr\u00e1tico, a qui\u00e9n podr\u00eda enga\u00f1ar tergiversando la historia, la realidad la funci\u00f3n esencial de su oficio.<\/span><\/p>\n<p class=\"p1\"><span style=\"font-size: 14pt;\">La ma\u00f1anera ha servido, en efecto, para mostrar lo mismo cr\u00edticos furibundos cuyas preguntas las convierten en consigna y hasta en agresi\u00f3n; pero, del otro lado, tambi\u00e9n hay excesos y son tan molestos unos como otros. Esa conferencia tan cuestionada por la oposici\u00f3n y tan necesaria para las aclaraciones se convierte a veces en trinchera partidista, ideol\u00f3gica, administrativa, que requiere de un gran esfuerzo no s\u00f3lo de las autoridades sino de todos y cada uno de los compa\u00f1eros que asisten en las ma\u00f1anas desde las madrugadas a recabar informaci\u00f3n, detalles llenos de responsabilidad y profesionalismo, que no deben ser alterados por alabanzas irresponsables y palabras.<\/span><\/p>\n<p class=\"p1\"><span style=\"font-size: 14pt;\">Sin embargo, se justifica m\u00e1s el hecho de que haya cr\u00edticas sistem\u00e1ticas porque sabemos que pertenecen a intereses muy definidos que a la palabrer\u00eda que debe llenar de verg\u00fcenza al Presidente, porque no se trata de parecer un dictador sino un dem\u00f3crata y esos elogios s\u00f3lo puede soportarlos sin castigar un d\u00e9spota. El cr\u00edtico sin pruebas se encamina hacia la extorsi\u00f3n, el que alaba al inter\u00e9s y la ambici\u00f3n.<\/span><\/p>\n<p class=\"p1\"><span style=\"font-size: 18pt;\"><strong>El servilismo de Mol\u00e9cula es tan burdo que nadie dudar\u00eda que tanta lisonja se trata de un sarcasmo con malas intenciones, m\u00e1s a\u00fan en tiempos electorales. Nadie puede asegurar que dichas palabras no intenten desestabilizar al presidente L\u00f3pez Obrador, o que fueron pronunciadas para probar la entereza ante las reacciones de quien alaba con tanta ligereza.<\/strong><\/span><\/p>\n<p class=\"p1\"><span style=\"font-size: 14pt;\">Al Presidente de M\u00e9xico lo juzgar\u00e1 la historia, lo mismo que a sus detractores y simpatizantes, recordemos que al cura Miguel Hidalgo los medios de la \u00e9poca de la Colonia lo maltrataron hasta justificar y festinar la salvaje muerte que le impusieron los realistas en defensa de la monarqu\u00eda.<\/span><\/p>\n<p class=\"p1\"><span style=\"font-size: 14pt;\">La dimensi\u00f3n de los mandatarios ni surge a la historia durante su gesti\u00f3n. La historia es un tren que camina sin detenerse y quien quiera subirse debe arriesgar algo m\u00e1s que la vida. Pero la percepci\u00f3n de algunos periodistas que lo mismo les da alabar gratuitamente que criticar con resentimiento, est\u00e1 distorsionada por la sorpresiva manera de hacer pol\u00edtica o por el rencor que produce haberse quedaron sin un subsidio monetario que consideraron un derecho vitalicio.<\/span><\/p>\n<p class=\"p1\"><span style=\"font-size: 18pt;\"><strong>Reglamentar las alabanzas exige tambi\u00e9n reglamentar las cr\u00edticas, condenar a la ley de la verdad el ejercicio period\u00edstico cuyos trabajadores son h\u00e9roes, que merecen el reconocimiento, pero tambi\u00e9n los hay mercenarios que en nombre de la expresi\u00f3n libre se extra limitan y cualquier intento de reformar las leyes que rigen la comunicaci\u00f3n tanto unos como otros acusar\u00e1n represi\u00f3n y censura.<\/strong><\/span><\/p>\n<p class=\"p1\"><span style=\"font-size: 14pt;\">Mientras esto sucede y se intenta regular el periodismo de acuerdo con los tiempos, habr\u00e1 que soportar los insultos a la inteligencia de unos y otros, quienes lo mismo se consideran afectados cuando se trata de actualizar el ejercicio informativo al que habr\u00e1 que regresarle la seriedad y responsabilidad que le han arrebatado en nombre de la agresi\u00f3n o de la alabanza.<\/span><\/p>\n<p class=\"p1\"><span style=\"font-size: 14pt;\">Hace falta una toma de conciencia de los comunicadores, una conexi\u00f3n m\u00e1s realista con la verdad y un poco de amor por s\u00ed mismos.<\/span><\/p>\n<p>&nbsp;<\/p>\n<p class=\"p1\"><span style=\"font-size: 18pt; color: #139eca;\"><b>PEGA Y CORRE<\/b><\/span><\/p>\n<p class=\"p1\"><span style=\"font-size: 14pt;\">El segundo debate de la oposici\u00f3n, es decir del <i>Frente Amplio por M\u00e9xico<\/i>, en lugar de mostrar los proyectos de los posibles candidatos a la Presidencia dela rep\u00fablica se la pasaron criticando al Presidente de la Rep\u00fablica y a la 4T, tarea que han realizado durante todo lo que va del sexenio y lo que falta.<\/span><\/p>\n<p>&nbsp;<\/p>\n<p><em><span style=\"font-size: 18pt;\"><strong>Esta columna se publica los lunes, mi\u00e9rcoles y viernes<\/strong><\/span><\/em><\/p>\n<p>&nbsp;<\/p>\n<hr \/>\n<p>&nbsp;<\/p>\n<p><img data-recalc-dims=\"1\" loading=\"lazy\" decoding=\"async\" class=\"aligncenter wp-image-14351\" src=\"https:\/\/i0.wp.com\/politicosaldesnudo.com.mx\/wp-content\/uploads\/2023\/01\/FIRMA-EDITORIAL-PD-300x37.png?resize=800%2C98&#038;ssl=1\" alt=\"\" width=\"800\" height=\"98\" srcset=\"https:\/\/i0.wp.com\/politicosaldesnudo.com.mx\/wp-content\/uploads\/2023\/01\/FIRMA-EDITORIAL-PD.png?resize=300%2C37&amp;ssl=1 300w, https:\/\/i0.wp.com\/politicosaldesnudo.com.mx\/wp-content\/uploads\/2023\/01\/FIRMA-EDITORIAL-PD.png?resize=1024%2C125&amp;ssl=1 1024w, https:\/\/i0.wp.com\/politicosaldesnudo.com.mx\/wp-content\/uploads\/2023\/01\/FIRMA-EDITORIAL-PD.png?resize=768%2C94&amp;ssl=1 768w, https:\/\/i0.wp.com\/politicosaldesnudo.com.mx\/wp-content\/uploads\/2023\/01\/FIRMA-EDITORIAL-PD.png?resize=1536%2C188&amp;ssl=1 1536w, https:\/\/i0.wp.com\/politicosaldesnudo.com.mx\/wp-content\/uploads\/2023\/01\/FIRMA-EDITORIAL-PD.png?resize=2048%2C250&amp;ssl=1 2048w, https:\/\/i0.wp.com\/politicosaldesnudo.com.mx\/wp-content\/uploads\/2023\/01\/FIRMA-EDITORIAL-PD.png?w=1600&amp;ssl=1 1600w, https:\/\/i0.wp.com\/politicosaldesnudo.com.mx\/wp-content\/uploads\/2023\/01\/FIRMA-EDITORIAL-PD.png?w=2400&amp;ssl=1 2400w\" sizes=\"auto, (max-width: 800px) 100vw, 800px\" \/><\/p>\n<p>&nbsp;<\/p>\n<p>&nbsp;<\/p>\n<p>&nbsp;<\/p>\n<p>&nbsp;<\/p>\n","protected":false},"excerpt":{"rendered":"<p>&nbsp; Por \u00c1ngel \u00c1lvaro Pe\u00f1a Tan grave es la lisonja gratuita y exagerada como la acusaci\u00f3n falsa y sin fundamentos,<\/p>\n","protected":false},"author":4,"featured_media":3775,"comment_status":"closed","ping_status":"closed","sticky":false,"template":"","format":"standard","meta":{"colormag_page_container_layout":"default_layout","colormag_page_sidebar_layout":"default_layout","_jetpack_memberships_contains_paid_content":false,"footnotes":"","jetpack_publicize_message":"","jetpack_publicize_feature_enabled":true,"jetpack_social_post_already_shared":false,"jetpack_social_options":{"image_generator_settings":{"template":"highway","default_image_id":0,"font":"","enabled":false},"version":2}},"categories":[26],"tags":[],"class_list":["post-23197","post","type-post","status-publish","format-standard","has-post-thumbnail","hentry","category-columnistas"],"jetpack_publicize_connections":[],"jetpack_featured_media_url":"https:\/\/i0.wp.com\/politicosaldesnudo.com.mx\/wp-content\/uploads\/2022\/04\/A%CC%81NGEL-A%CC%81LVARO-PEN%CC%83A1.png?fit=1816%2C1016&ssl=1","jetpack-related-posts":[],"jetpack_sharing_enabled":true,"_links":{"self":[{"href":"https:\/\/politicosaldesnudo.com.mx\/index.php\/wp-json\/wp\/v2\/posts\/23197","targetHints":{"allow":["GET"]}}],"collection":[{"href":"https:\/\/politicosaldesnudo.com.mx\/index.php\/wp-json\/wp\/v2\/posts"}],"about":[{"href":"https:\/\/politicosaldesnudo.com.mx\/index.php\/wp-json\/wp\/v2\/types\/post"}],"author":[{"embeddable":true,"href":"https:\/\/politicosaldesnudo.com.mx\/index.php\/wp-json\/wp\/v2\/users\/4"}],"replies":[{"embeddable":true,"href":"https:\/\/politicosaldesnudo.com.mx\/index.php\/wp-json\/wp\/v2\/comments?post=23197"}],"version-history":[{"count":0,"href":"https:\/\/politicosaldesnudo.com.mx\/index.php\/wp-json\/wp\/v2\/posts\/23197\/revisions"}],"wp:featuredmedia":[{"embeddable":true,"href":"https:\/\/politicosaldesnudo.com.mx\/index.php\/wp-json\/wp\/v2\/media\/3775"}],"wp:attachment":[{"href":"https:\/\/politicosaldesnudo.com.mx\/index.php\/wp-json\/wp\/v2\/media?parent=23197"}],"wp:term":[{"taxonomy":"category","embeddable":true,"href":"https:\/\/politicosaldesnudo.com.mx\/index.php\/wp-json\/wp\/v2\/categories?post=23197"},{"taxonomy":"post_tag","embeddable":true,"href":"https:\/\/politicosaldesnudo.com.mx\/index.php\/wp-json\/wp\/v2\/tags?post=23197"}],"curies":[{"name":"wp","href":"https:\/\/api.w.org\/{rel}","templated":true}]}}