{"id":23200,"date":"2023-08-18T05:00:59","date_gmt":"2023-08-18T10:00:59","guid":{"rendered":"https:\/\/politicosaldesnudo.com.mx\/?p=23200"},"modified":"2023-08-18T08:05:16","modified_gmt":"2023-08-18T13:05:16","slug":"despojo-y-crimen-organizado-desde-el-gobierno-de-veracruz","status":"publish","type":"post","link":"https:\/\/politicosaldesnudo.com.mx\/index.php\/2023\/08\/18\/despojo-y-crimen-organizado-desde-el-gobierno-de-veracruz\/","title":{"rendered":"Despojo y crimen organizado desde el gobierno de Veracruz"},"content":{"rendered":"<p>&nbsp;<\/p>\n<p class=\"p1\"><span style=\"font-size: 18pt;\"><strong>Por Aurelio Contreras Moreno<\/strong><\/span><\/p>\n<p class=\"p1\"><span style=\"font-size: 14pt;\">A finales de mayo de este a\u00f1o, se supo que David Jim\u00e9nez Rojas tramit\u00f3 un amparo luego de que polic\u00edas ministeriales fueron a buscarlo \u2013con la intenci\u00f3n de detenerlo- al Instituto Veracruzano de Acceso a la Informaci\u00f3n, Transparencia y Protecci\u00f3n de Datos Personales (IVAI), a donde no se present\u00f3 a trabajar durante varios d\u00edas.<\/span><\/p>\n<p class=\"p1\"><span style=\"font-size: 14pt;\">Una semana despu\u00e9s, rindi\u00f3 protesta como presidente del organismo garante de la transparencia y el derecho a la informaci\u00f3n en el estado de Veracruz, del cual ni siquiera debi\u00f3 ser nombrado como comisionado, pues fue representante de Morena ante organismos electorales durante los comicios de 2021.<\/span><\/p>\n<p class=\"p1\"><span style=\"font-size: 14pt;\">Tras su toma de protesta, Jim\u00e9nez Rojas justific\u00f3 su ausencia alegando ante los medios que tuvo Covid 19, por lo que se incapacit\u00f3 por un periodo de semana y media. Coincidentemente, cuando fueron a buscarlo los ministeriales.<\/span><\/p>\n<p class=\"p1\"><span style=\"font-size: 14pt;\">\u201cY en ese periodo vino personal de la polic\u00eda de investigaci\u00f3n (sic) para solicitar informes. De hecho, no supieron comunicarme a bien, nada m\u00e1s me dijeron: te vino a buscar la polic\u00eda de investigaci\u00f3n, que te quieren llevar o algo as\u00ed\u201d, afirm\u00f3 Jim\u00e9nez Rojas, mientras sosten\u00eda que no conoc\u00eda la carpeta de investigaci\u00f3n en su contra.<\/span><\/p>\n<p class=\"p1\"><span style=\"font-size: 14pt;\">\u201cUstedes conocen m\u00e1s de la carpeta que su servidor, yo con mucho gusto voy a asistir a la Fiscal\u00eda, me voy a apersonar para conocer los elementos, aportar, coadyuvar con la autoridad ministerial. Es un derecho, pero sobre todo una obligaci\u00f3n como ciudadano\u201d, dijo en ese momento.<\/span><\/p>\n<p class=\"p1\"><span style=\"font-size: 14pt;\">Pero estaba mintiendo, pues por supuesto que sab\u00eda que enfrenta acusaciones por presunto despojo de ranchos y otras propiedades en al menos cuatro municipios, il\u00edcito que habr\u00eda cometido mientras fungi\u00f3 como Director General del Registro P\u00fablico de la Propiedad y de Inspecci\u00f3n y Archivo General de Notar\u00edas del gobierno de Veracruz entre 2018 y 2019. Al inicio de la administraci\u00f3n de Cuitl\u00e1huac Garc\u00eda Jim\u00e9nez.<\/span><\/p>\n<p class=\"p1\"><span style=\"font-size: 14pt;\">De acuerdo con la denuncia en su contra \u2013de la cual se cuenta con una copia-, David Jim\u00e9nez Rojas, junto con el entonces subdirector del Registro P\u00fablico de la Propiedad Leandro Zamora Fern\u00e1ndez, ordenaron la inscripci\u00f3n de \u201ccontratos privados\u201d en favor de un tal Alejandro Montiel D\u00edaz para adjudicarle propiedades que ten\u00edan due\u00f1os que, a su vez, contaban con escrituras con antecedentes registrales de varios a\u00f1os antes.<\/span><\/p>\n<p class=\"p1\"><span style=\"font-size: 14pt;\">Los leg\u00edtimos propietarios se presentaron en el Registro P\u00fablico de la Propiedad \u2013que depende de la Secretar\u00eda de Gobierno- demostrando su derecho sobre los inmuebles despojados en una extensi\u00f3n de aproximadamente 24 hect\u00e1reas en la localidad \u201cEl Pando\u201d, en el municipio de Puente Nacional, por lo cual la propia dependencia orden\u00f3 presentar la denuncia en contra de sus ex directivos.<\/span><\/p>\n<p class=\"p1\"><span style=\"font-size: 14pt;\">Los ocho afectados originales aseguran adem\u00e1s que sus propiedades fueron ocupadas por personas armadas, mientras que han recibido amenazas de muerte de manera an\u00f3nima, por lo que temen por su seguridad e integridad f\u00edsica y presumen la participaci\u00f3n de la delincuencia organizada en estas acciones.<\/span><\/p>\n<p class=\"p1\"><span style=\"font-size: 14pt;\">Afirmaron adem\u00e1s que tienen documentados al menos otros 20 casos de despojos ilegales operados bajo el mismo esquema por David Jim\u00e9nez Rojas, quien desde hace algunas semanas mand\u00f3 colocar una aparatosa red de vigilancia en las instalaciones del IVAI, por aquello de que vayan a regresar por \u00e9l los ministeriales.<\/span><\/p>\n<p class=\"p1\"><span style=\"font-size: 14pt;\">A pesar de las denuncias y las pruebas presentadas, la Fiscal\u00eda General del Estado no las ha hecho cumplir y Jim\u00e9nez Rojas se mantiene en su cargo, en lugar de ser sometido a una investigaci\u00f3n y un proceso penal.<\/span><\/p>\n<p class=\"p1\"><span style=\"font-size: 14pt;\">\u00bfSe deber\u00e1 acaso a que quien era su \u201cpadrino\u201d y superior jer\u00e1rquico en el momento de los hechos denunciados no es otro que el secretario de Gobierno, Eric Patrocinio Cisneros Burgos, quien tambi\u00e9n es se\u00f1alado como responsable por los afectados, y a quien hasta los \u201ccoscorrones\u201d del presidente L\u00f3pez Obrador le hacen \u201clo que el viento a Ju\u00e1rez\u201d?<\/span><\/p>\n<p>&nbsp;<\/p>\n<p>&nbsp;<\/p>\n<hr \/>\n<p>&nbsp;<\/p>\n<p class=\"p1\"><span style=\"font-size: 18pt;\"><strong>Correo: <a href=\"mailto:aureliocontreras@gmail.com\">aureliocontreras@gmail.com<\/a><\/strong><\/span><\/p>\n<p class=\"p1\"><span style=\"font-size: 18pt;\"><strong>Twitter: <a href=\"http:\/\/www.twitter.com\/yeyocontreras\">@yeyocontreras<\/a><\/strong><\/span><\/p>\n<p>&nbsp;<\/p>\n<p><img data-recalc-dims=\"1\" loading=\"lazy\" decoding=\"async\" class=\"aligncenter wp-image-14351\" src=\"https:\/\/i0.wp.com\/politicosaldesnudo.com.mx\/wp-content\/uploads\/2023\/01\/FIRMA-EDITORIAL-PD-300x37.png?resize=800%2C98&#038;ssl=1\" alt=\"\" width=\"800\" height=\"98\" srcset=\"https:\/\/i0.wp.com\/politicosaldesnudo.com.mx\/wp-content\/uploads\/2023\/01\/FIRMA-EDITORIAL-PD.png?resize=300%2C37&amp;ssl=1 300w, https:\/\/i0.wp.com\/politicosaldesnudo.com.mx\/wp-content\/uploads\/2023\/01\/FIRMA-EDITORIAL-PD.png?resize=1024%2C125&amp;ssl=1 1024w, https:\/\/i0.wp.com\/politicosaldesnudo.com.mx\/wp-content\/uploads\/2023\/01\/FIRMA-EDITORIAL-PD.png?resize=768%2C94&amp;ssl=1 768w, https:\/\/i0.wp.com\/politicosaldesnudo.com.mx\/wp-content\/uploads\/2023\/01\/FIRMA-EDITORIAL-PD.png?resize=1536%2C188&amp;ssl=1 1536w, https:\/\/i0.wp.com\/politicosaldesnudo.com.mx\/wp-content\/uploads\/2023\/01\/FIRMA-EDITORIAL-PD.png?resize=2048%2C250&amp;ssl=1 2048w, https:\/\/i0.wp.com\/politicosaldesnudo.com.mx\/wp-content\/uploads\/2023\/01\/FIRMA-EDITORIAL-PD.png?w=1600&amp;ssl=1 1600w, https:\/\/i0.wp.com\/politicosaldesnudo.com.mx\/wp-content\/uploads\/2023\/01\/FIRMA-EDITORIAL-PD.png?w=2400&amp;ssl=1 2400w\" sizes=\"auto, (max-width: 800px) 100vw, 800px\" \/><\/p>\n<p>&nbsp;<\/p>\n<p>&nbsp;<\/p>\n<p>&nbsp;<\/p>\n<p>&nbsp;<\/p>\n","protected":false},"excerpt":{"rendered":"<p>&nbsp; Por Aurelio Contreras Moreno A finales de mayo de este a\u00f1o, se supo que David Jim\u00e9nez Rojas tramit\u00f3 un<\/p>\n","protected":false},"author":4,"featured_media":4397,"comment_status":"closed","ping_status":"closed","sticky":false,"template":"","format":"standard","meta":{"colormag_page_container_layout":"default_layout","colormag_page_sidebar_layout":"default_layout","_jetpack_memberships_contains_paid_content":false,"footnotes":"","jetpack_publicize_message":"","jetpack_publicize_feature_enabled":true,"jetpack_social_post_already_shared":false,"jetpack_social_options":{"image_generator_settings":{"template":"highway","default_image_id":0,"font":"","enabled":false},"version":2}},"categories":[26],"tags":[],"class_list":["post-23200","post","type-post","status-publish","format-standard","has-post-thumbnail","hentry","category-columnistas"],"jetpack_publicize_connections":[],"jetpack_featured_media_url":"https:\/\/i0.wp.com\/politicosaldesnudo.com.mx\/wp-content\/uploads\/2022\/04\/AURELIO-CONTRERAS-MORENO-1.png?fit=1816%2C1016&ssl=1","jetpack-related-posts":[],"jetpack_sharing_enabled":true,"_links":{"self":[{"href":"https:\/\/politicosaldesnudo.com.mx\/index.php\/wp-json\/wp\/v2\/posts\/23200","targetHints":{"allow":["GET"]}}],"collection":[{"href":"https:\/\/politicosaldesnudo.com.mx\/index.php\/wp-json\/wp\/v2\/posts"}],"about":[{"href":"https:\/\/politicosaldesnudo.com.mx\/index.php\/wp-json\/wp\/v2\/types\/post"}],"author":[{"embeddable":true,"href":"https:\/\/politicosaldesnudo.com.mx\/index.php\/wp-json\/wp\/v2\/users\/4"}],"replies":[{"embeddable":true,"href":"https:\/\/politicosaldesnudo.com.mx\/index.php\/wp-json\/wp\/v2\/comments?post=23200"}],"version-history":[{"count":0,"href":"https:\/\/politicosaldesnudo.com.mx\/index.php\/wp-json\/wp\/v2\/posts\/23200\/revisions"}],"wp:featuredmedia":[{"embeddable":true,"href":"https:\/\/politicosaldesnudo.com.mx\/index.php\/wp-json\/wp\/v2\/media\/4397"}],"wp:attachment":[{"href":"https:\/\/politicosaldesnudo.com.mx\/index.php\/wp-json\/wp\/v2\/media?parent=23200"}],"wp:term":[{"taxonomy":"category","embeddable":true,"href":"https:\/\/politicosaldesnudo.com.mx\/index.php\/wp-json\/wp\/v2\/categories?post=23200"},{"taxonomy":"post_tag","embeddable":true,"href":"https:\/\/politicosaldesnudo.com.mx\/index.php\/wp-json\/wp\/v2\/tags?post=23200"}],"curies":[{"name":"wp","href":"https:\/\/api.w.org\/{rel}","templated":true}]}}