{"id":23206,"date":"2023-08-18T05:20:30","date_gmt":"2023-08-18T10:20:30","guid":{"rendered":"https:\/\/politicosaldesnudo.com.mx\/?p=23206"},"modified":"2023-08-18T08:11:11","modified_gmt":"2023-08-18T13:11:11","slug":"veracruz-y-su-barbarie","status":"publish","type":"post","link":"https:\/\/politicosaldesnudo.com.mx\/index.php\/2023\/08\/18\/veracruz-y-su-barbarie\/","title":{"rendered":"Veracruz y su barbarie"},"content":{"rendered":"<p>&nbsp;<\/p>\n<p class=\"p1\"><strong><span style=\"font-size: 18pt;\">Por Luis Ram\u00edrez Baqueiro<\/span><\/strong><\/p>\n<p>&nbsp;<\/p>\n<p>&nbsp;<\/p>\n<p class=\"p1\" style=\"text-align: center;\"><em><strong><span style=\"font-size: 18pt;\">\u201cEl que no piensa en sus deberes sino cuando se lo recuerdan, no es digno de estimaci\u00f3n\u201d<\/span><\/strong><\/em><\/p>\n<p class=\"p1\" style=\"text-align: center;\"><span style=\"font-size: 18pt;\"><span class=\"Apple-converted-space\">\u00a0<\/span>\u2013\u00a0Plauto \u2013<\/span><\/p>\n<p>&nbsp;<\/p>\n<p class=\"p1\"><span style=\"font-size: 14pt;\">La ma\u00f1ana del 20 de septiembre de 2011 qued\u00f3 grabada en la conciencia colectiva de los ciudadanos veracruzanos.\u00a0<\/span><\/p>\n<p class=\"p1\"><span style=\"font-size: 14pt;\">Quienes transitaban de manera regular por el paso a desnivel que se caracterizaba por la escultura de los \u201cVoladores de Papantla\u201d en Boca del R\u00edo, jam\u00e1s volvieron a ver la realidad de la misma forma.<\/span><\/p>\n<p class=\"p1\"><span style=\"font-size: 14pt;\">Esa ma\u00f1ana mientras se desarrollaba a escasos 500 metros el 11\u00b0 Encuentro Nacional de Presidentes de Tribunales Superiores y Procuradores Generales de Justicia en el World Trade Center (WTC) de Boca del R\u00edo, el abandono de 35 cad\u00e1veres transportados en dos camionetas, expon\u00eda el rostro de la brutalidad delincuencial que abiertamente azotaba ya a Veracruz.<\/span><\/p>\n<p class=\"p1\"><span style=\"font-size: 14pt;\">La violencia, la inseguridad y el horror invadieron sin miramientos a una sociedad acostumbrada a conocer de esos hechos solo por los diarios y los espacios informativos que de manera cotidiana daban cuenta de ello en entidades del norte del pa\u00eds.<\/span><\/p>\n<p class=\"p1\"><span style=\"font-size: 14pt;\">Desde ese d\u00eda Veracruz nunca volvi\u00f3 hacer lo mismo.<\/span><\/p>\n<p class=\"p1\"><span style=\"font-size: 14pt;\">El fen\u00f3meno de los desaparecidos, las ejecuciones por el cobro de piso, los secuestros y el asesinato de periodistas, se convirtieron en el com\u00fan denominador de la administraci\u00f3n del entonces mandatario Javier Duarte de Ochoa.<\/span><\/p>\n<p class=\"p1\"><span style=\"font-size: 14pt;\">La inseguridad vivida durante todo el sexenio, fue el factor que a la postre cost\u00f3 la ca\u00edda del Partido Revolucionario Institucional (PRI) tras cerca de 85 a\u00f1os de gobiernos.<\/span><\/p>\n<p class=\"p1\"><span style=\"font-size: 14pt;\">La llegada del nuevo r\u00e9gimen transformador a Veracruz encabezado por Cuitl\u00e1uhac Garc\u00eda Jim\u00e9nez, aproximadamente hace cinco a\u00f1os, ven\u00eda cargado de esperanza e ilusi\u00f3n, pues una de las ofertas presentadas durante la campa\u00f1a habr\u00eda sido acabar con la inseguridad.<\/span><\/p>\n<p class=\"p1\"><span style=\"font-size: 14pt;\">Por el contrario, la noche del 27 de agosto de 2019 esa esperanza se termin\u00f3, una masacre m\u00e1s se reportaba en el centro nocturno \u201cCaballo Blanco\u201d de Coatzacoalcos.<\/span><\/p>\n<p class=\"p1\"><span style=\"font-size: 14pt;\">Un ataque armado y con bombas incendiarias dejaba como saldo 30 personas muertas (20 hombres y 10 mujeres) junto a 11 heridos por cuenta de miembros del Cartel de la Nueva Generaci\u00f3n de Jalisco, acab\u00f3 con la esperanza sembrada en la 4T.<\/span><\/p>\n<p class=\"p1\"><span style=\"font-size: 14pt;\">A partir de ah\u00ed, se\u00f1alamientos muy serios de colusi\u00f3n por parte de altos funcionarios del Gobierno del Estado con grupos criminales, se convirtieron en el com\u00fan denominador de la presente administraci\u00f3n, sin que al momento nada haya exonerado a los presuntamente implicados.<\/span><\/p>\n<p class=\"p1\"><span style=\"font-size: 14pt;\">As\u00ed nombres de Eric Patrocinio Cisneros Burgos, secretario de Gobierno, Ver\u00f3nica Hern\u00e1ndez Giand\u00e1ns, fiscal General del Estado aparecen entre los se\u00f1alados directamente con v\u00ednculos con grupos criminales.\u00a0<\/span><\/p>\n<p class=\"p1\"><span style=\"font-size: 14pt;\">Casualmente cuando la promoci\u00f3n preelectoral a favor del mismo Cisneros Burgos lo condenaba a la separaci\u00f3n del cargo, tras dos sendos se\u00f1alamientos del propio presidente Andr\u00e9s Manuel L\u00f3pez Obrador, la nueva oleada de criminalidad desbordada reaparece en Veracruz, como resultado de ese vac\u00edo institucional autoprovocado para hacerse el necesario en el encargo de la gobernabilidad.<\/span><\/p>\n<p class=\"p1\"><span style=\"font-size: 14pt;\">As\u00ed, Poza Rica en el norte del Estado se ha convertido ahora nuevamente en el centro de la barbarie.<\/span><\/p>\n<p class=\"p1\"><span style=\"font-size: 14pt;\">La aparici\u00f3n de al menos 17 cuerpos cercenados, empacados y refrigerados -y no los 13 que afirmaba la propia titular de la FGE-, exponen ese extra\u00f1o complot.<\/span><\/p>\n<p class=\"p1\"><span style=\"font-size: 14pt;\">Apenas este jueves 17 de agosto, la aparici\u00f3n de cuerpos mutilados y narcomantas con mensajes atribuyendo las acciones a grupos criminales a pesar de los 700 elementos que arribaron a Poza Rica a resguardar y garantizar la seguridad de la ciudadan\u00eda confirman que la guerra entre bandas criminales esta fuera de control.\u00a0<\/span><\/p>\n<p class=\"p1\"><span style=\"font-size: 14pt;\">Pero peor a\u00fan confirma que los grupos criminales cuentan con la protecci\u00f3n de funcionarios de alto nivel, quienes abiertamente han quedado se\u00f1alados, ahora corresponde ya a la Fiscal\u00eda General de la Rep\u00fablica (FGR) investigar y deslindar responsabilidades, porque de confirmarse lo se\u00f1alado en las mantas, estar\u00edamos ante la presencia de un narco estado.<\/span><\/p>\n<p class=\"p1\"><span style=\"font-size: 14pt;\">Veracruz y su barbarie son tan solo el comienzo de una escalada delincuencial que puede marcar un hito en la historia de la entidad.<\/span><\/p>\n<p>&nbsp;<\/p>\n<p class=\"p1\"><span style=\"font-size: 18pt;\"><strong>Al tiempo<\/strong><\/span><\/p>\n<p>&nbsp;<\/p>\n<hr \/>\n<p>&nbsp;<\/p>\n<p class=\"p1\"><span style=\"font-size: 18pt;\"><strong>Correo: <a href=\"mailto:astrolabiopoliticomx@gmail.com\">astrolabiopoliticomx@gmail.com<\/a><\/strong><\/span><\/p>\n<p class=\"p1\"><span style=\"font-size: 18pt;\"><strong>Twitter: <a href=\"http:\/\/www.twitter.com\/LuisBaqueiro_mx\">@LuisBaqueiro_mx<\/a><\/strong><\/span><\/p>\n<p>&nbsp;<\/p>\n<p><img data-recalc-dims=\"1\" loading=\"lazy\" decoding=\"async\" class=\"aligncenter wp-image-14351\" src=\"https:\/\/i0.wp.com\/politicosaldesnudo.com.mx\/wp-content\/uploads\/2023\/01\/FIRMA-EDITORIAL-PD-300x37.png?resize=800%2C98&#038;ssl=1\" alt=\"\" width=\"800\" height=\"98\" srcset=\"https:\/\/i0.wp.com\/politicosaldesnudo.com.mx\/wp-content\/uploads\/2023\/01\/FIRMA-EDITORIAL-PD.png?resize=300%2C37&amp;ssl=1 300w, https:\/\/i0.wp.com\/politicosaldesnudo.com.mx\/wp-content\/uploads\/2023\/01\/FIRMA-EDITORIAL-PD.png?resize=1024%2C125&amp;ssl=1 1024w, https:\/\/i0.wp.com\/politicosaldesnudo.com.mx\/wp-content\/uploads\/2023\/01\/FIRMA-EDITORIAL-PD.png?resize=768%2C94&amp;ssl=1 768w, https:\/\/i0.wp.com\/politicosaldesnudo.com.mx\/wp-content\/uploads\/2023\/01\/FIRMA-EDITORIAL-PD.png?resize=1536%2C188&amp;ssl=1 1536w, https:\/\/i0.wp.com\/politicosaldesnudo.com.mx\/wp-content\/uploads\/2023\/01\/FIRMA-EDITORIAL-PD.png?resize=2048%2C250&amp;ssl=1 2048w, https:\/\/i0.wp.com\/politicosaldesnudo.com.mx\/wp-content\/uploads\/2023\/01\/FIRMA-EDITORIAL-PD.png?w=1600&amp;ssl=1 1600w, https:\/\/i0.wp.com\/politicosaldesnudo.com.mx\/wp-content\/uploads\/2023\/01\/FIRMA-EDITORIAL-PD.png?w=2400&amp;ssl=1 2400w\" sizes=\"auto, (max-width: 800px) 100vw, 800px\" \/><\/p>\n<p>&nbsp;<\/p>\n<p>&nbsp;<\/p>\n<p>&nbsp;<\/p>\n<p>&nbsp;<\/p>\n","protected":false},"excerpt":{"rendered":"<p>&nbsp; Por Luis Ram\u00edrez Baqueiro &nbsp; &nbsp; \u201cEl que no piensa en sus deberes sino cuando se lo recuerdan, no<\/p>\n","protected":false},"author":4,"featured_media":4390,"comment_status":"closed","ping_status":"closed","sticky":false,"template":"","format":"standard","meta":{"colormag_page_container_layout":"default_layout","colormag_page_sidebar_layout":"default_layout","_jetpack_memberships_contains_paid_content":false,"footnotes":"","jetpack_publicize_message":"","jetpack_publicize_feature_enabled":true,"jetpack_social_post_already_shared":false,"jetpack_social_options":{"image_generator_settings":{"template":"highway","default_image_id":0,"font":"","enabled":false},"version":2}},"categories":[26],"tags":[],"class_list":["post-23206","post","type-post","status-publish","format-standard","has-post-thumbnail","hentry","category-columnistas"],"jetpack_publicize_connections":[],"jetpack_featured_media_url":"https:\/\/i0.wp.com\/politicosaldesnudo.com.mx\/wp-content\/uploads\/2022\/04\/LUIS-RAMI%CC%81REZ-BAQUEIRO.png?fit=1816%2C1016&ssl=1","jetpack-related-posts":[],"jetpack_sharing_enabled":true,"_links":{"self":[{"href":"https:\/\/politicosaldesnudo.com.mx\/index.php\/wp-json\/wp\/v2\/posts\/23206","targetHints":{"allow":["GET"]}}],"collection":[{"href":"https:\/\/politicosaldesnudo.com.mx\/index.php\/wp-json\/wp\/v2\/posts"}],"about":[{"href":"https:\/\/politicosaldesnudo.com.mx\/index.php\/wp-json\/wp\/v2\/types\/post"}],"author":[{"embeddable":true,"href":"https:\/\/politicosaldesnudo.com.mx\/index.php\/wp-json\/wp\/v2\/users\/4"}],"replies":[{"embeddable":true,"href":"https:\/\/politicosaldesnudo.com.mx\/index.php\/wp-json\/wp\/v2\/comments?post=23206"}],"version-history":[{"count":0,"href":"https:\/\/politicosaldesnudo.com.mx\/index.php\/wp-json\/wp\/v2\/posts\/23206\/revisions"}],"wp:featuredmedia":[{"embeddable":true,"href":"https:\/\/politicosaldesnudo.com.mx\/index.php\/wp-json\/wp\/v2\/media\/4390"}],"wp:attachment":[{"href":"https:\/\/politicosaldesnudo.com.mx\/index.php\/wp-json\/wp\/v2\/media?parent=23206"}],"wp:term":[{"taxonomy":"category","embeddable":true,"href":"https:\/\/politicosaldesnudo.com.mx\/index.php\/wp-json\/wp\/v2\/categories?post=23206"},{"taxonomy":"post_tag","embeddable":true,"href":"https:\/\/politicosaldesnudo.com.mx\/index.php\/wp-json\/wp\/v2\/tags?post=23206"}],"curies":[{"name":"wp","href":"https:\/\/api.w.org\/{rel}","templated":true}]}}