{"id":23211,"date":"2023-08-18T05:45:09","date_gmt":"2023-08-18T10:45:09","guid":{"rendered":"https:\/\/politicosaldesnudo.com.mx\/?p=23211"},"modified":"2023-08-18T08:25:18","modified_gmt":"2023-08-18T13:25:18","slug":"los-estertores-de-la-ultraderecha","status":"publish","type":"post","link":"https:\/\/politicosaldesnudo.com.mx\/index.php\/2023\/08\/18\/los-estertores-de-la-ultraderecha\/","title":{"rendered":"Los estertores de la ultraderecha"},"content":{"rendered":"<p class=\"p1\">\n<p>&nbsp;<\/p>\n<p class=\"p1\"><span style=\"font-size: 18pt;\"><strong>Por Herlindo Robles<\/strong><\/span><\/p>\n<p class=\"p1\"><span style=\"font-size: 14pt;\">Mientras en Colombia se trata de desaparecer el derecho a la huelga, el pueblo Argentino de nueva cuenta se encuentra en la mira de la extrema derecha, impulsando la candidatura de Javier Milei, con un perfil construido para llamar a la juventud con propuestas pol\u00edticas como son: la dolarizaci\u00f3n de la econom\u00eda, la flexibilizaci\u00f3n laboral que equivale a eliminar las indemnizaciones por despido, y el pago de servicios de salud. La libre portaci\u00f3n de armas, y la militarizaci\u00f3n de las prisiones. Aunque en la pr\u00e1ctica ser\u00eda poco menos que imposible, lograr estas propuestas de campa\u00f1a, lo cierto es que la \u201cmediocracia\u201d hace lo suyo, restando adeptos a la izquierda, pues es bien sabido la gran cantidad de intereses que se mueven en rededor de los pueblos, como son: las ambicionadas privatizaciones, que constituyen nuevos millonarios de la noche a la ma\u00f1ana, como en M\u00e9xico, lo hicieron Salinas Pliego, Carlos Slim, Germ\u00e1n Larrea, y de ah\u00ed hacia abajo.<span class=\"Apple-converted-space\">\u00a0<\/span><\/span><\/p>\n<p class=\"p1\"><span style=\"font-size: 18pt;\"><strong>La riqueza de los pueblos se convierte en su yugo financiero, pues en adelante los bienes y servicios, prestados por empresas estatales, estar\u00e1n destinados ya no a servir a la base de la poblaci\u00f3n, sino a exprimir sus bolsillos.<\/strong><\/span><\/p>\n<p class=\"p1\"><span style=\"font-size: 14pt;\">En M\u00e9xico por efecto de la suerte o por el manto de la Guadalupana, se fren\u00f3 la privatizaci\u00f3n de la energ\u00eda el\u00e9ctrica, que se pretend\u00eda al estilo espa\u00f1ol. En verdad el pueblo europeo sufre una de las m\u00e1s severas crisis sociales. A partir de la implementaci\u00f3n del <em>Plan Marshall<\/em> y la obligaci\u00f3n de ser miembros de la OTAN, se fue dibujando su futuro.<span class=\"Apple-converted-space\">\u00a0<\/span><\/span><\/p>\n<p class=\"p1\"><span style=\"font-size: 18pt; color: #139eca;\"><strong>La Uni\u00f3n Europea fue un espacio en el que se fortaleci\u00f3 la situaci\u00f3n econ\u00f3mica de sus integrantes, aunque la membres\u00eda a la OTAN con el efecto de la pol\u00edtica del presidente Putin, acarreo m\u00e1s problemas que soluciones, aunado a la migraci\u00f3n africana. Los pa\u00edses europeos ven crecer la problem\u00e1tica social y sus gobiernos el d\u00e9ficit presupuestal, aunado a las privatizaciones de empresas estrat\u00e9gicas como las de generaci\u00f3n de energ\u00eda el\u00e9ctrica, agudizan la situaci\u00f3n financiera del continente.<span class=\"Apple-converted-space\">\u00a0<\/span><\/strong><\/span><\/p>\n<p class=\"p1\"><span style=\"font-size: 18pt;\"><strong>En Am\u00e9rica las cosas parec\u00edan tomar mejor rumbo, sin embargo, con la crisis pol\u00edtica de Per\u00fa, Bolivia, Ecuador, Nicaragua, entre otros y la definici\u00f3n de Brasil a una apertura comercial con China, aparejada de la<span class=\"Apple-converted-space\">\u00a0 <\/span>desdolarizaci\u00f3n de la econom\u00eda, convierten al continente de nueva cuenta en un rompecabezas pol\u00edtico-econ\u00f3mico, donde la soberan\u00eda de los pa\u00edses queda ampliamente acotada, por los Tratados Internacionales, que en M\u00e9xico por poner un ejemplo, se encuentran considerados de igual jerarqu\u00eda que la misma Constituci\u00f3n.<span class=\"Apple-converted-space\">\u00a0<\/span><\/strong><\/span><\/p>\n<p class=\"p1\"><span style=\"font-size: 14pt;\">La forma de enga\u00f1o que utiliza la derecha, para con la base de poblaci\u00f3n es la \u201cinfodemia\u201d, ya no solo en medios masivos de comunicaci\u00f3n como radio y televisi\u00f3n, sea abierta o privada, sino las redes sociales, que tambi\u00e9n son manipuladas por los denominados \u201cbots\u201d, y con estudios de psicolog\u00eda social respecto del comportamiento de las masas, a efecto de inducirles \u201cideas\u201d modernistas, denostando la: soberan\u00eda, la organizaci\u00f3n social, el sistema cooperativista, el sindicalismo, la movilizaci\u00f3n social, el desarrollo social, la autodeterminaci\u00f3n de los pueblos, la democracia participativa, la emancipaci\u00f3n de los pueblos originarios, el derecho a la educaci\u00f3n p\u00fablica, laica y gratuita y otros tantos necesarios para el progreso de los pueblos. Sin embargo, en M\u00e9xico hemos llegado a la falacia de que las mismas empresas explotadoras de recursos naturales, agrupados bajo el slogan:<em> \u201cVoz de las Empresas\u201d<\/em> emiten spots que piden a la poblaci\u00f3n que pague el consumo de agua, pues dicen es la m\u00e1s barata del mundo. <span style=\"font-size: 18pt; color: #139eca;\"><strong>Pues que les manden a las refresqueras, cerveceras y embotelladoras de agua, una cartita, pues utilizan grandes cantidades de agua como materia prima, sin que se refleje en el erario el beneficio a la colectividad.<span class=\"Apple-converted-space\">\u00a0<\/span><\/strong><\/span><\/span><\/p>\n<p>&nbsp;<\/p>\n<hr \/>\n<p>&nbsp;<\/p>\n<p><span style=\"font-size: 18pt;\"><strong>Twitter: <a href=\"https:\/\/twitter.com\/zorvha\">@zorvha<\/a><\/strong><\/span><\/p>\n<p>&nbsp;<\/p>\n<p><img data-recalc-dims=\"1\" loading=\"lazy\" decoding=\"async\" class=\"wp-image-14351 aligncenter\" src=\"https:\/\/i0.wp.com\/politicosaldesnudo.com.mx\/wp-content\/uploads\/2023\/01\/FIRMA-EDITORIAL-PD-300x37.png?resize=800%2C98&#038;ssl=1\" alt=\"\" width=\"800\" height=\"98\" srcset=\"https:\/\/i0.wp.com\/politicosaldesnudo.com.mx\/wp-content\/uploads\/2023\/01\/FIRMA-EDITORIAL-PD.png?resize=300%2C37&amp;ssl=1 300w, https:\/\/i0.wp.com\/politicosaldesnudo.com.mx\/wp-content\/uploads\/2023\/01\/FIRMA-EDITORIAL-PD.png?resize=1024%2C125&amp;ssl=1 1024w, https:\/\/i0.wp.com\/politicosaldesnudo.com.mx\/wp-content\/uploads\/2023\/01\/FIRMA-EDITORIAL-PD.png?resize=768%2C94&amp;ssl=1 768w, https:\/\/i0.wp.com\/politicosaldesnudo.com.mx\/wp-content\/uploads\/2023\/01\/FIRMA-EDITORIAL-PD.png?resize=1536%2C188&amp;ssl=1 1536w, https:\/\/i0.wp.com\/politicosaldesnudo.com.mx\/wp-content\/uploads\/2023\/01\/FIRMA-EDITORIAL-PD.png?resize=2048%2C250&amp;ssl=1 2048w, https:\/\/i0.wp.com\/politicosaldesnudo.com.mx\/wp-content\/uploads\/2023\/01\/FIRMA-EDITORIAL-PD.png?w=1600&amp;ssl=1 1600w, https:\/\/i0.wp.com\/politicosaldesnudo.com.mx\/wp-content\/uploads\/2023\/01\/FIRMA-EDITORIAL-PD.png?w=2400&amp;ssl=1 2400w\" sizes=\"auto, (max-width: 800px) 100vw, 800px\" \/><\/p>\n<p>&nbsp;<\/p>\n<p>&nbsp;<\/p>\n<p>&nbsp;<\/p>\n<p>&nbsp;<\/p>\n","protected":false},"excerpt":{"rendered":"<p>&nbsp; Por Herlindo Robles Mientras en Colombia se trata de desaparecer el derecho a la huelga, el pueblo Argentino de<\/p>\n","protected":false},"author":4,"featured_media":7717,"comment_status":"closed","ping_status":"closed","sticky":false,"template":"","format":"standard","meta":{"colormag_page_container_layout":"default_layout","colormag_page_sidebar_layout":"default_layout","_jetpack_memberships_contains_paid_content":false,"footnotes":"","jetpack_publicize_message":"","jetpack_publicize_feature_enabled":true,"jetpack_social_post_already_shared":false,"jetpack_social_options":{"image_generator_settings":{"template":"highway","default_image_id":0,"font":"","enabled":false},"version":2}},"categories":[26],"tags":[],"class_list":["post-23211","post","type-post","status-publish","format-standard","has-post-thumbnail","hentry","category-columnistas"],"jetpack_publicize_connections":[],"jetpack_featured_media_url":"https:\/\/i0.wp.com\/politicosaldesnudo.com.mx\/wp-content\/uploads\/2022\/07\/P-HERLINDO-ROBLES-1.png?fit=1816%2C1016&ssl=1","jetpack-related-posts":[],"jetpack_sharing_enabled":true,"_links":{"self":[{"href":"https:\/\/politicosaldesnudo.com.mx\/index.php\/wp-json\/wp\/v2\/posts\/23211","targetHints":{"allow":["GET"]}}],"collection":[{"href":"https:\/\/politicosaldesnudo.com.mx\/index.php\/wp-json\/wp\/v2\/posts"}],"about":[{"href":"https:\/\/politicosaldesnudo.com.mx\/index.php\/wp-json\/wp\/v2\/types\/post"}],"author":[{"embeddable":true,"href":"https:\/\/politicosaldesnudo.com.mx\/index.php\/wp-json\/wp\/v2\/users\/4"}],"replies":[{"embeddable":true,"href":"https:\/\/politicosaldesnudo.com.mx\/index.php\/wp-json\/wp\/v2\/comments?post=23211"}],"version-history":[{"count":0,"href":"https:\/\/politicosaldesnudo.com.mx\/index.php\/wp-json\/wp\/v2\/posts\/23211\/revisions"}],"wp:featuredmedia":[{"embeddable":true,"href":"https:\/\/politicosaldesnudo.com.mx\/index.php\/wp-json\/wp\/v2\/media\/7717"}],"wp:attachment":[{"href":"https:\/\/politicosaldesnudo.com.mx\/index.php\/wp-json\/wp\/v2\/media?parent=23211"}],"wp:term":[{"taxonomy":"category","embeddable":true,"href":"https:\/\/politicosaldesnudo.com.mx\/index.php\/wp-json\/wp\/v2\/categories?post=23211"},{"taxonomy":"post_tag","embeddable":true,"href":"https:\/\/politicosaldesnudo.com.mx\/index.php\/wp-json\/wp\/v2\/tags?post=23211"}],"curies":[{"name":"wp","href":"https:\/\/api.w.org\/{rel}","templated":true}]}}