{"id":23231,"date":"2023-08-17T20:00:07","date_gmt":"2023-08-18T01:00:07","guid":{"rendered":"https:\/\/politicosaldesnudo.com.mx\/?p=23231"},"modified":"2023-08-18T09:28:29","modified_gmt":"2023-08-18T14:28:29","slug":"asiste-22-y-27-de-agosto-expo-internacional-gastronomica-y-cultural-tuxpan","status":"publish","type":"post","link":"https:\/\/politicosaldesnudo.com.mx\/index.php\/2023\/08\/17\/asiste-22-y-27-de-agosto-expo-internacional-gastronomica-y-cultural-tuxpan\/","title":{"rendered":"\u00a1Asiste! 22 y 27 de agosto, \u201cExpo Internacional Gastron\u00f3mica y Cultural Tuxpan\u201d"},"content":{"rendered":"<p>&nbsp;<\/p>\n<p class=\"p3\"><span style=\"font-size: 14pt;\"><em><strong>TUXPAN, VERACRUZ.<\/strong> <\/em>Del 22 al 27 de agosto Tuxpan se llenar\u00e1 de sabor, arte y cultura con la realizaci\u00f3n de la <strong>\u201cExpo Internacional Gastron\u00f3mica y Cultural Tuxpan 2023\u201d.<\/strong><\/span><\/p>\n<p class=\"p3\"><span style=\"font-size: 18pt;\"><strong>El evento se llevar\u00e1 acabo en la Plaza C\u00edvica municipal de 09:00 a 20:00 horas.<\/strong><\/span><\/p>\n<p class=\"p3\"><span style=\"font-size: 14pt;\">El Ayuntamiento de Tuxpan que encabeza el alcalde Jos\u00e9 Manuel Pozos Castro, invita a los ciudadanos a que asista a este evento multicultural donde se promover\u00e1 una rica gastronom\u00eda a trav\u00e9s de la degustaci\u00f3n de platillos y bebidas nacionales e internacionales.<\/span><\/p>\n<p class=\"p3\"><span style=\"font-size: 18pt;\"><strong>Adem\u00e1s quienes acudan podr\u00e1n adquirir productos y souvenirs, as\u00ed como conocer las artesan\u00edas que presentar\u00e1n expositores de 13 naciones y varios estados de la Rep\u00fablica Mexicana.<span class=\"Apple-converted-space\">\u00a0<\/span><\/strong><\/span><\/p>\n<p class=\"p3\"><span style=\"font-size: 14pt;\">Cuba, Uruguay, Guatemala, Ecuador, Camer\u00fan, Togo, Argelia, Azerbaiy\u00e1n, Per\u00fa, T\u00fanez, Egipto, Marruecos y Corea, tendr\u00e1n presencia en esta expo.<span class=\"Apple-converted-space\">\u00a0<\/span><\/span><\/p>\n<p class=\"p3\"><span style=\"font-size: 14pt;\">Mientras que de nuestro pa\u00eds se integran la Ciudad de M\u00e9xico, el Estado de M\u00e9xico, Puebla, Oaxaca y Veracruz.<\/span><\/p>\n<p class=\"p3\"><span style=\"font-size: 18pt;\"><strong>Con esta iniciativa, el gobierno municipal busca tambi\u00e9n estrechar lazos de amistad entre M\u00e9xico, Veracruz y Tuxpan con los diversos pa\u00edses participantes.<\/strong><\/span><\/p>\n<p>&nbsp;<\/p>\n<p><img data-recalc-dims=\"1\" loading=\"lazy\" decoding=\"async\" class=\"aligncenter wp-image-23233 size-large\" src=\"https:\/\/i0.wp.com\/politicosaldesnudo.com.mx\/wp-content\/uploads\/2023\/08\/P-EXPO-CULTURA-2-791x1024.png?resize=791%2C1024&#038;ssl=1\" alt=\"\" width=\"791\" height=\"1024\" srcset=\"https:\/\/i0.wp.com\/politicosaldesnudo.com.mx\/wp-content\/uploads\/2023\/08\/P-EXPO-CULTURA-2.png?resize=791%2C1024&amp;ssl=1 791w, https:\/\/i0.wp.com\/politicosaldesnudo.com.mx\/wp-content\/uploads\/2023\/08\/P-EXPO-CULTURA-2.png?resize=232%2C300&amp;ssl=1 232w, https:\/\/i0.wp.com\/politicosaldesnudo.com.mx\/wp-content\/uploads\/2023\/08\/P-EXPO-CULTURA-2.png?resize=768%2C994&amp;ssl=1 768w, https:\/\/i0.wp.com\/politicosaldesnudo.com.mx\/wp-content\/uploads\/2023\/08\/P-EXPO-CULTURA-2.png?resize=1187%2C1536&amp;ssl=1 1187w, https:\/\/i0.wp.com\/politicosaldesnudo.com.mx\/wp-content\/uploads\/2023\/08\/P-EXPO-CULTURA-2.png?w=1236&amp;ssl=1 1236w\" sizes=\"auto, (max-width: 791px) 100vw, 791px\" \/><\/p>\n<p>&nbsp;<\/p>\n<p>&nbsp;<\/p>\n","protected":false},"excerpt":{"rendered":"<p>&nbsp; TUXPAN, VERACRUZ. Del 22 al 27 de agosto Tuxpan se llenar\u00e1 de sabor, arte y cultura con la realizaci\u00f3n<\/p>\n","protected":false},"author":4,"featured_media":23232,"comment_status":"closed","ping_status":"closed","sticky":false,"template":"","format":"standard","meta":{"colormag_page_container_layout":"default_layout","colormag_page_sidebar_layout":"default_layout","_jetpack_memberships_contains_paid_content":false,"footnotes":"","jetpack_publicize_message":"","jetpack_publicize_feature_enabled":true,"jetpack_social_post_already_shared":false,"jetpack_social_options":{"image_generator_settings":{"template":"highway","default_image_id":0,"font":"","enabled":false},"version":2}},"categories":[1082],"tags":[70,100],"class_list":["post-23231","post","type-post","status-publish","format-standard","has-post-thumbnail","hentry","category-tuxpan","tag-tuxpan","tag-veracruz"],"jetpack_publicize_connections":[],"jetpack_featured_media_url":"https:\/\/i0.wp.com\/politicosaldesnudo.com.mx\/wp-content\/uploads\/2023\/08\/P-EXPO-CULTURA-1.png?fit=1816%2C1016&ssl=1","jetpack-related-posts":[],"jetpack_sharing_enabled":true,"_links":{"self":[{"href":"https:\/\/politicosaldesnudo.com.mx\/index.php\/wp-json\/wp\/v2\/posts\/23231","targetHints":{"allow":["GET"]}}],"collection":[{"href":"https:\/\/politicosaldesnudo.com.mx\/index.php\/wp-json\/wp\/v2\/posts"}],"about":[{"href":"https:\/\/politicosaldesnudo.com.mx\/index.php\/wp-json\/wp\/v2\/types\/post"}],"author":[{"embeddable":true,"href":"https:\/\/politicosaldesnudo.com.mx\/index.php\/wp-json\/wp\/v2\/users\/4"}],"replies":[{"embeddable":true,"href":"https:\/\/politicosaldesnudo.com.mx\/index.php\/wp-json\/wp\/v2\/comments?post=23231"}],"version-history":[{"count":0,"href":"https:\/\/politicosaldesnudo.com.mx\/index.php\/wp-json\/wp\/v2\/posts\/23231\/revisions"}],"wp:featuredmedia":[{"embeddable":true,"href":"https:\/\/politicosaldesnudo.com.mx\/index.php\/wp-json\/wp\/v2\/media\/23232"}],"wp:attachment":[{"href":"https:\/\/politicosaldesnudo.com.mx\/index.php\/wp-json\/wp\/v2\/media?parent=23231"}],"wp:term":[{"taxonomy":"category","embeddable":true,"href":"https:\/\/politicosaldesnudo.com.mx\/index.php\/wp-json\/wp\/v2\/categories?post=23231"},{"taxonomy":"post_tag","embeddable":true,"href":"https:\/\/politicosaldesnudo.com.mx\/index.php\/wp-json\/wp\/v2\/tags?post=23231"}],"curies":[{"name":"wp","href":"https:\/\/api.w.org\/{rel}","templated":true}]}}