{"id":23250,"date":"2023-08-19T10:51:38","date_gmt":"2023-08-19T15:51:38","guid":{"rendered":"https:\/\/politicosaldesnudo.com.mx\/?p=23250"},"modified":"2023-08-19T10:51:38","modified_gmt":"2023-08-19T15:51:38","slug":"la-espiral-de-la-violencia","status":"publish","type":"post","link":"https:\/\/politicosaldesnudo.com.mx\/index.php\/2023\/08\/19\/la-espiral-de-la-violencia\/","title":{"rendered":"La espiral de la violencia"},"content":{"rendered":"<p class=\"p1\">\n<p>&nbsp;<\/p>\n<p class=\"p1\"><span style=\"font-size: 18pt;\"><strong>Por Ricardo Homs<\/strong><\/span><\/p>\n<p class=\"p1\"><span style=\"font-size: 14pt;\">Llama la atenci\u00f3n que el gobierno \u201cm\u00e1s humanista\u201d de la historia de M\u00e9xico, no muestre solidaridad con el dolor de miles y miles de familias mexicanas que tienen desaparecido a uno de sus miembros.<\/span><\/p>\n<p class=\"p1\"><span style=\"font-size: 14pt;\">No se trata de expresar empat\u00eda con verborrea y solidaridad demag\u00f3gica, pues los hechos dicen m\u00e1s que mil palabras ma\u00f1aneras. La indiferencia es patente.<\/span><\/p>\n<p class=\"p1\"><span style=\"font-size: 14pt;\">La primera responsabilidad del Estado Mexicano debe ser salvaguardar la integridad personal y la vida de todos los mexicanos. Sin embargo, la apat\u00eda y la insensibilidad frente a las grandes tragedias familiares tienen muchos a\u00f1os, -debemos reconocer-, pero ning\u00fan gobierno, -como lo ha hecho este-, se hab\u00eda ufanado de practicar un humanismo exacerbado. La realidad cotidiana muestra que las palabras van en un sentido mientras los hechos se enfilan hacia el camino opuesto.<\/span><\/p>\n<p class=\"p1\"><span style=\"font-size: 14pt;\">Este gobierno ha puesto los temas presupuestales y econ\u00f3micos por encima de los m\u00e1s elementales derechos humanos, como lo es el derecho a la vida. La violencia y la delincuencia, -as\u00ed como las restricciones presupuestales al sector salud-, ponen en riesgo la vida, pero los ahorros son la prioridad.<span class=\"Apple-converted-space\">\u00a0<\/span><\/span><\/p>\n<p class=\"p1\"><span style=\"font-size: 14pt;\">La legislatura dominada por Morena invierte todo su tiempo y esfuerzo en cumplir hasta el m\u00e1s peque\u00f1o deseo del presidente e ignora los grandes temas humanos sobre los que debiese legislar. Por ejemplo, castigar con rigor el \u201ccobro de piso\u201d, -que no s\u00f3lo es un atentado contra el patrimonio de las familias mexicanas-, sino una doble tributaci\u00f3n que paga el sector productivo de este pa\u00eds, lo cual no le preocupa a este gobierno.<span class=\"Apple-converted-space\">\u00a0 <\/span>El cobro de piso s\u00f3lo queda visible cuando los extorsionadores queman un local comercial, asesinan a una v\u00edctima rebelde que no paga, o le dan un escarmiento f\u00edsico a quien se retrasa en el pago.<span class=\"Apple-converted-space\">\u00a0<\/span><\/span><\/p>\n<p class=\"p1\"><span style=\"font-size: 14pt;\">Es entendible que quienes nunca han sido productivos, -pues siempre han vivido \u201cdel presupuesto p\u00fablico\u201d y de la \u201cpolitiquer\u00eda\u201d-, no entiendan ni reconozcan las aportaciones que los microempresarios hacen a la fortaleza de la econom\u00eda de este pa\u00eds.<\/span><\/p>\n<p class=\"p1\"><span style=\"font-size: 14pt;\">Es inaudito que un gobierno que se considera \u201chumanista\u201d est\u00e9 m\u00e1s preocupado por temas presupuestales, como lo es el monto de lo solicitado por el INE para realizar las elecciones del 2024, o tambi\u00e9n el cuestionamiento a los costos del Poder Judicial, -por poner dos ejemplos-, cuando debiese concentrar toda su atenci\u00f3n en aquello que pone en riesgo la vida de los mexicanos.<\/span><\/p>\n<p class=\"p1\"><span style=\"font-size: 14pt;\">La desaparici\u00f3n y asesinato de cinco j\u00f3venes en Lagos de Moreno, Jalisco, se suma a otros miles de desaparecidos en todo el pa\u00eds, que durante este gobierno suman ya m\u00e1s de 42 mil personas.<\/span><\/p>\n<p class=\"p1\"><span style=\"font-size: 14pt;\">Mientras vemos como aumentan el sadismo y la crueldad con que se ejerce la violencia criminal en este pa\u00eds, en Palacio Nacional la preocupaci\u00f3n es la lucha electoral para retener el poder.<span class=\"Apple-converted-space\">\u00a0<\/span><\/span><\/p>\n<p class=\"p1\"><span style=\"font-size: 14pt;\">El combate \u201cma\u00f1anero\u201d es contra los organismos aut\u00f3nomos, contra el Poder Judicial, contra la prensa y los medios de comunicaci\u00f3n, y contra todos aquellos que se resisten a acatar las \u00f3rdenes presidenciales, y no contra los verdaderos generadores de violencia, esa que vulnera la tranquilidad de las familias de los sectores populares, a las que este gobierno se ufana defender.<\/span><\/p>\n<p class=\"p1\"><span style=\"font-size: 14pt;\">Evidentemente en la \u201cesfera del poder\u201d se vive dentro de una burbuja de sobreprotecci\u00f3n policial para salvaguardar la integridad de los funcionarios y sus familias, y por ello pierden la sensibilidad de los riesgos de la vida cotidiana.<\/span><\/p>\n<p class=\"p1\"><span style=\"font-size: 14pt;\">El combate a la violencia cada vez m\u00e1s parece ser una simulaci\u00f3n.<\/span><\/p>\n<p class=\"p1\"><span style=\"font-size: 14pt;\">En Michoac\u00e1n ya se utilizan drones con explosivos para amedrentar a la poblaci\u00f3n y obligarla a abandonar sus tierras, -lo cual parece ser una t\u00e1ctica de guerra-, digna de aplicarse en la lucha militar en Ucrania, y no en un pa\u00eds que debiese vivir en paz como lo debiese suceder en el nuestro.<\/span><\/p>\n<p class=\"p1\"><span style=\"font-size: 14pt;\">Mientras los drones se adue\u00f1an del cielo de Michoac\u00e1n y transportan granadas, el presidente asigna al Ej\u00e9rcito la operaci\u00f3n de una l\u00ednea a\u00e9rea comercial, Mexicana de Aviaci\u00f3n y la administraci\u00f3n de varios aeropuertos.<\/span><\/p>\n<p class=\"p1\"><span style=\"font-size: 14pt;\">En un pa\u00eds presidencialista como este, -mientras el presidente no de la orden-, el tema de seguridad seguir\u00e1 soslay\u00e1ndose, mostrando \u00e9xitos medi\u00e1ticos que son simplemente simb\u00f3licos, pero sin entrar en soluciones de fondo.<\/span><\/p>\n<p class=\"p1\"><span style=\"font-size: 14pt;\">El Ej\u00e9rcito no utilizar\u00e1 toda su fuerza para pacificar al pa\u00eds, si su comandante supremo no lo autoriza y ordena, pues seguramente la tecnolog\u00eda, informaci\u00f3n, recursos humanos y experiencia para hacerlo, lo tiene de sobra. Nadie duda de la superioridad de nuestro Ej\u00e9rcito sobre todos los grupos delincuenciales juntos.<\/span><\/p>\n<p class=\"p1\"><span style=\"font-size: 14pt;\">Simplemente la formaci\u00f3n profesional de los altos mandos, -educados en el Heroico Colegio Militar-, para asumir las responsabilidades castrenses, es un importante<span class=\"Apple-converted-space\">\u00a0 <\/span>recurso estrat\u00e9gico. La formaci\u00f3n en valores c\u00edvicos que reciben los militares de carrera, genera una vocaci\u00f3n de servicio y disciplina, lo cual les coloca muy por encima de la capacidad operativa de los grupos delincuenciales.<\/span><\/p>\n<p class=\"p1\"><span style=\"font-size: 14pt;\">Sin embargo, -precisamente por su disciplina-, esta instituci\u00f3n debe supeditarse a las encomiendas que le asigne su comandante supremo.<\/span><\/p>\n<p class=\"p1\"><span style=\"font-size: 14pt;\">Por ello no se entiende la raz\u00f3n por la que, -en un contexto de espiral de violencia-, en lugar de concentrarse el Ej\u00e9rcito en la pacificaci\u00f3n del pa\u00eds, el presidente le distrae de su vocaci\u00f3n natural asign\u00e1ndole responsabilidades empresariales.<\/span><\/p>\n<p class=\"p1\"><span style=\"font-size: 14pt;\">La historia pondr\u00e1 todo en su lugar\u2026 y su juicio ser\u00e1 implacable al juzgar a este gobierno.<\/span><\/p>\n<p>&nbsp;<\/p>\n<p class=\"p1\"><span style=\"font-size: 18pt; color: #139eca;\"><strong>APRETANDO TUERCAS<\/strong><\/span><\/p>\n<p class=\"p1\"><span style=\"font-size: 14pt;\">La amenaza del presidente en contra de la prensa ahora la elev\u00f3 en contra de los propietarios de los medios de comunicaci\u00f3n. Eso suced\u00eda hace varios decenios, -en el jur\u00e1sico priista-, cuando a\u00fan no se hab\u00eda consolidado el modelo democr\u00e1tico que hoy defendemos y que est\u00e1 sustentado en la libertad de expresi\u00f3n. Sin embargo\u2026 \u201cno somos iguales\u201d.<\/span><\/p>\n<p>&nbsp;<\/p>\n<p class=\"p1\"><span style=\"font-size: 18pt; color: #139eca;\"><strong>RET\u00d3RICA MAGISTRAL<\/strong><\/span><\/p>\n<p class=\"p1\"><span style=\"font-size: 14pt;\">Cuando el presidente pretende desacreditar a un funcionario de los organismos aut\u00f3nomos, rescata hechos de su trayectoria profesional y la da a conocer d\u00e1ndole un significado negativo.<\/span><\/p>\n<p class=\"p1\"><span style=\"font-size: 14pt;\">Ahora le toc\u00f3 el turno al magistrado Reyes Rodr\u00edguez Mondrag\u00f3n, -presidente del Tribunal Electoral del Poder Judicial de la Federaci\u00f3n-, ser mencionado en la ma\u00f1anera, como represalia por haber impuesto restricciones para que el presidente siguiera hablando de X\u00f3chitl G\u00e1lvez.<span class=\"Apple-converted-space\">\u00a0<\/span><\/span><\/p>\n<p class=\"p1\"><span style=\"font-size: 14pt;\">Sorprende que la estrategia de hoy sea recurrir a una periodista de abrigo blanco que evidentemente se memoriz\u00f3 el guion que le dieron los asesores del presidente. Ella se\u00f1alaba la trayectoria del magistrado Reyes Mondrag\u00f3n, -a quien en tono de denuncia exhibe-, acusando que trabaj\u00f3 directamente para el presidente Calder\u00f3n y para el secretario de gobernaci\u00f3n G\u00f3mez Mont. De este modo daba pie al presidente para subirse en este tema con gran sorpresa.<span class=\"Apple-converted-space\">\u00a0<\/span><\/span><\/p>\n<p class=\"p1\"><span style=\"font-size: 14pt;\">C\u00f3mo se puede denigrar al periodismo someti\u00e9ndose al poder.<span class=\"Apple-converted-space\">\u00a0<\/span><\/span><\/p>\n<p>&nbsp;<\/p>\n<p class=\"p1\"><span style=\"font-size: 18pt;\"><strong>\u00bfA usted qu\u00e9 le parece?<\/strong><\/span><\/p>\n<p>&nbsp;<\/p>\n<hr \/>\n<p>&nbsp;<\/p>\n<p class=\"p1\"><span style=\"font-size: 18pt;\"><strong>Facebook:<a href=\"https:\/\/www.facebook.com\/Ricardo.Homs1\">@Ricardo.Homs1<\/a><\/strong><\/span><\/p>\n<p class=\"p1\"><span style=\"font-size: 18pt;\"><strong>Twitter:\u00a0<\/strong><a href=\"https:\/\/twitter.com\/homsricardo\"><strong>@homsricardo<\/strong><\/a><\/span><\/p>\n<p class=\"p1\"><span style=\"font-size: 18pt;\"><strong>LinkedIn: <a href=\"https:\/\/www.linkedin.com\/in\/ricardo-homs-3920449\/?originalSubdomain=mx\">RicardoHoms<\/a><\/strong><\/span><\/p>\n<p class=\"p1\"><span style=\"font-size: 18pt;\"><a href=\"https:\/\/ricardohoms.com\/\"><strong>www.ricardohoms.com<\/strong><\/a><\/span><\/p>\n<p>&nbsp;<\/p>\n<p><img data-recalc-dims=\"1\" loading=\"lazy\" decoding=\"async\" class=\"aligncenter wp-image-14351\" src=\"https:\/\/i0.wp.com\/politicosaldesnudo.com.mx\/wp-content\/uploads\/2023\/01\/FIRMA-EDITORIAL-PD-300x37.png?resize=800%2C98&#038;ssl=1\" alt=\"\" width=\"800\" height=\"98\" srcset=\"https:\/\/i0.wp.com\/politicosaldesnudo.com.mx\/wp-content\/uploads\/2023\/01\/FIRMA-EDITORIAL-PD.png?resize=300%2C37&amp;ssl=1 300w, https:\/\/i0.wp.com\/politicosaldesnudo.com.mx\/wp-content\/uploads\/2023\/01\/FIRMA-EDITORIAL-PD.png?resize=1024%2C125&amp;ssl=1 1024w, https:\/\/i0.wp.com\/politicosaldesnudo.com.mx\/wp-content\/uploads\/2023\/01\/FIRMA-EDITORIAL-PD.png?resize=768%2C94&amp;ssl=1 768w, https:\/\/i0.wp.com\/politicosaldesnudo.com.mx\/wp-content\/uploads\/2023\/01\/FIRMA-EDITORIAL-PD.png?resize=1536%2C188&amp;ssl=1 1536w, https:\/\/i0.wp.com\/politicosaldesnudo.com.mx\/wp-content\/uploads\/2023\/01\/FIRMA-EDITORIAL-PD.png?resize=2048%2C250&amp;ssl=1 2048w, https:\/\/i0.wp.com\/politicosaldesnudo.com.mx\/wp-content\/uploads\/2023\/01\/FIRMA-EDITORIAL-PD.png?w=1600&amp;ssl=1 1600w, https:\/\/i0.wp.com\/politicosaldesnudo.com.mx\/wp-content\/uploads\/2023\/01\/FIRMA-EDITORIAL-PD.png?w=2400&amp;ssl=1 2400w\" sizes=\"auto, (max-width: 800px) 100vw, 800px\" \/><\/p>\n<p>&nbsp;<\/p>\n<p>&nbsp;<\/p>\n<p>&nbsp;<\/p>\n<p>&nbsp;<\/p>\n","protected":false},"excerpt":{"rendered":"<p>&nbsp; Por Ricardo Homs Llama la atenci\u00f3n que el gobierno \u201cm\u00e1s humanista\u201d de la historia de M\u00e9xico, no muestre solidaridad<\/p>\n","protected":false},"author":4,"featured_media":3778,"comment_status":"closed","ping_status":"closed","sticky":false,"template":"","format":"standard","meta":{"colormag_page_container_layout":"default_layout","colormag_page_sidebar_layout":"default_layout","_jetpack_memberships_contains_paid_content":false,"footnotes":"","jetpack_publicize_message":"","jetpack_publicize_feature_enabled":true,"jetpack_social_post_already_shared":false,"jetpack_social_options":{"image_generator_settings":{"template":"highway","default_image_id":0,"font":"","enabled":false},"version":2}},"categories":[26],"tags":[],"class_list":["post-23250","post","type-post","status-publish","format-standard","has-post-thumbnail","hentry","category-columnistas"],"jetpack_publicize_connections":[],"jetpack_featured_media_url":"https:\/\/i0.wp.com\/politicosaldesnudo.com.mx\/wp-content\/uploads\/2022\/04\/RICARDO-HOMS.png?fit=1816%2C1016&ssl=1","jetpack-related-posts":[],"jetpack_sharing_enabled":true,"_links":{"self":[{"href":"https:\/\/politicosaldesnudo.com.mx\/index.php\/wp-json\/wp\/v2\/posts\/23250","targetHints":{"allow":["GET"]}}],"collection":[{"href":"https:\/\/politicosaldesnudo.com.mx\/index.php\/wp-json\/wp\/v2\/posts"}],"about":[{"href":"https:\/\/politicosaldesnudo.com.mx\/index.php\/wp-json\/wp\/v2\/types\/post"}],"author":[{"embeddable":true,"href":"https:\/\/politicosaldesnudo.com.mx\/index.php\/wp-json\/wp\/v2\/users\/4"}],"replies":[{"embeddable":true,"href":"https:\/\/politicosaldesnudo.com.mx\/index.php\/wp-json\/wp\/v2\/comments?post=23250"}],"version-history":[{"count":0,"href":"https:\/\/politicosaldesnudo.com.mx\/index.php\/wp-json\/wp\/v2\/posts\/23250\/revisions"}],"wp:featuredmedia":[{"embeddable":true,"href":"https:\/\/politicosaldesnudo.com.mx\/index.php\/wp-json\/wp\/v2\/media\/3778"}],"wp:attachment":[{"href":"https:\/\/politicosaldesnudo.com.mx\/index.php\/wp-json\/wp\/v2\/media?parent=23250"}],"wp:term":[{"taxonomy":"category","embeddable":true,"href":"https:\/\/politicosaldesnudo.com.mx\/index.php\/wp-json\/wp\/v2\/categories?post=23250"},{"taxonomy":"post_tag","embeddable":true,"href":"https:\/\/politicosaldesnudo.com.mx\/index.php\/wp-json\/wp\/v2\/tags?post=23250"}],"curies":[{"name":"wp","href":"https:\/\/api.w.org\/{rel}","templated":true}]}}