{"id":23272,"date":"2023-08-21T02:09:16","date_gmt":"2023-08-21T07:09:16","guid":{"rendered":"https:\/\/politicosaldesnudo.com.mx\/?p=23272"},"modified":"2023-08-21T02:09:22","modified_gmt":"2023-08-21T07:09:22","slug":"denuncio-morena-desoyo-palacio-callo-y-ebrard-exploto","status":"publish","type":"post","link":"https:\/\/politicosaldesnudo.com.mx\/index.php\/2023\/08\/21\/denuncio-morena-desoyo-palacio-callo-y-ebrard-exploto\/","title":{"rendered":"Denunci\u00f3, Morena desoy\u00f3, Palacio call\u00f3 y Ebrard explot\u00f3"},"content":{"rendered":"<p>&nbsp;<\/p>\n<p class=\"p1\"><span style=\"font-size: 18pt;\"><b>Por Jos\u00e9 Ure\u00f1a<\/b><\/span><\/p>\n<p class=\"p1\"><span style=\"font-size: 14pt;\">En esa frase se sintetiza esta historia. Y el sufrimiento actual del poder:<\/span><\/p>\n<p class=\"p1\"><span style=\"font-size: 14pt;\">El drama del Gobierno, la duda sobre la palabra presidencial, los o\u00eddos sordos del Consejo de\u00a0Alfonso Durazo\u00a0y la ceguera de\u00a0Mario Delgado.<\/span><\/p>\n<p class=\"p1\"><span style=\"font-size: 14pt;\">Y tras todo eso, el esc\u00e1ndalo may\u00fasculo por el uso de recursos p\u00fablicos en espectaculares pagados por nadie, las bardas sin due\u00f1o, los acarreos\u00a0espont\u00e1neos, las multitudes entregadas a su futuro dios o diosa. Todo en cursivas.<\/span><\/p>\n<p class=\"p1\"><span style=\"font-size: 14pt;\">Usted se enter\u00f3 primero de todo en Tel\u00e9fono Rojo y 24 Horas el 10 de agosto, cuando dimos la primicia sobre la denuncia de Marcelo Ebrard a la c\u00fapula de su partido.<\/span><\/p>\n<p class=\"p1\"><span style=\"font-size: 14pt;\">Morena incurre en los peores vicios: Ebrard al Consejo Nacional.<\/span><\/p>\n<p class=\"p1\"><span style=\"font-size: 14pt;\">Ah\u00ed dimos cuenta de todo a partir del documento firmado por el equipo de campa\u00f1a del excanciller y entregado por su representante ante el partido,\u00a0Carlos Palacios.<\/span><\/p>\n<p class=\"p1\"><span style=\"font-size: 14pt;\">En un extenso anexo incluy\u00f3 muchas pruebas con nombres de funcionarios, cargos en el erario, acciones indebidas y un se\u00f1alamiento preciso:<\/span><\/p>\n<p class=\"p1\"><span style=\"font-size: 14pt;\">\u201cConductas, actividades y diversos acontecimientos que cre\u00edamos ya eliminados de la vida democr\u00e1tica del pa\u00eds y de nuestro movimiento\u201d.<\/span><\/p>\n<p class=\"p1\"><span style=\"font-size: 18pt; color: #139eca;\"><b>LA EXONERACI\u00d3N PREVISIBLE<\/b><\/span><\/p>\n<p class=\"p1\"><span style=\"font-size: 14pt;\">El documento fue entregado a este reportero con un\u00a0\u00a1mira!\u00a0de un cercano colaborador de\u00a0Mario Delgado\u00a0y hoy ya es historia con previsible final (exoneraci\u00f3n) judicial: hay delito, habr\u00e1 denuncia, pero\u2026 \u00bfhabr\u00e1 investigaci\u00f3n?<\/span><\/p>\n<p class=\"p1\"><span style=\"font-size: 14pt;\">Dude usted y acertar\u00e1: no actuar\u00e1n ni el Fiscal Especial en Delitos Electorales,\u00a0Jos\u00e9 Agust\u00edn Ortiz Pinchetti\u00a0-exsecretario de Gobierno de\u00a0Andr\u00e9s Manuel L\u00f3pez Obrador\u00a0en el DDF- ni el fiscal General de la Rep\u00fablica,\u00a0Alejandro Gertz Manero.<\/span><\/p>\n<p class=\"p1\"><span style=\"font-size: 14pt;\">Ebrard\u00a0fue transparente:<\/span><\/p>\n<p class=\"p1\"><span style=\"font-size: 14pt;\">\u201cEs inadmisible imaginar que despu\u00e9s de tantos a\u00f1os de lucha, el despilfarro publicitario, el uso de estructuras oficiales y\/o pr\u00e1cticas que condicionan y amenazan situaciones laborales, se han convertido en pr\u00e1cticas predominantes y comunes en este proceso tan importante para el movimiento\u2026\u201d.<\/span><\/p>\n<p class=\"p1\"><span style=\"font-size: 14pt;\">Las denuncias colocan a\u00a0Marcelo\u00a0ante una disyuntiva: o denuncia y enfrenta las consecuencias, o se doblega ante quien manda en este pa\u00eds, en Morena y hasta en las anomal\u00edas porque \u201cno me vengan con que la ley es la ley\u201d.\u00a0<\/span><\/p>\n<p>&nbsp;<\/p>\n<p class=\"p1\"><span style=\"font-size: 18pt; color: #139eca;\"><b>LA EXALTACI\u00d3N DEL DELITO<\/b><\/span><\/p>\n<p class=\"p1\"><span style=\"font-size: 14pt;\">La educaci\u00f3n mexicana iniciar\u00e1 el lunes su camino hacia su nuevo destino.<\/span><\/p>\n<p class=\"p1\"><span style=\"font-size: 14pt;\">Ideologizado, con libros plagados de textos y consignas, de enaltecimiento del delito como v\u00eda reivindicatoria de justicia, de desprecio a la ciencia y al desarrollo\u2026<\/span><\/p>\n<p class=\"p1\"><span style=\"font-size: 14pt;\">El 21 se instalar\u00e1n los llamados consejos t\u00e9cnicos de las escuelas, tan anacr\u00f3nicos como disfuncionales, para estudiar al vapor las gu\u00edas con las cuales explicar\u00e1n los libros de texto.<\/span><\/p>\n<p class=\"p1\"><span style=\"font-size: 14pt;\">Y el 28 estar\u00e1n ante los alumnos para cumplir la instrucci\u00f3n gubernamental la mayor\u00eda de los estados: los morenistas incondicionalmente, algunos opositores con reservas y de plano Chihuahua, Coahuila, Jalisco y Aguascalientes no.<\/span><\/p>\n<p class=\"p1\"><span style=\"font-size: 14pt;\">De los panistas faltan Quer\u00e9taro de\u00a0Mauricio Kuri\u00a0y Yucat\u00e1n de\u00a0Mauricio Vila.<\/span><\/p>\n<p class=\"p1\"><span style=\"font-size: 14pt;\">Habr\u00e1 monitoreo de todos lados: del Gobierno federal para asegurar su doctrina, de los padres de familia para velar por sus hijos y del SNTE de\u00a0Alfonso Cepeda\u00a0con la recomendaci\u00f3n de cuidar a los maestros y la libertad de c\u00e1tedra.<\/span><\/p>\n<p>&nbsp;<\/p>\n<hr \/>\n<p>&nbsp;<\/p>\n<p class=\"p3\"><strong><span style=\"font-size: 18pt;\"><span class=\"s2\">Twitter: <a href=\"https:\/\/twitter.com\/urenajose1\">@urenajose1<\/a><\/span><\/span><\/strong><\/p>\n<p>&nbsp;<\/p>\n<p><img data-recalc-dims=\"1\" loading=\"lazy\" decoding=\"async\" class=\"aligncenter wp-image-14351\" src=\"https:\/\/i0.wp.com\/politicosaldesnudo.com.mx\/wp-content\/uploads\/2023\/01\/FIRMA-EDITORIAL-PD-300x37.png?resize=800%2C98&#038;ssl=1\" alt=\"\" width=\"800\" height=\"98\" srcset=\"https:\/\/i0.wp.com\/politicosaldesnudo.com.mx\/wp-content\/uploads\/2023\/01\/FIRMA-EDITORIAL-PD.png?resize=300%2C37&amp;ssl=1 300w, https:\/\/i0.wp.com\/politicosaldesnudo.com.mx\/wp-content\/uploads\/2023\/01\/FIRMA-EDITORIAL-PD.png?resize=1024%2C125&amp;ssl=1 1024w, https:\/\/i0.wp.com\/politicosaldesnudo.com.mx\/wp-content\/uploads\/2023\/01\/FIRMA-EDITORIAL-PD.png?resize=768%2C94&amp;ssl=1 768w, https:\/\/i0.wp.com\/politicosaldesnudo.com.mx\/wp-content\/uploads\/2023\/01\/FIRMA-EDITORIAL-PD.png?resize=1536%2C188&amp;ssl=1 1536w, https:\/\/i0.wp.com\/politicosaldesnudo.com.mx\/wp-content\/uploads\/2023\/01\/FIRMA-EDITORIAL-PD.png?resize=2048%2C250&amp;ssl=1 2048w, https:\/\/i0.wp.com\/politicosaldesnudo.com.mx\/wp-content\/uploads\/2023\/01\/FIRMA-EDITORIAL-PD.png?w=1600&amp;ssl=1 1600w, https:\/\/i0.wp.com\/politicosaldesnudo.com.mx\/wp-content\/uploads\/2023\/01\/FIRMA-EDITORIAL-PD.png?w=2400&amp;ssl=1 2400w\" sizes=\"auto, (max-width: 800px) 100vw, 800px\" \/><\/p>\n<p>&nbsp;<\/p>\n<p>&nbsp;<\/p>\n<p>&nbsp;<\/p>\n<p>&nbsp;<\/p>\n","protected":false},"excerpt":{"rendered":"<p>&nbsp; Por Jos\u00e9 Ure\u00f1a En esa frase se sintetiza esta historia. Y el sufrimiento actual del poder: El drama del<\/p>\n","protected":false},"author":4,"featured_media":4036,"comment_status":"closed","ping_status":"closed","sticky":false,"template":"","format":"standard","meta":{"colormag_page_container_layout":"default_layout","colormag_page_sidebar_layout":"default_layout","_jetpack_memberships_contains_paid_content":false,"footnotes":"","jetpack_publicize_message":"","jetpack_publicize_feature_enabled":true,"jetpack_social_post_already_shared":false,"jetpack_social_options":{"image_generator_settings":{"template":"highway","default_image_id":0,"font":"","enabled":false},"version":2}},"categories":[26],"tags":[],"class_list":["post-23272","post","type-post","status-publish","format-standard","has-post-thumbnail","hentry","category-columnistas"],"jetpack_publicize_connections":[],"jetpack_featured_media_url":"https:\/\/i0.wp.com\/politicosaldesnudo.com.mx\/wp-content\/uploads\/2022\/04\/JOSE%CC%81-UREN%CC%83A-1.png?fit=1816%2C1016&ssl=1","jetpack-related-posts":[],"jetpack_sharing_enabled":true,"_links":{"self":[{"href":"https:\/\/politicosaldesnudo.com.mx\/index.php\/wp-json\/wp\/v2\/posts\/23272","targetHints":{"allow":["GET"]}}],"collection":[{"href":"https:\/\/politicosaldesnudo.com.mx\/index.php\/wp-json\/wp\/v2\/posts"}],"about":[{"href":"https:\/\/politicosaldesnudo.com.mx\/index.php\/wp-json\/wp\/v2\/types\/post"}],"author":[{"embeddable":true,"href":"https:\/\/politicosaldesnudo.com.mx\/index.php\/wp-json\/wp\/v2\/users\/4"}],"replies":[{"embeddable":true,"href":"https:\/\/politicosaldesnudo.com.mx\/index.php\/wp-json\/wp\/v2\/comments?post=23272"}],"version-history":[{"count":0,"href":"https:\/\/politicosaldesnudo.com.mx\/index.php\/wp-json\/wp\/v2\/posts\/23272\/revisions"}],"wp:featuredmedia":[{"embeddable":true,"href":"https:\/\/politicosaldesnudo.com.mx\/index.php\/wp-json\/wp\/v2\/media\/4036"}],"wp:attachment":[{"href":"https:\/\/politicosaldesnudo.com.mx\/index.php\/wp-json\/wp\/v2\/media?parent=23272"}],"wp:term":[{"taxonomy":"category","embeddable":true,"href":"https:\/\/politicosaldesnudo.com.mx\/index.php\/wp-json\/wp\/v2\/categories?post=23272"},{"taxonomy":"post_tag","embeddable":true,"href":"https:\/\/politicosaldesnudo.com.mx\/index.php\/wp-json\/wp\/v2\/tags?post=23272"}],"curies":[{"name":"wp","href":"https:\/\/api.w.org\/{rel}","templated":true}]}}