{"id":23376,"date":"2023-08-23T05:01:14","date_gmt":"2023-08-23T10:01:14","guid":{"rendered":"https:\/\/politicosaldesnudo.com.mx\/?p=23376"},"modified":"2023-08-23T08:32:06","modified_gmt":"2023-08-23T13:32:06","slug":"el-infierno-de-dante","status":"publish","type":"post","link":"https:\/\/politicosaldesnudo.com.mx\/index.php\/2023\/08\/23\/el-infierno-de-dante\/","title":{"rendered":"El infierno de Dante"},"content":{"rendered":"<p class=\"p1\">\n<p>&nbsp;<\/p>\n<p class=\"p1\"><span style=\"font-size: 18pt;\"><strong>Por Aurelio Contreras Moreno<\/strong><\/span><\/p>\n<p class=\"p1\"><span style=\"font-size: 14pt;\">La sistem\u00e1tica negativa de Dante Delgado Rannauro a hacer un solo bloque opositor para enfrentar a Morena en las elecciones del a\u00f1o entrante le ha valido varios cuestionamientos acerca del verdadero papel que juega Movimiento Ciudadano frente al obradorato.<\/span><\/p>\n<p class=\"p1\"><span style=\"font-size: 14pt;\">Dante Delgado alega que \u201ccon el PRI ni a la esquina\u201d, como justificaci\u00f3n para rechazar la integraci\u00f3n de una sola coalici\u00f3n opositora, como si se tratase de un asunto de pureza ideol\u00f3gica, cuando en realidad eso nunca ha sido un problema para el dirigente nacional del partido naranja.<\/span><\/p>\n<p class=\"p1\"><span style=\"font-size: 14pt;\">Baste recordar que en la elecci\u00f3n estatal de 2018 en Veracruz, Movimiento Ciudadano abander\u00f3 como candidato a la gubernatura a Miguel \u00c1ngel Yunes M\u00e1rquez, hijo de Miguel \u00c1ngel Yunes Linares, quien como secretario de Gobierno se encarg\u00f3 de encarcelar a Delgado Rannauro en el ya lejano a\u00f1o de 1996, y que al momento de esa elecci\u00f3n era gobernador y quer\u00eda heredarle el poder a su v\u00e1stago. Dante no tuvo ning\u00fan reparo por los viejos agravios y actu\u00f3 como siempre lo ha hecho: con enorme pragmatismo pol\u00edtico.<\/span><\/p>\n<p class=\"p1\"><span style=\"font-size: 14pt;\">Eso es precisamente lo que le ha permitido a su partido, fundado en 1999, sobrevivir durante casi 25 a\u00f1os. Primero como Convergencia por la Democracia, luego simplemente Convergencia y desde 2011 como Movimiento Ciudadano. Siempre bajo su f\u00e9rula.<\/span><\/p>\n<p class=\"p1\"><span style=\"font-size: 14pt;\">Nada indica que haya cambiado su manera de hacer pol\u00edtica. Y por eso es que genera sospechas \u2013que para algunos son fuertes certezas- sobre su rol en la contienda electoral en puerta el que se niegue rotundamente a integrar un solo bloque opositor, para en su lugar apostar por fraccionar el voto anti-Morena, lo cual evidentemente beneficia al obradorato en su intentona por mantenerse en el poder y apoderarse de todas las instituciones.<\/span><\/p>\n<p class=\"p1\"><span style=\"font-size: 14pt;\">No hay que olvidar que en las elecciones de 2006 y 2012, Dante y su partido abanderaron a Andr\u00e9s Manuel L\u00f3pez Obrador como candidato presidencial. Y aun cuando para 2018 se dio una aparente ruptura entre ambos y el ex gobernador veracruzano ha criticado fuertemente al presidente, en los hechos pareciera haber en realidad un pacto soterrado, cuya ganancia es la supervivencia de Movimiento Ciudadano, su acceso a m\u00e1s posiciones de poder y, por supuesto, el disfrute de las prerrogativas.<\/span><\/p>\n<p class=\"p1\"><span style=\"font-size: 14pt;\">Sin embargo, el panorama est\u00e1 a punto de dar un vuelco. Este martes, el gobernador de Jalisco Enrique Alfaro, el primero en llegar a esa posici\u00f3n bajo los colores de Movimiento Ciudadano, pr\u00e1cticamente rompi\u00f3 con Dante Delgado al acusar imposiciones y decisiones equivocadas de las que, dijo, no est\u00e1 dispuesto a seguir participando.<\/span><\/p>\n<p class=\"p1\"><span style=\"font-size: 14pt;\">\u201cYo ya no tengo inter\u00e9s de participar en un proyecto que no entiendo, que se construye de manera unilateral y que simple y sencillamente nos quiere someter a todos a la voluntad de quienes coordinan el partido a nivel nacional\u201d, declar\u00f3 Alfaro, quien es por mucho el activo pol\u00edtico m\u00e1s importante de Movimiento Ciudadano de todo el pa\u00eds, tan solo por lo que representa el estado de Jalisco en t\u00e9rminos de padr\u00f3n y estructura electoral.<\/span><\/p>\n<p class=\"p1\"><span style=\"font-size: 14pt;\">Afirm\u00f3 que \u201cno hay claridad de lo que se est\u00e1 haciendo y se est\u00e1n cometiendo errores muy graves\u201d, por lo que de plano se deslind\u00f3 de MC y de Dante. \u201cQue cada quien asuma su responsabilidad, yo no ser\u00e9 parte de estas decisiones\u201d, sentenci\u00f3.<\/span><\/p>\n<p class=\"p1\"><span style=\"font-size: 14pt;\">Perder el estado de Jalisco ser\u00eda letal para Movimiento Ciudadano, pues aunque gobierna tambi\u00e9n una entidad pr\u00f3spera en recursos como Nuevo Le\u00f3n, en t\u00e9rminos de militancia, padr\u00f3n electoral y estructura pol\u00edtica no pinta frente a Jalisco. Adem\u00e1s de que el gobernador neoleon\u00e9s, Samuel Garc\u00eda, gan\u00f3 su elecci\u00f3n pr\u00e1cticamente como el \u201cburro que toc\u00f3 la flauta\u201d. Casi por casualidad.<\/span><\/p>\n<p class=\"p1\"><span style=\"font-size: 14pt;\">El emecismo jalisciense ya hab\u00eda puesto sobre la mesa la posibilidad de al menos discutir su incorporaci\u00f3n al bloque opositor, en el que participan PAN y PRD junto con el PRI no porque compartan algo en lo ideol\u00f3gico o se caigan muy bien, sino por mero pragmatismo \u2013en lo que Dante es un maestro- para poder hacer frente al morenato y la elecci\u00f3n de Estado que se avecina.<\/span><\/p>\n<p class=\"p1\"><span style=\"font-size: 14pt;\">Dante Delgado ha permanecido impasible ante esos llamados y se aferra a no entablar alianza alguna. En una de \u00e9sas, termina hasta sin partido.<\/span><\/p>\n<p>&nbsp;<\/p>\n<hr \/>\n<p>&nbsp;<\/p>\n<p class=\"p1\"><span style=\"font-size: 18pt;\"><strong>Correo: <a href=\"mailto:aureliocontreras@gmail.com\">aureliocontreras@gmail.com<\/a><\/strong><\/span><\/p>\n<p class=\"p1\"><span style=\"font-size: 18pt;\"><strong>Twitter: <a href=\"http:\/\/www.twitter.com\/yeyocontreras\">@yeyocontreras<\/a><\/strong><\/span><\/p>\n<p>&nbsp;<\/p>\n<p><img data-recalc-dims=\"1\" loading=\"lazy\" decoding=\"async\" class=\"aligncenter wp-image-14351\" src=\"https:\/\/i0.wp.com\/politicosaldesnudo.com.mx\/wp-content\/uploads\/2023\/01\/FIRMA-EDITORIAL-PD-300x37.png?resize=800%2C98&#038;ssl=1\" alt=\"\" width=\"800\" height=\"98\" srcset=\"https:\/\/i0.wp.com\/politicosaldesnudo.com.mx\/wp-content\/uploads\/2023\/01\/FIRMA-EDITORIAL-PD.png?resize=300%2C37&amp;ssl=1 300w, https:\/\/i0.wp.com\/politicosaldesnudo.com.mx\/wp-content\/uploads\/2023\/01\/FIRMA-EDITORIAL-PD.png?resize=1024%2C125&amp;ssl=1 1024w, https:\/\/i0.wp.com\/politicosaldesnudo.com.mx\/wp-content\/uploads\/2023\/01\/FIRMA-EDITORIAL-PD.png?resize=768%2C94&amp;ssl=1 768w, https:\/\/i0.wp.com\/politicosaldesnudo.com.mx\/wp-content\/uploads\/2023\/01\/FIRMA-EDITORIAL-PD.png?resize=1536%2C188&amp;ssl=1 1536w, https:\/\/i0.wp.com\/politicosaldesnudo.com.mx\/wp-content\/uploads\/2023\/01\/FIRMA-EDITORIAL-PD.png?resize=2048%2C250&amp;ssl=1 2048w, https:\/\/i0.wp.com\/politicosaldesnudo.com.mx\/wp-content\/uploads\/2023\/01\/FIRMA-EDITORIAL-PD.png?w=1600&amp;ssl=1 1600w, https:\/\/i0.wp.com\/politicosaldesnudo.com.mx\/wp-content\/uploads\/2023\/01\/FIRMA-EDITORIAL-PD.png?w=2400&amp;ssl=1 2400w\" sizes=\"auto, (max-width: 800px) 100vw, 800px\" \/><\/p>\n<p>&nbsp;<\/p>\n<p>&nbsp;<\/p>\n<p>&nbsp;<\/p>\n<p>&nbsp;<\/p>\n","protected":false},"excerpt":{"rendered":"<p>&nbsp; Por Aurelio Contreras Moreno La sistem\u00e1tica negativa de Dante Delgado Rannauro a hacer un solo bloque opositor para enfrentar<\/p>\n","protected":false},"author":4,"featured_media":4397,"comment_status":"closed","ping_status":"closed","sticky":false,"template":"","format":"standard","meta":{"colormag_page_container_layout":"default_layout","colormag_page_sidebar_layout":"default_layout","_jetpack_memberships_contains_paid_content":false,"footnotes":"","jetpack_publicize_message":"","jetpack_publicize_feature_enabled":true,"jetpack_social_post_already_shared":false,"jetpack_social_options":{"image_generator_settings":{"template":"highway","default_image_id":0,"font":"","enabled":false},"version":2}},"categories":[26],"tags":[],"class_list":["post-23376","post","type-post","status-publish","format-standard","has-post-thumbnail","hentry","category-columnistas"],"jetpack_publicize_connections":[],"jetpack_featured_media_url":"https:\/\/i0.wp.com\/politicosaldesnudo.com.mx\/wp-content\/uploads\/2022\/04\/AURELIO-CONTRERAS-MORENO-1.png?fit=1816%2C1016&ssl=1","jetpack-related-posts":[],"jetpack_sharing_enabled":true,"_links":{"self":[{"href":"https:\/\/politicosaldesnudo.com.mx\/index.php\/wp-json\/wp\/v2\/posts\/23376","targetHints":{"allow":["GET"]}}],"collection":[{"href":"https:\/\/politicosaldesnudo.com.mx\/index.php\/wp-json\/wp\/v2\/posts"}],"about":[{"href":"https:\/\/politicosaldesnudo.com.mx\/index.php\/wp-json\/wp\/v2\/types\/post"}],"author":[{"embeddable":true,"href":"https:\/\/politicosaldesnudo.com.mx\/index.php\/wp-json\/wp\/v2\/users\/4"}],"replies":[{"embeddable":true,"href":"https:\/\/politicosaldesnudo.com.mx\/index.php\/wp-json\/wp\/v2\/comments?post=23376"}],"version-history":[{"count":0,"href":"https:\/\/politicosaldesnudo.com.mx\/index.php\/wp-json\/wp\/v2\/posts\/23376\/revisions"}],"wp:featuredmedia":[{"embeddable":true,"href":"https:\/\/politicosaldesnudo.com.mx\/index.php\/wp-json\/wp\/v2\/media\/4397"}],"wp:attachment":[{"href":"https:\/\/politicosaldesnudo.com.mx\/index.php\/wp-json\/wp\/v2\/media?parent=23376"}],"wp:term":[{"taxonomy":"category","embeddable":true,"href":"https:\/\/politicosaldesnudo.com.mx\/index.php\/wp-json\/wp\/v2\/categories?post=23376"},{"taxonomy":"post_tag","embeddable":true,"href":"https:\/\/politicosaldesnudo.com.mx\/index.php\/wp-json\/wp\/v2\/tags?post=23376"}],"curies":[{"name":"wp","href":"https:\/\/api.w.org\/{rel}","templated":true}]}}