{"id":23390,"date":"2023-08-24T06:50:34","date_gmt":"2023-08-24T11:50:34","guid":{"rendered":"https:\/\/politicosaldesnudo.com.mx\/?p=23390"},"modified":"2023-08-24T06:52:06","modified_gmt":"2023-08-24T11:52:06","slug":"desapariciones-forzadas","status":"publish","type":"post","link":"https:\/\/politicosaldesnudo.com.mx\/index.php\/2023\/08\/24\/desapariciones-forzadas\/","title":{"rendered":"Desapariciones forzadas"},"content":{"rendered":"<p>&nbsp;<\/p>\n<p class=\"p1\"><span style=\"font-size: 18pt;\"><strong>Por Dra. Zaida Alicia Llad\u00f3 Castillo<\/strong><\/span><\/p>\n<p>&nbsp;<\/p>\n<p>&nbsp;<\/p>\n<p class=\"p1\" style=\"text-align: center;\"><em><span style=\"font-size: 18pt;\"><strong>\u201cCuando un jueves de abril de 1977, a las cinco de la tarde, catorce mujeres entre los 40 y 60 a\u00f1os, madres de desaparecidos, desaf\u00edan la prohibici\u00f3n del derecho de reuni\u00f3n promulgada por la todopoderosa Junta Militar y manifiestan, en la Plaza de Mayo de Buenos Aires, Argentina, su dolor y su rechazo a ser despedidas sin respuesta del Tribunal de Ministerio, los generales pierden su primera batalla\u201d<\/strong><\/span><\/em><\/p>\n<p class=\"p1\" style=\"text-align: center;\"><span style=\"font-size: 18pt;\">\u2014 Jean Pierre-Bousquet, periodista \u2014<\/span><\/p>\n<p>&nbsp;<\/p>\n<p>&nbsp;<\/p>\n<p class=\"p1\"><span style=\"font-size: 14pt;\">El 30 de agosto pr\u00f3ximo, se celebra el <strong>D\u00eda Internacional de las V\u00edctimas de Desapariciones Forzadas<\/strong> y por supuesto que el tema toma relevancia en funci\u00f3n de la realidad que hoy vivimos en el mundo: violencia, delincuencia y abuso de poder por parte de las Fuerzas del Orden, expresada en persecuciones, detenciones, levantones, extorsiones, represiones, desapariciones y cr\u00edmenes.<span class=\"Apple-converted-space\">\u00a0<\/span><\/span><\/p>\n<p class=\"p1\"><span style=\"font-size: 14pt;\">Y es que el problema de las desapariciones forzadas y otros delitos que se vinculan a estas ha ido en aumento en el mundo y por desgracia tambi\u00e9n en nuestro pa\u00eds. Es un fen\u00f3meno que, por ser ya constante tiende a \u201cnormalizarse\u201d, vi\u00e9ndose como cotidiano y haci\u00e9ndonos insensibles de su gravedad. Y eso es terrible, porque ya no nos sorprende, que todos los d\u00edas aparezca una nueva noticia de una tragedia en donde los desaparecidos son ni\u00f1os, j\u00f3venes, mujeres, etc. Y los m\u00e1s lamentable, vemos muchas conferencias de las autoridades, describiendo hechos como si fueran reporteros en lugar de funcionarios, demostrando muy poca efectividad en cuanto a recuperar a los desaparecidos y darles tranquilidad a sus familias. De ah\u00ed que se asuma, que intencionalmente, la respuesta sea evasiva, lenta o nula.<span class=\"Apple-converted-space\">\u00a0<\/span><\/span><\/p>\n<p class=\"p1\"><span style=\"font-size: 14pt;\">Existen antecedentes de desapariciones forzadas en muchas etapas dolorosas de la humanidad; en el pasado fue utilizada como estrategia o t\u00e9cnica represiva, particularmente en los conflictos b\u00e9licos entre naciones, consistiendo en desaparecer personas y dejar a sus familias y allegados en la incertidumbre sobre su destino, producto de la acci\u00f3n de estados opresores y autoritarios. En la Alemania Nazi, en la Segunda Guerra Mundial (1937-1945), adquiri\u00f3 el nombre de \u201cNacht und Nebel (Noche de Niebla), derivado de la orden militar que el General Wilhelm Keitel daba para destruir las redes de resistencia de los pa\u00edses europeos en guerra. Dicha estrategia perversa llevaba dos objetivos: 1) crear incertidumbre (terror) e 2) imponer la autoridad a trav\u00e9s de la persecuci\u00f3n y la violencia llevando a detener y\/o desaparecer a quienes se resist\u00edan u opon\u00edan a las \u00f3rdenes de un poder central.<span class=\"Apple-converted-space\">\u00a0<\/span><\/span><\/p>\n<p class=\"p1\"><span style=\"font-size: 14pt;\">En Latinoam\u00e9rica, fueron emblem\u00e1ticos los casos de desapariciones, particularmente en Argentina en los a\u00f1os 70. Y dec\u00edan sus pobladores, que, cuando alguien era llevado en un \u201cFord Falcon Verde\u201d los familiares y vecinos entend\u00edan pronto que hab\u00eda poca esperanza de volver a ver a la persona desaparecida. A esta estrategia se le denominaba <strong>\u201cOperaci\u00f3n Condor\u201d<\/strong>, y no era m\u00e1s que la coordinaci\u00f3n clandestina de los levantones y desapariciones en donde el poder policiaco-militar, actuaba con total impunidad contra cualquier persona se\u00f1alada como su \u201cenemigo\u201d. Las desapariciones forzadas no solo funcionaban entonces, para crear incertidumbre o detener opositores al r\u00e9gimen, sino lo peor era, que serv\u00edan tambi\u00e9n para camuflar a los verdaderos responsables de los delitos.<span class=\"Apple-converted-space\">\u00a0<\/span><\/span><\/p>\n<p class=\"p1\"><span style=\"font-size: 14pt;\">Los casos proliferaron r\u00e1pidamente en el mundo, siendo evidente que eran propiciados por los gobiernos nacionales que utilizaban a sus cuerpos de seguridad o militares ( o a sus fuerzas clandestinas) para acallar, perseguir, amedrentar o desaparecer a las personas que no convenian a sus intereses, y como resultado de ello, fue que la Asamblea General de las Naciones Unidas emiti\u00f3 por primera ocasi\u00f3n, la <strong>Declaraci\u00f3n sobre la Protecci\u00f3n de Todas las personas contra las Desapariciones Forzadas el 18 de diciembre de 1992. 14 a\u00f1os despu\u00e9s la propia Asamblea General adopt\u00f3 el 20 de Diciembre de 2006<\/strong>, la Convenci\u00f3n Internacional para la Protecci\u00f3n de las personas contra las desapariciones forzadas. Para 2012, 91 estados miembros ya la hab\u00edan ratificado, entre ellos M\u00e9xico, siendo el segundo pa\u00eds que lo hizo en 2008.<span class=\"Apple-converted-space\">\u00a0<\/span><\/span><\/p>\n<p class=\"p1\"><span style=\"font-size: 14pt;\">Para 2010, la propia Asamblea General, debido al aumento de las desapariciones forzadas o involuntarias y siendo en tema seriamente preocupante a nivel mundial, se aboc\u00f3 a definir los lineamientos y a convocar a los pa\u00edses miembros para reforzar las<span class=\"Apple-converted-space\">\u00a0 <\/span>medidas legales y de<span class=\"Apple-converted-space\">\u00a0 <\/span>protecci\u00f3n de los derechos humanos<span class=\"Apple-converted-space\">\u00a0 <\/span>para hacer frente a las causas sociales, pol\u00edticas y del ejercicio de gobierno que las provocaban y declar\u00f3, el 30 de agosto,<span class=\"Apple-converted-space\"> c<\/span>omo <strong>D\u00eda Internacional de las V\u00edctimas de Desapariciones Forzadas<\/strong>.<span class=\"Apple-converted-space\">\u00a0<\/span><\/span><\/p>\n<p class=\"p1\"><span style=\"font-size: 14pt;\">En M\u00e9xico, el 17 de noviembre de 2017, se public\u00f3 la <strong>Ley General en materia de Desapariciones Forzadas de Personas, Desapariciones cometidas por particulares y del Sistema Nacional de B\u00fasqueda de Personas<\/strong>, con el objetivo de establecer la distribuci\u00f3n de competencias y la forma de coordinaci\u00f3n entre las autoridades de los distintos \u00f3rdenes de gobierno, para buscar a las personas desaparecidas y no localizadas y, sobre todo, para esclarecer los hechos, y con ello prevenir, investigar, sancionar y erradicar los delitos en la materia, as\u00ed como los delitos vinculados a esta.<\/span><\/p>\n<p class=\"p1\"><span style=\"font-size: 14pt;\">A partir de esa Ley, naci\u00f3 el <strong>Sistema Nacional de B\u00fasqueda de Personas<\/strong> con el objetivo de dise\u00f1ar y evaluar de manera eficiente y arm\u00f3nica los recursos del Estado Mexicano para establecer las bases generales, pol\u00edticas p\u00fablicas y procedimientos entre las autoridades de los \u00f3rdenes de gobierno para la b\u00fasqueda, localizaci\u00f3n e identificaci\u00f3n de personas desaparecidas y no localizadas, as\u00ed como para la prevenci\u00f3n, investigaci\u00f3n y sanci\u00f3n de los delitos en materia de esta Ley. Igualmente se cre\u00f3 la <strong>Comisi\u00f3n Nacional de B\u00fasqueda de Personas (CNB)<\/strong> \u00f3rgano desconcentrado de la Secretaria de Gobernaci\u00f3n, quien tiene el objetivo de: impulsar esfuerzos de vinculaci\u00f3n, operaci\u00f3n, gesti\u00f3n, evaluaci\u00f3n y seguimiento de las acciones entre autoridades que participan en la b\u00fasqueda, localizaci\u00f3n e identificaci\u00f3n de personas.<\/span><\/p>\n<p class=\"p1\"><span style=\"font-size: 14pt;\">Pero como siempre se ha dicho, de nada sirve lo que el papel signa o la norma establece, si no existe la voluntad de cumplirla y hacer justicia a trav\u00e9s de ella. Y es que, la realidad que hoy vivimos dista mucho de lo que la legislaci\u00f3n pretende resolver.<span class=\"Apple-converted-space\">\u00a0<\/span><\/span><\/p>\n<p class=\"p1\"><span style=\"font-size: 14pt;\">Los n\u00fameros son claros. En 2021, la Subsecretar\u00eda de Derechos Humanos, Poblaci\u00f3n y Migraci\u00f3n de la Secretar\u00eda de Gobernaci\u00f3n, declar\u00f3 que desde 2006 a 2021 exist\u00edan 85,053 personas reportadas como desaparecidas o no localizadas y los casos se concentraban en un 76%, en las entidades de Jalisco, Michoac\u00e1n, Ciudad de M\u00e9xico, Tamaulipas, Nuevo Le\u00f3n, Guanajuato, Sonora, Sinaloa, Zacatecas y Estado de M\u00e9xico. Por otra parte, el <strong>Registro Nacional de Personas Desaparecidas y No localizadas (RNPDNO)<\/strong> en el per\u00edodo de 2018 a 2021 registr\u00f3 19,204, lo que represent\u00f3 un 30% m\u00e1s que lo anotado en el periodo 2013-2015, que era de 13,379 personas. En este periodo destaca el a\u00f1o 2019, como el peor a\u00f1o de que se hubiera obtenido registro en materia de desapariciones llegando a la cifra de 8,345 reportes. Igualmente de acuerdo con el RNPDNO, el a\u00f1o 2022 cerr\u00f3 con m\u00e1s de 37 mil casos de desapariciones y en el primer semestre de 2023, se acumulan ya 42,029. Y as\u00ed podr\u00edamos continuar mencionando cifras sobre un tema, que nos debe parecer indignante.<span class=\"Apple-converted-space\">\u00a0<\/span><\/span><\/p>\n<p class=\"p1\"><span style=\"font-size: 14pt;\">Por otra parte, el tema de las desapariciones forzadas est\u00e1 vinculado a otra agravante la cual debe responder el Estado, que es el de las fosas clandestinas. La Comisi\u00f3n Nacional de B\u00fasqueda (CNB) define una fosa clandestina como: \u201cel sitio donde una o m\u00e1s personas fueron enterradas de forma an\u00f3nima y\/o ilegal\u201d, y detalla adem\u00e1s que es: \u201ccualquier lugar en el que se inhuma ilegalmente uno o m\u00e1s cad\u00e1veres y\/o restos humanos con el objetivo de ocultarlos, deliberada o indiscriminadamente, evitando que las autoridades puedan sancionar e investigar las razones de la inhumaci\u00f3n\u201d.<span class=\"Apple-converted-space\">\u00a0<\/span><\/span><\/p>\n<p class=\"p1\"><span style=\"font-size: 14pt;\">Basta solo mencionar algunos datos. Entre 2019-2023, se contabilizaron 2,710 fosas, por todo el pa\u00eds, y los Estados de Veracruz, Sinaloa y Colima est\u00e1n a la cabeza en desapariciones. Y en el caso de los cuerpos exhumados, la lista la encabezan Jalisco, Sinaloa, Colima y Sonora. (CNB, 2020). Por otra parte, el \u00edndice de localizaciones, en lugar de mejorar, han ido a la baja. Entre 2012-2018, se localiz\u00f3 el 71% de personas desaparecidas, actualmente solo se ha podido recuperar el 56%.<\/span><\/p>\n<p class=\"p1\"><span style=\"font-size: 14pt;\">Ello solo demuestra que los Sistemas de Impartici\u00f3n de Justicia y de Seguridad p\u00fablica, tanto a nivel nacional como en los gobiernos locales, o no est\u00e1n funcionando correctamente o est\u00e1n minimizando la gravedad de un tema como este.<span class=\"Apple-converted-space\">\u00a0 <\/span>Y esa respuesta, ha llevado a que la sociedad se organice. De ah\u00ed que diversos colectivos de familiares de desaparecidos han procedido a actuar y realizar la b\u00fasqueda de sus seres queridos por cuenta propia. Familias que corren sus propios riesgos porque, ya hoy las agresiones son hacia las madres y familias buscadoras, mismas que demandan igualmente protecci\u00f3n, as\u00ed como, garant\u00edas en la atenci\u00f3n de su salud, porque la labor que realizan es muy desgastante en los f\u00edsico y emocional.<span class=\"Apple-converted-space\">\u00a0<\/span><\/span><\/p>\n<p class=\"p1\"><span style=\"font-size: 14pt;\">Luego entonces, las desapariciones forzadas es un problema, al que hay que tratar urgentemente por todos los flancos. Porque detr\u00e1s de cada desaparecido, est\u00e1 una familia sufriendo y consumi\u00e9ndose en la incertidumbre y en la impotencia.<span class=\"Apple-converted-space\">\u00a0 <\/span>Y lo que es peor, hay una sociedad viviendo en un clima de temor y desconfianza. <span class=\"Apple-converted-space\">\u00a0<\/span><\/span><\/p>\n<p class=\"p1\"><span style=\"font-size: 14pt;\">El Estado tiene mucho que hacer al respecto. Debe generar un esfuerzo mayor en la lucha contra la violencia, la delincuencia y el abuso del poder de las fuerzas p\u00fablicas, como igualmente revisar y reforzar los marcos legales, privilegiando la protecci\u00f3n a los derechos humanos y haciendo frente a las causas sociales, pol\u00edticas y del ejercicio del poder que derivaban en persecuciones arbitrarias, detenciones injustas, desapariciones y cr\u00edmenes. En suma, coadyuvar en la recuperaci\u00f3n de la confianza entre gobierno y ciudadanos, devolvi\u00e9ndole a la sociedad la tranquilidad perdida.<span class=\"Apple-converted-space\">\u00a0<\/span><\/span><\/p>\n<p class=\"p1\"><span style=\"font-size: 14pt;\">Por ello, el pr\u00f3ximo 30 de agosto m\u00e1s que conmemorar una fecha especial, debe ser una fecha de duelo nacional y de respeto al dolor de las familias que han vivido esas experiencias. Mexicanos y mexicanas, con las que debemos solidarizarnos siempre. Hogares que a\u00fan mantienen la esperanza de ver, alg\u00fan d\u00eda, regresar y abrazar a un hijo o hija, un esposo, un padre, un amigo, etc., y con ello la confianza, la seguridad, el respeto, la paz&#8230;en suma, rescatar nuevamente el sentido de vivir.<span class=\"Apple-converted-space\">\u00a0<\/span><\/span><\/p>\n<p>&nbsp;<\/p>\n<p class=\"p2\"><span style=\"font-size: 18pt;\"><strong>Gracias y hasta la pr\u00f3xima<\/strong><\/span><\/p>\n<p>&nbsp;<\/p>\n<hr \/>\n<p>&nbsp;<\/p>\n<p><img data-recalc-dims=\"1\" loading=\"lazy\" decoding=\"async\" class=\"aligncenter wp-image-14351\" src=\"https:\/\/i0.wp.com\/politicosaldesnudo.com.mx\/wp-content\/uploads\/2023\/01\/FIRMA-EDITORIAL-PD-300x37.png?resize=800%2C98&#038;ssl=1\" alt=\"\" width=\"800\" height=\"98\" srcset=\"https:\/\/i0.wp.com\/politicosaldesnudo.com.mx\/wp-content\/uploads\/2023\/01\/FIRMA-EDITORIAL-PD.png?resize=300%2C37&amp;ssl=1 300w, https:\/\/i0.wp.com\/politicosaldesnudo.com.mx\/wp-content\/uploads\/2023\/01\/FIRMA-EDITORIAL-PD.png?resize=1024%2C125&amp;ssl=1 1024w, https:\/\/i0.wp.com\/politicosaldesnudo.com.mx\/wp-content\/uploads\/2023\/01\/FIRMA-EDITORIAL-PD.png?resize=768%2C94&amp;ssl=1 768w, https:\/\/i0.wp.com\/politicosaldesnudo.com.mx\/wp-content\/uploads\/2023\/01\/FIRMA-EDITORIAL-PD.png?resize=1536%2C188&amp;ssl=1 1536w, https:\/\/i0.wp.com\/politicosaldesnudo.com.mx\/wp-content\/uploads\/2023\/01\/FIRMA-EDITORIAL-PD.png?resize=2048%2C250&amp;ssl=1 2048w, https:\/\/i0.wp.com\/politicosaldesnudo.com.mx\/wp-content\/uploads\/2023\/01\/FIRMA-EDITORIAL-PD.png?w=1600&amp;ssl=1 1600w, https:\/\/i0.wp.com\/politicosaldesnudo.com.mx\/wp-content\/uploads\/2023\/01\/FIRMA-EDITORIAL-PD.png?w=2400&amp;ssl=1 2400w\" sizes=\"auto, (max-width: 800px) 100vw, 800px\" \/><\/p>\n<p>&nbsp;<\/p>\n<p>&nbsp;<\/p>\n<p>&nbsp;<\/p>\n<p>&nbsp;<\/p>\n","protected":false},"excerpt":{"rendered":"<p>&nbsp; Por Dra. Zaida Alicia Llad\u00f3 Castillo &nbsp; &nbsp; \u201cCuando un jueves de abril de 1977, a las cinco de<\/p>\n","protected":false},"author":4,"featured_media":4381,"comment_status":"closed","ping_status":"closed","sticky":false,"template":"","format":"standard","meta":{"colormag_page_container_layout":"default_layout","colormag_page_sidebar_layout":"default_layout","_jetpack_memberships_contains_paid_content":false,"footnotes":"","jetpack_publicize_message":"","jetpack_publicize_feature_enabled":true,"jetpack_social_post_already_shared":false,"jetpack_social_options":{"image_generator_settings":{"template":"highway","default_image_id":0,"font":"","enabled":false},"version":2}},"categories":[26],"tags":[],"class_list":["post-23390","post","type-post","status-publish","format-standard","has-post-thumbnail","hentry","category-columnistas"],"jetpack_publicize_connections":[],"jetpack_featured_media_url":"https:\/\/i0.wp.com\/politicosaldesnudo.com.mx\/wp-content\/uploads\/2022\/04\/DRA.-ZAIDA-LLADO%CC%81.png?fit=1816%2C1016&ssl=1","jetpack-related-posts":[],"jetpack_sharing_enabled":true,"_links":{"self":[{"href":"https:\/\/politicosaldesnudo.com.mx\/index.php\/wp-json\/wp\/v2\/posts\/23390","targetHints":{"allow":["GET"]}}],"collection":[{"href":"https:\/\/politicosaldesnudo.com.mx\/index.php\/wp-json\/wp\/v2\/posts"}],"about":[{"href":"https:\/\/politicosaldesnudo.com.mx\/index.php\/wp-json\/wp\/v2\/types\/post"}],"author":[{"embeddable":true,"href":"https:\/\/politicosaldesnudo.com.mx\/index.php\/wp-json\/wp\/v2\/users\/4"}],"replies":[{"embeddable":true,"href":"https:\/\/politicosaldesnudo.com.mx\/index.php\/wp-json\/wp\/v2\/comments?post=23390"}],"version-history":[{"count":0,"href":"https:\/\/politicosaldesnudo.com.mx\/index.php\/wp-json\/wp\/v2\/posts\/23390\/revisions"}],"wp:featuredmedia":[{"embeddable":true,"href":"https:\/\/politicosaldesnudo.com.mx\/index.php\/wp-json\/wp\/v2\/media\/4381"}],"wp:attachment":[{"href":"https:\/\/politicosaldesnudo.com.mx\/index.php\/wp-json\/wp\/v2\/media?parent=23390"}],"wp:term":[{"taxonomy":"category","embeddable":true,"href":"https:\/\/politicosaldesnudo.com.mx\/index.php\/wp-json\/wp\/v2\/categories?post=23390"},{"taxonomy":"post_tag","embeddable":true,"href":"https:\/\/politicosaldesnudo.com.mx\/index.php\/wp-json\/wp\/v2\/tags?post=23390"}],"curies":[{"name":"wp","href":"https:\/\/api.w.org\/{rel}","templated":true}]}}