{"id":23405,"date":"2023-08-22T22:13:15","date_gmt":"2023-08-23T03:13:15","guid":{"rendered":"https:\/\/politicosaldesnudo.com.mx\/?p=23405"},"modified":"2023-08-24T07:27:00","modified_gmt":"2023-08-24T12:27:00","slug":"gobierno-felicita-y-reconoce-a-los-bomberos-tuxpenos","status":"publish","type":"post","link":"https:\/\/politicosaldesnudo.com.mx\/index.php\/2023\/08\/22\/gobierno-felicita-y-reconoce-a-los-bomberos-tuxpenos\/","title":{"rendered":"Gobierno felicita y reconoce a los bomberos tuxpe\u00f1os"},"content":{"rendered":"<p>&nbsp;<\/p>\n<p class=\"p1\"><span style=\"font-size: 14pt;\"><em><strong>TUXPAN, VERACRUZ.<\/strong> <\/em>En conmemoraci\u00f3n por el <strong>D\u00eda del Bombero<\/strong>, el <strong>Gobierno de Tuxpan reconoci\u00f3 la invaluable labor<\/strong> de los elementos del Cuerpo de Bomberos municipal.<span class=\"Apple-converted-space\">\u00a0<\/span><\/span><\/p>\n<p class=\"p1\"><span style=\"font-size: 18pt;\"><strong>El alcalde Jos\u00e9 Manuel Pozos Castro felicit\u00f3, en nombre del Cabildo, a los integrantes del Cuerpo de Bomberos, a quienes reconoci\u00f3 por la labor heroica y llena de compromiso que realizan en favor de la sociedad:<span class=\"Apple-converted-space\">\u00a0<\/span><\/strong><\/span><\/p>\n<p>&nbsp;<\/p>\n<blockquote>\n<p class=\"p1\"><span style=\"font-size: 14pt;\">Nos sentimos muy orgullosos de su trabajo y nos da tranquilidad saber que tenemos elementos siempre dispuestos y bien preparados para salvaguardar la integridad f\u00edsica y material de la ciudadan\u00eda\u201d<\/span><\/p>\n<\/blockquote>\n<p>&nbsp;<\/p>\n<p class=\"p1\"><strong><span style=\"font-size: 14pt;\">De la misma manera, Jos\u00e9 Manuel Pozos indic\u00f3 que los bomberos nunca dudan al responder un llamado de auxilio, actuando siempre con valent\u00eda en incendios, inundaciones, accidentes y desastres naturales:<span class=\"Apple-converted-space\">\u00a0<\/span><\/span><\/strong><\/p>\n<p>&nbsp;<\/p>\n<blockquote>\n<p class=\"p1\"><span style=\"font-size: 14pt;\">A lo largo de este a\u00f1o han tenido participaci\u00f3n en muchos incendios y accidentes con hidrocarburos, que han sabido manejar con gran eficiencia, confirmando su profesionalismo\u201d<\/span><\/p>\n<\/blockquote>\n<p>&nbsp;<\/p>\n<p><img data-recalc-dims=\"1\" loading=\"lazy\" decoding=\"async\" class=\"aligncenter wp-image-23407 size-large\" src=\"https:\/\/i0.wp.com\/politicosaldesnudo.com.mx\/wp-content\/uploads\/2023\/08\/P-TUXPAN-BOMBEROS-2-1024x573.png?resize=800%2C448&#038;ssl=1\" alt=\"\" width=\"800\" height=\"448\" srcset=\"https:\/\/i0.wp.com\/politicosaldesnudo.com.mx\/wp-content\/uploads\/2023\/08\/P-TUXPAN-BOMBEROS-2.png?resize=1024%2C573&amp;ssl=1 1024w, https:\/\/i0.wp.com\/politicosaldesnudo.com.mx\/wp-content\/uploads\/2023\/08\/P-TUXPAN-BOMBEROS-2.png?resize=300%2C168&amp;ssl=1 300w, https:\/\/i0.wp.com\/politicosaldesnudo.com.mx\/wp-content\/uploads\/2023\/08\/P-TUXPAN-BOMBEROS-2.png?resize=768%2C430&amp;ssl=1 768w, https:\/\/i0.wp.com\/politicosaldesnudo.com.mx\/wp-content\/uploads\/2023\/08\/P-TUXPAN-BOMBEROS-2.png?resize=1536%2C859&amp;ssl=1 1536w, https:\/\/i0.wp.com\/politicosaldesnudo.com.mx\/wp-content\/uploads\/2023\/08\/P-TUXPAN-BOMBEROS-2.png?w=1816&amp;ssl=1 1816w, https:\/\/i0.wp.com\/politicosaldesnudo.com.mx\/wp-content\/uploads\/2023\/08\/P-TUXPAN-BOMBEROS-2.png?w=1600&amp;ssl=1 1600w\" sizes=\"auto, (max-width: 800px) 100vw, 800px\" \/><\/p>\n<p>&nbsp;<\/p>\n<p class=\"p1\"><span style=\"font-size: 18pt;\"><strong>Jos\u00e9 Guadalupe Rodr\u00edguez Ram\u00edrez, elemento de la corporaci\u00f3n, ley\u00f3 una breve rese\u00f1a de la historia del Cuerpo de Bomberos, destacando que con este nuevo gobierno se dio un giro de 360 grados:<\/strong><\/span><\/p>\n<p>&nbsp;<\/p>\n<blockquote>\n<p class=\"p1\"><span style=\"font-size: 14pt;\">Con este gobierno lleg\u00f3 la transformaci\u00f3n, tanto en imagen como en coordinaci\u00f3n y organizaci\u00f3n, porque gracias a los apoyos brindados se nos ha permitido prestar m\u00e1s auxilios a la poblaci\u00f3n\u201d<\/span><\/p>\n<\/blockquote>\n<p>&nbsp;<\/p>\n<p class=\"p1\"><span style=\"font-size: 14pt;\">Durante el evento, las autoridades del pres\u00eddium entregaron reconocimientos por tener de 15 a 25 a\u00f1os de un servicio relevante a los bomberos Alejandro M\u00e1rquez Rojas, Orlando Mariano Cruz, Armando P\u00e9rez Jim\u00e9nez, Nemorio Mendoza Ibarra.<span class=\"Apple-converted-space\">\u00a0<\/span><\/span><\/p>\n<p>&nbsp;<\/p>\n<p><img data-recalc-dims=\"1\" loading=\"lazy\" decoding=\"async\" class=\"aligncenter wp-image-23408 size-large\" src=\"https:\/\/i0.wp.com\/politicosaldesnudo.com.mx\/wp-content\/uploads\/2023\/08\/P-TUXPAN-BOMBEROS-3-1024x573.png?resize=800%2C448&#038;ssl=1\" alt=\"\" width=\"800\" height=\"448\" srcset=\"https:\/\/i0.wp.com\/politicosaldesnudo.com.mx\/wp-content\/uploads\/2023\/08\/P-TUXPAN-BOMBEROS-3.png?resize=1024%2C573&amp;ssl=1 1024w, https:\/\/i0.wp.com\/politicosaldesnudo.com.mx\/wp-content\/uploads\/2023\/08\/P-TUXPAN-BOMBEROS-3.png?resize=300%2C168&amp;ssl=1 300w, https:\/\/i0.wp.com\/politicosaldesnudo.com.mx\/wp-content\/uploads\/2023\/08\/P-TUXPAN-BOMBEROS-3.png?resize=768%2C430&amp;ssl=1 768w, https:\/\/i0.wp.com\/politicosaldesnudo.com.mx\/wp-content\/uploads\/2023\/08\/P-TUXPAN-BOMBEROS-3.png?resize=1536%2C859&amp;ssl=1 1536w, https:\/\/i0.wp.com\/politicosaldesnudo.com.mx\/wp-content\/uploads\/2023\/08\/P-TUXPAN-BOMBEROS-3.png?w=1816&amp;ssl=1 1816w, https:\/\/i0.wp.com\/politicosaldesnudo.com.mx\/wp-content\/uploads\/2023\/08\/P-TUXPAN-BOMBEROS-3.png?w=1600&amp;ssl=1 1600w\" sizes=\"auto, (max-width: 800px) 100vw, 800px\" \/><\/p>\n<p>&nbsp;<\/p>\n<p class=\"p1\"><span style=\"font-size: 14pt;\">Tambi\u00e9n se llev\u00f3 a cabo un sorteo de electrodom\u00e9sticos, con los que varios de los elementos fueron premiados.<\/span><\/p>\n<p class=\"p1\"><span style=\"font-size: 14pt;\">El evento estuvo presidido por el alcalde Jos\u00e9 Manuel Pozos Castro; el capit\u00e1n de nav\u00edo CG DEM Ricardo Cano Valenzuela, en representaci\u00f3n de la Quinta Zona Naval; el Teniente de Infanter\u00eda Erick Mart\u00ednez Tolentino, en representaci\u00f3n de la 19\u00aa Zona Militar y la s\u00edndica Beatriz Pi\u00f1a Vergara.<\/span><\/p>\n<p class=\"p1\"><span style=\"font-size: 14pt;\">Asistieron los regidores Amado Guti\u00e9rrez Lima, comisionado en Seguridad P\u00fablica, Protecci\u00f3n Civil y Bomberos; Mar\u00eda del Pilar Mart\u00ednez Matesanz, Maryanela Monroy Flores, Anah\u00ed Aguilar L\u00f3pez, Juan G\u00f3mez Garc\u00eda, Lucero Res\u00e9ndis Ambrocio, Luis Demetrio L\u00f3pez Mar\u00edn y Axel Bernal Herrera.<span class=\"Apple-converted-space\">\u00a0<\/span><\/span><\/p>\n<p class=\"p1\"><span style=\"font-size: 14pt;\">Asimismo el Capit\u00e1n de Corbeta Imp. Guillermo Al\u00e1n V\u00e1zquez Guti\u00e9rrez, secretario de Seguridad P\u00fablica; Jos\u00e9 Ren\u00e9 T\u00e9llez Medina, director de Protecci\u00f3n Civil y Bomberos; y el teniente de fragata Raymundo Torres Cruz, director de la Polic\u00eda Municipal.<\/span><\/p>\n<p>&nbsp;<\/p>\n<p>&nbsp;<\/p>\n<p class=\"p3\">\n","protected":false},"excerpt":{"rendered":"<p>&nbsp; TUXPAN, VERACRUZ. En conmemoraci\u00f3n por el D\u00eda del Bombero, el Gobierno de Tuxpan reconoci\u00f3 la invaluable labor de los<\/p>\n","protected":false},"author":4,"featured_media":23406,"comment_status":"closed","ping_status":"closed","sticky":false,"template":"","format":"standard","meta":{"colormag_page_container_layout":"default_layout","colormag_page_sidebar_layout":"default_layout","_jetpack_memberships_contains_paid_content":false,"footnotes":"","jetpack_publicize_message":"","jetpack_publicize_feature_enabled":true,"jetpack_social_post_already_shared":false,"jetpack_social_options":{"image_generator_settings":{"template":"highway","default_image_id":0,"font":"","enabled":false},"version":2}},"categories":[1082],"tags":[1354,576,70,100],"class_list":["post-23405","post","type-post","status-publish","format-standard","has-post-thumbnail","hentry","category-tuxpan","tag-bomberos","tag-jose-manuel-pozos","tag-tuxpan","tag-veracruz"],"jetpack_publicize_connections":[],"jetpack_featured_media_url":"https:\/\/i0.wp.com\/politicosaldesnudo.com.mx\/wp-content\/uploads\/2023\/08\/P-TUXPAN-BOMBEROS-1.png?fit=1816%2C1016&ssl=1","jetpack-related-posts":[],"jetpack_sharing_enabled":true,"_links":{"self":[{"href":"https:\/\/politicosaldesnudo.com.mx\/index.php\/wp-json\/wp\/v2\/posts\/23405","targetHints":{"allow":["GET"]}}],"collection":[{"href":"https:\/\/politicosaldesnudo.com.mx\/index.php\/wp-json\/wp\/v2\/posts"}],"about":[{"href":"https:\/\/politicosaldesnudo.com.mx\/index.php\/wp-json\/wp\/v2\/types\/post"}],"author":[{"embeddable":true,"href":"https:\/\/politicosaldesnudo.com.mx\/index.php\/wp-json\/wp\/v2\/users\/4"}],"replies":[{"embeddable":true,"href":"https:\/\/politicosaldesnudo.com.mx\/index.php\/wp-json\/wp\/v2\/comments?post=23405"}],"version-history":[{"count":0,"href":"https:\/\/politicosaldesnudo.com.mx\/index.php\/wp-json\/wp\/v2\/posts\/23405\/revisions"}],"wp:featuredmedia":[{"embeddable":true,"href":"https:\/\/politicosaldesnudo.com.mx\/index.php\/wp-json\/wp\/v2\/media\/23406"}],"wp:attachment":[{"href":"https:\/\/politicosaldesnudo.com.mx\/index.php\/wp-json\/wp\/v2\/media?parent=23405"}],"wp:term":[{"taxonomy":"category","embeddable":true,"href":"https:\/\/politicosaldesnudo.com.mx\/index.php\/wp-json\/wp\/v2\/categories?post=23405"},{"taxonomy":"post_tag","embeddable":true,"href":"https:\/\/politicosaldesnudo.com.mx\/index.php\/wp-json\/wp\/v2\/tags?post=23405"}],"curies":[{"name":"wp","href":"https:\/\/api.w.org\/{rel}","templated":true}]}}