{"id":23428,"date":"2023-08-25T08:06:08","date_gmt":"2023-08-25T13:06:08","guid":{"rendered":"https:\/\/politicosaldesnudo.com.mx\/?p=23428"},"modified":"2023-08-25T08:06:08","modified_gmt":"2023-08-25T13:06:08","slug":"tiembla-el-escenario-electoral","status":"publish","type":"post","link":"https:\/\/politicosaldesnudo.com.mx\/index.php\/2023\/08\/25\/tiembla-el-escenario-electoral\/","title":{"rendered":"Tiembla el escenario electoral"},"content":{"rendered":"<p class=\"p1\">\n<p>&nbsp;<\/p>\n<p class=\"p1\"><span style=\"font-size: 18pt;\"><strong>Por \u00c1ngel \u00c1lvaro Pe\u00f1a<\/strong><\/span><\/p>\n<p class=\"p1\"><span style=\"font-size: 14pt;\">Ante la reducci\u00f3n de opciones para el votante, las alternativas de los mexicanos se dividieron en tres: Por un lado, el Frente Amplio por M\u00e9xico, con tres partidos; Morena y sus aliados, tambi\u00e9n contiene tres partidos y el eterno solitario Movimiento Ciudadano. Es decir, hay tres opciones que representan siete partidos.<\/span><\/p>\n<p class=\"p1\"><span style=\"font-size: 18pt;\"><strong>Desde la visi\u00f3n de la derecha el principal vocero de X\u00f3chitl G\u00e1lvez fue el Presidente de la Rep\u00fablica quien la coloc\u00f3 en el ojo del hurac\u00e1n desde el momento en que no le permiti\u00f3 ejercer su derecho de r\u00e9plica que ella quer\u00eda difundir desde la conferencia matutina del Jefe del Ejecutivo.<\/strong><\/span><\/p>\n<p class=\"p1\"><span style=\"font-size: 14pt;\">La fuerza pol\u00edtica de la todav\u00eda senadora es adjudicada al propio Presidente de la Rep\u00fablica, porque cuando la gente todav\u00eda no se interesaba en sus actividades, se le dieron espacios en el programa televisivo con mayor audiencia, en voz del Presidente, inflado un producto artificial.<\/span><\/p>\n<p class=\"p1\"><span style=\"font-size: 18pt;\"><strong>La carrera pol\u00edtica de X\u00f3chitl G\u00e1lvez ha sido accidentada, salpicada de desmentidos sobre su origen y condici\u00f3n social de su infancia, se ha llevado buena parte de su campa\u00f1a con cr\u00edticas sistem\u00e1ticas de dentro y fuera del Frente, mismas que han empezado a desinflarla.<\/strong><\/span><\/p>\n<p class=\"p1\"><span style=\"font-size: 14pt;\">La carencia por tantos a\u00f1os de un l\u00edder real de la oposici\u00f3n ve a la precandidatura de X\u00f3chitl como un remedio casero pero no como una medicina para erradicar lo que algunos llaman enfermedad social denominada Cuarta Transformaci\u00f3n. El Presidente sabe que parte de la democracia es disentir, y ha dicho que son millones los que no est\u00e1n de acuerdo con su gobierno. Ahora es tiempo de ver una oposici\u00f3n que se fortalece a \u00faltima hora y se muestra competitiva.<\/span><\/p>\n<p class=\"p1\"><span style=\"font-size: 18pt; color: #139eca;\"><strong>Ahora, surge una oponente dentro del proceso interno a la candidatura del Frente Amplio por M\u00e9xico, la priista Beatriz Paredes, nada f\u00e1cil de vencer, mantiene fuerza propia, donde se dice que el PAN la quiere como candidata, aunque tenga que romper con el Frente, y as\u00ed competir con X\u00f3chitl y, el PRI, con Beatriz Paredes, quien crece inevitablemente.<\/strong><\/span><\/p>\n<p>&nbsp;<\/p>\n<p><img data-recalc-dims=\"1\" loading=\"lazy\" decoding=\"async\" class=\"aligncenter wp-image-23429 size-large\" src=\"https:\/\/i0.wp.com\/politicosaldesnudo.com.mx\/wp-content\/uploads\/2023\/08\/P-XOCHITL-GALVEZ-1024x573.png?resize=800%2C448&#038;ssl=1\" alt=\"\" width=\"800\" height=\"448\" srcset=\"https:\/\/i0.wp.com\/politicosaldesnudo.com.mx\/wp-content\/uploads\/2023\/08\/P-XOCHITL-GALVEZ.png?resize=1024%2C573&amp;ssl=1 1024w, https:\/\/i0.wp.com\/politicosaldesnudo.com.mx\/wp-content\/uploads\/2023\/08\/P-XOCHITL-GALVEZ.png?resize=300%2C168&amp;ssl=1 300w, https:\/\/i0.wp.com\/politicosaldesnudo.com.mx\/wp-content\/uploads\/2023\/08\/P-XOCHITL-GALVEZ.png?resize=768%2C430&amp;ssl=1 768w, https:\/\/i0.wp.com\/politicosaldesnudo.com.mx\/wp-content\/uploads\/2023\/08\/P-XOCHITL-GALVEZ.png?resize=1536%2C859&amp;ssl=1 1536w, https:\/\/i0.wp.com\/politicosaldesnudo.com.mx\/wp-content\/uploads\/2023\/08\/P-XOCHITL-GALVEZ.png?w=1816&amp;ssl=1 1816w, https:\/\/i0.wp.com\/politicosaldesnudo.com.mx\/wp-content\/uploads\/2023\/08\/P-XOCHITL-GALVEZ.png?w=1600&amp;ssl=1 1600w\" sizes=\"auto, (max-width: 800px) 100vw, 800px\" \/><\/p>\n<p>&nbsp;<\/p>\n<p class=\"p1\"><span style=\"font-size: 18pt;\"><strong>Ver las confrontaciones entre una y otra, sobresale la inteligencia, lucidez y experiencia de la ex gobernadora de Tlaxcala, quien en cuanto a pol\u00edtica externa mostr\u00f3 conocimiento y estrategia la noche del jueves 24 de agosto.<\/strong><\/span><\/p>\n<p class=\"p1\"><span style=\"font-size: 14pt;\">El Presidente ya tiene lo que quer\u00eda: una oposici\u00f3n fuerte, con personajes con aceptaci\u00f3n social, con valent\u00eda de enfrentar al gran monstruo pol\u00edtico ante el cual todav\u00eda algunos tiemblan.<\/span><\/p>\n<p class=\"p1\"><span style=\"font-size: 14pt;\">Este momento no es tiempo de propuestas, sino de aceptaci\u00f3n social, y los contendientes por la Presidencia que son pr\u00e1cticamente m\u00e1s de una decena, debe s\u00f3lo multiplicar cr\u00edticas y guardar sus propuestas para despu\u00e9s.<\/span><\/p>\n<p class=\"p1\"><span style=\"font-size: 18pt;\"><strong>Entre ellos destacan, desde luego, los candidatos de Morena, que son seis, aunque alguno de ellos diga que son s\u00f3lo dos: en ese lado de la competencia est\u00e1n Claudia Sheinbaum, la \u00fanica mujer; Marcelo Ebrard, Ad\u00e1n Augusto, Gerardo Noro\u00f1a, Ricardo Monreal y Manuel Velasco.<\/strong><\/span><\/p>\n<p class=\"p1\"><span style=\"font-size: 18pt; color: #139eca;\"><strong>Ahora, fue el partido Movimiento Ciudadano el que pr\u00e1cticamente se dividi\u00f3 ante la incertidumbre y el choque de fuerzas. A pesar de que ese partido siempre se perfil\u00f3 como un partido separado de las alianzas, se ve afectado por la insistencia del Frente que sabe que son MC de su lado corre el grave riesgo de desaparecer en sus tres partes. En este contexto, la insistencia hizo mella y cre\u00f3 una importante divisi\u00f3n, porque el gobernador de Jalisco, Enrique Alfaro, consider\u00f3 que era necesario unirse a ese Frente para ser competitiva a la oposici\u00f3n en las elecciones de 2024. Enrique Alfaro era considerado uno de los posibles candidatos de MC a la Presidencia de la Rep\u00fablica.<\/strong><\/span><\/p>\n<p class=\"p1\"><span style=\"font-size: 14pt;\">El rechazo sistem\u00e1tico del l\u00edder moral del partido MC, fue aumentado la distancia entre uno de sus dos gobernadores y la c\u00fapula del partido, a grado tal que lleg\u00f3 el momento en el que el gobernador no aguant\u00f3 m\u00e1s y se declar\u00f3 fuera del partido que lo llev\u00f3 a la gubernatura. A esta salida lo acompa\u00f1aron legisladores de Movimiento Ciudadano y algunos simpatizantes del partido, de tal suerte que no puede negarse que fue un duro golpe para el partido que fund\u00f3 el veracruzano Dante Delgado, como un factor que muchas veces determin\u00f3 elecciones trascendentes en la vida pol\u00edtica de M\u00e9xico.<\/span><\/p>\n<p class=\"p1\"><span style=\"font-size: 14pt;\">Habituado a pensar que su partido fuera, de nuevo, el fiel de la balanza, esta vez apost\u00f3 fuerte Dante y anunci\u00f3 que su autosuficiencia como partido tendr\u00e1 en 2024 la misma cantidad de votos que el Frente Amplio por M\u00e9xico y que, de no ser as\u00ed, dejar\u00eda la pol\u00edtica. Para ese a\u00f1o Dante tendr\u00e1 73 a\u00f1os cumplidos y su pasi\u00f3n por la pol\u00edtica ve imposible que cumpla con esa amenaza que en realidad ser\u00eda una p\u00e9rdida para la pol\u00edtica mexicana.<\/span><\/p>\n<p class=\"p1\"><span style=\"font-size: 14pt;\">Porque en nuestro pa\u00eds la voz de las diferencias, las diferencia en las voces enriquece el debate y fortalece la democracia y la voz de Dante ser\u00e1 siempre un referente que hace historia en M\u00e9xico.<\/span><\/p>\n<p class=\"p1\"><span style=\"font-size: 14pt;\">Dante defiende su soledad ante las urnas como todo un proyecto partidista y se\u00f1ala que no se une al Frente porque cancelar\u00eda la posibilidad de que las nuevas generaciones tengan un proyecto que le d\u00e9 sentido al futuro del pa\u00eds, es decir, otra opci\u00f3n distinta a las de Morena y los partidos a los que han calificado como \u201cla vieja pol\u00edtica\u201d.<\/span><\/p>\n<p class=\"p1\"><span style=\"font-size: 18pt; color: #139eca;\"><strong>Habl\u00f3 de Alfaro tambi\u00e9n desde una perspectiva desapasionada, eminentemente fr\u00eda al se\u00f1alar que\u00a0\u201cel gobernador de Jalisco fue un candidato ciudadano sin militancia pol\u00edtica en el partido naranja, por lo que no es posible que renuncie al partido. Somos la \u00fanica organizaci\u00f3n que tiene en sus estatutos las candidaturas ciudadanas, es decir de personas que sin militancia ni afiliaci\u00f3n pueden ser candidatos, ese fue el caso de Enrique Alfaro, por eso \u00e9l no puede renunciar porque no es militante. Ya dije que se aparta y respetemos su decisi\u00f3n\u201d.<\/strong><\/span><\/p>\n<p class=\"p1\"><span style=\"font-size: 18pt;\"><strong>Al difundir una carta de salida de legisladores que acompa\u00f1an en su proyecto en favor de sumarse al Frente Amplio por M\u00e9xico. Dante respondi\u00f3 mostrando la fuerza de algunos de sus posibles candidatos, que algunos pueden ser de pena ajena, pero finalmente fieles al liderazgo de Dante Delgado, como es el caso de Samuel Garc\u00eda, gobernador de Nuevo Le\u00f3n, o el presidente municipal de Monterrey, Luis Donaldo Colosio Riojas; un hombrecillo de apellido Maynes, o la senadora Patricia Mercado, o incluso \u00e9l mismo se incluy\u00f3 como posible candidato a la Presidencia de la Rep\u00fablica por Movimiento Ciudadano, en af\u00e1n de ponderar la importancia de no combinar ideolog\u00edas ni propuestas y no confundir a los votantes y decidir con claridad, por un futuro definido como alternativa pol\u00edtica, electoral e ideol\u00f3gica.<\/strong><\/span><\/p>\n<p>&nbsp;<\/p>\n<p class=\"p1\"><span style=\"font-size: 18pt; color: #139eca;\"><strong>PEGA Y CORRE<\/strong><\/span><\/p>\n<p class=\"p1\"><span style=\"font-size: 14pt;\">Ricardo Monreal, precandidato a la candidatura de la Presidencia de la Rep\u00fablica por Morena, se\u00f1al\u00f3 que la Suprema Corte de Justicia de la Naci\u00f3n usurp\u00f3 funciones del Poder Legislativo luego de aprobar al INAI sesionar con solo cuatro de sus siete integrantes.<\/span><\/p>\n<p>&nbsp;<\/p>\n<p><em><span style=\"font-size: 18pt;\"><strong>Esta columna se publica los lunes, mi\u00e9rcoles y viernes<\/strong><\/span><\/em><\/p>\n<p>&nbsp;<\/p>\n<hr \/>\n<p>&nbsp;<\/p>\n<p><img data-recalc-dims=\"1\" loading=\"lazy\" decoding=\"async\" class=\"aligncenter wp-image-14351\" src=\"https:\/\/i0.wp.com\/politicosaldesnudo.com.mx\/wp-content\/uploads\/2023\/01\/FIRMA-EDITORIAL-PD-300x37.png?resize=800%2C98&#038;ssl=1\" alt=\"\" width=\"800\" height=\"98\" srcset=\"https:\/\/i0.wp.com\/politicosaldesnudo.com.mx\/wp-content\/uploads\/2023\/01\/FIRMA-EDITORIAL-PD.png?resize=300%2C37&amp;ssl=1 300w, https:\/\/i0.wp.com\/politicosaldesnudo.com.mx\/wp-content\/uploads\/2023\/01\/FIRMA-EDITORIAL-PD.png?resize=1024%2C125&amp;ssl=1 1024w, https:\/\/i0.wp.com\/politicosaldesnudo.com.mx\/wp-content\/uploads\/2023\/01\/FIRMA-EDITORIAL-PD.png?resize=768%2C94&amp;ssl=1 768w, https:\/\/i0.wp.com\/politicosaldesnudo.com.mx\/wp-content\/uploads\/2023\/01\/FIRMA-EDITORIAL-PD.png?resize=1536%2C188&amp;ssl=1 1536w, https:\/\/i0.wp.com\/politicosaldesnudo.com.mx\/wp-content\/uploads\/2023\/01\/FIRMA-EDITORIAL-PD.png?resize=2048%2C250&amp;ssl=1 2048w, https:\/\/i0.wp.com\/politicosaldesnudo.com.mx\/wp-content\/uploads\/2023\/01\/FIRMA-EDITORIAL-PD.png?w=1600&amp;ssl=1 1600w, https:\/\/i0.wp.com\/politicosaldesnudo.com.mx\/wp-content\/uploads\/2023\/01\/FIRMA-EDITORIAL-PD.png?w=2400&amp;ssl=1 2400w\" sizes=\"auto, (max-width: 800px) 100vw, 800px\" \/><\/p>\n<p>&nbsp;<\/p>\n<p>&nbsp;<\/p>\n<p>&nbsp;<\/p>\n<p>&nbsp;<\/p>\n","protected":false},"excerpt":{"rendered":"<p>&nbsp; Por \u00c1ngel \u00c1lvaro Pe\u00f1a Ante la reducci\u00f3n de opciones para el votante, las alternativas de los mexicanos se dividieron<\/p>\n","protected":false},"author":4,"featured_media":3775,"comment_status":"closed","ping_status":"closed","sticky":false,"template":"","format":"standard","meta":{"colormag_page_container_layout":"default_layout","colormag_page_sidebar_layout":"default_layout","_jetpack_memberships_contains_paid_content":false,"footnotes":"","jetpack_publicize_message":"","jetpack_publicize_feature_enabled":true,"jetpack_social_post_already_shared":false,"jetpack_social_options":{"image_generator_settings":{"template":"highway","default_image_id":0,"font":"","enabled":false},"version":2}},"categories":[26],"tags":[],"class_list":["post-23428","post","type-post","status-publish","format-standard","has-post-thumbnail","hentry","category-columnistas"],"jetpack_publicize_connections":[],"jetpack_featured_media_url":"https:\/\/i0.wp.com\/politicosaldesnudo.com.mx\/wp-content\/uploads\/2022\/04\/A%CC%81NGEL-A%CC%81LVARO-PEN%CC%83A1.png?fit=1816%2C1016&ssl=1","jetpack-related-posts":[],"jetpack_sharing_enabled":true,"_links":{"self":[{"href":"https:\/\/politicosaldesnudo.com.mx\/index.php\/wp-json\/wp\/v2\/posts\/23428","targetHints":{"allow":["GET"]}}],"collection":[{"href":"https:\/\/politicosaldesnudo.com.mx\/index.php\/wp-json\/wp\/v2\/posts"}],"about":[{"href":"https:\/\/politicosaldesnudo.com.mx\/index.php\/wp-json\/wp\/v2\/types\/post"}],"author":[{"embeddable":true,"href":"https:\/\/politicosaldesnudo.com.mx\/index.php\/wp-json\/wp\/v2\/users\/4"}],"replies":[{"embeddable":true,"href":"https:\/\/politicosaldesnudo.com.mx\/index.php\/wp-json\/wp\/v2\/comments?post=23428"}],"version-history":[{"count":0,"href":"https:\/\/politicosaldesnudo.com.mx\/index.php\/wp-json\/wp\/v2\/posts\/23428\/revisions"}],"wp:featuredmedia":[{"embeddable":true,"href":"https:\/\/politicosaldesnudo.com.mx\/index.php\/wp-json\/wp\/v2\/media\/3775"}],"wp:attachment":[{"href":"https:\/\/politicosaldesnudo.com.mx\/index.php\/wp-json\/wp\/v2\/media?parent=23428"}],"wp:term":[{"taxonomy":"category","embeddable":true,"href":"https:\/\/politicosaldesnudo.com.mx\/index.php\/wp-json\/wp\/v2\/categories?post=23428"},{"taxonomy":"post_tag","embeddable":true,"href":"https:\/\/politicosaldesnudo.com.mx\/index.php\/wp-json\/wp\/v2\/tags?post=23428"}],"curies":[{"name":"wp","href":"https:\/\/api.w.org\/{rel}","templated":true}]}}