{"id":23441,"date":"2023-08-25T11:35:43","date_gmt":"2023-08-25T16:35:43","guid":{"rendered":"https:\/\/politicosaldesnudo.com.mx\/?p=23441"},"modified":"2023-08-25T11:35:50","modified_gmt":"2023-08-25T16:35:50","slug":"exigen-seguridad-anuncian-transportistas-un-paro-nacional-el-29-y-30-de-agosto","status":"publish","type":"post","link":"https:\/\/politicosaldesnudo.com.mx\/index.php\/2023\/08\/25\/exigen-seguridad-anuncian-transportistas-un-paro-nacional-el-29-y-30-de-agosto\/","title":{"rendered":"Exigen seguridad, anuncian transportistas un paro nacional el 29 y 30 de agosto"},"content":{"rendered":"<p>&nbsp;<\/p>\n<p class=\"p1\"><span style=\"font-size: 14pt;\"><strong><em>CIUDAD DE M\u00c9XICO. <\/em>Inseguridad en carreteras es el principal problema que aqueja a los transportistas<\/strong>, frente a esta problem\u00e1tica la <strong>Alianza Mexicana de Organizaci\u00f3n de Transportistas (Amotac)<\/strong>, anunci\u00f3 este 29 y 30 de agosto un paro nacional e<\/span><span style=\"font-size: 14pt;\">n forma de protesta, as\u00ed lo anunci\u00f3, su delegado <strong>Valent\u00edn Romero Trujillo<\/strong>.<\/span><\/p>\n<p>&nbsp;<\/p>\n<blockquote>\n<p class=\"p1\"><span style=\"font-size: 14pt;\">Todos los d\u00edas sufrimos de asaltos, robos y asesinatos tanto a los transportistas como a los usuarios que circulan por las carreteras, sin que los mandos de la Guardia Nacional ordenen acciones necesarias para detener esta situaci\u00f3n\u201d<\/span><\/p>\n<\/blockquote>\n<p>&nbsp;<\/p>\n<p class=\"p1\"><span style=\"font-size: 14pt;\">Valent\u00edn Romero revel\u00f3 que hay zonas en las que la inseguridad supera el control de las autoridades.<span class=\"Apple-converted-space\">\u00a0<\/span><\/span><\/p>\n<p class=\"p1\"><strong><span style=\"font-size: 14pt;\">Por lo que hizo un llamado a la autoridades ha reforzar acciones con la Guardia Nacional.<\/span><\/strong><\/p>\n<p>&nbsp;<\/p>\n<p class=\"p1\"><span style=\"font-size: 18pt; color: #139eca;\"><strong>OTRA DEMANDAS<span class=\"Apple-converted-space\">\u00a0<\/span><\/strong><\/span><\/p>\n<p class=\"p1\"><span style=\"font-size: 14pt;\">Adem\u00e1s se suma la demanda del emplacamiento para veh\u00edculos de carga y de turismo que tienen un modelo atrasado y que se encuentran registrados en el sistema.<span class=\"Apple-converted-space\">\u00a0<\/span><\/span><\/p>\n<p class=\"p1\"><span style=\"font-size: 14pt;\">As\u00ed, Valent\u00edn Romero pidi\u00f3 una soluci\u00f3n por parte de la Secretar\u00eda de Infraestructura, Comunicaciones y Transportes (SICT).<\/span><\/p>\n<p class=\"p1\"><span style=\"font-size: 14pt;\">En este sentido, Valent\u00edn Romero igualmente destac\u00f3 tomar acciones frente a las extorsiones que sufren a menudo en las carreteras.<\/span><\/p>\n<p class=\"p1\"><span style=\"font-size: 14pt;\">Por \u00faltimo, destac\u00f3 las tarifas de peaje a las que califica de \u201ccar\u00edsimas y en malas condiciones\u201d, por lo que en este paro se pedir\u00e1 una disminuci\u00f3n de tarifas.<span class=\"Apple-converted-space\">\u00a0<\/span><\/span><\/p>\n<p>&nbsp;<\/p>\n<blockquote>\n<p class=\"p1\"><span style=\"font-size: 14pt;\">Son excesivos, carecen de mantenimiento y est\u00e1n en mal estado, no cumplen con los servicios que ofrecen, tenemos unas carreteras en p\u00e9simas condiciones, asquerosas, y estamos pagando un peaje car\u00edsimo\u201d<\/span><\/p>\n<\/blockquote>\n<p>&nbsp;<\/p>\n<p>&nbsp;<\/p>\n","protected":false},"excerpt":{"rendered":"<p>&nbsp; CIUDAD DE M\u00c9XICO. Inseguridad en carreteras es el principal problema que aqueja a los transportistas, frente a esta problem\u00e1tica<\/p>\n","protected":false},"author":4,"featured_media":23442,"comment_status":"closed","ping_status":"closed","sticky":false,"template":"","format":"standard","meta":{"colormag_page_container_layout":"default_layout","colormag_page_sidebar_layout":"default_layout","_jetpack_memberships_contains_paid_content":false,"footnotes":"","jetpack_publicize_message":"","jetpack_publicize_feature_enabled":true,"jetpack_social_post_already_shared":false,"jetpack_social_options":{"image_generator_settings":{"template":"highway","default_image_id":0,"font":"","enabled":false},"version":2}},"categories":[30],"tags":[3096,1003,916],"class_list":["post-23441","post","type-post","status-publish","format-standard","has-post-thumbnail","hentry","category-estados","tag-amotac","tag-paro-nacional","tag-transportistas"],"jetpack_publicize_connections":[],"jetpack_featured_media_url":"https:\/\/i0.wp.com\/politicosaldesnudo.com.mx\/wp-content\/uploads\/2023\/08\/P-AMOTAC.png?fit=1816%2C1016&ssl=1","jetpack-related-posts":[],"jetpack_sharing_enabled":true,"_links":{"self":[{"href":"https:\/\/politicosaldesnudo.com.mx\/index.php\/wp-json\/wp\/v2\/posts\/23441","targetHints":{"allow":["GET"]}}],"collection":[{"href":"https:\/\/politicosaldesnudo.com.mx\/index.php\/wp-json\/wp\/v2\/posts"}],"about":[{"href":"https:\/\/politicosaldesnudo.com.mx\/index.php\/wp-json\/wp\/v2\/types\/post"}],"author":[{"embeddable":true,"href":"https:\/\/politicosaldesnudo.com.mx\/index.php\/wp-json\/wp\/v2\/users\/4"}],"replies":[{"embeddable":true,"href":"https:\/\/politicosaldesnudo.com.mx\/index.php\/wp-json\/wp\/v2\/comments?post=23441"}],"version-history":[{"count":0,"href":"https:\/\/politicosaldesnudo.com.mx\/index.php\/wp-json\/wp\/v2\/posts\/23441\/revisions"}],"wp:featuredmedia":[{"embeddable":true,"href":"https:\/\/politicosaldesnudo.com.mx\/index.php\/wp-json\/wp\/v2\/media\/23442"}],"wp:attachment":[{"href":"https:\/\/politicosaldesnudo.com.mx\/index.php\/wp-json\/wp\/v2\/media?parent=23441"}],"wp:term":[{"taxonomy":"category","embeddable":true,"href":"https:\/\/politicosaldesnudo.com.mx\/index.php\/wp-json\/wp\/v2\/categories?post=23441"},{"taxonomy":"post_tag","embeddable":true,"href":"https:\/\/politicosaldesnudo.com.mx\/index.php\/wp-json\/wp\/v2\/tags?post=23441"}],"curies":[{"name":"wp","href":"https:\/\/api.w.org\/{rel}","templated":true}]}}