{"id":23445,"date":"2023-08-26T12:04:28","date_gmt":"2023-08-26T17:04:28","guid":{"rendered":"https:\/\/politicosaldesnudo.com.mx\/?p=23445"},"modified":"2023-08-26T12:04:28","modified_gmt":"2023-08-26T17:04:28","slug":"el-riesgo-del-fuego-amigo","status":"publish","type":"post","link":"https:\/\/politicosaldesnudo.com.mx\/index.php\/2023\/08\/26\/el-riesgo-del-fuego-amigo\/","title":{"rendered":"El riesgo del fuego amigo"},"content":{"rendered":"<p class=\"p1\">\n<p>&nbsp;<\/p>\n<p class=\"p1\"><span style=\"font-size: 18pt;\"><strong>Por Ricardo Homs<span class=\"Apple-converted-space\">\u00a0<\/span><\/strong><\/span><\/p>\n<p class=\"p1\"><span style=\"font-size: 14pt;\">Vienen tiempos peligrosos para la coalici\u00f3n \u201cVa por M\u00e9xico\u201d.<span class=\"Apple-converted-space\">\u00a0 <\/span>Estos d\u00edas que faltan para que se defina cu\u00e1l de las dos contendientes llevar\u00e1 la representaci\u00f3n del frente opositor en la campa\u00f1a presidencial, ser\u00e1n decisivas para mantener la cohesi\u00f3n entre tres partidos que poseen perfiles altamente diferenciados y que antiguamente fueron adversarios.<\/span><\/p>\n<p class=\"p1\"><span style=\"font-size: 14pt;\">Hoy las circunstancias que vive M\u00e9xico los ponen en el mismo lado, defendiendo una misma visi\u00f3n de pa\u00eds.<\/span><\/p>\n<p class=\"p1\"><span style=\"font-size: 14pt;\">Sin embargo, unos son los acuerdos cupulares entre los partidos y otra condicionante es la circunstancia que se vive dentro de la militancia partidista de estas tres instituciones pol\u00edticas.<span class=\"Apple-converted-space\">\u00a0<\/span><\/span><\/p>\n<p class=\"p1\"><span style=\"font-size: 14pt;\">Circula en redes sociales una fotograf\u00eda donde est\u00e1n posando para la c\u00e1mara fotogr\u00e1fica miembros del Foro de Sao Paulo donde se destaca la presencia de Beatriz Paredes, dando con esto un significado negativo a su militancia en la izquierda, lo cual ideol\u00f3gicamente genera conflicto para quienes militan en la derecha.<\/span><\/p>\n<p class=\"p1\"><span style=\"font-size: 14pt;\">Sin embargo, para fines pr\u00e1cticos es irrelevante que ella crea en la socialdemocracia si su trayectoria pol\u00edtica ha sido caracterizada por una visi\u00f3n institucional y hoy la une a sus compa\u00f1eros de coalici\u00f3n el mismo objetivo.<span class=\"Apple-converted-space\">\u00a0<\/span><\/span><\/p>\n<p class=\"p1\"><span style=\"font-size: 14pt;\">El mayor peligro en la coalici\u00f3n hoy es el \u201cfuego amigo\u201d.<\/span><\/p>\n<p class=\"p1\"><span style=\"font-size: 14pt;\">Es fundamental que se desarrolle una labor institucional por parte de las dirigencias de los tres partidos, y por otra, -en paralelo-, una labor de sensibilizaci\u00f3n realizada conjuntamente por X\u00f3chitl y Beatriz.<\/span><\/p>\n<p class=\"p1\"><span style=\"font-size: 14pt;\">Una operaci\u00f3n de integraci\u00f3n deber\u00eda realizarse de modo previo al gran d\u00eda de la definici\u00f3n, -que es el domingo tres de septiembre-, para que cada una de ellas pida a sus compa\u00f1eros de partido que sea cual fuere el resultado, -si este fuese adverso a su persona-, apoyen a quien sea designada la candidata de la coalici\u00f3n.<\/span><\/p>\n<p class=\"p1\"><span style=\"font-size: 14pt;\">Esa campa\u00f1a interna dentro de la coalici\u00f3n debe apelar a un valor superior que es defender una visi\u00f3n de pa\u00eds, -y frente a este reto-, los intereses partidistas pasan a segundo plano.<\/span><\/p>\n<p class=\"p1\"><span style=\"font-size: 14pt;\">Muy significativo ser\u00eda que X\u00f3chitl y Beatriz, haciendo honor a su vocaci\u00f3n democr\u00e1tica, firmaran p\u00fablicamente un compromiso de apoyarse, -quede quien quede-, y garantizar que ambas seguir\u00e1n en pie de lucha conjuntamente a lo largo de la campa\u00f1a electoral.<\/span><\/p>\n<p class=\"p1\"><span style=\"font-size: 14pt;\">De no hacerse esta labor, se corre el riesgo de la disgregaci\u00f3n de la militancia y la coalici\u00f3n se reduzca a un membrete de partidos.<\/span><\/p>\n<p>&nbsp;<\/p>\n<p class=\"p1\"><span style=\"font-size: 18pt; color: #139eca;\"><strong>CARRETERAS PELIGROSAS<\/strong><\/span><\/p>\n<p class=\"p1\"><span style=\"font-size: 14pt;\">Las carreteras de M\u00e9xico se han vuelto inseguras, -no s\u00f3lo para el transporte de mercanc\u00edas-, sino incluso para la circulaci\u00f3n de automovilistas.<\/span><\/p>\n<p class=\"p1\"><span style=\"font-size: 14pt;\">Los asaltos a mano armada en varias autopistas se incrementan, incluso de modo colectivo. Pandilleros bajan de los pueblos aleda\u00f1os para atracar despu\u00e9s de haber sembrado \u201cponchallantas\u201d sobre el asfalto.<\/span><\/p>\n<p class=\"p1\"><span style=\"font-size: 14pt;\">Se conocen las ubicaciones donde se realizan los asaltos y sin embargo, no hay una acci\u00f3n decidida que nos muestre que realmente hay un comprometido combate contra la delincuencia.<\/span><\/p>\n<p class=\"p1\"><span style=\"font-size: 14pt;\">La Guardia Nacional hoy se integra por m\u00e1s de 120 mil elementos fuertemente armados y la mayor\u00eda con formaci\u00f3n militar. \u00bfNo tienen la capacidad para brindar seguridad a automovilistas y traileros?<\/span><\/p>\n<p class=\"p1\"><span style=\"font-size: 14pt;\">Parece que todo se resume en falta de inter\u00e9s pol\u00edtico por erradicar este problema.<span class=\"Apple-converted-space\">\u00a0<\/span><\/span><\/p>\n<p>&nbsp;<\/p>\n<p class=\"p1\"><span style=\"font-size: 18pt; color: #139eca;\"><strong>LEY FEDERAL DE CYBERSEGURIDAD<\/strong><\/span><\/p>\n<p class=\"p1\"><span style=\"font-size: 14pt;\">En abril del presente a\u00f1o la Comisi\u00f3n de Ciencia, Tecnolog\u00eda e Innovaci\u00f3n, que preside el diputado Javier L\u00f3pez Casar\u00edn present\u00f3 una iniciativa de ley federal para integrar un marco jur\u00eddico en materia digital.<\/span><\/p>\n<p class=\"p1\"><span style=\"font-size: 14pt;\">Adem\u00e1s, el diputado L\u00f3pez Casar\u00edn convoc\u00f3 este jueves 24 de agosto al foro sobre Inteligencia Artificial y el periodismo, invitando, -por una parte-, a expertos en el tema y como p\u00fablico a periodistas, estudiantes de comunicaci\u00f3n y gente interesada en este tema.<\/span><\/p>\n<p class=\"p1\"><span style=\"font-size: 14pt;\">Hoy la inteligencia artificial genera grandes temores, pues despu\u00e9s de convertirse en un tema de \u201cciencia ficci\u00f3n\u201d que dio pie a pel\u00edculas muy taquilleras, los m\u00e1s grandes expertos, como Geoffrey Hinton, quien fuera vicepresidente en Google y es considerado padrino de la inteligencia artificial, en una entrevista para el New York Times reconoci\u00f3 que la inteligencia artificial puede generar contenidos falsos que dif\u00edcilmente se pueden verificar.<\/span><\/p>\n<p class=\"p1\"><span style=\"font-size: 14pt;\">Tambi\u00e9n se habla de una carta abierta dada a conocer en marzo pasado, firmada por Steve Wozniak, cofundador de Microsoft, Jaan Tallinn y ElonMusk, -el controvertido fundador de Tesla y ahora propietario de lo que fue Twitter-, donde tambi\u00e9n alertan de los riesgos de la inteligencia artificial.<\/span><\/p>\n<p class=\"p1\"><span style=\"font-size: 14pt;\">Sin embargo, mientras la inteligencia artificial s\u00f3lo sea utilizada como una herramienta de trabajo, aumentar\u00e1 la productividad en la generaci\u00f3n de contenidos de alta calidad. <span class=\"Apple-converted-space\">\u00a0<\/span><\/span><\/p>\n<p class=\"p1\"><span style=\"font-size: 14pt;\">Ser\u00e1 importante que esta actividad sea blindada por un marco jur\u00eddico que le de certidumbre y garantice en lo posible su enfoque hacia el desarrollo de la calidad de vida de la sociedad y no hacia la manipulaci\u00f3n.<\/span><\/p>\n<p>&nbsp;<\/p>\n<p class=\"p1\"><span style=\"font-size: 18pt; color: #139eca;\"><strong>KARLA QUINTANA<\/strong><\/span><\/p>\n<p class=\"p1\"><span style=\"font-size: 14pt;\">La renuncia de Karla Quintana, -titular de la \u201cComisi\u00f3n Nacional B\u00fasqueda de Personas\u201d-, levanta muchas suspicacias pues se sospecha que se le haya pedido su dimisi\u00f3n por negarse a acatar la orden presidencial de revisar el censo nacional de personas desaparecidas, -que hoy rebasa las 100 mil-, con el objetivo de disminuir la cifra y presentar un avance respecto a la desaparici\u00f3n de personas en comparaci\u00f3n con los sexenios anteriores.<\/span><\/p>\n<p class=\"p1\"><span style=\"font-size: 14pt;\">Vienen los tiempos de maquillajes de fin de sexenio, para exhibir logros.<\/span><\/p>\n<p>&nbsp;<\/p>\n<p class=\"p1\"><span style=\"font-size: 18pt;\"><strong>\u00bfA usted qu\u00e9 le parece?<\/strong><\/span><\/p>\n<p>&nbsp;<\/p>\n<hr \/>\n<p>&nbsp;<\/p>\n<p class=\"p1\"><span style=\"font-size: 18pt;\"><strong>Facebook:<a href=\"https:\/\/www.facebook.com\/Ricardo.Homs1\">@Ricardo.Homs1<\/a><\/strong><\/span><\/p>\n<p class=\"p1\"><span style=\"font-size: 18pt;\"><strong>Twitter:\u00a0<\/strong><a href=\"https:\/\/twitter.com\/homsricardo\"><strong>@homsricardo<\/strong><\/a><\/span><\/p>\n<p class=\"p1\"><span style=\"font-size: 18pt;\"><strong>LinkedIn: <a href=\"https:\/\/www.linkedin.com\/in\/ricardo-homs-3920449\/?originalSubdomain=mx\">RicardoHoms<\/a><\/strong><\/span><\/p>\n<p class=\"p1\"><span style=\"font-size: 18pt;\"><a href=\"https:\/\/ricardohoms.com\/\"><strong>www.ricardohoms.com<\/strong><\/a><\/span><\/p>\n<p>&nbsp;<\/p>\n<p><img data-recalc-dims=\"1\" loading=\"lazy\" decoding=\"async\" class=\"aligncenter wp-image-14351\" src=\"https:\/\/i0.wp.com\/politicosaldesnudo.com.mx\/wp-content\/uploads\/2023\/01\/FIRMA-EDITORIAL-PD-300x37.png?resize=800%2C98&#038;ssl=1\" alt=\"\" width=\"800\" height=\"98\" srcset=\"https:\/\/i0.wp.com\/politicosaldesnudo.com.mx\/wp-content\/uploads\/2023\/01\/FIRMA-EDITORIAL-PD.png?resize=300%2C37&amp;ssl=1 300w, https:\/\/i0.wp.com\/politicosaldesnudo.com.mx\/wp-content\/uploads\/2023\/01\/FIRMA-EDITORIAL-PD.png?resize=1024%2C125&amp;ssl=1 1024w, https:\/\/i0.wp.com\/politicosaldesnudo.com.mx\/wp-content\/uploads\/2023\/01\/FIRMA-EDITORIAL-PD.png?resize=768%2C94&amp;ssl=1 768w, https:\/\/i0.wp.com\/politicosaldesnudo.com.mx\/wp-content\/uploads\/2023\/01\/FIRMA-EDITORIAL-PD.png?resize=1536%2C188&amp;ssl=1 1536w, https:\/\/i0.wp.com\/politicosaldesnudo.com.mx\/wp-content\/uploads\/2023\/01\/FIRMA-EDITORIAL-PD.png?resize=2048%2C250&amp;ssl=1 2048w, https:\/\/i0.wp.com\/politicosaldesnudo.com.mx\/wp-content\/uploads\/2023\/01\/FIRMA-EDITORIAL-PD.png?w=1600&amp;ssl=1 1600w, https:\/\/i0.wp.com\/politicosaldesnudo.com.mx\/wp-content\/uploads\/2023\/01\/FIRMA-EDITORIAL-PD.png?w=2400&amp;ssl=1 2400w\" sizes=\"auto, (max-width: 800px) 100vw, 800px\" \/><\/p>\n<p>&nbsp;<\/p>\n<p>&nbsp;<\/p>\n<p>&nbsp;<\/p>\n<p>&nbsp;<\/p>\n","protected":false},"excerpt":{"rendered":"<p>&nbsp; Por Ricardo Homs\u00a0 Vienen tiempos peligrosos para la coalici\u00f3n \u201cVa por M\u00e9xico\u201d.\u00a0 Estos d\u00edas que faltan para que se<\/p>\n","protected":false},"author":4,"featured_media":3778,"comment_status":"closed","ping_status":"closed","sticky":false,"template":"","format":"standard","meta":{"colormag_page_container_layout":"default_layout","colormag_page_sidebar_layout":"default_layout","_jetpack_memberships_contains_paid_content":false,"footnotes":"","jetpack_publicize_message":"","jetpack_publicize_feature_enabled":true,"jetpack_social_post_already_shared":false,"jetpack_social_options":{"image_generator_settings":{"template":"highway","default_image_id":0,"font":"","enabled":false},"version":2}},"categories":[26],"tags":[],"class_list":["post-23445","post","type-post","status-publish","format-standard","has-post-thumbnail","hentry","category-columnistas"],"jetpack_publicize_connections":[],"jetpack_featured_media_url":"https:\/\/i0.wp.com\/politicosaldesnudo.com.mx\/wp-content\/uploads\/2022\/04\/RICARDO-HOMS.png?fit=1816%2C1016&ssl=1","jetpack-related-posts":[],"jetpack_sharing_enabled":true,"_links":{"self":[{"href":"https:\/\/politicosaldesnudo.com.mx\/index.php\/wp-json\/wp\/v2\/posts\/23445","targetHints":{"allow":["GET"]}}],"collection":[{"href":"https:\/\/politicosaldesnudo.com.mx\/index.php\/wp-json\/wp\/v2\/posts"}],"about":[{"href":"https:\/\/politicosaldesnudo.com.mx\/index.php\/wp-json\/wp\/v2\/types\/post"}],"author":[{"embeddable":true,"href":"https:\/\/politicosaldesnudo.com.mx\/index.php\/wp-json\/wp\/v2\/users\/4"}],"replies":[{"embeddable":true,"href":"https:\/\/politicosaldesnudo.com.mx\/index.php\/wp-json\/wp\/v2\/comments?post=23445"}],"version-history":[{"count":0,"href":"https:\/\/politicosaldesnudo.com.mx\/index.php\/wp-json\/wp\/v2\/posts\/23445\/revisions"}],"wp:featuredmedia":[{"embeddable":true,"href":"https:\/\/politicosaldesnudo.com.mx\/index.php\/wp-json\/wp\/v2\/media\/3778"}],"wp:attachment":[{"href":"https:\/\/politicosaldesnudo.com.mx\/index.php\/wp-json\/wp\/v2\/media?parent=23445"}],"wp:term":[{"taxonomy":"category","embeddable":true,"href":"https:\/\/politicosaldesnudo.com.mx\/index.php\/wp-json\/wp\/v2\/categories?post=23445"},{"taxonomy":"post_tag","embeddable":true,"href":"https:\/\/politicosaldesnudo.com.mx\/index.php\/wp-json\/wp\/v2\/tags?post=23445"}],"curies":[{"name":"wp","href":"https:\/\/api.w.org\/{rel}","templated":true}]}}