{"id":23454,"date":"2023-08-28T03:35:15","date_gmt":"2023-08-28T08:35:15","guid":{"rendered":"https:\/\/politicosaldesnudo.com.mx\/?p=23454"},"modified":"2023-08-28T03:35:15","modified_gmt":"2023-08-28T08:35:15","slug":"juicio-historico","status":"publish","type":"post","link":"https:\/\/politicosaldesnudo.com.mx\/index.php\/2023\/08\/28\/juicio-historico\/","title":{"rendered":"Juicio hist\u00f3rico"},"content":{"rendered":"<p class=\"p1\">\n<p>&nbsp;<\/p>\n<p class=\"p1\"><span style=\"font-size: 18pt;\"><b>Por Jessica Woolrich<\/b><\/span><\/p>\n<p class=\"p1\"><span style=\"font-size: 14pt;\">El rostro desafiante de Donald Trump en su foto policial, ha recorrido el mundo, porque nadie imagin\u00f3 ver a un expresidente estadounidense en esa situaci\u00f3n, si bien desde que Trump estaba en el poder, los problemas legales comenzaron a acecharlo, uno a uno fue logrando lidiar y salir de ellos, sin embargo<span class=\"Apple-converted-space\">\u00a0 <\/span>pocos sospecharon que el juicio iniciado en su contra en el condado de Fulton, Georgia, por presuntamente haber intentado revertir los resultados de las elecciones en ese estado en el 2020, ser\u00eda lo que llevar\u00eda al expresidente<span class=\"Apple-converted-space\">\u00a0 <\/span>tras las rejas, ya que si bien esta es la cuarta ocasi\u00f3n en seis meses que el empresario y pol\u00edtico se presenta ante la justicia, es la primera vez que ha sido procesado y llevado a prisi\u00f3n, sentando as\u00ed un precedente hist\u00f3rico, porque a\u00fan cuando fue puesto en libertad gracias a una fianza de 200,000 d\u00f3lares, su proceso judicial prosigue por lo que podr\u00eda o bien culminar con Trump en prisi\u00f3n o en la Casa Blanca, ya que a juzgar por su creciente popularidad entre los republicanos y por la opini\u00f3n de diversos pol\u00edticos, todos estos embates de la justicia no han hecho sino catapultar su candidatura presidencial para las elecciones del 2024, poni\u00e9ndolo muy por encima en las encuestas republicanas, por lo que muchos consideran que si el presidente logra salir bien librado de este problema, tiene todas las posibilidades de ganar nuevamente la presidencia, sobre todo tomando en cuenta que hoy por hoy los n\u00fameros no son muy favorables para Biden, que mes con mes ha visto como su imagen se ha ido desgastando sin que hasta el momento encuentre la f\u00f3rmula para ganarse nuevamente la aprobaci\u00f3n del electorado.<\/span><\/p>\n<p class=\"p1\"><span style=\"font-size: 14pt;\">Lo que es un hecho es que \u00e9ste tema apenas comienza, y seguramente veremos que en los pr\u00f3ximos d\u00edas, el expresidente norteamericano, endurezca su discurso y se lance con mayor fuerza en contra de aquellos que \u00e9l considera tienen las riendas del destino de su naci\u00f3n, porque hemos visto que ese discurso cada d\u00eda resuena con m\u00e1s fuerza y el movimiento que busca cambiar a la clase pol\u00edtica, no solamente se puede ver dentro de Estados Unidos, sino es un fen\u00f3meno mundial que cada d\u00eda gana un mayor n\u00famero de adeptos, y que son quienes hoy han puesto a Trump en la cima de las encuestas. Pero como en pol\u00edtica, la opini\u00f3n popular no siempre es escuchada, las encuestan no siempre son certeras y el triunfo no es definitivo, ya que todo es un constante cambio y nada est\u00e1 escrito, habr\u00e1 que esperar que sucede en el camino, porque como bien dijo Noam Chomsky: \u201cLa poblaci\u00f3n general no sabe lo que est\u00e1 ocurriendo, y ni siquiera sabe que no lo sabe\u201d.<\/span><\/p>\n<p>&nbsp;<\/p>\n<hr \/>\n<p>&nbsp;<\/p>\n<p><img data-recalc-dims=\"1\" loading=\"lazy\" decoding=\"async\" class=\"aligncenter wp-image-14351\" src=\"https:\/\/i0.wp.com\/politicosaldesnudo.com.mx\/wp-content\/uploads\/2023\/01\/FIRMA-EDITORIAL-PD-300x37.png?resize=800%2C98&#038;ssl=1\" alt=\"\" width=\"800\" height=\"98\" srcset=\"https:\/\/i0.wp.com\/politicosaldesnudo.com.mx\/wp-content\/uploads\/2023\/01\/FIRMA-EDITORIAL-PD.png?resize=300%2C37&amp;ssl=1 300w, https:\/\/i0.wp.com\/politicosaldesnudo.com.mx\/wp-content\/uploads\/2023\/01\/FIRMA-EDITORIAL-PD.png?resize=1024%2C125&amp;ssl=1 1024w, https:\/\/i0.wp.com\/politicosaldesnudo.com.mx\/wp-content\/uploads\/2023\/01\/FIRMA-EDITORIAL-PD.png?resize=768%2C94&amp;ssl=1 768w, https:\/\/i0.wp.com\/politicosaldesnudo.com.mx\/wp-content\/uploads\/2023\/01\/FIRMA-EDITORIAL-PD.png?resize=1536%2C188&amp;ssl=1 1536w, https:\/\/i0.wp.com\/politicosaldesnudo.com.mx\/wp-content\/uploads\/2023\/01\/FIRMA-EDITORIAL-PD.png?resize=2048%2C250&amp;ssl=1 2048w, https:\/\/i0.wp.com\/politicosaldesnudo.com.mx\/wp-content\/uploads\/2023\/01\/FIRMA-EDITORIAL-PD.png?w=1600&amp;ssl=1 1600w, https:\/\/i0.wp.com\/politicosaldesnudo.com.mx\/wp-content\/uploads\/2023\/01\/FIRMA-EDITORIAL-PD.png?w=2400&amp;ssl=1 2400w\" sizes=\"auto, (max-width: 800px) 100vw, 800px\" \/><\/p>\n<p>&nbsp;<\/p>\n<p>&nbsp;<\/p>\n<p>&nbsp;<\/p>\n<p>&nbsp;<\/p>\n","protected":false},"excerpt":{"rendered":"<p>&nbsp; Por Jessica Woolrich El rostro desafiante de Donald Trump en su foto policial, ha recorrido el mundo, porque nadie<\/p>\n","protected":false},"author":4,"featured_media":13395,"comment_status":"closed","ping_status":"closed","sticky":false,"template":"","format":"standard","meta":{"colormag_page_container_layout":"default_layout","colormag_page_sidebar_layout":"default_layout","_jetpack_memberships_contains_paid_content":false,"footnotes":"","jetpack_publicize_message":"","jetpack_publicize_feature_enabled":true,"jetpack_social_post_already_shared":false,"jetpack_social_options":{"image_generator_settings":{"template":"highway","default_image_id":0,"font":"","enabled":false},"version":2}},"categories":[26],"tags":[],"class_list":["post-23454","post","type-post","status-publish","format-standard","has-post-thumbnail","hentry","category-columnistas"],"jetpack_publicize_connections":[],"jetpack_featured_media_url":"https:\/\/i0.wp.com\/politicosaldesnudo.com.mx\/wp-content\/uploads\/2022\/12\/P-JESSICA-WOOLRICH-PD.png?fit=1816%2C1016&ssl=1","jetpack-related-posts":[],"jetpack_sharing_enabled":true,"_links":{"self":[{"href":"https:\/\/politicosaldesnudo.com.mx\/index.php\/wp-json\/wp\/v2\/posts\/23454","targetHints":{"allow":["GET"]}}],"collection":[{"href":"https:\/\/politicosaldesnudo.com.mx\/index.php\/wp-json\/wp\/v2\/posts"}],"about":[{"href":"https:\/\/politicosaldesnudo.com.mx\/index.php\/wp-json\/wp\/v2\/types\/post"}],"author":[{"embeddable":true,"href":"https:\/\/politicosaldesnudo.com.mx\/index.php\/wp-json\/wp\/v2\/users\/4"}],"replies":[{"embeddable":true,"href":"https:\/\/politicosaldesnudo.com.mx\/index.php\/wp-json\/wp\/v2\/comments?post=23454"}],"version-history":[{"count":0,"href":"https:\/\/politicosaldesnudo.com.mx\/index.php\/wp-json\/wp\/v2\/posts\/23454\/revisions"}],"wp:featuredmedia":[{"embeddable":true,"href":"https:\/\/politicosaldesnudo.com.mx\/index.php\/wp-json\/wp\/v2\/media\/13395"}],"wp:attachment":[{"href":"https:\/\/politicosaldesnudo.com.mx\/index.php\/wp-json\/wp\/v2\/media?parent=23454"}],"wp:term":[{"taxonomy":"category","embeddable":true,"href":"https:\/\/politicosaldesnudo.com.mx\/index.php\/wp-json\/wp\/v2\/categories?post=23454"},{"taxonomy":"post_tag","embeddable":true,"href":"https:\/\/politicosaldesnudo.com.mx\/index.php\/wp-json\/wp\/v2\/tags?post=23454"}],"curies":[{"name":"wp","href":"https:\/\/api.w.org\/{rel}","templated":true}]}}