{"id":23461,"date":"2023-08-28T03:46:06","date_gmt":"2023-08-28T08:46:06","guid":{"rendered":"https:\/\/politicosaldesnudo.com.mx\/?p=23461"},"modified":"2023-08-28T03:46:06","modified_gmt":"2023-08-28T08:46:06","slug":"semana-decisiva-para-la-democracia-inai-y-partidos","status":"publish","type":"post","link":"https:\/\/politicosaldesnudo.com.mx\/index.php\/2023\/08\/28\/semana-decisiva-para-la-democracia-inai-y-partidos\/","title":{"rendered":"Semana decisiva para la democracia: Inai y partidos"},"content":{"rendered":"<p class=\"p1\">\n<p>&nbsp;<\/p>\n<p class=\"p1\"><span style=\"font-size: 18pt;\"><b>Por Jos\u00e9 Ure\u00f1a<\/b><\/span><\/p>\n<p class=\"p1\"><span style=\"font-size: 14pt;\">Es una semana decisiva para la democracia. Est\u00e1 en juego la vigencia del recto manejo de recursos p\u00fablicos y la credibilidad del sistema de los partidos, tr\u00e1tese de alianzas o individualmente.<\/span><\/p>\n<p class=\"p1\"><span style=\"font-size: 14pt;\">Por partes: La Corte, en una decisi\u00f3n republicana, orden\u00f3 operar con cuatro comisionados al Instituto Nacional de Transparencia, Acceso a la Informaci\u00f3n y Protecci\u00f3n de Datos Personales.<\/span><\/p>\n<p class=\"p1\"><span style=\"font-size: 14pt;\">Con\u00a0Blanca Lilia Ibarra\u00a0deber\u00e1 desahogar en d\u00edas m\u00e1s de seis mil de los ocho mil casos pendientes de dictamen, porque\u00a0Andr\u00e9s Manuel L\u00f3pez Obrador\u00a0orden\u00f3 al Senado no designar tres consejeros para integrar el qu\u00f3rum.<\/span><\/p>\n<p class=\"p1\"><span style=\"font-size: 14pt;\">Es su\u00a0mundo ideal, dijo al dar su instrucci\u00f3n, de no tener supervisi\u00f3n de programas gubernamentales, del comportamiento de los funcionarios, de la supervisi\u00f3n del gasto, de informes a la sociedad del quehacer p\u00fablico\u2026<\/span><\/p>\n<p class=\"p1\"><span style=\"font-size: 14pt;\">Los cuatro comisionados dignos de homenaje por su gallard\u00eda \u2013Blanca Lilia Ibarra,\u00a0Adri\u00e1n Alcal\u00e1,\u00a0Oscar Mauricio Guerra,\u00a0Rosendoevgueni Monterrey\u2013 atender\u00e1n lo urgente. Pero no es todo.<\/span><\/p>\n<p>&nbsp;<\/p>\n<p class=\"p1\"><span style=\"font-size: 18pt; color: #139eca;\"><b>PRESUPUESTO AL 50%<\/b><\/span><\/p>\n<p class=\"p1\"><span style=\"font-size: 14pt;\">La embestida apenas comienza. No fue posible el pleno por mandato presidencial, pero operar\u00e1n con menos y esto encarna muchos aspectos delicados para su supervivencia, la transparencia y la democracia.<\/span><\/p>\n<p class=\"p1\"><span style=\"font-size: 14pt;\">En primer lugar, viene el peor ataque: reducirle el presupuesto tal vez a menos de la mitad de los mil millones para impedirle realizar muchas de sus funciones.<\/span><\/p>\n<p class=\"p1\"><span style=\"font-size: 14pt;\">\u2013Ya ven que con cuatro comisionados se puede\u2026 -dir\u00e1 ya saben qui\u00e9n.<\/span><\/p>\n<p class=\"p1\"><span style=\"font-size: 14pt;\">Raro, pero esta restricci\u00f3n no se prev\u00e9 para el INE -para la Corte de\u00a0Norma Pi\u00f1a\u00a0s\u00ed- porque ya no est\u00e1n\u00a0Lorenzo C\u00f3rdova\u00a0ni\u00a0Ciro Murayama\u00a0y hoy hay una aliada conocida como\u00a0santa judas Taddei, af\u00edn a la 4T.<\/span><\/p>\n<p class=\"p1\"><span style=\"font-size: 14pt;\">Mil millones son muchos, repite hasta el cansancio\u00a0Andr\u00e9s Manuel L\u00f3pez Obrador\u00a0en busca de un golpe mortal al Inai, pero no critica los mil 900 millones de prerrogativas a Morena este a\u00f1o y los previsibles tres mil 159 millones para el pr\u00f3ximo.<\/span><\/p>\n<p class=\"p1\"><span style=\"font-size: 14pt;\">M\u00e1s de tres veces, m\u00e1s la suma de gastos indebidos, del gobierno y de manos extra\u00f1as para fortalecer a las\u00a0corcholatas\u00a0presidenciales, estatales, de municipios y de congresos.<\/span><\/p>\n<p>&nbsp;<\/p>\n<p class=\"p1\"><span style=\"font-size: 18pt; color: #139eca;\"><b>DUDAS ALIANCISTAS<\/b><\/span><\/p>\n<p class=\"p1\"><span style=\"font-size: 14pt;\">Hay otro elemento: La credibilidad en la democracia depende de los partidos pol\u00edticos, tanto los gubernamentales -Morena, Verde, PT y presumiblemente MC de esquirol- y los opositores PAN, PRI y PRD.<\/span><\/p>\n<p class=\"p1\"><span style=\"font-size: 14pt;\">Si sus procesos no convencen, si al final del despilfarro de las\u00a0corcholatas\u00a0se impone el inevitable\u00a0dedazo\u00a0de Palacio Nacional, poco convencer\u00e1 a la naci\u00f3n la designada.<\/span><\/p>\n<p class=\"p1\"><span style=\"font-size: 14pt;\">Eso deben cuidarlo ellas \u2013Claudia Sheinbaum,\u00a0Ad\u00e1n Augusto L\u00f3pez,\u00a0Marcelo Ebrard\u00a0y\u00a0Ricardo Monreal\u2013 pero sobre todo el Presidente y su personero en\u00a0Morena Mario Delgado.<\/span><\/p>\n<p class=\"p1\"><span style=\"font-size: 14pt;\">El Frente Amplio por M\u00e9xico tambi\u00e9n corre riesgos muy serios.<\/span><\/p>\n<p class=\"p1\"><span style=\"font-size: 14pt;\">A los problemas de postulaci\u00f3n, las dificultades para inscribir voluntarios y cuestionamientos a aspirantes calificados y descalificados, hoy se han sembrado m\u00e1s dudas.<\/span><\/p>\n<p class=\"p1\"><span style=\"font-size: 14pt;\">Hay una campa\u00f1a de arriba abajo, de este a oeste para imponer a la priista\u00a0Beatriz Paredes\u00a0sobre\u00a0X\u00f3chitl G\u00e1lvez, cuyo manto ciudadano y falta de estructura no le da para cubrir las viejas triqui\u00f1uelas.<\/span><\/p>\n<p class=\"p1\"><span style=\"font-size: 14pt;\">Deben saberlo: la tlaxcalteca ha sido dos veces candidata a jefa de GDF y su desinter\u00e9s en campa\u00f1a la desmont\u00f3 de grandes ventajas a grandes rezagos.<\/span><\/p>\n<p class=\"p1\"><span style=\"font-size: 14pt;\">\u00bfA eso le apuestan? Adelante y adi\u00f3s al Frente y su experimento pol\u00edtico-social.<\/span><\/p>\n<p>&nbsp;<\/p>\n<hr \/>\n<p>&nbsp;<\/p>\n<p class=\"p3\"><strong><span style=\"font-size: 18pt;\"><span class=\"s2\">Twitter: <a href=\"https:\/\/twitter.com\/urenajose1\">@urenajose1<\/a><\/span><\/span><\/strong><\/p>\n<p>&nbsp;<\/p>\n<p><img data-recalc-dims=\"1\" loading=\"lazy\" decoding=\"async\" class=\"aligncenter wp-image-14351\" src=\"https:\/\/i0.wp.com\/politicosaldesnudo.com.mx\/wp-content\/uploads\/2023\/01\/FIRMA-EDITORIAL-PD-300x37.png?resize=800%2C98&#038;ssl=1\" alt=\"\" width=\"800\" height=\"98\" srcset=\"https:\/\/i0.wp.com\/politicosaldesnudo.com.mx\/wp-content\/uploads\/2023\/01\/FIRMA-EDITORIAL-PD.png?resize=300%2C37&amp;ssl=1 300w, https:\/\/i0.wp.com\/politicosaldesnudo.com.mx\/wp-content\/uploads\/2023\/01\/FIRMA-EDITORIAL-PD.png?resize=1024%2C125&amp;ssl=1 1024w, https:\/\/i0.wp.com\/politicosaldesnudo.com.mx\/wp-content\/uploads\/2023\/01\/FIRMA-EDITORIAL-PD.png?resize=768%2C94&amp;ssl=1 768w, https:\/\/i0.wp.com\/politicosaldesnudo.com.mx\/wp-content\/uploads\/2023\/01\/FIRMA-EDITORIAL-PD.png?resize=1536%2C188&amp;ssl=1 1536w, https:\/\/i0.wp.com\/politicosaldesnudo.com.mx\/wp-content\/uploads\/2023\/01\/FIRMA-EDITORIAL-PD.png?resize=2048%2C250&amp;ssl=1 2048w, https:\/\/i0.wp.com\/politicosaldesnudo.com.mx\/wp-content\/uploads\/2023\/01\/FIRMA-EDITORIAL-PD.png?w=1600&amp;ssl=1 1600w, https:\/\/i0.wp.com\/politicosaldesnudo.com.mx\/wp-content\/uploads\/2023\/01\/FIRMA-EDITORIAL-PD.png?w=2400&amp;ssl=1 2400w\" sizes=\"auto, (max-width: 800px) 100vw, 800px\" \/><\/p>\n<p>&nbsp;<\/p>\n<p>&nbsp;<\/p>\n<p>&nbsp;<\/p>\n<p>&nbsp;<\/p>\n","protected":false},"excerpt":{"rendered":"<p>&nbsp; Por Jos\u00e9 Ure\u00f1a Es una semana decisiva para la democracia. Est\u00e1 en juego la vigencia del recto manejo de<\/p>\n","protected":false},"author":4,"featured_media":4036,"comment_status":"closed","ping_status":"closed","sticky":false,"template":"","format":"standard","meta":{"colormag_page_container_layout":"default_layout","colormag_page_sidebar_layout":"default_layout","_jetpack_memberships_contains_paid_content":false,"footnotes":"","jetpack_publicize_message":"","jetpack_publicize_feature_enabled":true,"jetpack_social_post_already_shared":false,"jetpack_social_options":{"image_generator_settings":{"template":"highway","default_image_id":0,"font":"","enabled":false},"version":2}},"categories":[26],"tags":[],"class_list":["post-23461","post","type-post","status-publish","format-standard","has-post-thumbnail","hentry","category-columnistas"],"jetpack_publicize_connections":[],"jetpack_featured_media_url":"https:\/\/i0.wp.com\/politicosaldesnudo.com.mx\/wp-content\/uploads\/2022\/04\/JOSE%CC%81-UREN%CC%83A-1.png?fit=1816%2C1016&ssl=1","jetpack-related-posts":[],"jetpack_sharing_enabled":true,"_links":{"self":[{"href":"https:\/\/politicosaldesnudo.com.mx\/index.php\/wp-json\/wp\/v2\/posts\/23461","targetHints":{"allow":["GET"]}}],"collection":[{"href":"https:\/\/politicosaldesnudo.com.mx\/index.php\/wp-json\/wp\/v2\/posts"}],"about":[{"href":"https:\/\/politicosaldesnudo.com.mx\/index.php\/wp-json\/wp\/v2\/types\/post"}],"author":[{"embeddable":true,"href":"https:\/\/politicosaldesnudo.com.mx\/index.php\/wp-json\/wp\/v2\/users\/4"}],"replies":[{"embeddable":true,"href":"https:\/\/politicosaldesnudo.com.mx\/index.php\/wp-json\/wp\/v2\/comments?post=23461"}],"version-history":[{"count":0,"href":"https:\/\/politicosaldesnudo.com.mx\/index.php\/wp-json\/wp\/v2\/posts\/23461\/revisions"}],"wp:featuredmedia":[{"embeddable":true,"href":"https:\/\/politicosaldesnudo.com.mx\/index.php\/wp-json\/wp\/v2\/media\/4036"}],"wp:attachment":[{"href":"https:\/\/politicosaldesnudo.com.mx\/index.php\/wp-json\/wp\/v2\/media?parent=23461"}],"wp:term":[{"taxonomy":"category","embeddable":true,"href":"https:\/\/politicosaldesnudo.com.mx\/index.php\/wp-json\/wp\/v2\/categories?post=23461"},{"taxonomy":"post_tag","embeddable":true,"href":"https:\/\/politicosaldesnudo.com.mx\/index.php\/wp-json\/wp\/v2\/tags?post=23461"}],"curies":[{"name":"wp","href":"https:\/\/api.w.org\/{rel}","templated":true}]}}