{"id":23468,"date":"2023-08-28T04:14:46","date_gmt":"2023-08-28T09:14:46","guid":{"rendered":"https:\/\/politicosaldesnudo.com.mx\/?p=23468"},"modified":"2023-09-04T03:51:41","modified_gmt":"2023-09-04T08:51:41","slug":"rumbo-al-2024-la-ultraderecha-al-acecho","status":"publish","type":"post","link":"https:\/\/politicosaldesnudo.com.mx\/index.php\/2023\/08\/28\/rumbo-al-2024-la-ultraderecha-al-acecho\/","title":{"rendered":"Rumbo al 2024: La ultraderecha al acecho"},"content":{"rendered":"<p>&nbsp;<\/p>\n<p class=\"p1\"><span style=\"font-size: 18pt;\"><b>Por Francisco Blanco Calder\u00f3n<\/b><\/span><\/p>\n<p>&nbsp;<\/p>\n<p class=\"p1\"><span style=\"font-size: 24px;\">Segunda Parte<\/span><\/p>\n<p class=\"p1\"><span style=\"font-size: 14pt;\">La ultraderecha se apunta como<span class=\"Apple-converted-space\">\u00a0 <\/span>contendiente en el proceso electoral del 2024, separado del PAN, ya que para ellos son una derecha unida al institucionalismo del PRI y a la decadencia galopante del PRD, confusi\u00f3n ideologizada sostenida por intereses imperiales y la irremediable corrupci\u00f3n para regresar al control de la naci\u00f3n saqueada por ellos mismos, con cinismo y descaro.<\/span><\/p>\n<p class=\"p1\"><span style=\"font-size: 18pt;\"><strong>Eduardo Ver\u00e1stegui, presidente de la Conferencia de Acci\u00f3n Pol\u00edtica Conservadora, lanz\u00f3 un mensaje en redes sociales sobre las elecciones presidenciales de 2024. Aunque no afirma expl\u00edcitamente si buscar\u00e1 ser candidato para el Poder Ejecutivo, propone un \u201ccamino de la innovaci\u00f3n\u201d para mejorar la calidad de vida de los mexicanos, los v\u00ednculos de la organizaci\u00f3n de Verastegui lo conducen al Vox de Espa\u00f1a, que en M\u00e9xico recientemente senadores panistas firmaron la Carta de Madrid, encabezados por el exalcalde porte\u00f1o y senador, Julen Rementeria.<\/strong><\/span><\/p>\n<p class=\"p1\"><span style=\"font-size: 14pt;\">En su reciente pel\u00edcula, como actor y productor: El Sonido de la Libertad, donde se aborda el problema del maltrato y abuso, secuestro y trata de \u00f3rganos de menores. Para colmo en dicho filme financiado por Fabian Marta, qui\u00e9n fue arrestado por secuestro y abuso de menores por la polic\u00eda metropolitana de San Luis Missouri. E.U.<\/span><\/p>\n<p class=\"p1\"><span style=\"font-size: 18pt; color: #139eca;\"><strong>En un video mensaje publicado en redes sociales, Verastegui, ex de Televisa,<span class=\"Apple-converted-space\">\u00a0 <\/span>adelant\u00f3 \u201cla muerte del PAN\u201d, partido que asegur\u00f3 haber acabado en \u201cdesgracia\u201d al apoyar a la senadora hidalguense, X\u00f3chitl G\u00e1lvez Ruiz, quien asegur\u00f3 destruir\u00e1 los valores que se ha defendido por la derecha mexicana,<span class=\"Apple-converted-space\">\u00a0 <\/span>ya<span class=\"Apple-converted-space\">\u00a0 <\/span>que las nuevas dirigencias del grupo de derecha, encabezado por Marko Cort\u00e9s, han traicionado a los integrantes del partido por no defender los ideales y aceptar la entrada de una senadora que se proclama en la l\u00ednea de izquierda y de origen marxista. Ahora resulta que X\u00f3chitl es de izquierda,<span class=\"Apple-converted-space\">\u00a0 <\/span>la 3X, (ella, Claudio equis y Fox).<span class=\"Apple-converted-space\">\u00a0 <\/span>Adem\u00e1s, le quieren sumar la X de Twitter. Co\u00f1o, el colmo de la estupidez.<\/strong><\/span><\/p>\n<p class=\"p1\"><span style=\"font-size: 14pt;\">La guerra cristera fue la expresi\u00f3n f\u00edsica e ideol\u00f3gica del enfrentamiento entre la visi\u00f3n moderna de un Estado nacional laico y la visi\u00f3n premoderna de grupos anclados a una visi\u00f3n conservadora del mundo. No fue exclusivamente la defensa de la libertad religiosa lo que anim\u00f3 a tantos a emprender una guerra perdida de antemano.<span class=\"Apple-converted-space\">\u00a0 <\/span>En el fondo, defend\u00edan todo un sistema de valores, una forma de vida, correspondiente a las sociedades del antiguo r\u00e9gimen, donde los principales referentes eran la familia patriarcal, un modelo social org\u00e1nico jerarquizado y las formas tradicionales de tenencia de la tierra.<span class=\"Apple-converted-space\">\u00a0 <\/span>As\u00ed se convirti\u00f3 en lo que llamamos ultraderecha\u2026El ascenso de la nueva derecha a fines de la d\u00e9cada de los a\u00f1os sesenta y la crisis por la que atraves\u00f3 el sistema pol\u00edtico a partir de 1968, dio un nuevo impulso a estos grupos que se adhirieron al Partido Acci\u00f3n Nacional que individuos con una visi\u00f3n conservadora dejaron el mundo de la iniciativa privada para insertarse en el espacio partidista.<span class=\"Apple-converted-space\">\u00a0<\/span><\/span><\/p>\n<p>&nbsp;<\/p>\n<p class=\"p1\"><span style=\"font-size: 18pt; color: #139eca;\"><b>DEMANDAS DE LOS CONSERVADORES<\/b><\/span><\/p>\n<p class=\"p1\"><span style=\"font-size: 14pt;\">Los grandes capitales, junto a las c\u00e1maras empresariales, unidos con legisladores afines fueron portadores de las demandas del neoliberalismo econ\u00f3mico y del conservadurismo social. Los nuevos grupos adscritos al PAN,<span class=\"Apple-converted-space\">\u00a0 <\/span>dieron el impulso necesario para que Vicente Fox ganara la Presidencia en el 2000, con amplio respaldo de la organizaci\u00f3n paramilitar, fascista del Yunque, luego con la candidatura de Felipe Calder\u00f3n y su ulterior fraudulento ascenso propiciaron un ajuste de cuentas entre los doctrinarios, con amplio apoyo y complicidad con el crimen organizado A la derecha se le identifica con el conservadurismo, entendido \u00e9ste como la voluntad por mantener inalterables los valores tradicionales\u2026La ultraderecha regional y estudiantil: Los Tecos, El Yunque, Movimiento Universitario de Renovadora Orientaci\u00f3n (MURO), Frente Universitario Anticomunista (FUA), el grupo GUIA de Luis Pazos y Antorcha. Las escuelas cat\u00f3licas y de orientaci\u00f3n cristiana han sido semillero de la ultraderecha.<span class=\"Apple-converted-space\">\u00a0 <\/span>El \u00e1mbito privilegiado de la ultraderecha el sinarquismo y El Yunque y sus derivaciones para la formaci\u00f3n de cuadros han sido las escuelas privadas de orientaci\u00f3n cristiana, b\u00e1sicamente preparatorias y universidades cat\u00f3licas que se han distinguido por formar cuadros de ultraderecha son la Universidad Panamericana del Opus Dei; las Universidades Aut\u00f3noma de Guadalajara (UAG) y del Valle de Atemajac, ambas vinculadas al clero diocesano de Jalisco; la Universidad An\u00e1huac de los Legionarios de Cristo, Caballeros de Col\u00f3n y la tradicional ACJM.<span class=\"Apple-converted-space\">\u00a0<\/span><\/span><\/p>\n<p class=\"p1\"><span style=\"font-size: 18pt;\"><strong>Julio Scherer Garc\u00eda escribi\u00f3 el pr\u00f3logo en el libro, El Yunque, de \u00c1lvaro Delgado: \u201cLa televisi\u00f3n crea un p\u00fablico voraz al que no le basta un edificio de cien pisos que se viene abajo ni un avi\u00f3n que se estrella cerca del sol. Insaciable, quiere m\u00e1s. Un amanecer contemplar\u00e1 trozos del espacio sideral y al d\u00eda siguiente pondr\u00e1 nombre a una estrella. La letra impresa teje su magia de otra manera. Los reporteros-redactores investigan la raz\u00f3n de los acontecimientos y la sinraz\u00f3n de los conflictos que hacen de la existencia un azar, maravilloso y terrible a la vez\u2026 El Yunque, cofrad\u00eda secreta, juramentada, con territorio en el Baj\u00edo y con una misi\u00f3n propia: implantar la creaci\u00f3n de una verdadera militancia divina y la penetraci\u00f3n de estructuras clave. El prop\u00f3sito es construir un orden social teocr\u00e1tico y medieval\u201d.<span class=\"Apple-converted-space\">\u00a0<\/span><\/strong><\/span><\/p>\n<p class=\"p1\"><span style=\"font-size: 14pt;\">Ahora con la discusi\u00f3n de los libros de texto gratuitos y la absurda visi\u00f3n del arribo del comunismo en M\u00e9xico,<span class=\"Apple-converted-space\">\u00a0 <\/span>se suman las reacciones fascistoides de gobernadores, padres de familia de escuelas privadas, el clero reaccionario y<span class=\"Apple-converted-space\">\u00a0 <\/span>medios de comunicaci\u00f3n manipuladores que<span class=\"Apple-converted-space\">\u00a0 <\/span>rechazan, calumnian, destruyen hojas, queman libros y hasta se amparan con jueces y magistrados cl\u00e1sicos de Lawfare, en este golpe de estado suave y contundente, que el ministro Luis Maria Aguilar<span class=\"Apple-converted-space\">\u00a0 <\/span>pretende<span class=\"Apple-converted-space\">\u00a0 <\/span>destituir a AMLO del poder ejecutivo.<\/span><\/p>\n<p class=\"p1\"><span style=\"font-size: 14pt;\">En la actualidad, el papa Francisco en reiteradas oportunidades ha condenado el fundamentalismo y ha pedido impugnarlo. Jorge Mario Bergolio, coincidiendo con Erich Fromm lo explic\u00f3 as\u00ed: \u201cEl comunismo cristiano es una visi\u00f3n teol\u00f3gica de que las ense\u00f1anzas de Jesucristo obligan a los cristianos a apoyar el comunismo religioso como el sistema social ideal, muchos cristianos comunistas afirman que la evidencia de la Biblia sugiere que los primeros cristianos, incluidos los ap\u00f3stoles, establecieron su propia peque\u00f1a sociedad comunista en los a\u00f1os posteriores a la muerte de Jes\u00fas. muerte y resurrecci\u00f3n. Como tal, muchos defensores del comunismo cristiano argumentan que fue ense\u00f1ado por Jes\u00fas y practicado por los mismos ap\u00f3stoles\u00bb.<\/span><\/p>\n<p class=\"p1\"><span style=\"font-size: 18pt;\"><strong>La nueva oligarqu\u00eda ultraderechista pretende incursionar en el pr\u00f3ximo proceso electoral bajo los principios del Lawfare o golpe judicial, comunismo no cristianismo si, saqueo de recursos, control de las conciencias populares, no al aborto y al matrimonio igualitario, todo para unos y nada para todos.<span class=\"Apple-converted-space\">\u00a0<\/span><\/strong><\/span><\/p>\n<p>&nbsp;<\/p>\n<hr \/>\n<p>&nbsp;<\/p>\n<p><img data-recalc-dims=\"1\" loading=\"lazy\" decoding=\"async\" class=\"aligncenter wp-image-14351\" src=\"https:\/\/i0.wp.com\/politicosaldesnudo.com.mx\/wp-content\/uploads\/2023\/01\/FIRMA-EDITORIAL-PD-300x37.png?resize=1000%2C122&#038;ssl=1\" alt=\"\" width=\"1000\" height=\"122\" srcset=\"https:\/\/i0.wp.com\/politicosaldesnudo.com.mx\/wp-content\/uploads\/2023\/01\/FIRMA-EDITORIAL-PD.png?resize=300%2C37&amp;ssl=1 300w, https:\/\/i0.wp.com\/politicosaldesnudo.com.mx\/wp-content\/uploads\/2023\/01\/FIRMA-EDITORIAL-PD.png?resize=1024%2C125&amp;ssl=1 1024w, https:\/\/i0.wp.com\/politicosaldesnudo.com.mx\/wp-content\/uploads\/2023\/01\/FIRMA-EDITORIAL-PD.png?resize=768%2C94&amp;ssl=1 768w, https:\/\/i0.wp.com\/politicosaldesnudo.com.mx\/wp-content\/uploads\/2023\/01\/FIRMA-EDITORIAL-PD.png?resize=1536%2C188&amp;ssl=1 1536w, https:\/\/i0.wp.com\/politicosaldesnudo.com.mx\/wp-content\/uploads\/2023\/01\/FIRMA-EDITORIAL-PD.png?resize=2048%2C250&amp;ssl=1 2048w\" sizes=\"auto, (max-width: 1000px) 100vw, 1000px\" \/><\/p>\n<p>&nbsp;<\/p>\n<p>&nbsp;<\/p>\n<p>&nbsp;<\/p>\n<p>&nbsp;<\/p>\n","protected":false},"excerpt":{"rendered":"<p>&nbsp; Por Francisco Blanco Calder\u00f3n &nbsp; Segunda Parte La ultraderecha se apunta como\u00a0 contendiente en el proceso electoral del 2024, [&hellip;]<\/p>\n","protected":false},"author":4,"featured_media":4384,"comment_status":"closed","ping_status":"closed","sticky":false,"template":"","format":"standard","meta":{"site-sidebar-layout":"default","site-content-layout":"","ast-site-content-layout":"default","site-content-style":"default","site-sidebar-style":"default","ast-global-header-display":"","ast-banner-title-visibility":"","ast-main-header-display":"","ast-hfb-above-header-display":"","ast-hfb-below-header-display":"","ast-hfb-mobile-header-display":"","site-post-title":"","ast-breadcrumbs-content":"","ast-featured-img":"","footer-sml-layout":"","ast-disable-related-posts":"","theme-transparent-header-meta":"","adv-header-id-meta":"","stick-header-meta":"","header-above-stick-meta":"","header-main-stick-meta":"","header-below-stick-meta":"","astra-migrate-meta-layouts":"default","ast-page-background-enabled":"default","ast-page-background-meta":{"desktop":{"background-color":"var(--ast-global-color-5)","background-image":"","background-repeat":"repeat","background-position":"center center","background-size":"auto","background-attachment":"scroll","background-type":"","background-media":"","overlay-type":"","overlay-color":"","overlay-opacity":"","overlay-gradient":""},"tablet":{"background-color":"","background-image":"","background-repeat":"repeat","background-position":"center center","background-size":"auto","background-attachment":"scroll","background-type":"","background-media":"","overlay-type":"","overlay-color":"","overlay-opacity":"","overlay-gradient":""},"mobile":{"background-color":"","background-image":"","background-repeat":"repeat","background-position":"center center","background-size":"auto","background-attachment":"scroll","background-type":"","background-media":"","overlay-type":"","overlay-color":"","overlay-opacity":"","overlay-gradient":""}},"ast-content-background-meta":{"desktop":{"background-color":"var(--ast-global-color-4)","background-image":"","background-repeat":"repeat","background-position":"center center","background-size":"auto","background-attachment":"scroll","background-type":"","background-media":"","overlay-type":"","overlay-color":"","overlay-opacity":"","overlay-gradient":""},"tablet":{"background-color":"var(--ast-global-color-4)","background-image":"","background-repeat":"repeat","background-position":"center center","background-size":"auto","background-attachment":"scroll","background-type":"","background-media":"","overlay-type":"","overlay-color":"","overlay-opacity":"","overlay-gradient":""},"mobile":{"background-color":"var(--ast-global-color-4)","background-image":"","background-repeat":"repeat","background-position":"center center","background-size":"auto","background-attachment":"scroll","background-type":"","background-media":"","overlay-type":"","overlay-color":"","overlay-opacity":"","overlay-gradient":""}},"_jetpack_newsletter_access":"","_jetpack_dont_email_post_to_subs":false,"_jetpack_newsletter_tier_id":0,"_jetpack_memberships_contains_paywalled_content":false,"_jetpack_feature_clip_id":0,"_jetpack_memberships_contains_paid_content":false,"footnotes":"","jetpack_publicize_message":"","jetpack_publicize_feature_enabled":true,"jetpack_social_post_already_shared":false,"jetpack_social_options":{"image_generator_settings":{"template":"highway","default_image_id":0,"font":"","enabled":false},"version":2},"jetpack_post_was_ever_published":false},"categories":[26],"tags":[],"class_list":["post-23468","post","type-post","status-publish","format-standard","has-post-thumbnail","hentry","category-columnistas"],"yoast_head":"<!-- This site is optimized with the Yoast SEO plugin v28.3 - https:\/\/yoast.com\/product\/yoast-seo-wordpress\/ -->\n<title>Rumbo al 2024: La ultraderecha al acecho - Pol\u00edticos al Desnudo<\/title>\n<meta name=\"robots\" content=\"index, follow, max-snippet:-1, max-image-preview:large, max-video-preview:-1\" \/>\n<link rel=\"canonical\" href=\"https:\/\/politicosaldesnudo.com.mx\/index.php\/2023\/08\/28\/rumbo-al-2024-la-ultraderecha-al-acecho\/\" \/>\n<meta property=\"og:locale\" content=\"es_ES\" \/>\n<meta property=\"og:type\" content=\"article\" \/>\n<meta property=\"og:title\" content=\"Rumbo al 2024: La ultraderecha al acecho - Pol\u00edticos al Desnudo\" \/>\n<meta property=\"og:description\" content=\"&nbsp; Por Francisco Blanco Calder\u00f3n &nbsp; Segunda Parte La ultraderecha se apunta como\u00a0 contendiente en el proceso electoral del 2024, [&hellip;]\" \/>\n<meta property=\"og:url\" content=\"https:\/\/politicosaldesnudo.com.mx\/index.php\/2023\/08\/28\/rumbo-al-2024-la-ultraderecha-al-acecho\/\" \/>\n<meta property=\"og:site_name\" content=\"Pol\u00edticos al Desnudo\" \/>\n<meta property=\"article:publisher\" content=\"https:\/\/www.facebook.com\/PoliticosAD\" \/>\n<meta property=\"article:published_time\" content=\"2023-08-28T09:14:46+00:00\" \/>\n<meta property=\"article:modified_time\" content=\"2023-09-04T08:51:41+00:00\" \/>\n<meta property=\"og:image\" content=\"https:\/\/i0.wp.com\/politicosaldesnudo.com.mx\/wp-content\/uploads\/2022\/04\/FRANCISCO-BLANCO-CALDERO%CC%81N.png?fit=1816%2C1016&ssl=1\" \/>\n\t<meta property=\"og:image:width\" content=\"1816\" \/>\n\t<meta property=\"og:image:height\" content=\"1016\" \/>\n\t<meta property=\"og:image:type\" content=\"image\/png\" \/>\n<meta name=\"author\" content=\"Redacci\u00f3n Pol\u00edticos\" \/>\n<meta name=\"twitter:card\" content=\"summary_large_image\" \/>\n<meta name=\"twitter:label1\" content=\"Escrito por\" \/>\n\t<meta name=\"twitter:data1\" content=\"Redacci\u00f3n Pol\u00edticos\" \/>\n\t<meta name=\"twitter:label2\" content=\"Tiempo de lectura\" \/>\n\t<meta name=\"twitter:data2\" content=\"6 minutos\" \/>\n<script type=\"application\/ld+json\" class=\"yoast-schema-graph\">{\"@context\":\"https:\\\/\\\/schema.org\",\"@graph\":[{\"@type\":\"Article\",\"@id\":\"https:\\\/\\\/politicosaldesnudo.com.mx\\\/index.php\\\/2023\\\/08\\\/28\\\/rumbo-al-2024-la-ultraderecha-al-acecho\\\/#article\",\"isPartOf\":{\"@id\":\"https:\\\/\\\/politicosaldesnudo.com.mx\\\/index.php\\\/2023\\\/08\\\/28\\\/rumbo-al-2024-la-ultraderecha-al-acecho\\\/\"},\"author\":{\"name\":\"Redacci\u00f3n Pol\u00edticos\",\"@id\":\"https:\\\/\\\/politicosaldesnudo.com.mx\\\/#\\\/schema\\\/person\\\/ef3a64e561cc3f3f5dc52fab81adde7e\"},\"headline\":\"Rumbo al 2024: La ultraderecha al acecho\",\"datePublished\":\"2023-08-28T09:14:46+00:00\",\"dateModified\":\"2023-09-04T08:51:41+00:00\",\"mainEntityOfPage\":{\"@id\":\"https:\\\/\\\/politicosaldesnudo.com.mx\\\/index.php\\\/2023\\\/08\\\/28\\\/rumbo-al-2024-la-ultraderecha-al-acecho\\\/\"},\"wordCount\":1184,\"publisher\":{\"@id\":\"https:\\\/\\\/politicosaldesnudo.com.mx\\\/#organization\"},\"image\":{\"@id\":\"https:\\\/\\\/politicosaldesnudo.com.mx\\\/index.php\\\/2023\\\/08\\\/28\\\/rumbo-al-2024-la-ultraderecha-al-acecho\\\/#primaryimage\"},\"thumbnailUrl\":\"https:\\\/\\\/i0.wp.com\\\/politicosaldesnudo.com.mx\\\/wp-content\\\/uploads\\\/2022\\\/04\\\/FRANCISCO-BLANCO-CALDERO%CC%81N.png?fit=1816%2C1016&ssl=1\",\"articleSection\":[\"OPINI\u00d3N\"],\"inLanguage\":\"es\"},{\"@type\":\"WebPage\",\"@id\":\"https:\\\/\\\/politicosaldesnudo.com.mx\\\/index.php\\\/2023\\\/08\\\/28\\\/rumbo-al-2024-la-ultraderecha-al-acecho\\\/\",\"url\":\"https:\\\/\\\/politicosaldesnudo.com.mx\\\/index.php\\\/2023\\\/08\\\/28\\\/rumbo-al-2024-la-ultraderecha-al-acecho\\\/\",\"name\":\"Rumbo al 2024: La ultraderecha al acecho - Pol\u00edticos al Desnudo\",\"isPartOf\":{\"@id\":\"https:\\\/\\\/politicosaldesnudo.com.mx\\\/#website\"},\"primaryImageOfPage\":{\"@id\":\"https:\\\/\\\/politicosaldesnudo.com.mx\\\/index.php\\\/2023\\\/08\\\/28\\\/rumbo-al-2024-la-ultraderecha-al-acecho\\\/#primaryimage\"},\"image\":{\"@id\":\"https:\\\/\\\/politicosaldesnudo.com.mx\\\/index.php\\\/2023\\\/08\\\/28\\\/rumbo-al-2024-la-ultraderecha-al-acecho\\\/#primaryimage\"},\"thumbnailUrl\":\"https:\\\/\\\/i0.wp.com\\\/politicosaldesnudo.com.mx\\\/wp-content\\\/uploads\\\/2022\\\/04\\\/FRANCISCO-BLANCO-CALDERO%CC%81N.png?fit=1816%2C1016&ssl=1\",\"datePublished\":\"2023-08-28T09:14:46+00:00\",\"dateModified\":\"2023-09-04T08:51:41+00:00\",\"breadcrumb\":{\"@id\":\"https:\\\/\\\/politicosaldesnudo.com.mx\\\/index.php\\\/2023\\\/08\\\/28\\\/rumbo-al-2024-la-ultraderecha-al-acecho\\\/#breadcrumb\"},\"inLanguage\":\"es\",\"potentialAction\":[{\"@type\":\"ReadAction\",\"target\":[\"https:\\\/\\\/politicosaldesnudo.com.mx\\\/index.php\\\/2023\\\/08\\\/28\\\/rumbo-al-2024-la-ultraderecha-al-acecho\\\/\"]}]},{\"@type\":\"ImageObject\",\"inLanguage\":\"es\",\"@id\":\"https:\\\/\\\/politicosaldesnudo.com.mx\\\/index.php\\\/2023\\\/08\\\/28\\\/rumbo-al-2024-la-ultraderecha-al-acecho\\\/#primaryimage\",\"url\":\"https:\\\/\\\/i0.wp.com\\\/politicosaldesnudo.com.mx\\\/wp-content\\\/uploads\\\/2022\\\/04\\\/FRANCISCO-BLANCO-CALDERO%CC%81N.png?fit=1816%2C1016&ssl=1\",\"contentUrl\":\"https:\\\/\\\/i0.wp.com\\\/politicosaldesnudo.com.mx\\\/wp-content\\\/uploads\\\/2022\\\/04\\\/FRANCISCO-BLANCO-CALDERO%CC%81N.png?fit=1816%2C1016&ssl=1\",\"width\":1816,\"height\":1016},{\"@type\":\"BreadcrumbList\",\"@id\":\"https:\\\/\\\/politicosaldesnudo.com.mx\\\/index.php\\\/2023\\\/08\\\/28\\\/rumbo-al-2024-la-ultraderecha-al-acecho\\\/#breadcrumb\",\"itemListElement\":[{\"@type\":\"ListItem\",\"position\":1,\"name\":\"Portada\",\"item\":\"https:\\\/\\\/politicosaldesnudo.com.mx\\\/\"},{\"@type\":\"ListItem\",\"position\":2,\"name\":\"Rumbo al 2024: La ultraderecha al acecho\"}]},{\"@type\":\"WebSite\",\"@id\":\"https:\\\/\\\/politicosaldesnudo.com.mx\\\/#website\",\"url\":\"https:\\\/\\\/politicosaldesnudo.com.mx\\\/\",\"name\":\"Pol\u00edticos al Desnudo\",\"description\":\"\",\"publisher\":{\"@id\":\"https:\\\/\\\/politicosaldesnudo.com.mx\\\/#organization\"},\"potentialAction\":[{\"@type\":\"SearchAction\",\"target\":{\"@type\":\"EntryPoint\",\"urlTemplate\":\"https:\\\/\\\/politicosaldesnudo.com.mx\\\/?s={search_term_string}\"},\"query-input\":{\"@type\":\"PropertyValueSpecification\",\"valueRequired\":true,\"valueName\":\"search_term_string\"}}],\"inLanguage\":\"es\"},{\"@type\":\"Organization\",\"@id\":\"https:\\\/\\\/politicosaldesnudo.com.mx\\\/#organization\",\"name\":\"Pol\u00edticos al Desnudo\",\"url\":\"https:\\\/\\\/politicosaldesnudo.com.mx\\\/\",\"logo\":{\"@type\":\"ImageObject\",\"inLanguage\":\"es\",\"@id\":\"https:\\\/\\\/politicosaldesnudo.com.mx\\\/#\\\/schema\\\/logo\\\/image\\\/\",\"url\":\"https:\\\/\\\/i0.wp.com\\\/politicosaldesnudo.com.mx\\\/wp-content\\\/uploads\\\/2026\\\/08\\\/cropped-logo.webp?fit=400%2C126&ssl=1\",\"contentUrl\":\"https:\\\/\\\/i0.wp.com\\\/politicosaldesnudo.com.mx\\\/wp-content\\\/uploads\\\/2026\\\/08\\\/cropped-logo.webp?fit=400%2C126&ssl=1\",\"width\":400,\"height\":126,\"caption\":\"Pol\u00edticos al Desnudo\"},\"image\":{\"@id\":\"https:\\\/\\\/politicosaldesnudo.com.mx\\\/#\\\/schema\\\/logo\\\/image\\\/\"},\"sameAs\":[\"https:\\\/\\\/www.facebook.com\\\/PoliticosAD\"]},{\"@type\":\"Person\",\"@id\":\"https:\\\/\\\/politicosaldesnudo.com.mx\\\/#\\\/schema\\\/person\\\/ef3a64e561cc3f3f5dc52fab81adde7e\",\"name\":\"Redacci\u00f3n Pol\u00edticos\",\"url\":\"https:\\\/\\\/politicosaldesnudo.com.mx\\\/index.php\\\/author\\\/redaccion-politicos\\\/\"}]}<\/script>\n<!-- \/ Yoast SEO plugin. -->","yoast_head_json":{"title":"Rumbo al 2024: La ultraderecha al acecho - Pol\u00edticos al Desnudo","robots":{"index":"index","follow":"follow","max-snippet":"max-snippet:-1","max-image-preview":"max-image-preview:large","max-video-preview":"max-video-preview:-1"},"canonical":"https:\/\/politicosaldesnudo.com.mx\/index.php\/2023\/08\/28\/rumbo-al-2024-la-ultraderecha-al-acecho\/","og_locale":"es_ES","og_type":"article","og_title":"Rumbo al 2024: La ultraderecha al acecho - Pol\u00edticos al Desnudo","og_description":"&nbsp; Por Francisco Blanco Calder\u00f3n &nbsp; Segunda Parte La ultraderecha se apunta como\u00a0 contendiente en el proceso electoral del 2024, [&hellip;]","og_url":"https:\/\/politicosaldesnudo.com.mx\/index.php\/2023\/08\/28\/rumbo-al-2024-la-ultraderecha-al-acecho\/","og_site_name":"Pol\u00edticos al Desnudo","article_publisher":"https:\/\/www.facebook.com\/PoliticosAD","article_published_time":"2023-08-28T09:14:46+00:00","article_modified_time":"2023-09-04T08:51:41+00:00","og_image":[{"width":1816,"height":1016,"url":"https:\/\/i0.wp.com\/politicosaldesnudo.com.mx\/wp-content\/uploads\/2022\/04\/FRANCISCO-BLANCO-CALDERO%CC%81N.png?fit=1816%2C1016&ssl=1","type":"image\/png"}],"author":"Redacci\u00f3n Pol\u00edticos","twitter_card":"summary_large_image","twitter_misc":{"Escrito por":"Redacci\u00f3n Pol\u00edticos","Tiempo de lectura":"6 minutos"},"schema":{"@context":"https:\/\/schema.org","@graph":[{"@type":"Article","@id":"https:\/\/politicosaldesnudo.com.mx\/index.php\/2023\/08\/28\/rumbo-al-2024-la-ultraderecha-al-acecho\/#article","isPartOf":{"@id":"https:\/\/politicosaldesnudo.com.mx\/index.php\/2023\/08\/28\/rumbo-al-2024-la-ultraderecha-al-acecho\/"},"author":{"name":"Redacci\u00f3n Pol\u00edticos","@id":"https:\/\/politicosaldesnudo.com.mx\/#\/schema\/person\/ef3a64e561cc3f3f5dc52fab81adde7e"},"headline":"Rumbo al 2024: La ultraderecha al acecho","datePublished":"2023-08-28T09:14:46+00:00","dateModified":"2023-09-04T08:51:41+00:00","mainEntityOfPage":{"@id":"https:\/\/politicosaldesnudo.com.mx\/index.php\/2023\/08\/28\/rumbo-al-2024-la-ultraderecha-al-acecho\/"},"wordCount":1184,"publisher":{"@id":"https:\/\/politicosaldesnudo.com.mx\/#organization"},"image":{"@id":"https:\/\/politicosaldesnudo.com.mx\/index.php\/2023\/08\/28\/rumbo-al-2024-la-ultraderecha-al-acecho\/#primaryimage"},"thumbnailUrl":"https:\/\/i0.wp.com\/politicosaldesnudo.com.mx\/wp-content\/uploads\/2022\/04\/FRANCISCO-BLANCO-CALDERO%CC%81N.png?fit=1816%2C1016&ssl=1","articleSection":["OPINI\u00d3N"],"inLanguage":"es"},{"@type":"WebPage","@id":"https:\/\/politicosaldesnudo.com.mx\/index.php\/2023\/08\/28\/rumbo-al-2024-la-ultraderecha-al-acecho\/","url":"https:\/\/politicosaldesnudo.com.mx\/index.php\/2023\/08\/28\/rumbo-al-2024-la-ultraderecha-al-acecho\/","name":"Rumbo al 2024: La ultraderecha al acecho - Pol\u00edticos al Desnudo","isPartOf":{"@id":"https:\/\/politicosaldesnudo.com.mx\/#website"},"primaryImageOfPage":{"@id":"https:\/\/politicosaldesnudo.com.mx\/index.php\/2023\/08\/28\/rumbo-al-2024-la-ultraderecha-al-acecho\/#primaryimage"},"image":{"@id":"https:\/\/politicosaldesnudo.com.mx\/index.php\/2023\/08\/28\/rumbo-al-2024-la-ultraderecha-al-acecho\/#primaryimage"},"thumbnailUrl":"https:\/\/i0.wp.com\/politicosaldesnudo.com.mx\/wp-content\/uploads\/2022\/04\/FRANCISCO-BLANCO-CALDERO%CC%81N.png?fit=1816%2C1016&ssl=1","datePublished":"2023-08-28T09:14:46+00:00","dateModified":"2023-09-04T08:51:41+00:00","breadcrumb":{"@id":"https:\/\/politicosaldesnudo.com.mx\/index.php\/2023\/08\/28\/rumbo-al-2024-la-ultraderecha-al-acecho\/#breadcrumb"},"inLanguage":"es","potentialAction":[{"@type":"ReadAction","target":["https:\/\/politicosaldesnudo.com.mx\/index.php\/2023\/08\/28\/rumbo-al-2024-la-ultraderecha-al-acecho\/"]}]},{"@type":"ImageObject","inLanguage":"es","@id":"https:\/\/politicosaldesnudo.com.mx\/index.php\/2023\/08\/28\/rumbo-al-2024-la-ultraderecha-al-acecho\/#primaryimage","url":"https:\/\/i0.wp.com\/politicosaldesnudo.com.mx\/wp-content\/uploads\/2022\/04\/FRANCISCO-BLANCO-CALDERO%CC%81N.png?fit=1816%2C1016&ssl=1","contentUrl":"https:\/\/i0.wp.com\/politicosaldesnudo.com.mx\/wp-content\/uploads\/2022\/04\/FRANCISCO-BLANCO-CALDERO%CC%81N.png?fit=1816%2C1016&ssl=1","width":1816,"height":1016},{"@type":"BreadcrumbList","@id":"https:\/\/politicosaldesnudo.com.mx\/index.php\/2023\/08\/28\/rumbo-al-2024-la-ultraderecha-al-acecho\/#breadcrumb","itemListElement":[{"@type":"ListItem","position":1,"name":"Portada","item":"https:\/\/politicosaldesnudo.com.mx\/"},{"@type":"ListItem","position":2,"name":"Rumbo al 2024: La ultraderecha al acecho"}]},{"@type":"WebSite","@id":"https:\/\/politicosaldesnudo.com.mx\/#website","url":"https:\/\/politicosaldesnudo.com.mx\/","name":"Pol\u00edticos al Desnudo","description":"","publisher":{"@id":"https:\/\/politicosaldesnudo.com.mx\/#organization"},"potentialAction":[{"@type":"SearchAction","target":{"@type":"EntryPoint","urlTemplate":"https:\/\/politicosaldesnudo.com.mx\/?s={search_term_string}"},"query-input":{"@type":"PropertyValueSpecification","valueRequired":true,"valueName":"search_term_string"}}],"inLanguage":"es"},{"@type":"Organization","@id":"https:\/\/politicosaldesnudo.com.mx\/#organization","name":"Pol\u00edticos al Desnudo","url":"https:\/\/politicosaldesnudo.com.mx\/","logo":{"@type":"ImageObject","inLanguage":"es","@id":"https:\/\/politicosaldesnudo.com.mx\/#\/schema\/logo\/image\/","url":"https:\/\/i0.wp.com\/politicosaldesnudo.com.mx\/wp-content\/uploads\/2026\/08\/cropped-logo.webp?fit=400%2C126&ssl=1","contentUrl":"https:\/\/i0.wp.com\/politicosaldesnudo.com.mx\/wp-content\/uploads\/2026\/08\/cropped-logo.webp?fit=400%2C126&ssl=1","width":400,"height":126,"caption":"Pol\u00edticos al Desnudo"},"image":{"@id":"https:\/\/politicosaldesnudo.com.mx\/#\/schema\/logo\/image\/"},"sameAs":["https:\/\/www.facebook.com\/PoliticosAD"]},{"@type":"Person","@id":"https:\/\/politicosaldesnudo.com.mx\/#\/schema\/person\/ef3a64e561cc3f3f5dc52fab81adde7e","name":"Redacci\u00f3n Pol\u00edticos","url":"https:\/\/politicosaldesnudo.com.mx\/index.php\/author\/redaccion-politicos\/"}]}},"jetpack_publicize_connections":[],"jetpack-related-posts":[{"id":54914,"url":"https:\/\/politicosaldesnudo.com.mx\/index.php\/2025\/01\/21\/trump-sienta-a-la-mesa-a-la-ultraderecha\/","url_meta":{"origin":23468,"position":0},"title":"Trump sienta a la mesa a la ultraderecha","author":"Redacci\u00f3n Pol\u00edticos","date":"21 de enero de 2025","format":false,"excerpt":"Trump podr\u00e1 recular sobre sus amenazas de inmigrantes y aranceles, pero donde no podr\u00e1 echarse para atr\u00e1s es en el liderazgo de la ultraderecha mundial que representa una amenaza para el verdadero mundo democr\u00e1tico. Su proyecto no tiene como prioridad elevar el nivel de participaci\u00f3n pol\u00edtica de los estadounidenses para\u2026","rel":"","context":"En \u00abOPINI\u00d3N\u00bb","block_context":{"text":"OPINI\u00d3N","link":"https:\/\/politicosaldesnudo.com.mx\/index.php\/category\/columnistas\/"},"img":{"alt_text":"","src":"https:\/\/i0.wp.com\/politicosaldesnudo.com.mx\/wp-content\/uploads\/2024\/09\/JOSE-GARCIA-SANCHEZ.jpg?fit=760%2C426&ssl=1&resize=350%2C200","width":350,"height":200,"srcset":"https:\/\/i0.wp.com\/politicosaldesnudo.com.mx\/wp-content\/uploads\/2024\/09\/JOSE-GARCIA-SANCHEZ.jpg?fit=760%2C426&ssl=1&resize=350%2C200 1x, https:\/\/i0.wp.com\/politicosaldesnudo.com.mx\/wp-content\/uploads\/2024\/09\/JOSE-GARCIA-SANCHEZ.jpg?fit=760%2C426&ssl=1&resize=525%2C300 1.5x, https:\/\/i0.wp.com\/politicosaldesnudo.com.mx\/wp-content\/uploads\/2024\/09\/JOSE-GARCIA-SANCHEZ.jpg?fit=760%2C426&ssl=1&resize=700%2C400 2x"},"classes":[]},{"id":42309,"url":"https:\/\/politicosaldesnudo.com.mx\/index.php\/2024\/07\/19\/covid-19-sin-datos-oficiales\/","url_meta":{"origin":23468,"position":1},"title":"Covid 19 sin datos oficiales","author":"Redacci\u00f3n Pol\u00edticos","date":"19 de julio de 2024","format":false,"excerpt":"Autoridades no reconocen que ha habido un aumento paulatino La mayor\u00eda de las personas contagiadas presentan s\u00edntomas leves Las vacunas contra el Covid 19 se encuentran agotadas en farmacias Por Miguel \u00c1ngel Cristiani G. Aunque se asegura extraoficialmente que en las \u00faltimas semanas, se ha registrado un incremento paulatino en\u2026","rel":"","context":"En \u00abOPINI\u00d3N\u00bb","block_context":{"text":"OPINI\u00d3N","link":"https:\/\/politicosaldesnudo.com.mx\/index.php\/category\/columnistas\/"},"img":{"alt_text":"","src":"https:\/\/i0.wp.com\/politicosaldesnudo.com.mx\/wp-content\/uploads\/2022\/04\/CRISTIANI.png?fit=1200%2C671&ssl=1&resize=350%2C200","width":350,"height":200,"srcset":"https:\/\/i0.wp.com\/politicosaldesnudo.com.mx\/wp-content\/uploads\/2022\/04\/CRISTIANI.png?fit=1200%2C671&ssl=1&resize=350%2C200 1x, https:\/\/i0.wp.com\/politicosaldesnudo.com.mx\/wp-content\/uploads\/2022\/04\/CRISTIANI.png?fit=1200%2C671&ssl=1&resize=525%2C300 1.5x, https:\/\/i0.wp.com\/politicosaldesnudo.com.mx\/wp-content\/uploads\/2022\/04\/CRISTIANI.png?fit=1200%2C671&ssl=1&resize=700%2C400 2x, https:\/\/i0.wp.com\/politicosaldesnudo.com.mx\/wp-content\/uploads\/2022\/04\/CRISTIANI.png?fit=1200%2C671&ssl=1&resize=1050%2C600 3x"},"classes":[]},{"id":45986,"url":"https:\/\/politicosaldesnudo.com.mx\/index.php\/2024\/09\/10\/habitantes-de-los-kilometros-solicitan-atender-sus-peticiones\/","url_meta":{"origin":23468,"position":2},"title":"Habitantes de Los Kil\u00f3metros solicitan atender sus peticiones","author":"Redacci\u00f3n Pol\u00edticos","date":"10 de septiembre de 2024","format":false,"excerpt":"Este lunes habitantes de la ruta de los kil\u00f3metros acudieron al Ayuntamiento de Tuxpan para solicitar a las autoridades se atienden obras en rezago de sus comunidades como la infraestructura carretera y la ampliaci\u00f3n de red el\u00e9ctrica, obras que solicitan se contemplen en el presupuesto municipal de 2025. Arturo Simbr\u00f3n\u2026","rel":"","context":"En \u00abTUXPAN\u00bb","block_context":{"text":"TUXPAN","link":"https:\/\/politicosaldesnudo.com.mx\/index.php\/category\/tuxpan\/"},"img":{"alt_text":"","src":"https:\/\/i0.wp.com\/politicosaldesnudo.com.mx\/wp-content\/uploads\/2024\/09\/habitantes-de-los-kilometros-solicitan-atender-sus-peticiones-549460.jpeg?fit=800%2C600&ssl=1&resize=350%2C200","width":350,"height":200,"srcset":"https:\/\/i0.wp.com\/politicosaldesnudo.com.mx\/wp-content\/uploads\/2024\/09\/habitantes-de-los-kilometros-solicitan-atender-sus-peticiones-549460.jpeg?fit=800%2C600&ssl=1&resize=350%2C200 1x, https:\/\/i0.wp.com\/politicosaldesnudo.com.mx\/wp-content\/uploads\/2024\/09\/habitantes-de-los-kilometros-solicitan-atender-sus-peticiones-549460.jpeg?fit=800%2C600&ssl=1&resize=525%2C300 1.5x, https:\/\/i0.wp.com\/politicosaldesnudo.com.mx\/wp-content\/uploads\/2024\/09\/habitantes-de-los-kilometros-solicitan-atender-sus-peticiones-549460.jpeg?fit=800%2C600&ssl=1&resize=700%2C400 2x"},"classes":[]},{"id":87252,"url":"https:\/\/politicosaldesnudo.com.mx\/index.php\/2026\/07\/27\/interrupciones-electricas-caen-39-respecto-a-2024-cfe\/","url_meta":{"origin":23468,"position":3},"title":"Interrupciones el\u00e9ctricas caen 39% respecto a 2024: CFE","author":"Redacci\u00f3n Pol\u00edticos","date":"27 de julio de 2026","format":false,"excerpt":"La \u201cinversi\u00f3n hist\u00f3rica\u201d para ampliar y modernizar las redes de transmisi\u00f3n y distribuci\u00f3n el\u00e9ctrica en M\u00e9xico, \u201cya comienza a dar resultados\u201d, asegur\u00f3 Emilia Calleja, directora general de la Comisi\u00f3n Federal de Electricidad (CFE). Durante el primer semestre de este a\u00f1o, las interrupciones en el servicio disminuyeron 39 por ciento respecto\u2026","rel":"","context":"En \u00abECONOM\u00cdA\u00bb","block_context":{"text":"ECONOM\u00cdA","link":"https:\/\/politicosaldesnudo.com.mx\/index.php\/category\/economia\/"},"img":{"alt_text":"","src":"https:\/\/i0.wp.com\/politicosaldesnudo.com.mx\/wp-content\/uploads\/2026\/07\/ANID.webp?fit=1200%2C742&ssl=1&resize=350%2C200","width":350,"height":200,"srcset":"https:\/\/i0.wp.com\/politicosaldesnudo.com.mx\/wp-content\/uploads\/2026\/07\/ANID.webp?fit=1200%2C742&ssl=1&resize=350%2C200 1x, https:\/\/i0.wp.com\/politicosaldesnudo.com.mx\/wp-content\/uploads\/2026\/07\/ANID.webp?fit=1200%2C742&ssl=1&resize=525%2C300 1.5x, https:\/\/i0.wp.com\/politicosaldesnudo.com.mx\/wp-content\/uploads\/2026\/07\/ANID.webp?fit=1200%2C742&ssl=1&resize=700%2C400 2x, https:\/\/i0.wp.com\/politicosaldesnudo.com.mx\/wp-content\/uploads\/2026\/07\/ANID.webp?fit=1200%2C742&ssl=1&resize=1050%2C600 3x"},"classes":[]},{"id":52020,"url":"https:\/\/politicosaldesnudo.com.mx\/index.php\/2024\/12\/10\/cambios-en-el-ivea\/","url_meta":{"origin":23468,"position":4},"title":"Cambios en el IVEA","author":"Redacci\u00f3n Pol\u00edticos","date":"10 de diciembre de 2024","format":false,"excerpt":"A partir de este lunes, Bibiano Herrera ser\u00e1 el nuevo Coordinador de Zona del Instituto Veracruzano de Educaci\u00f3n para los Adultos, IVEA, en sustituci\u00f3n de Yeni Elizabeth D\u00edaz Quevedo, de acuerdo a la rotaci\u00f3n de personal y cambios propuestos por el nuevo gobierno. El nuevo coordinador, se desempe\u00f1aba como T\u00e9cnico\u2026","rel":"","context":"En \u00abTUXPAN\u00bb","block_context":{"text":"TUXPAN","link":"https:\/\/politicosaldesnudo.com.mx\/index.php\/category\/tuxpan\/"},"img":{"alt_text":"","src":"https:\/\/i0.wp.com\/politicosaldesnudo.com.mx\/wp-content\/uploads\/2024\/12\/6b-1.jpg?fit=1200%2C900&ssl=1&resize=350%2C200","width":350,"height":200,"srcset":"https:\/\/i0.wp.com\/politicosaldesnudo.com.mx\/wp-content\/uploads\/2024\/12\/6b-1.jpg?fit=1200%2C900&ssl=1&resize=350%2C200 1x, https:\/\/i0.wp.com\/politicosaldesnudo.com.mx\/wp-content\/uploads\/2024\/12\/6b-1.jpg?fit=1200%2C900&ssl=1&resize=525%2C300 1.5x, https:\/\/i0.wp.com\/politicosaldesnudo.com.mx\/wp-content\/uploads\/2024\/12\/6b-1.jpg?fit=1200%2C900&ssl=1&resize=700%2C400 2x, https:\/\/i0.wp.com\/politicosaldesnudo.com.mx\/wp-content\/uploads\/2024\/12\/6b-1.jpg?fit=1200%2C900&ssl=1&resize=1050%2C600 3x"},"classes":[]},{"id":41212,"url":"https:\/\/politicosaldesnudo.com.mx\/index.php\/2024\/07\/04\/comienza-el-desabasto-en-supermercado-de-quintana-roo-por-el-huracan-beryl\/","url_meta":{"origin":23468,"position":5},"title":"Comienza el desabasto en supermercado de Quintana Roo por el hurac\u00e1n Beryl","author":"Redacci\u00f3n Pol\u00edticos","date":"4 de julio de 2024","format":false,"excerpt":"Los productos de primera necesidad como agua de garraf\u00f3n; enlatados como at\u00fan, frijoles, pastas, sopas instant\u00e1neas, as\u00ed como veladoras, linternas y bater\u00edas ya escasean en supermercados y tiendas de conveniencia a menos de 24 horas que el hurac\u00e1n Beryl impacte a Quintana Roo, En un recorrido por varias tiendas de\u2026","rel":"","context":"En \u00abNACIONAL\u00bb","block_context":{"text":"NACIONAL","link":"https:\/\/politicosaldesnudo.com.mx\/index.php\/category\/nacional\/"},"img":{"alt_text":"","src":"https:\/\/i0.wp.com\/politicosaldesnudo.com.mx\/wp-content\/uploads\/2024\/07\/Desabasto-supermercados-Quintana-Roo-2.png?fit=400%2C250&ssl=1&resize=350%2C200","width":350,"height":200},"classes":[]}],"jetpack_sharing_enabled":true,"jetpack_featured_media_url":"https:\/\/i0.wp.com\/politicosaldesnudo.com.mx\/wp-content\/uploads\/2022\/04\/FRANCISCO-BLANCO-CALDERO%CC%81N.png?fit=1816%2C1016&ssl=1","_links":{"self":[{"href":"https:\/\/politicosaldesnudo.com.mx\/index.php\/wp-json\/wp\/v2\/posts\/23468","targetHints":{"allow":["GET"]}}],"collection":[{"href":"https:\/\/politicosaldesnudo.com.mx\/index.php\/wp-json\/wp\/v2\/posts"}],"about":[{"href":"https:\/\/politicosaldesnudo.com.mx\/index.php\/wp-json\/wp\/v2\/types\/post"}],"author":[{"embeddable":true,"href":"https:\/\/politicosaldesnudo.com.mx\/index.php\/wp-json\/wp\/v2\/users\/4"}],"replies":[{"embeddable":true,"href":"https:\/\/politicosaldesnudo.com.mx\/index.php\/wp-json\/wp\/v2\/comments?post=23468"}],"version-history":[{"count":0,"href":"https:\/\/politicosaldesnudo.com.mx\/index.php\/wp-json\/wp\/v2\/posts\/23468\/revisions"}],"wp:featuredmedia":[{"embeddable":true,"href":"https:\/\/politicosaldesnudo.com.mx\/index.php\/wp-json\/wp\/v2\/media\/4384"}],"wp:attachment":[{"href":"https:\/\/politicosaldesnudo.com.mx\/index.php\/wp-json\/wp\/v2\/media?parent=23468"}],"wp:term":[{"taxonomy":"category","embeddable":true,"href":"https:\/\/politicosaldesnudo.com.mx\/index.php\/wp-json\/wp\/v2\/categories?post=23468"},{"taxonomy":"post_tag","embeddable":true,"href":"https:\/\/politicosaldesnudo.com.mx\/index.php\/wp-json\/wp\/v2\/tags?post=23468"}],"curies":[{"name":"wp","href":"https:\/\/api.w.org\/{rel}","templated":true}]}}