{"id":23480,"date":"2023-08-29T05:00:44","date_gmt":"2023-08-29T10:00:44","guid":{"rendered":"https:\/\/politicosaldesnudo.com.mx\/?p=23480"},"modified":"2023-08-29T07:53:11","modified_gmt":"2023-08-29T12:53:11","slug":"la-tentacion-del-dedazo","status":"publish","type":"post","link":"https:\/\/politicosaldesnudo.com.mx\/index.php\/2023\/08\/29\/la-tentacion-del-dedazo\/","title":{"rendered":"La tentaci\u00f3n del \u201cdedazo\u201d"},"content":{"rendered":"<p>&nbsp;<\/p>\n<p class=\"p2\"><span style=\"font-size: 18pt;\"><strong>Por Aurelio Contreras Moreno<\/strong><\/span><\/p>\n<p class=\"p2\"><span style=\"font-size: 14pt;\">Desde la semana pasada comenzaron a correr versiones acerca de una posible declinaci\u00f3n de la senadora priista Beatriz Paredes Rangel, lo que en autom\u00e1tico le dar\u00eda la candidatura presidencial opositora a la panista X\u00f3chitl G\u00e1lvez Ruiz.<\/span><\/p>\n<p class=\"p2\"><span style=\"font-size: 14pt;\">Se habl\u00f3 de fuertes presiones no solo dentro de la c\u00fapula del Frente Amplio por M\u00e9xico, sino incluso de su propio partido, el Revolucionario Institucional, para que Paredes se retire de la contienda, lo que ella rechaz\u00f3 bajo un argumento bastante puntual: ser\u00eda darle la raz\u00f3n al presidente L\u00f3pez Obrador sobre que el proceso interno de la oposici\u00f3n estaba definido con antelaci\u00f3n.<\/span><\/p>\n<p class=\"p2\"><span style=\"font-size: 14pt;\">\u201cMi declinaci\u00f3n har\u00eda evidente que lo que pronostic\u00f3 el presidente Andr\u00e9s Manuel L\u00f3pez Obrador se evidenciara como una realidad: que hab\u00eda un montaje que llevaba como prop\u00f3sito \u00faltimo que una candidata previamente designada se ungiera\u201d, declar\u00f3 la semana pasada, mientras reclamaba que las presiones para que tomara esa decisi\u00f3n constitu\u00edan una falta de respeto.<\/span><\/p>\n<p class=\"p2\"><span style=\"font-size: 14pt;\">Y aun cuando el propio proceso\u00a0interno en el oficialismo obradorista s\u00ed es a todas luces una simulaci\u00f3n y un montaje en el que una candidata previamente designada va a ser ungida por el \u201cdedito\u201d de \u201cya saben qui\u00e9n\u201d, precisamente por ese motivo es que si algo necesita el bando opositor es legitimidad democr\u00e1tica, la cual se busc\u00f3 construir con la creaci\u00f3n del Frente y la integraci\u00f3n y participaci\u00f3n en el mismo de los ciudadanos. A pesar de los propios partidos.<\/span><\/p>\n<p class=\"p2\"><span style=\"font-size: 14pt;\">Sin embargo, parece que la partidocracia no est\u00e1 dispuesta a ser \u201ctan democr\u00e1tica\u201d y a pocos d\u00edas de la votaci\u00f3n interna, quieren que el juego se defina previamente y por \u201cdefault\u201d.<\/span><\/p>\n<p class=\"p2\"><span style=\"font-size: 14pt;\">Este lunes, el dirigente nacional del PRI, Alejandro Moreno C\u00e1rdenas, pr\u00e1cticamente descart\u00f3 de la candidatura a su correligionaria Beatriz Paredes al declarar que \u201clas encuestas no le favorecen\u201d, y que iban a \u201cconstruir a la candidata m\u00e1s competitiva\u201d, por lo que anticip\u00f3 que el mi\u00e9rcoles dar\u00e1n un posicionamiento al respecto.<\/span><\/p>\n<p class=\"p2\"><span style=\"font-size: 14pt;\">Con aire paternalista y perdonavidas, el impresentable \u201cAlito\u201d afirm\u00f3 que Paredes \u201ces una mujer comprometida y estoy seguro que Beatriz tomar\u00e1 siempre la mejor decisi\u00f3n, que es estar al lado de M\u00e9xico\u201d.<\/span><\/p>\n<p class=\"p2\"><span style=\"font-size: 14pt;\">Moreno C\u00e1rdenas no mencion\u00f3 a qu\u00e9 encuestas se refer\u00eda y eso dio pie una respuesta de Paredes Rangel, que adelant\u00f3 que antes de tomar cualquier decisi\u00f3n, quiere primero conocer los resultados de la encuestas que mand\u00f3 a hacer el Comit\u00e9 Organizador del Frente Amplio por M\u00e9xico, \u201cque son las \u00fanicas encuestas v\u00e1lidas para el efecto de incidir en la definici\u00f3n\u201d.<\/span><\/p>\n<p class=\"p2\"><span style=\"font-size: 14pt;\">Queda claro que Moreno C\u00e1rdenas no le avis\u00f3 siquiera a Beatriz Paredes lo que iba a hacer y que la busca forzar a declinar a menos de una semana de las votaciones, que ya no tendr\u00edan sentido si solo queda una aspirante. Lo cual lleva a plantear dos conjeturas: el PRI est\u00e1 desahuciado y el liderazgo de su dirigente tan debilitado, que la estructura priista ya no opera \u2013para el PRI, porque la mayor\u00eda anda en Morena- y quieren evitar ser barridos el pr\u00f3ximo domingo en la interna; o bien, que hay un arreglo cupular tomado a espaldas de los ciudadanos que le dieron legitimidad al Frente Amplio.<\/span><\/p>\n<p class=\"p2\"><span style=\"font-size: 14pt;\">Una elecci\u00f3n pr\u00e1cticamente por \u201cdedazo\u201d no le ayuda en nada a X\u00f3chitl G\u00e1lvez ni a la causa opositora. Al contrario, le da armas al obradorato \u2013aunque no tenga cara para hacerlo- para desacreditar el proceso y debilita su posici\u00f3n. La elecci\u00f3n interna deber\u00eda llevarse a cabo incluso como un ejercicio y ejemplo democr\u00e1tico, a diferencia de la pantomima de las \u201cencuestas\u201d de Morena, en las cuales hay un \u00fanico encuestado.<\/span><\/p>\n<p class=\"p2\"><span style=\"font-size: 14pt;\">Pero la tentaci\u00f3n del \u201cdedazo\u201d siempre est\u00e1 presente en el ADN de la clase pol\u00edtica mexicana.<\/span><\/p>\n<p class=\"p2\"><span style=\"font-size: 14pt;\">Que dice el rector que m\u00e1s vale pedir permiso que perd\u00f3n<\/span><\/p>\n<p class=\"p2\"><span style=\"font-size: 14pt;\">A ver si entendimos. \u00bfDe modo que el rector de la Universidad Veracruzana, Mart\u00edn Aguilar S\u00e1nchez, fue al Consejo Universitario General a pedir permiso para hacer lo que debi\u00f3 hacer hace dos a\u00f1os? \u00bfY todav\u00eda va a \u201cnegociar\u201d el presupuesto que est\u00e1 establecido en la Constituci\u00f3n del estado y es un derecho de la instituci\u00f3n y de los universitarios?<\/span><\/p>\n<p class=\"p2\"><span style=\"font-size: 14pt;\">No, pues guau.<\/span><\/p>\n<p>&nbsp;<\/p>\n<hr \/>\n<p>&nbsp;<\/p>\n<p class=\"p1\"><span style=\"font-size: 18pt;\"><strong>Correo: <a href=\"mailto:aureliocontreras@gmail.com\">aureliocontreras@gmail.com<\/a><\/strong><\/span><\/p>\n<p class=\"p1\"><span style=\"font-size: 18pt;\"><strong>Twitter: <a href=\"http:\/\/www.twitter.com\/yeyocontreras\">@yeyocontreras<\/a><\/strong><\/span><\/p>\n<p>&nbsp;<\/p>\n<p><img data-recalc-dims=\"1\" loading=\"lazy\" decoding=\"async\" class=\"aligncenter wp-image-14351\" src=\"https:\/\/i0.wp.com\/politicosaldesnudo.com.mx\/wp-content\/uploads\/2023\/01\/FIRMA-EDITORIAL-PD-300x37.png?resize=800%2C98&#038;ssl=1\" alt=\"\" width=\"800\" height=\"98\" srcset=\"https:\/\/i0.wp.com\/politicosaldesnudo.com.mx\/wp-content\/uploads\/2023\/01\/FIRMA-EDITORIAL-PD.png?resize=300%2C37&amp;ssl=1 300w, https:\/\/i0.wp.com\/politicosaldesnudo.com.mx\/wp-content\/uploads\/2023\/01\/FIRMA-EDITORIAL-PD.png?resize=1024%2C125&amp;ssl=1 1024w, https:\/\/i0.wp.com\/politicosaldesnudo.com.mx\/wp-content\/uploads\/2023\/01\/FIRMA-EDITORIAL-PD.png?resize=768%2C94&amp;ssl=1 768w, https:\/\/i0.wp.com\/politicosaldesnudo.com.mx\/wp-content\/uploads\/2023\/01\/FIRMA-EDITORIAL-PD.png?resize=1536%2C188&amp;ssl=1 1536w, https:\/\/i0.wp.com\/politicosaldesnudo.com.mx\/wp-content\/uploads\/2023\/01\/FIRMA-EDITORIAL-PD.png?resize=2048%2C250&amp;ssl=1 2048w, https:\/\/i0.wp.com\/politicosaldesnudo.com.mx\/wp-content\/uploads\/2023\/01\/FIRMA-EDITORIAL-PD.png?w=1600&amp;ssl=1 1600w, https:\/\/i0.wp.com\/politicosaldesnudo.com.mx\/wp-content\/uploads\/2023\/01\/FIRMA-EDITORIAL-PD.png?w=2400&amp;ssl=1 2400w\" sizes=\"auto, (max-width: 800px) 100vw, 800px\" \/><\/p>\n<p>&nbsp;<\/p>\n<p>&nbsp;<\/p>\n<p>&nbsp;<\/p>\n<p>&nbsp;<\/p>\n","protected":false},"excerpt":{"rendered":"<p>&nbsp; Por Aurelio Contreras Moreno Desde la semana pasada comenzaron a correr versiones acerca de una posible declinaci\u00f3n de la<\/p>\n","protected":false},"author":4,"featured_media":4397,"comment_status":"closed","ping_status":"closed","sticky":false,"template":"","format":"standard","meta":{"colormag_page_container_layout":"default_layout","colormag_page_sidebar_layout":"default_layout","_jetpack_memberships_contains_paid_content":false,"footnotes":"","jetpack_publicize_message":"","jetpack_publicize_feature_enabled":true,"jetpack_social_post_already_shared":false,"jetpack_social_options":{"image_generator_settings":{"template":"highway","default_image_id":0,"font":"","enabled":false},"version":2}},"categories":[26],"tags":[],"class_list":["post-23480","post","type-post","status-publish","format-standard","has-post-thumbnail","hentry","category-columnistas"],"jetpack_publicize_connections":[],"jetpack_featured_media_url":"https:\/\/i0.wp.com\/politicosaldesnudo.com.mx\/wp-content\/uploads\/2022\/04\/AURELIO-CONTRERAS-MORENO-1.png?fit=1816%2C1016&ssl=1","jetpack-related-posts":[],"jetpack_sharing_enabled":true,"_links":{"self":[{"href":"https:\/\/politicosaldesnudo.com.mx\/index.php\/wp-json\/wp\/v2\/posts\/23480","targetHints":{"allow":["GET"]}}],"collection":[{"href":"https:\/\/politicosaldesnudo.com.mx\/index.php\/wp-json\/wp\/v2\/posts"}],"about":[{"href":"https:\/\/politicosaldesnudo.com.mx\/index.php\/wp-json\/wp\/v2\/types\/post"}],"author":[{"embeddable":true,"href":"https:\/\/politicosaldesnudo.com.mx\/index.php\/wp-json\/wp\/v2\/users\/4"}],"replies":[{"embeddable":true,"href":"https:\/\/politicosaldesnudo.com.mx\/index.php\/wp-json\/wp\/v2\/comments?post=23480"}],"version-history":[{"count":0,"href":"https:\/\/politicosaldesnudo.com.mx\/index.php\/wp-json\/wp\/v2\/posts\/23480\/revisions"}],"wp:featuredmedia":[{"embeddable":true,"href":"https:\/\/politicosaldesnudo.com.mx\/index.php\/wp-json\/wp\/v2\/media\/4397"}],"wp:attachment":[{"href":"https:\/\/politicosaldesnudo.com.mx\/index.php\/wp-json\/wp\/v2\/media?parent=23480"}],"wp:term":[{"taxonomy":"category","embeddable":true,"href":"https:\/\/politicosaldesnudo.com.mx\/index.php\/wp-json\/wp\/v2\/categories?post=23480"},{"taxonomy":"post_tag","embeddable":true,"href":"https:\/\/politicosaldesnudo.com.mx\/index.php\/wp-json\/wp\/v2\/tags?post=23480"}],"curies":[{"name":"wp","href":"https:\/\/api.w.org\/{rel}","templated":true}]}}