{"id":23483,"date":"2023-08-29T05:15:26","date_gmt":"2023-08-29T10:15:26","guid":{"rendered":"https:\/\/politicosaldesnudo.com.mx\/?p=23483"},"modified":"2023-08-29T07:57:56","modified_gmt":"2023-08-29T12:57:56","slug":"sera-mujer-la-proxima-presidenta","status":"publish","type":"post","link":"https:\/\/politicosaldesnudo.com.mx\/index.php\/2023\/08\/29\/sera-mujer-la-proxima-presidenta\/","title":{"rendered":"Ser\u00e1 mujer la pr\u00f3xima presidenta"},"content":{"rendered":"<p>&nbsp;<\/p>\n<p class=\"p2\" style=\"text-align: center;\"><em><span style=\"font-size: 18pt;\"><strong>&lt;&lt;Claudia Sheinbaum y X\u00f3chitl G\u00e1lvez encabezan las preferencias&gt;&gt;<\/strong><\/span><\/em><\/p>\n<p class=\"p2\" style=\"text-align: center;\"><em><span style=\"font-size: 18pt;\"><strong>&lt;&lt;Agresi\u00f3n a periodista en el acto de cierre de campa\u00f1a&gt;&gt;<\/strong><\/span><\/em><\/p>\n<p class=\"p2\" style=\"text-align: center;\"><em><span style=\"font-size: 18pt;\"><strong><span class=\"s1\">&lt;&lt;<\/span><span class=\"s2\">\u00a0<\/span>\u00bfCu\u00e1l de las dos sustituir\u00e1 a Andr\u00e9s Manuel L\u00f3pez Obrador&gt;&gt;<\/strong><\/span><\/em><\/p>\n<p>&nbsp;<\/p>\n<p>&nbsp;<\/p>\n<p class=\"p2\"><span style=\"font-size: 18pt;\"><strong>Por Miguel \u00c1ngel Cristiani G.<\/strong><\/span><\/p>\n<p class=\"p2\"><span style=\"font-size: 14pt;\">Hasta este fin de semana, los resultados de las encuestas serias como Reforma y El Financiero, indican que Claudia Sheinbaum por Morena y X\u00f3chitl G\u00e1lvez por el Frente Amplio, encabezan las preferencias electorales del voto para el a\u00f1o entrante en que se elija la presidencia de la rep\u00fablica.<\/span><\/p>\n<p class=\"p2\"><span style=\"font-size: 14pt;\">\u00a0De cualquier manera, todo parece se\u00f1alar a que de una o de otra manera, la pr\u00f3xima presidente de la rep\u00fablica ser\u00e1 una mujer, Claudia o X\u00f3chitl.<\/span><\/p>\n<p class=\"p2\"><span style=\"font-size: 14pt;\">Eso si no ocurre algo sorpresivo e inesperado, como por ejemplo del surgimiento de X\u00f3chitl G\u00e1lvez que a ra\u00edz de que le cerraron la puerta de palacio nacional para impedir que asistiera a la conferencia ma\u00f1anera, empez\u00f3 a cobrar relevancia pol\u00edtica.<\/span><\/p>\n<p class=\"p2\"><span style=\"font-size: 14pt;\">Aunque en pol\u00edtica no hay nada escrito y todo puede cambiar.<\/span><\/p>\n<p class=\"p2\"><span style=\"font-size: 14pt;\">Mientras tanto, este fin de semana se llev\u00f3 a cabo en la capital del estado de Veracruz, en el Vel\u00f3dromo, el cierre de la campa\u00f1a proselitista de Claudia Sheinbaum como aspirante a ser la defensora de la Cuatro T, aunque todo mundo sabe que en realidad es la competencia por la candidatura presidencial por Morena.<\/span><\/p>\n<p class=\"p2\"><span style=\"font-size: 14pt;\">Aunque se trat\u00f3 en realidad de un acto pol\u00edtico con el m\u00e1s puro estilo priista, con los mismos procedimientos de siempre, el acarreo forzado de \u201csimpatizantes\u201d, trasladados en camiones y hasta en veh\u00edculos oficiales, sin el menor recato.<\/span><\/p>\n<p class=\"p2\"><span style=\"font-size: 14pt;\">Vaya si a las pancartas le cambiaran el nombre de Morena por el PRI, nada ser\u00eda diferente a lo que se vivi\u00f3 en el pasado reciente.<\/span><\/p>\n<p class=\"p2\"><span style=\"font-size: 14pt;\">Lo que s\u00ed no se hab\u00eda vivido en el pasado es que Empleadas del municipio de Miahuatl\u00e1n agreden a reportera en Xalapa que se encontraba cubriendo el evento y grababa como era utilizado un veh\u00edculo oficial, una ambulancia en d\u00eda inh\u00e1bil, para acarrear militantes.<\/span><\/p>\n<p class=\"p2\"><span style=\"font-size: 14pt;\">Ojal\u00e1 y las autoridades de la Fiscal\u00eda del Estado no solo \u201cabran carpeta de investigaci\u00f3n\u201d sino que le den seguimiento al caso, y ahora s\u00ed apliquen la ley, luego de que la tarde de este domingo empleadas del ayuntamiento de Miahuatl\u00e1n agredieron a la reportera Ver\u00f3nica Huerta quien cubr\u00eda el evento pol\u00edtico.<\/span><\/p>\n<p class=\"p2\"><span style=\"font-size: 14pt;\">Las mujeres se enojaron debido a que la reportera estaba documentando que ocuparon un veh\u00edculo oficial del ayuntamiento para realizar acarreo a la capital.<\/span><\/p>\n<p class=\"p2\"><span style=\"font-size: 14pt;\">El cierre de campa\u00f1a de Claudia Sheinbaum se vio opacado por ese acto de violencia hacia la periodista.<\/span><\/p>\n<p class=\"p2\"><span style=\"font-size: 14pt;\">Al final, se decidi\u00f3 hacer el cierre de campa\u00f1a en la capital del estado, en un edificio e instalaciones de gobierno, como lo es el vel\u00f3dromo, posiblemente porque est\u00e1 techado y como est\u00e1 lloviendo todas las tardes, no quisieron arriesgarse a que se viniera un aguacero y el pueblo acarreado se retirara del evento, como si por ejemplo se hubiera hecho es un espacio a cielo abierto como lo es el estadio xalape\u00f1o.<\/span><\/p>\n<p class=\"p2\"><span style=\"font-size: 14pt;\">De cualquier manera, lo que s\u00ed un hecho, es que en las boletas electorales para la Presidencia de la Rep\u00fablica el a\u00f1o entrante, habr\u00e1n de aparecer los nombres de Claudia Sheinbaum y Roci\u00f3 G\u00e1lvez como quienes encabezan las preferencias de los votantes.<\/span><\/p>\n<p class=\"p2\"><span style=\"font-size: 14pt;\">La pregunta de los 64 mil pesos, dir\u00eda Pedro Ferriz, es \u00bfCu\u00e1l de las dos ser\u00e1 el pr\u00f3ximo presidente de M\u00e9xico?<\/span><\/p>\n<p>&nbsp;<\/p>\n<hr \/>\n<p>&nbsp;<\/p>\n<p class=\"p1\"><span style=\"font-size: 18pt;\"><strong>Cont\u00e1ctanos en nuestra p\u00e1gina:<\/strong><\/span><\/p>\n<p><a href=\"https:\/\/www.xn--bitacoraspolticas-ovb.com\/\"><span style=\"font-size: 18pt;\"><strong>BitacorasPolticas.com<\/strong><\/span><\/a><\/p>\n<p>&nbsp;<\/p>\n<p><img data-recalc-dims=\"1\" loading=\"lazy\" decoding=\"async\" class=\"aligncenter wp-image-14351\" src=\"https:\/\/i0.wp.com\/politicosaldesnudo.com.mx\/wp-content\/uploads\/2023\/01\/FIRMA-EDITORIAL-PD-300x37.png?resize=800%2C98&#038;ssl=1\" alt=\"\" width=\"800\" height=\"98\" srcset=\"https:\/\/i0.wp.com\/politicosaldesnudo.com.mx\/wp-content\/uploads\/2023\/01\/FIRMA-EDITORIAL-PD.png?resize=300%2C37&amp;ssl=1 300w, https:\/\/i0.wp.com\/politicosaldesnudo.com.mx\/wp-content\/uploads\/2023\/01\/FIRMA-EDITORIAL-PD.png?resize=1024%2C125&amp;ssl=1 1024w, https:\/\/i0.wp.com\/politicosaldesnudo.com.mx\/wp-content\/uploads\/2023\/01\/FIRMA-EDITORIAL-PD.png?resize=768%2C94&amp;ssl=1 768w, https:\/\/i0.wp.com\/politicosaldesnudo.com.mx\/wp-content\/uploads\/2023\/01\/FIRMA-EDITORIAL-PD.png?resize=1536%2C188&amp;ssl=1 1536w, https:\/\/i0.wp.com\/politicosaldesnudo.com.mx\/wp-content\/uploads\/2023\/01\/FIRMA-EDITORIAL-PD.png?resize=2048%2C250&amp;ssl=1 2048w, https:\/\/i0.wp.com\/politicosaldesnudo.com.mx\/wp-content\/uploads\/2023\/01\/FIRMA-EDITORIAL-PD.png?w=1600&amp;ssl=1 1600w, https:\/\/i0.wp.com\/politicosaldesnudo.com.mx\/wp-content\/uploads\/2023\/01\/FIRMA-EDITORIAL-PD.png?w=2400&amp;ssl=1 2400w\" sizes=\"auto, (max-width: 800px) 100vw, 800px\" \/><\/p>\n<p>&nbsp;<\/p>\n<p>&nbsp;<\/p>\n<p>&nbsp;<\/p>\n<p>&nbsp;<\/p>\n","protected":false},"excerpt":{"rendered":"<p>&nbsp; &lt;&lt;Claudia Sheinbaum y X\u00f3chitl G\u00e1lvez encabezan las preferencias&gt;&gt; &lt;&lt;Agresi\u00f3n a periodista en el acto de cierre de campa\u00f1a&gt;&gt; &lt;&lt;\u00a0\u00bfCu\u00e1l<\/p>\n","protected":false},"author":4,"featured_media":3789,"comment_status":"closed","ping_status":"closed","sticky":false,"template":"","format":"standard","meta":{"colormag_page_container_layout":"default_layout","colormag_page_sidebar_layout":"default_layout","_jetpack_memberships_contains_paid_content":false,"footnotes":"","jetpack_publicize_message":"","jetpack_publicize_feature_enabled":true,"jetpack_social_post_already_shared":false,"jetpack_social_options":{"image_generator_settings":{"template":"highway","default_image_id":0,"font":"","enabled":false},"version":2}},"categories":[26],"tags":[],"class_list":["post-23483","post","type-post","status-publish","format-standard","has-post-thumbnail","hentry","category-columnistas"],"jetpack_publicize_connections":[],"jetpack_featured_media_url":"https:\/\/i0.wp.com\/politicosaldesnudo.com.mx\/wp-content\/uploads\/2022\/04\/CRISTIANI.png?fit=1816%2C1016&ssl=1","jetpack-related-posts":[],"jetpack_sharing_enabled":true,"_links":{"self":[{"href":"https:\/\/politicosaldesnudo.com.mx\/index.php\/wp-json\/wp\/v2\/posts\/23483","targetHints":{"allow":["GET"]}}],"collection":[{"href":"https:\/\/politicosaldesnudo.com.mx\/index.php\/wp-json\/wp\/v2\/posts"}],"about":[{"href":"https:\/\/politicosaldesnudo.com.mx\/index.php\/wp-json\/wp\/v2\/types\/post"}],"author":[{"embeddable":true,"href":"https:\/\/politicosaldesnudo.com.mx\/index.php\/wp-json\/wp\/v2\/users\/4"}],"replies":[{"embeddable":true,"href":"https:\/\/politicosaldesnudo.com.mx\/index.php\/wp-json\/wp\/v2\/comments?post=23483"}],"version-history":[{"count":0,"href":"https:\/\/politicosaldesnudo.com.mx\/index.php\/wp-json\/wp\/v2\/posts\/23483\/revisions"}],"wp:featuredmedia":[{"embeddable":true,"href":"https:\/\/politicosaldesnudo.com.mx\/index.php\/wp-json\/wp\/v2\/media\/3789"}],"wp:attachment":[{"href":"https:\/\/politicosaldesnudo.com.mx\/index.php\/wp-json\/wp\/v2\/media?parent=23483"}],"wp:term":[{"taxonomy":"category","embeddable":true,"href":"https:\/\/politicosaldesnudo.com.mx\/index.php\/wp-json\/wp\/v2\/categories?post=23483"},{"taxonomy":"post_tag","embeddable":true,"href":"https:\/\/politicosaldesnudo.com.mx\/index.php\/wp-json\/wp\/v2\/tags?post=23483"}],"curies":[{"name":"wp","href":"https:\/\/api.w.org\/{rel}","templated":true}]}}