{"id":23548,"date":"2023-08-30T05:20:21","date_gmt":"2023-08-30T10:20:21","guid":{"rendered":"https:\/\/politicosaldesnudo.com.mx\/?p=23548"},"modified":"2023-08-30T08:25:55","modified_gmt":"2023-08-30T13:25:55","slug":"federico-salomon-y-el-futuro-del-pan","status":"publish","type":"post","link":"https:\/\/politicosaldesnudo.com.mx\/index.php\/2023\/08\/30\/federico-salomon-y-el-futuro-del-pan\/","title":{"rendered":"Federico Salom\u00f3n y el futuro del PAN"},"content":{"rendered":"<p>&nbsp;<\/p>\n<p class=\"p1\"><span style=\"font-size: 18pt;\"><strong>Por Luis Ram\u00edrez Baqueiro<\/strong><\/span><\/p>\n<p>&nbsp;<\/p>\n<p class=\"p1\" style=\"text-align: center;\"><em><span style=\"font-size: 18pt;\"><strong>\u201cMientras los necios deciden, los inteligentes deliberan\u201d<span class=\"Apple-converted-space\">\u00a0<\/span><\/strong><\/span><\/em><\/p>\n<p class=\"p1\" style=\"text-align: center;\"><span style=\"font-size: 18pt;\">\u2013\u00a0Plutarco \u2013<\/span><\/p>\n<p>&nbsp;<\/p>\n<p class=\"p1\"><span style=\"font-size: 14pt;\">De cara al proceso electoral 2023-2024 en donde se habr\u00e1 de elegir al nuevo hu\u00e9sped de Palacio Nacional, Veracruz habr\u00e1 de tener elecci\u00f3n concurrente para gobernador, lo que elevar\u00e1 la intensidad de la contienda.<\/span><\/p>\n<p class=\"p1\"><span style=\"font-size: 14pt;\">Uno de los Institutos pol\u00edticos que habr\u00e1 de jugar un papel fundamental ser\u00e1 el Partido Acci\u00f3n Nacional (PAN), que a lo largo de su vida fundacional ha llegado a gobernar la entidad.<\/span><\/p>\n<p class=\"p1\"><span style=\"font-size: 14pt;\">Con base en ello, el PAN de Veracruz encabezado por Federico Salom\u00f3n Molina deber\u00e1 de resolver su futuro definiendo por principio de cuentas un par de temas que est\u00e1n pendientes.<\/span><\/p>\n<p class=\"p1\"><span style=\"font-size: 14pt;\">El primero determinar si habr\u00e1n de ir en coalici\u00f3n con otros partidos pol\u00edticos de oposici\u00f3n o si buscar\u00e1 jugar solo la contienda electoral.<\/span><\/p>\n<p class=\"p1\"><span style=\"font-size: 14pt;\">Actualmente solo Morelos y Veracruz no han definido el g\u00e9nero de su candidato o candidata a la gubernatura.<\/span><\/p>\n<p class=\"p1\"><span style=\"font-size: 14pt;\">Pero por l\u00f3gica la presi\u00f3n habr\u00e1 de reflejarse en Veracruz ante el volumen de militantes que tiene ese partido y el tama\u00f1o del padr\u00f3n electoral que tiene la entidad.<\/span><\/p>\n<p class=\"p1\"><span style=\"font-size: 14pt;\">Actualmente el PAN tiene en Veracruz el segundo padr\u00f3n m\u00e1s alto de militantes del pa\u00eds, con 26 mil 336 militantes, s\u00f3lo detr\u00e1s del Estado de M\u00e9xico que tiene 30 mil 851 militantes seg\u00fan las cifras del Registro Nacional de Militantes del Padr\u00f3n Nacional del propio partido.<\/span><\/p>\n<p class=\"p1\"><span style=\"font-size: 14pt;\">El segundo de esos pendientes estar\u00e1 en reconciliar al PAN con su militancia, y es que el haber asistido coaligado en el pasado proceso electoral con las mismas fuerzas pol\u00edticas que hoy conforman el Frente Amplio por M\u00e9xico (PRI y PRD), dej\u00f3 muchos lesionados.<\/span><\/p>\n<p class=\"p1\"><span style=\"font-size: 14pt;\">Seg\u00fan estimaciones del propio Salom\u00f3n Molina, el 60% de la militancia se sinti\u00f3 directamente afectado en sus aspiraciones pol\u00edticas por dar paso o preferencia a integrantes de los otros institutos pol\u00edticos resultado de esa coalici\u00f3n, pues no fueron tomados en cuenta por parte de las estructuras de los otros partidos una vez que algunos de ellos ganaron la elecci\u00f3n municipal.<\/span><\/p>\n<p class=\"p1\"><span style=\"font-size: 14pt;\">As\u00ed de cara a las definiciones que marcan los tiempos electorales, el desarrollo de giras por la entidad visitando a la militancia y a los comit\u00e9s municipales se ha venido intensificando.<\/span><\/p>\n<p class=\"p1\"><span style=\"font-size: 14pt;\">La capacidad negociadora de Salom\u00f3n Molina le permiti\u00f3 sacar todos los acuerdos partidistas por unanimidad, algo nunca visto con antelaci\u00f3n por esta dirigencia.<\/span><\/p>\n<p class=\"p1\"><span style=\"font-size: 14pt;\">De igual manera, se ha iniciado un proceso de reincorporaci\u00f3n de militantes distinguidos, quienes alejados del partido por sus razones particulares, vendr\u00edan a sumar su capacidad y experiencia.<\/span><\/p>\n<p class=\"p1\"><span style=\"font-size: 14pt;\">La realizaci\u00f3n el pasado 19 de agosto de la Reuni\u00f3n Estatal de Estructuras Municipales, fue la confirmaci\u00f3n de un trabajo que no se hab\u00eda venido haciendo en los \u00faltimos 10 a\u00f1os en el partido.<\/span><\/p>\n<p class=\"p1\"><span style=\"font-size: 14pt;\">La presencia de 122 presidentes de Comit\u00e9s Municipales, as\u00ed como de 292 integrantes de sus estructuras partidistas con la participaci\u00f3n del l\u00edder nacional del partido, Marko Cort\u00e9s y la participaci\u00f3n de los entonces aspirantes a representantes del Frente por M\u00e9xico, -X\u00f3chitl G\u00e1lvez, Santiago Creel, Francisco Garc\u00eda Cabeza de Vaca- dio nuevos br\u00edos a la militancia.<\/span><\/p>\n<p class=\"p1\"><span style=\"font-size: 14pt;\">Cuestionado sobre \u00bfqui\u00e9n dentro del partido habr\u00e1 de ser el responsable de encabezar a Acci\u00f3n Nacional en la aspiraci\u00f3n por la gubernatura?<\/span><\/p>\n<p class=\"p1\"><span style=\"font-size: 14pt;\">El pol\u00edtico sayule\u00f1o afirm\u00f3 que todo depender\u00e1 de la definici\u00f3n por g\u00e9nero que habr\u00e1 de tomarse en el Consejo Nacional del PAN, pero capital humano en Veracruz existe y de sobra.<\/span><\/p>\n<p class=\"p1\"><span style=\"font-size: 14pt;\">Aunque claro faltar\u00e1 ver qu\u00e9 dicen militantes como V\u00edctor Serralde Mart\u00ednez, Julen Rementer\u00eda del Puerto, Joaqu\u00edn Guzm\u00e1n Avil\u00e9s, Miguel \u00c1ngel Yunes M\u00e1rquez, Fernando Yunes M\u00e1rquez, Enrique Cambranis, Patricia Lobeira, Indira Rosales Sanroman, Maryjose Gamboa al respecto, pues de esta lista habr\u00e1 de salir el candidato que el PAN impulse a la gubernatura.<\/span><\/p>\n<p>&nbsp;<\/p>\n<p class=\"p1\"><span style=\"font-size: 18pt;\"><strong>Al tiempo.<\/strong><\/span><\/p>\n<p>&nbsp;<\/p>\n<hr \/>\n<p>&nbsp;<\/p>\n<p class=\"p1\"><span style=\"font-size: 18pt;\"><strong>Correo: <a href=\"mailto:astrolabiopoliticomx@gmail.com\">astrolabiopoliticomx@gmail.com<\/a><\/strong><\/span><\/p>\n<p class=\"p1\"><span style=\"font-size: 18pt;\"><strong>Twitter: <a href=\"http:\/\/www.twitter.com\/LuisBaqueiro_mx\">@LuisBaqueiro_mx<\/a><\/strong><\/span><\/p>\n<p>&nbsp;<\/p>\n<p><img data-recalc-dims=\"1\" loading=\"lazy\" decoding=\"async\" class=\"aligncenter wp-image-14351\" src=\"https:\/\/i0.wp.com\/politicosaldesnudo.com.mx\/wp-content\/uploads\/2023\/01\/FIRMA-EDITORIAL-PD-300x37.png?resize=800%2C98&#038;ssl=1\" alt=\"\" width=\"800\" height=\"98\" srcset=\"https:\/\/i0.wp.com\/politicosaldesnudo.com.mx\/wp-content\/uploads\/2023\/01\/FIRMA-EDITORIAL-PD.png?resize=300%2C37&amp;ssl=1 300w, https:\/\/i0.wp.com\/politicosaldesnudo.com.mx\/wp-content\/uploads\/2023\/01\/FIRMA-EDITORIAL-PD.png?resize=1024%2C125&amp;ssl=1 1024w, https:\/\/i0.wp.com\/politicosaldesnudo.com.mx\/wp-content\/uploads\/2023\/01\/FIRMA-EDITORIAL-PD.png?resize=768%2C94&amp;ssl=1 768w, https:\/\/i0.wp.com\/politicosaldesnudo.com.mx\/wp-content\/uploads\/2023\/01\/FIRMA-EDITORIAL-PD.png?resize=1536%2C188&amp;ssl=1 1536w, https:\/\/i0.wp.com\/politicosaldesnudo.com.mx\/wp-content\/uploads\/2023\/01\/FIRMA-EDITORIAL-PD.png?resize=2048%2C250&amp;ssl=1 2048w, https:\/\/i0.wp.com\/politicosaldesnudo.com.mx\/wp-content\/uploads\/2023\/01\/FIRMA-EDITORIAL-PD.png?w=1600&amp;ssl=1 1600w, https:\/\/i0.wp.com\/politicosaldesnudo.com.mx\/wp-content\/uploads\/2023\/01\/FIRMA-EDITORIAL-PD.png?w=2400&amp;ssl=1 2400w\" sizes=\"auto, (max-width: 800px) 100vw, 800px\" \/><\/p>\n<p>&nbsp;<\/p>\n<p>&nbsp;<\/p>\n<p>&nbsp;<\/p>\n<p>&nbsp;<\/p>\n","protected":false},"excerpt":{"rendered":"<p>&nbsp; Por Luis Ram\u00edrez Baqueiro &nbsp; \u201cMientras los necios deciden, los inteligentes deliberan\u201d\u00a0 \u2013\u00a0Plutarco \u2013 &nbsp; De cara al proceso<\/p>\n","protected":false},"author":4,"featured_media":4390,"comment_status":"closed","ping_status":"closed","sticky":false,"template":"","format":"standard","meta":{"colormag_page_container_layout":"default_layout","colormag_page_sidebar_layout":"default_layout","_jetpack_memberships_contains_paid_content":false,"footnotes":"","jetpack_publicize_message":"","jetpack_publicize_feature_enabled":true,"jetpack_social_post_already_shared":false,"jetpack_social_options":{"image_generator_settings":{"template":"highway","default_image_id":0,"font":"","enabled":false},"version":2}},"categories":[26],"tags":[],"class_list":["post-23548","post","type-post","status-publish","format-standard","has-post-thumbnail","hentry","category-columnistas"],"jetpack_publicize_connections":[],"jetpack_featured_media_url":"https:\/\/i0.wp.com\/politicosaldesnudo.com.mx\/wp-content\/uploads\/2022\/04\/LUIS-RAMI%CC%81REZ-BAQUEIRO.png?fit=1816%2C1016&ssl=1","jetpack-related-posts":[],"jetpack_sharing_enabled":true,"_links":{"self":[{"href":"https:\/\/politicosaldesnudo.com.mx\/index.php\/wp-json\/wp\/v2\/posts\/23548","targetHints":{"allow":["GET"]}}],"collection":[{"href":"https:\/\/politicosaldesnudo.com.mx\/index.php\/wp-json\/wp\/v2\/posts"}],"about":[{"href":"https:\/\/politicosaldesnudo.com.mx\/index.php\/wp-json\/wp\/v2\/types\/post"}],"author":[{"embeddable":true,"href":"https:\/\/politicosaldesnudo.com.mx\/index.php\/wp-json\/wp\/v2\/users\/4"}],"replies":[{"embeddable":true,"href":"https:\/\/politicosaldesnudo.com.mx\/index.php\/wp-json\/wp\/v2\/comments?post=23548"}],"version-history":[{"count":0,"href":"https:\/\/politicosaldesnudo.com.mx\/index.php\/wp-json\/wp\/v2\/posts\/23548\/revisions"}],"wp:featuredmedia":[{"embeddable":true,"href":"https:\/\/politicosaldesnudo.com.mx\/index.php\/wp-json\/wp\/v2\/media\/4390"}],"wp:attachment":[{"href":"https:\/\/politicosaldesnudo.com.mx\/index.php\/wp-json\/wp\/v2\/media?parent=23548"}],"wp:term":[{"taxonomy":"category","embeddable":true,"href":"https:\/\/politicosaldesnudo.com.mx\/index.php\/wp-json\/wp\/v2\/categories?post=23548"},{"taxonomy":"post_tag","embeddable":true,"href":"https:\/\/politicosaldesnudo.com.mx\/index.php\/wp-json\/wp\/v2\/tags?post=23548"}],"curies":[{"name":"wp","href":"https:\/\/api.w.org\/{rel}","templated":true}]}}