{"id":23600,"date":"2023-09-01T09:19:32","date_gmt":"2023-09-01T14:19:32","guid":{"rendered":"https:\/\/politicosaldesnudo.com.mx\/?p=23600"},"modified":"2023-09-01T09:20:15","modified_gmt":"2023-09-01T14:20:15","slug":"rinden-protesta-comisarios-municipales-de-los-caserios-nicolas-bravo-km-10-y-el-sacrificio","status":"publish","type":"post","link":"https:\/\/politicosaldesnudo.com.mx\/index.php\/2023\/09\/01\/rinden-protesta-comisarios-municipales-de-los-caserios-nicolas-bravo-km-10-y-el-sacrificio\/","title":{"rendered":"Rinden protesta comisarios municipales de los caser\u00edos Nicol\u00e1s Bravo Km 10 y El Sacrificio"},"content":{"rendered":"<p>&nbsp;<\/p>\n<p class=\"p1\"><span style=\"font-size: 14pt;\"><em><strong>TUXPAN, VERACRUZ.<\/strong> <\/em>En sesi\u00f3n extraordinaria de cabildo se <strong>realiz\u00f3 el nombramiento de los comisarios municipales de los caser\u00edos de \u201cNicol\u00e1s Bravo Km 10\u201d y de \u201cEl Sacrificio\u201d<\/strong>, quienes fungir\u00e1n como representantes del municipio en esas demarcaciones territoriales. <span class=\"Apple-converted-space\">\u00a0<\/span><\/span><\/p>\n<p class=\"p1\"><span style=\"font-size: 18pt;\"><strong>Por votaci\u00f3n un\u00e1nime, y en cumplimiento a la Ley Org\u00e1nica del Municipio Libre, el cabildo en pleno aprob\u00f3 que el ciudadano Rub\u00e9n Rojas Hern\u00e1ndez fuera designado como el comisario municipal de \u201cNicol\u00e1s Bravo\u201d; mientras que el ciudadano Eusebio Mart\u00ednez Flores fue designado como el comisario municipal de \u201cEl Sacrificio\u201d.<span class=\"Apple-converted-space\">\u00a0<\/span><\/strong><\/span><\/p>\n<p class=\"p1\"><span style=\"font-size: 14pt;\">El alcalde Jos\u00e9 Manuel Pozos Castro, en compa\u00f1\u00eda del cuerpo edilicio, tom\u00f3 protesta a ambos comisarios municipales. <span class=\"Apple-converted-space\">\u00a0<\/span><\/span><\/p>\n<p>&nbsp;<\/p>\n<p><img data-recalc-dims=\"1\" loading=\"lazy\" decoding=\"async\" class=\"aligncenter wp-image-23602 size-large\" src=\"https:\/\/i0.wp.com\/politicosaldesnudo.com.mx\/wp-content\/uploads\/2023\/09\/P-COMISARIOS-TUXPAN-2-1024x573.png?resize=800%2C448&#038;ssl=1\" alt=\"\" width=\"800\" height=\"448\" srcset=\"https:\/\/i0.wp.com\/politicosaldesnudo.com.mx\/wp-content\/uploads\/2023\/09\/P-COMISARIOS-TUXPAN-2.png?resize=1024%2C573&amp;ssl=1 1024w, https:\/\/i0.wp.com\/politicosaldesnudo.com.mx\/wp-content\/uploads\/2023\/09\/P-COMISARIOS-TUXPAN-2.png?resize=300%2C168&amp;ssl=1 300w, https:\/\/i0.wp.com\/politicosaldesnudo.com.mx\/wp-content\/uploads\/2023\/09\/P-COMISARIOS-TUXPAN-2.png?resize=768%2C430&amp;ssl=1 768w, https:\/\/i0.wp.com\/politicosaldesnudo.com.mx\/wp-content\/uploads\/2023\/09\/P-COMISARIOS-TUXPAN-2.png?resize=1536%2C859&amp;ssl=1 1536w, https:\/\/i0.wp.com\/politicosaldesnudo.com.mx\/wp-content\/uploads\/2023\/09\/P-COMISARIOS-TUXPAN-2.png?w=1816&amp;ssl=1 1816w, https:\/\/i0.wp.com\/politicosaldesnudo.com.mx\/wp-content\/uploads\/2023\/09\/P-COMISARIOS-TUXPAN-2.png?w=1600&amp;ssl=1 1600w\" sizes=\"auto, (max-width: 800px) 100vw, 800px\" \/><\/p>\n<p>&nbsp;<\/p>\n<p class=\"p1\"><span style=\"font-size: 14pt;\">En una segunda sesi\u00f3n extraordinaria de cabildo se aprob\u00f3 la donaci\u00f3n al Gobierno del Estado, con destino a la Secretar\u00eda de Educaci\u00f3n de Veracruz, de los terrenos donde est\u00e1n ubicados 4 planteles educativos, lo cual permitir\u00e1 que estos participen en el programa \u201cEscuela Garantizada, Escritura Garante\u201d.<\/span><\/p>\n<p class=\"p1\"><span style=\"font-size: 18pt;\"><strong>Los planteles beneficiados son los jardines de ni\u00f1os \u201cProfa. Lilia Guerra J\u00e1come\u201d, \u201cJos\u00e9 Mar\u00eda Pino Suarez\u201d y \u201cMart\u00edn del Campo\u201d, as\u00ed como la escuela primaria \u201cJusto Sierra\u201d.<\/strong><\/span><\/p>\n<p class=\"p1\"><span style=\"font-size: 14pt;\">En ambas sesiones participaron el presidente municipal Jos\u00e9 Manuel Pozos Castro; la sindica \u00fanica Beatriz Pi\u00f1a Vergara; las regidoras y los regidores Amado Guti\u00e9rrez Lima, Mar\u00eda del Pilar Mart\u00ednez Matesanz, Maryanela Monroy Flores, Anah\u00ed Aguilar L\u00f3pez, Juan G\u00f3mez Garc\u00eda, Lucero Res\u00e9ndis Ambrocio, Luis Demetrio L\u00f3pez Mar\u00edn, Axel Bernal Herrera y Luciano Folgueras Pioli; as\u00ed como el secretario del Ayuntamiento, Lic. Jos\u00e9 Armando Huesca Ovando.<\/span><\/p>\n<p>&nbsp;<\/p>\n<p>&nbsp;<\/p>\n","protected":false},"excerpt":{"rendered":"<p>&nbsp; TUXPAN, VERACRUZ. En sesi\u00f3n extraordinaria de cabildo se realiz\u00f3 el nombramiento de los comisarios municipales de los caser\u00edos de<\/p>\n","protected":false},"author":4,"featured_media":23601,"comment_status":"closed","ping_status":"closed","sticky":false,"template":"","format":"standard","meta":{"colormag_page_container_layout":"default_layout","colormag_page_sidebar_layout":"default_layout","_jetpack_memberships_contains_paid_content":false,"footnotes":"","jetpack_publicize_message":"","jetpack_publicize_feature_enabled":true,"jetpack_social_post_already_shared":false,"jetpack_social_options":{"image_generator_settings":{"template":"highway","default_image_id":0,"font":"","enabled":false},"version":2}},"categories":[1082],"tags":[576,70,100],"class_list":["post-23600","post","type-post","status-publish","format-standard","has-post-thumbnail","hentry","category-tuxpan","tag-jose-manuel-pozos","tag-tuxpan","tag-veracruz"],"jetpack_publicize_connections":[],"jetpack_featured_media_url":"https:\/\/i0.wp.com\/politicosaldesnudo.com.mx\/wp-content\/uploads\/2023\/09\/P-COMISARIOS-TUXPAN-1.png?fit=1816%2C1016&ssl=1","jetpack-related-posts":[],"jetpack_sharing_enabled":true,"_links":{"self":[{"href":"https:\/\/politicosaldesnudo.com.mx\/index.php\/wp-json\/wp\/v2\/posts\/23600","targetHints":{"allow":["GET"]}}],"collection":[{"href":"https:\/\/politicosaldesnudo.com.mx\/index.php\/wp-json\/wp\/v2\/posts"}],"about":[{"href":"https:\/\/politicosaldesnudo.com.mx\/index.php\/wp-json\/wp\/v2\/types\/post"}],"author":[{"embeddable":true,"href":"https:\/\/politicosaldesnudo.com.mx\/index.php\/wp-json\/wp\/v2\/users\/4"}],"replies":[{"embeddable":true,"href":"https:\/\/politicosaldesnudo.com.mx\/index.php\/wp-json\/wp\/v2\/comments?post=23600"}],"version-history":[{"count":0,"href":"https:\/\/politicosaldesnudo.com.mx\/index.php\/wp-json\/wp\/v2\/posts\/23600\/revisions"}],"wp:featuredmedia":[{"embeddable":true,"href":"https:\/\/politicosaldesnudo.com.mx\/index.php\/wp-json\/wp\/v2\/media\/23601"}],"wp:attachment":[{"href":"https:\/\/politicosaldesnudo.com.mx\/index.php\/wp-json\/wp\/v2\/media?parent=23600"}],"wp:term":[{"taxonomy":"category","embeddable":true,"href":"https:\/\/politicosaldesnudo.com.mx\/index.php\/wp-json\/wp\/v2\/categories?post=23600"},{"taxonomy":"post_tag","embeddable":true,"href":"https:\/\/politicosaldesnudo.com.mx\/index.php\/wp-json\/wp\/v2\/tags?post=23600"}],"curies":[{"name":"wp","href":"https:\/\/api.w.org\/{rel}","templated":true}]}}