{"id":23611,"date":"2023-09-02T11:55:27","date_gmt":"2023-09-02T16:55:27","guid":{"rendered":"https:\/\/politicosaldesnudo.com.mx\/?p=23611"},"modified":"2023-09-02T11:55:27","modified_gmt":"2023-09-02T16:55:27","slug":"combate-a-la-corrupcion-y-demagogia","status":"publish","type":"post","link":"https:\/\/politicosaldesnudo.com.mx\/index.php\/2023\/09\/02\/combate-a-la-corrupcion-y-demagogia\/","title":{"rendered":"Combate a la corrupci\u00f3n y demagogia"},"content":{"rendered":"<p>&nbsp;<\/p>\n<p>&nbsp;<\/p>\n<p class=\"p1\"><span style=\"font-size: 18pt;\"><strong>Por Ricardo Homs<\/strong><\/span><\/p>\n<p class=\"p1\"><span style=\"font-size: 14pt;\">El combate a la corrupci\u00f3n fue el motor de la campa\u00f1a que llev\u00f3 a Andr\u00e9s Manuel L\u00f3pez Obrador a la presidencia de M\u00e9xico y a la instauraci\u00f3n oficial de la Cuarta Transformaci\u00f3n.<span class=\"Apple-converted-space\">\u00a0<\/span><\/span><\/p>\n<p class=\"p1\"><span style=\"font-size: 14pt;\">Sin embargo, a casi cinco a\u00f1os del comienzo de este gobierno, -y el inicio de los tiempos de pre campa\u00f1a por la presidencia de la rep\u00fablica-, es urgente evaluar resultados.<\/span><\/p>\n<p class=\"p1\"><span style=\"font-size: 14pt;\">Los grandes esc\u00e1ndalos de corrupci\u00f3n que surgieron alrededor de gente cercana al presidente nunca fueron aclarados y se diluyeron en la impunidad. Ninguna autoridad asumi\u00f3 su responsabilidad de investigar y \u00e9l mismo ignor\u00f3 las acusaciones que se difundieron ampliamente en la prensa. Ni siquiera la escandalosa desaparici\u00f3n de 15 mil 151 millones de pesos en Segalmex tiene hoy una explicaci\u00f3n, pues el presidente ha ignorado este caso de corrupci\u00f3n que triplica la denominada \u201cestafa maestra\u201d, realizada en el sexenio de Pe\u00f1a Nieto y que mantuvo a Rosario Robles en la c\u00e1rcel a\u00fan sin juicio.<span class=\"Apple-converted-space\">\u00a0<\/span><\/span><\/p>\n<p class=\"p1\"><span style=\"font-size: 14pt;\">El caso Segalmex puede tener hoy en la c\u00e1rcel a funcionarios de bajo nivel, -seguramente convertidos en chivos expiatorios-, pero Ignacio Ovalle, -su titular-, amigo del presidente, ni siquiera ha sido investigado.<\/span><\/p>\n<p class=\"p1\"><span style=\"font-size: 14pt;\">La falta de voluntad pol\u00edtica para esclarecer estos esc\u00e1ndalos contrasta con el discurso que a\u00fan hoy sigue se\u00f1alando corrupci\u00f3n entre los adversarios del presidente.<\/span><\/p>\n<p class=\"p1\"><span style=\"font-size: 14pt;\">El combate a la corrupci\u00f3n no es un proyecto nuevo, -y menos a\u00fan creado por el candidato L\u00f3pez Obrador en la campa\u00f1a del 2018-, pues ya el presidente Miguel de la Madrid en 1982, -al inicio de su gobierno-, propuso la renovaci\u00f3n moral y el combate a la corrupci\u00f3n, sin lograrlo.<\/span><\/p>\n<p class=\"p1\"><span style=\"font-size: 14pt;\">Si bien el combate a la corrupci\u00f3n de vez en cuando termin\u00f3 siendo un recurso demag\u00f3gico de campa\u00f1a a lo largo de varios sexenios, en tiempos de la 4T se ha convertido en un arma de eliminaci\u00f3n de contrincantes y adversarios pol\u00edticos. El intento de fincar delitos a X\u00f3chitl G\u00e1lvez a trav\u00e9s de sus empresas, es una muestra de ello. De entrada, se est\u00e1 intentando manchar su reputaci\u00f3n calific\u00e1ndola como corrupta sin presentar pruebas contundentes, lo cual muestra la utilizaci\u00f3n de este calificativo como arma pol\u00edtica.<\/span><\/p>\n<p class=\"p1\"><span style=\"font-size: 14pt;\">En el foro de sus \u201cma\u00f1aneras\u201d el presidente le endilga el adjetivo \u201ccorrupto\u201d a cualquier adversario pol\u00edtico sin el m\u00e1s m\u00ednimo sustento. Esto se convierte en un agravio a la buena reputaci\u00f3n, que es un atributo al que todos tenemos derecho hasta que se compruebe lo contrario de modo indiscutible.<span class=\"Apple-converted-space\">\u00a0<\/span><\/span><\/p>\n<p class=\"p1\"><span style=\"font-size: 14pt;\">En un reciente art\u00edculo publicado por Ra\u00fal Contreras Bustamante, este autor consigna que hace varios a\u00f1os la Facultad de Derecho de la UNAM recibi\u00f3 a una delegaci\u00f3n de parlamentarios de Finlandia, el pa\u00eds que encabeza el liderazgo en la clasificaci\u00f3n internacional de la OCDE en combate a la corrupci\u00f3n. Se le pregunt\u00f3 a quien coordinaba la delegaci\u00f3n, cu\u00e1l era la estrategia central para erradicarla y la respuesta fue:<span class=\"Apple-converted-space\">\u00a0 <\/span>transparencia, transparencia y transparencia.<\/span><\/p>\n<p class=\"p1\"><span style=\"font-size: 14pt;\">A su vez destaca la frase de Kofi Annan, -quien fuera secretario general de la ONU-: \u201cSi la corrupci\u00f3n es una enfermedad, la transparencia es una parte medular de su tratamiento\u201d.<\/span><\/p>\n<p class=\"p1\"><span style=\"font-size: 14pt;\"><span class=\"Apple-converted-space\">\u00a0<\/span>Llama la atenci\u00f3n que el presidente que ha tomado como bandera de su gobierno el combate a la corrupci\u00f3n, sea quien encabeza el gobierno m\u00e1s opaco de la historia de M\u00e9xico.<span class=\"Apple-converted-space\">\u00a0<\/span><\/span><\/p>\n<p class=\"p1\"><span style=\"font-size: 14pt;\">Este gobierno ha tomado como enemigo y adversario al Instituto Nacional de Acceso a la Informaci\u00f3n, el INAI, y su bancada en el Senado, -Morena-, ha tratado de asfixiar a esta instituci\u00f3n al negarle el nombramiento de los tres consejeros que deben sustituir a quienes han finalizado el periodo de su encomienda.<span class=\"Apple-converted-space\">\u00a0 <\/span>Adem\u00e1s, se le niegan los recursos necesarios para operar.<\/span><\/p>\n<p class=\"p1\"><span style=\"font-size: 14pt;\">De este modo vemos que las grandes obras ic\u00f3nicas de este gobierno han tratado de quedar bajo la protecci\u00f3n de la clasificaci\u00f3n \u201cinformaci\u00f3n reservada\u201d durante varios a\u00f1os, bajo el argumento \u201cseguridad nacional\u201d.<\/span><\/p>\n<p class=\"p1\"><span style=\"font-size: 14pt;\">Tratando de entender por qu\u00e9 M\u00e9xico no ha logrado erradicar esta lacra social y pol\u00edtica, -mientras en otros pa\u00edses de la importancia del nuestro ya se encuentra controlada-, vemos que en cualquier lugar del mundo hay gente ambiciosa y sin valores morales, capaces de despojar al pr\u00f3jimo o realizar actos inmorales y carentes de \u00e9tica para enriquecerse.<span class=\"Apple-converted-space\">\u00a0<\/span><\/span><\/p>\n<p class=\"p1\"><span style=\"font-size: 14pt;\">Sin embargo, es la fortaleza de las instituciones p\u00fablicas que operan en esos pa\u00edses, -respaldadas por el Estado de Derecho-, que permite que estas se conviertan en un dique de contenci\u00f3n, -pues sin importar el nivel jer\u00e1rquico del cargo de quien es denunciado-, estas instituciones son capaces de destituir al funcionario y meterlo en la c\u00e1rcel, incluso, mientras est\u00e1 en funciones.<\/span><\/p>\n<p class=\"p1\"><span style=\"font-size: 14pt;\">En Espa\u00f1a el yerno del rey Juan Carlos y cu\u00f1ado del rey Felipe VI, I\u00f1aki Undargarin, fue a dar a la c\u00e1rcel de junio de 2018 a enero de 2021, por un caso de corrupci\u00f3n en la fundaci\u00f3n filantr\u00f3pica que \u00e9l presid\u00eda y el pr\u00edncipe Andr\u00e9s, hermano del rey Carlos III de Inglaterra perdi\u00f3 todos sus privilegios reales, -por decisi\u00f3n de su madre la difunta reina Isabel-, a partir de un esc\u00e1ndalo que da\u00f1\u00f3 la imagen de la casa real y actualmente su hermano el rey ha refrendado la vigencia del castigo.<\/span><\/p>\n<p class=\"p1\"><span style=\"font-size: 14pt;\">Tambi\u00e9n vemos que varios expresidentes de Per\u00fa est\u00e1n en la c\u00e1rcel, lo mismo que de Ecuador, Guatemala, e incluso el actual presidente de Brasil, -Luiz Inacio Lula Da Silva-, pas\u00f3 19 meses preso, acusado de corrupci\u00f3n. Hoy en Estados Unidos el presidente Donald Trump se encuentra sujeto a un procedimiento judicial, lo cual pone en evidencia la fortaleza de las instituciones de ese pa\u00eds, no obstante que se trate de un ex presidente con gran popularidad.<\/span><\/p>\n<p class=\"p1\"><span style=\"font-size: 14pt;\">La corrupci\u00f3n no se combate con buenas intenciones, -ni con discursos moralistas-, sino con sistemas administrativos que dificultan las malas pr\u00e1cticas, -e incluso las impiden-, pues la frase \u201ccon el arca abierta hasta el justo peca\u201d es una verdad universal, ya que las oportunidades son las que propician la corrupci\u00f3n. Adem\u00e1s, las pol\u00edticas que garantizan la transparencia ponen en evidencia cuando existen actos que pudieran ser considerados como constitutivos de delito.<span class=\"Apple-converted-space\">\u00a0<\/span><\/span><\/p>\n<p class=\"p1\"><span style=\"font-size: 14pt;\">El otorgamiento de contratos de obra p\u00fablica, o de proveedur\u00eda de insumos para instituciones gubernamentales-, hoy en tiempos de la 4T son asignados de forma directa y sin licitaci\u00f3n. Esto conlleva alt\u00edsimas posibilidades de corrupci\u00f3n.<\/span><\/p>\n<p class=\"p1\"><span style=\"font-size: 14pt;\">El combate a la corrupci\u00f3n exige voluntad pol\u00edtica, compromiso total y absoluto y adem\u00e1s, congruencia de quien se ostenta como palad\u00edn del combate a la corrupci\u00f3n, lo cual, no se percibe en este gobierno que se autodenomina de la \u201cCuarta Transformaci\u00f3n\u201d.<\/span><\/p>\n<p class=\"p1\"><span style=\"font-size: 14pt;\">Por \u00faltimo, el combate a la corrupci\u00f3n s\u00f3lo puede tener \u00e9xito cuando quien lo promueve lo aplica primero entre quienes le rodean. Eso constituye un acto de autoridad moral y congruencia que permea desde arriba, hacia los niveles bajos de la estructura gubernamental y por ello llega a impactar la vida cotidiana de la sociedad. <span class=\"Apple-converted-space\">\u00a0<\/span><\/span><\/p>\n<p class=\"p1\"><span style=\"font-size: 14pt;\">Menos demagogia y m\u00e1s acciones moralmente sustentadas, es lo que hoy necesita M\u00e9xico para acabar con la corrupci\u00f3n. Sin embargo, ello no se podr\u00e1 lograr debilitando a las autoridades aut\u00f3nomas que hoy garantizan la transparencia, valor universalmente aceptado como herramienta fundamental del combate a la corrupci\u00f3n.<\/span><\/p>\n<p>&nbsp;<\/p>\n<p class=\"p1\"><span style=\"font-size: 18pt; color: #139eca;\"><strong>EL RIESGO DE INTROMISI\u00d3N<span class=\"Apple-converted-space\">\u00a0<\/span><\/strong><\/span><\/p>\n<p class=\"p1\"><span style=\"font-size: 14pt;\">Desactivar el riesgo de intromisi\u00f3n presidencial para descarrilar la candidatura de X\u00f3chitl seguramente est\u00e1 detr\u00e1s de la decisi\u00f3n del Frente Amplio de cerrar el proceso de selecci\u00f3n de candidata a partir de la encuesta, cancelando la consulta ciudadana programada para ma\u00f1ana tres de septiembre. Sin embargo, una falla en la estrategia de comunicaci\u00f3n dej\u00f3 interpretar esta cancelaci\u00f3n como una falta de respeto a quienes se preparaban para participar de esta votaci\u00f3n. Seguramente una buena explicaci\u00f3n hubiera dado significado a la cancelaci\u00f3n de esta jornada ciudadana y esta decisi\u00f3n hubiera sido mejor recibida.<\/span><\/p>\n<p class=\"p1\"><span style=\"font-size: 14pt;\">La prensa y l\u00edderes de opini\u00f3n con vocaci\u00f3n democr\u00e1tica se sienten desilusionados de que el proceso no se hubiera completado como se prometi\u00f3. Sin embargo, el riesgo de que el presidente intentase meter presi\u00f3n para dividir el voto promoviendo a Beatriz, era una jugada previsible, pues en su ma\u00f1anera del mi\u00e9rcoles, -contraviniendo la legislaci\u00f3n electoral-, ya hab\u00eda hecho campa\u00f1a a favor de la pri\u00edsta, lanzando la frase, \u201caguanta Beatriz\u2026 aguanta\u2026 el pueblo se levanta\u201d. <span class=\"Apple-converted-space\">\u00a0<\/span><\/span><\/p>\n<p class=\"p1\"><span style=\"font-size: 14pt;\">Evidentemente a Morena le conviene tener una candidata como Beatriz, de larga trayectoria pol\u00edtica que la vuelve vulnerable,<span class=\"Apple-converted-space\">\u00a0 <\/span>y no a un perfil ciudadano como X\u00f3chitl.<\/span><\/p>\n<p>&nbsp;<\/p>\n<p class=\"p1\"><span style=\"font-size: 18pt; color: #139eca;\"><strong>NO ES UNA\u2026 SON DOS<\/strong><\/span><\/p>\n<p class=\"p1\"><span style=\"font-size: 14pt;\">Este proceso dentro del Frente Amplio no s\u00f3lo deton\u00f3 el liderazgo de X\u00f3chitl, sino que fortaleci\u00f3 el de Beatriz. Dos perfiles totalmente diferentes, pero igualmente necesarios y muy complementarios. La imagen p\u00fablica de Beatriz creci\u00f3 como nunca antes hab\u00eda sucedido.<\/span><\/p>\n<p class=\"p1\"><span style=\"font-size: 14pt;\">Se nos olvida que no s\u00f3lo se elegir\u00e1 presidente de la rep\u00fablica, -sino tambi\u00e9n el control del Congreso-, y ah\u00ed es donde la experiencia, talento pol\u00edtico y liderazgo de Beatriz Paredes se vuelve fundamental para frenar a Morena en sus intentos de tomar el control de las c\u00e1maras legislativas con el fin de modificar la Constituci\u00f3n y as\u00ed garantizar la continuidad de la 4T en el futuro.<\/span><\/p>\n<p class=\"p1\"><span style=\"font-size: 14pt;\">El reto ser\u00e1 convencer a Beatriz de que tome el liderazgo de la campa\u00f1a del Frente Amplio, para lograr en las elecciones del 2024 la mayor\u00eda calificada en el Congreso.<span class=\"Apple-converted-space\">\u00a0<\/span><\/span><\/p>\n<p class=\"p2\"><span class=\"Apple-converted-space\" style=\"font-size: 14pt;\">\u00a0<\/span><\/p>\n<p class=\"p1\"><span style=\"font-size: 18pt; color: #139eca;\"><strong>LOS TIEMPOS DE LA UNAM<\/strong><\/span><\/p>\n<p class=\"p1\"><span style=\"font-size: 14pt;\">El perfil del pr\u00f3ximo rector de la UNAM debe ser definido en funci\u00f3n del contexto pol\u00edtico actual, de gran riesgo para la autonom\u00eda de esta querida casa de estudios. Si el reto actual m\u00e1s que acad\u00e9mico es defensivo, respecto a los intentos de controlarla por parte del presidente, el perfil del rector debe ser el de un abogado que sepa defenderla jur\u00eddicamente y adem\u00e1s, medi\u00e1ticamente.<\/span><\/p>\n<p class=\"p1\"><span style=\"font-size: 14pt;\">En este contexto Ra\u00fal Contreras Bustamante, -director de la Facultad de Derecho de la UNAM-, se convierte en el perfil que garantiza de la defensa de su autonom\u00eda.<\/span><\/p>\n<p class=\"p1\"><span style=\"font-size: 18pt;\"><strong>\u00bfA usted qu\u00e9 le parece?<\/strong><\/span><\/p>\n<p>&nbsp;<\/p>\n<hr \/>\n<p>&nbsp;<\/p>\n<p class=\"p1\"><span style=\"font-size: 18pt;\"><strong>Facebook:<a href=\"https:\/\/www.facebook.com\/Ricardo.Homs1\">@Ricardo.Homs1<\/a><\/strong><\/span><\/p>\n<p class=\"p1\"><span style=\"font-size: 18pt;\"><strong>Twitter:\u00a0<\/strong><a href=\"https:\/\/twitter.com\/homsricardo\"><strong>@homsricardo<\/strong><\/a><\/span><\/p>\n<p class=\"p1\"><span style=\"font-size: 18pt;\"><strong>LinkedIn: <a href=\"https:\/\/www.linkedin.com\/in\/ricardo-homs-3920449\/?originalSubdomain=mx\">RicardoHoms<\/a><\/strong><\/span><\/p>\n<p class=\"p1\"><span style=\"font-size: 18pt;\"><a href=\"https:\/\/ricardohoms.com\/\"><strong>www.ricardohoms.com<\/strong><\/a><\/span><\/p>\n<p>&nbsp;<\/p>\n<p><img data-recalc-dims=\"1\" loading=\"lazy\" decoding=\"async\" class=\"aligncenter wp-image-14351\" src=\"https:\/\/i0.wp.com\/politicosaldesnudo.com.mx\/wp-content\/uploads\/2023\/01\/FIRMA-EDITORIAL-PD-300x37.png?resize=800%2C98&#038;ssl=1\" alt=\"\" width=\"800\" height=\"98\" srcset=\"https:\/\/i0.wp.com\/politicosaldesnudo.com.mx\/wp-content\/uploads\/2023\/01\/FIRMA-EDITORIAL-PD.png?resize=300%2C37&amp;ssl=1 300w, https:\/\/i0.wp.com\/politicosaldesnudo.com.mx\/wp-content\/uploads\/2023\/01\/FIRMA-EDITORIAL-PD.png?resize=1024%2C125&amp;ssl=1 1024w, https:\/\/i0.wp.com\/politicosaldesnudo.com.mx\/wp-content\/uploads\/2023\/01\/FIRMA-EDITORIAL-PD.png?resize=768%2C94&amp;ssl=1 768w, https:\/\/i0.wp.com\/politicosaldesnudo.com.mx\/wp-content\/uploads\/2023\/01\/FIRMA-EDITORIAL-PD.png?resize=1536%2C188&amp;ssl=1 1536w, https:\/\/i0.wp.com\/politicosaldesnudo.com.mx\/wp-content\/uploads\/2023\/01\/FIRMA-EDITORIAL-PD.png?resize=2048%2C250&amp;ssl=1 2048w, https:\/\/i0.wp.com\/politicosaldesnudo.com.mx\/wp-content\/uploads\/2023\/01\/FIRMA-EDITORIAL-PD.png?w=1600&amp;ssl=1 1600w, https:\/\/i0.wp.com\/politicosaldesnudo.com.mx\/wp-content\/uploads\/2023\/01\/FIRMA-EDITORIAL-PD.png?w=2400&amp;ssl=1 2400w\" sizes=\"auto, (max-width: 800px) 100vw, 800px\" \/><\/p>\n<p>&nbsp;<\/p>\n<p>&nbsp;<\/p>\n<p>&nbsp;<\/p>\n<p>&nbsp;<\/p>\n","protected":false},"excerpt":{"rendered":"<p>&nbsp; &nbsp; Por Ricardo Homs El combate a la corrupci\u00f3n fue el motor de la campa\u00f1a que llev\u00f3 a Andr\u00e9s<\/p>\n","protected":false},"author":4,"featured_media":3778,"comment_status":"closed","ping_status":"closed","sticky":false,"template":"","format":"standard","meta":{"colormag_page_container_layout":"default_layout","colormag_page_sidebar_layout":"default_layout","_jetpack_memberships_contains_paid_content":false,"footnotes":"","jetpack_publicize_message":"","jetpack_publicize_feature_enabled":true,"jetpack_social_post_already_shared":false,"jetpack_social_options":{"image_generator_settings":{"template":"highway","default_image_id":0,"font":"","enabled":false},"version":2}},"categories":[26],"tags":[],"class_list":["post-23611","post","type-post","status-publish","format-standard","has-post-thumbnail","hentry","category-columnistas"],"jetpack_publicize_connections":[],"jetpack_featured_media_url":"https:\/\/i0.wp.com\/politicosaldesnudo.com.mx\/wp-content\/uploads\/2022\/04\/RICARDO-HOMS.png?fit=1816%2C1016&ssl=1","jetpack-related-posts":[],"jetpack_sharing_enabled":true,"_links":{"self":[{"href":"https:\/\/politicosaldesnudo.com.mx\/index.php\/wp-json\/wp\/v2\/posts\/23611","targetHints":{"allow":["GET"]}}],"collection":[{"href":"https:\/\/politicosaldesnudo.com.mx\/index.php\/wp-json\/wp\/v2\/posts"}],"about":[{"href":"https:\/\/politicosaldesnudo.com.mx\/index.php\/wp-json\/wp\/v2\/types\/post"}],"author":[{"embeddable":true,"href":"https:\/\/politicosaldesnudo.com.mx\/index.php\/wp-json\/wp\/v2\/users\/4"}],"replies":[{"embeddable":true,"href":"https:\/\/politicosaldesnudo.com.mx\/index.php\/wp-json\/wp\/v2\/comments?post=23611"}],"version-history":[{"count":0,"href":"https:\/\/politicosaldesnudo.com.mx\/index.php\/wp-json\/wp\/v2\/posts\/23611\/revisions"}],"wp:featuredmedia":[{"embeddable":true,"href":"https:\/\/politicosaldesnudo.com.mx\/index.php\/wp-json\/wp\/v2\/media\/3778"}],"wp:attachment":[{"href":"https:\/\/politicosaldesnudo.com.mx\/index.php\/wp-json\/wp\/v2\/media?parent=23611"}],"wp:term":[{"taxonomy":"category","embeddable":true,"href":"https:\/\/politicosaldesnudo.com.mx\/index.php\/wp-json\/wp\/v2\/categories?post=23611"},{"taxonomy":"post_tag","embeddable":true,"href":"https:\/\/politicosaldesnudo.com.mx\/index.php\/wp-json\/wp\/v2\/tags?post=23611"}],"curies":[{"name":"wp","href":"https:\/\/api.w.org\/{rel}","templated":true}]}}