{"id":23651,"date":"2023-09-04T03:41:34","date_gmt":"2023-09-04T08:41:34","guid":{"rendered":"https:\/\/politicosaldesnudo.com.mx\/?p=23651"},"modified":"2023-09-04T03:41:34","modified_gmt":"2023-09-04T08:41:34","slug":"violencia-de-genero-vs-beatriz-o-cinismo-extremo-de-la-ministra-pina","status":"publish","type":"post","link":"https:\/\/politicosaldesnudo.com.mx\/index.php\/2023\/09\/04\/violencia-de-genero-vs-beatriz-o-cinismo-extremo-de-la-ministra-pina\/","title":{"rendered":"Violencia de g\u00e9nero Vs. Beatriz o cinismo extremo de la ministra Pi\u00f1a\u00a0"},"content":{"rendered":"<p>&nbsp;<\/p>\n<p class=\"p1\"><span style=\"font-size: 18pt;\"><b>Por Jos\u00e9 Lima Cobos<span class=\"Apple-converted-space\">\u00a0<\/span><\/b><\/span><\/p>\n<p class=\"p1\"><span style=\"font-size: 14pt;\">En tanto por un lado se ejerce una violencia de g\u00e9nero innecesaria contra una militante de un partido pol\u00edtico que crey\u00f3 en un ejercicio democr\u00e1tico, por el otro, la soberbia que obnubila a la ministra de la Suprema Corte de Justicia, Norma Pi\u00f1a Hern\u00e1ndez, lanza sus garras para saquear y atracar la econom\u00eda de la naci\u00f3n sin ponderar que las necesidades de la sociedad, est\u00e1n por encima de la avaricia o los privilegios de las minor\u00eda que, ni imparten justicia<span class=\"Apple-converted-space\">\u00a0 <\/span>a la naci\u00f3n, pero alardean de defender a la constituci\u00f3n cuando est\u00e1 acreditada su violaci\u00f3n en cerca de quince a\u00f1os que tienen de ejercer sus funciones.<\/span><\/p>\n<p class=\"p1\"><span style=\"font-size: 14pt;\">Si Beatriz Paredes crey\u00f3 en la honestidad de los dirigentes de su partido, que se puede decir que est\u00e1 acabado, pero que en el fondo a\u00fan representa mucho, \u2014con todo y su triste trayectoria que se genera desde Carlos Salinas de Gortari en que sent\u00f3 <span class=\"Apple-converted-space\">\u00a0 <\/span>las bases para destruir al pa\u00eds\u2014 es inadmisible que esa pol\u00edtica, supuestamente experimentada, haya ca\u00eddo en el garlito de que se integraba a un frente electoral amplio por M\u00e9xico, cuando est\u00e1 probado, con Pe\u00f1a Nieto con el Pacto por M\u00e9xico , as\u00ed como con Zedillo, Fox y Calder\u00f3n se sentaron las bases para exterminar las empresas de la naci\u00f3n, y ponerlas al mejor postor y enraiz\u00f3 la corrupci\u00f3n, donde tambi\u00e9n los ministros de la Suprema Corte de Justicia est\u00e1n vinculados a la oligarqu\u00eda interna, contra los intereses nacionales.<\/span><\/p>\n<p>&nbsp;<\/p>\n<p class=\"p1\"><span style=\"font-size: 18pt; color: #139eca;\"><b>EL DISCURSO DE PAREDES<\/b><\/span><\/p>\n<p class=\"p1\"><span style=\"font-size: 14pt;\">Si alguien conoce a los bandidos que han desgobernado y saqueado, desde hace 30 a\u00f1os a la naci\u00f3n es precisamente Beatriz Paredes. En un discurso incendiario que pronunci\u00f3 a nombre del candidato presidencial Miguel de la Madrid durante su campa\u00f1a electoral, sufri\u00f3 un reprimenda en\u00e9rgica del candidato que la hizo derramar l\u00e1grimas, luego fue apapachada por el candidato \u2014era una joven dirigente campesina de Tlaxcala\u2014, llega a la diputaci\u00f3n local y federal, m\u00e1s tarde dirigente de la confederaci\u00f3n nacional campesina, senadora, gobernadora y embajadora, en fin, lo que quiere decir que con tantas tablas su mente acusaba ignorancia cuando la utilizan para despu\u00e9s despreciarla en una aut\u00e9ntica violencia de g\u00e9nero, porque aqu\u00ed si, un reconocido saqueadores de los bienes de campeche, como es el presidente del ese partido, la exhibe y luego la desecha de esa forma tan vergonzosa, exponi\u00e9ndola al ludibrio ante todos pese a que el presidente L\u00f3pez Obrador, con toda antelaci\u00f3n hab\u00eda anunciado que la candidata ser\u00eda la se\u00f1ora X, quien est\u00e1 acusada de pertenecer al C\u00e1rtel Inmobiliario de la Ciudad de M\u00e9xico.<\/span><\/p>\n<p class=\"p1\"><span style=\"font-size: 14pt;\">Tama\u00f1a ofensa es imperdonable y m\u00e1s al entregarla , en bandeja de plata , al partido, que como acci\u00f3n nacional, tiene menos militantes que todos los dem\u00e1s existentes y que de inmediato se le pone fuera de la pol\u00edtica electoral<span class=\"Apple-converted-space\">\u00a0 <\/span>para que sirva de esquirol contra la pol\u00edtica transformadora que ha emprendido el pa\u00eds para realizar una obra p\u00fablica monumental como es la refiner\u00eda de Dos Bocas en Tabasco, o bien la que se compro en Estados Unidos<span class=\"Apple-converted-space\">\u00a0 <\/span>y ya no se diga de la obra del tren maya que comunicar\u00e1 todo el sureste, abandonado por cierto, al bienestar general del pa\u00eds, o el aeropuerto Felipe \u00c1ngeles o la<span class=\"Apple-converted-space\">\u00a0 <\/span>salvaci\u00f3n de la educaci\u00f3n elemental de los ni\u00f1os y la atenci\u00f3n a la salud con el IMSS o el ISSSTE de manera gratuita de los mexicanos, as\u00ed como el rescate de la econom\u00eda nacional que se puede presumir, se ha mantenido ajena de empr\u00e9stitos como lo acostumbrados en el pasado.<\/span><\/p>\n<p class=\"p1\"><span style=\"font-size: 14pt;\">Pero si es indigna la farsa que se mont\u00f3, lo que hizo \u2013 primero el programa y luego el hombre\u2014 aqu\u00ed surgi\u00f3 al rev\u00e9s , primero la encuentra y despu\u00e9s la elecci\u00f3n<span class=\"Apple-converted-space\">\u00a0 <\/span>no vinculante, esto es, la farsa no debe prevalecer sobre la democracia que es el voto popular, pero nada de eso se respet\u00f3, y solo una encuesta a modo, saca a una militante del juego<span class=\"Apple-converted-space\">\u00a0 <\/span>pol\u00edtico para exhibirla como una persona ajena a encabezar un movimiento de lucha por la vinculaci\u00f3n de la naci\u00f3n al bienestar colectivo, en s\u00edntesis, la desverg\u00fcenza, de lo peor, para ponerla en rid\u00edculo.<\/span><\/p>\n<p class=\"p1\"><span style=\"font-size: 14pt;\">Si lo anterior no fuera suficiente, a la inversa, una ministra del tama\u00f1o de la perversidad de Alito Moreno, Pi\u00f1a Hern\u00e1ndez, viene el chantaje y quiere hincarle el diente al presupuesto nacional y ni tarda ni perezosa reclama que la justicia, que no se imparte en ninguna esfera de sus majestuosos recintos, requiere de m\u00e1s dinero para la comodidad de portar la toga y el birrete al tama\u00f1o de su desverg\u00fcenza, lo que conlleva a que se pondere con seriedad el juicio de procedencia para quitar la arrogancia y<span class=\"Apple-converted-space\">\u00a0 <\/span>prepotencia a<span class=\"Apple-converted-space\">\u00a0 <\/span>los que quieren vivir como millonarios, aunque cuarenta millones de mexicanos a\u00fan viven en la miseria o pobreza extrema, ning\u00fan sentimiento de solidaridad, solo el billete es lo que importa.<\/span><\/p>\n<p class=\"p1\"><span style=\"font-size: 14pt;\">El chantaje de la corte no tiene parang\u00f3n en la historia de M\u00e9xico, porque se quiere que se dejen de atender las causas sociales para que once ministros violen la constituci\u00f3n y junto a los<span class=\"Apple-converted-space\">\u00a0 <\/span>20,000 millones que tienen guardadito quieren 84,000 millones m\u00e1s, que sin vigilancia alguna manejan a su gusto y en la impunidad ni<span class=\"Apple-converted-space\">\u00a0 <\/span>castigo alguno, es decir que viven en la pureza de la ignominia, ahora corresponde a los diputados fiscalizarlos y exigirles cuentas, porque si es tanto lo que se invierte en la justicia, porque las c\u00e1rceles est\u00e1n llenos de presos y las encuestas, a prop\u00f3sito, se\u00f1alan que la justicia no existe en M\u00e9xico, en concreto, si no se da la democracia real y efectiva y tampoco la justicia es r\u00e1pida y expedita, donde queda el dinero que se invierte para que ambos \u2014democracia y justicia\u2014 se el pan nuestro de cada d\u00eda.<\/span><\/p>\n<p>&nbsp;<\/p>\n<hr \/>\n<p>&nbsp;<\/p>\n<p><span style=\"font-size: 18pt;\"><strong>Correo:<a href=\"mailto:limacobos@hotmail.com\"> limacobos@hotmail.com<\/a><\/strong><\/span><\/p>\n<p><span style=\"font-size: 18pt;\"><strong>Twitter: <a href=\"https:\/\/twitter.com\/limacobos1\">@limacobos1<\/a><\/strong><\/span><\/p>\n<p>&nbsp;<\/p>\n<p><img data-recalc-dims=\"1\" loading=\"lazy\" decoding=\"async\" class=\"aligncenter wp-image-14351\" src=\"https:\/\/i0.wp.com\/politicosaldesnudo.com.mx\/wp-content\/uploads\/2023\/01\/FIRMA-EDITORIAL-PD-300x37.png?resize=1000%2C122&#038;ssl=1\" alt=\"\" width=\"1000\" height=\"122\" srcset=\"https:\/\/i0.wp.com\/politicosaldesnudo.com.mx\/wp-content\/uploads\/2023\/01\/FIRMA-EDITORIAL-PD.png?resize=300%2C37&amp;ssl=1 300w, https:\/\/i0.wp.com\/politicosaldesnudo.com.mx\/wp-content\/uploads\/2023\/01\/FIRMA-EDITORIAL-PD.png?resize=1024%2C125&amp;ssl=1 1024w, https:\/\/i0.wp.com\/politicosaldesnudo.com.mx\/wp-content\/uploads\/2023\/01\/FIRMA-EDITORIAL-PD.png?resize=768%2C94&amp;ssl=1 768w, https:\/\/i0.wp.com\/politicosaldesnudo.com.mx\/wp-content\/uploads\/2023\/01\/FIRMA-EDITORIAL-PD.png?resize=1536%2C188&amp;ssl=1 1536w, https:\/\/i0.wp.com\/politicosaldesnudo.com.mx\/wp-content\/uploads\/2023\/01\/FIRMA-EDITORIAL-PD.png?resize=2048%2C250&amp;ssl=1 2048w\" sizes=\"auto, (max-width: 1000px) 100vw, 1000px\" \/><\/p>\n<p>&nbsp;<\/p>\n<p>&nbsp;<\/p>\n<p>&nbsp;<\/p>\n<p>&nbsp;<\/p>\n","protected":false},"excerpt":{"rendered":"<p>&nbsp; Por Jos\u00e9 Lima Cobos\u00a0 En tanto por un lado se ejerce una violencia de g\u00e9nero innecesaria contra una militante [&hellip;]<\/p>\n","protected":false},"author":4,"featured_media":4215,"comment_status":"closed","ping_status":"closed","sticky":false,"template":"","format":"standard","meta":{"site-sidebar-layout":"default","site-content-layout":"","ast-site-content-layout":"default","site-content-style":"default","site-sidebar-style":"default","ast-global-header-display":"","ast-banner-title-visibility":"","ast-main-header-display":"","ast-hfb-above-header-display":"","ast-hfb-below-header-display":"","ast-hfb-mobile-header-display":"","site-post-title":"","ast-breadcrumbs-content":"","ast-featured-img":"","footer-sml-layout":"","ast-disable-related-posts":"","theme-transparent-header-meta":"","adv-header-id-meta":"","stick-header-meta":"","header-above-stick-meta":"","header-main-stick-meta":"","header-below-stick-meta":"","astra-migrate-meta-layouts":"default","ast-page-background-enabled":"default","ast-page-background-meta":{"desktop":{"background-color":"var(--ast-global-color-5)","background-image":"","background-repeat":"repeat","background-position":"center center","background-size":"auto","background-attachment":"scroll","background-type":"","background-media":"","overlay-type":"","overlay-color":"","overlay-opacity":"","overlay-gradient":""},"tablet":{"background-color":"","background-image":"","background-repeat":"repeat","background-position":"center center","background-size":"auto","background-attachment":"scroll","background-type":"","background-media":"","overlay-type":"","overlay-color":"","overlay-opacity":"","overlay-gradient":""},"mobile":{"background-color":"","background-image":"","background-repeat":"repeat","background-position":"center center","background-size":"auto","background-attachment":"scroll","background-type":"","background-media":"","overlay-type":"","overlay-color":"","overlay-opacity":"","overlay-gradient":""}},"ast-content-background-meta":{"desktop":{"background-color":"var(--ast-global-color-4)","background-image":"","background-repeat":"repeat","background-position":"center center","background-size":"auto","background-attachment":"scroll","background-type":"","background-media":"","overlay-type":"","overlay-color":"","overlay-opacity":"","overlay-gradient":""},"tablet":{"background-color":"var(--ast-global-color-4)","background-image":"","background-repeat":"repeat","background-position":"center center","background-size":"auto","background-attachment":"scroll","background-type":"","background-media":"","overlay-type":"","overlay-color":"","overlay-opacity":"","overlay-gradient":""},"mobile":{"background-color":"var(--ast-global-color-4)","background-image":"","background-repeat":"repeat","background-position":"center center","background-size":"auto","background-attachment":"scroll","background-type":"","background-media":"","overlay-type":"","overlay-color":"","overlay-opacity":"","overlay-gradient":""}},"_jetpack_newsletter_access":"","_jetpack_dont_email_post_to_subs":false,"_jetpack_newsletter_tier_id":0,"_jetpack_memberships_contains_paywalled_content":false,"_jetpack_feature_clip_id":0,"_jetpack_memberships_contains_paid_content":false,"footnotes":"","jetpack_publicize_message":"","jetpack_publicize_feature_enabled":true,"jetpack_social_post_already_shared":false,"jetpack_social_options":{"image_generator_settings":{"template":"highway","default_image_id":0,"font":"","enabled":false},"version":2},"jetpack_post_was_ever_published":false},"categories":[26],"tags":[],"class_list":["post-23651","post","type-post","status-publish","format-standard","has-post-thumbnail","hentry","category-columnistas"],"yoast_head":"<!-- This site is optimized with the Yoast SEO plugin v28.3 - https:\/\/yoast.com\/product\/yoast-seo-wordpress\/ -->\n<title>Violencia de g\u00e9nero Vs. Beatriz o cinismo extremo de la ministra Pi\u00f1a\u00a0 - Pol\u00edticos al Desnudo<\/title>\n<meta name=\"robots\" content=\"index, follow, max-snippet:-1, max-image-preview:large, max-video-preview:-1\" \/>\n<link rel=\"canonical\" href=\"https:\/\/politicosaldesnudo.com.mx\/index.php\/2023\/09\/04\/violencia-de-genero-vs-beatriz-o-cinismo-extremo-de-la-ministra-pina\/\" \/>\n<meta property=\"og:locale\" content=\"es_ES\" \/>\n<meta property=\"og:type\" content=\"article\" \/>\n<meta property=\"og:title\" content=\"Violencia de g\u00e9nero Vs. Beatriz o cinismo extremo de la ministra Pi\u00f1a\u00a0 - Pol\u00edticos al Desnudo\" \/>\n<meta property=\"og:description\" content=\"&nbsp; Por Jos\u00e9 Lima Cobos\u00a0 En tanto por un lado se ejerce una violencia de g\u00e9nero innecesaria contra una militante [&hellip;]\" \/>\n<meta property=\"og:url\" content=\"https:\/\/politicosaldesnudo.com.mx\/index.php\/2023\/09\/04\/violencia-de-genero-vs-beatriz-o-cinismo-extremo-de-la-ministra-pina\/\" \/>\n<meta property=\"og:site_name\" content=\"Pol\u00edticos al Desnudo\" \/>\n<meta property=\"article:publisher\" content=\"https:\/\/www.facebook.com\/PoliticosAD\" \/>\n<meta property=\"article:published_time\" content=\"2023-09-04T08:41:34+00:00\" \/>\n<meta property=\"og:image\" content=\"https:\/\/i0.wp.com\/politicosaldesnudo.com.mx\/wp-content\/uploads\/2022\/04\/JOSE%CC%81-LIMA-COBOS.png?fit=1816%2C1016&ssl=1\" \/>\n\t<meta property=\"og:image:width\" content=\"1816\" \/>\n\t<meta property=\"og:image:height\" content=\"1016\" \/>\n\t<meta property=\"og:image:type\" content=\"image\/png\" \/>\n<meta name=\"author\" content=\"Redacci\u00f3n Pol\u00edticos\" \/>\n<meta name=\"twitter:card\" content=\"summary_large_image\" \/>\n<meta name=\"twitter:label1\" content=\"Escrito por\" \/>\n\t<meta name=\"twitter:data1\" content=\"Redacci\u00f3n Pol\u00edticos\" \/>\n\t<meta name=\"twitter:label2\" content=\"Tiempo de lectura\" \/>\n\t<meta name=\"twitter:data2\" content=\"5 minutos\" \/>\n<script type=\"application\/ld+json\" class=\"yoast-schema-graph\">{\"@context\":\"https:\\\/\\\/schema.org\",\"@graph\":[{\"@type\":\"Article\",\"@id\":\"https:\\\/\\\/politicosaldesnudo.com.mx\\\/index.php\\\/2023\\\/09\\\/04\\\/violencia-de-genero-vs-beatriz-o-cinismo-extremo-de-la-ministra-pina\\\/#article\",\"isPartOf\":{\"@id\":\"https:\\\/\\\/politicosaldesnudo.com.mx\\\/index.php\\\/2023\\\/09\\\/04\\\/violencia-de-genero-vs-beatriz-o-cinismo-extremo-de-la-ministra-pina\\\/\"},\"author\":{\"name\":\"Redacci\u00f3n Pol\u00edticos\",\"@id\":\"https:\\\/\\\/politicosaldesnudo.com.mx\\\/#\\\/schema\\\/person\\\/ef3a64e561cc3f3f5dc52fab81adde7e\"},\"headline\":\"Violencia de g\u00e9nero Vs. Beatriz o cinismo extremo de la ministra Pi\u00f1a\u00a0\",\"datePublished\":\"2023-09-04T08:41:34+00:00\",\"mainEntityOfPage\":{\"@id\":\"https:\\\/\\\/politicosaldesnudo.com.mx\\\/index.php\\\/2023\\\/09\\\/04\\\/violencia-de-genero-vs-beatriz-o-cinismo-extremo-de-la-ministra-pina\\\/\"},\"wordCount\":1061,\"publisher\":{\"@id\":\"https:\\\/\\\/politicosaldesnudo.com.mx\\\/#organization\"},\"image\":{\"@id\":\"https:\\\/\\\/politicosaldesnudo.com.mx\\\/index.php\\\/2023\\\/09\\\/04\\\/violencia-de-genero-vs-beatriz-o-cinismo-extremo-de-la-ministra-pina\\\/#primaryimage\"},\"thumbnailUrl\":\"https:\\\/\\\/i0.wp.com\\\/politicosaldesnudo.com.mx\\\/wp-content\\\/uploads\\\/2022\\\/04\\\/JOSE%CC%81-LIMA-COBOS.png?fit=1816%2C1016&ssl=1\",\"articleSection\":[\"OPINI\u00d3N\"],\"inLanguage\":\"es\"},{\"@type\":\"WebPage\",\"@id\":\"https:\\\/\\\/politicosaldesnudo.com.mx\\\/index.php\\\/2023\\\/09\\\/04\\\/violencia-de-genero-vs-beatriz-o-cinismo-extremo-de-la-ministra-pina\\\/\",\"url\":\"https:\\\/\\\/politicosaldesnudo.com.mx\\\/index.php\\\/2023\\\/09\\\/04\\\/violencia-de-genero-vs-beatriz-o-cinismo-extremo-de-la-ministra-pina\\\/\",\"name\":\"Violencia de g\u00e9nero Vs. Beatriz o cinismo extremo de la ministra Pi\u00f1a\u00a0 - Pol\u00edticos al Desnudo\",\"isPartOf\":{\"@id\":\"https:\\\/\\\/politicosaldesnudo.com.mx\\\/#website\"},\"primaryImageOfPage\":{\"@id\":\"https:\\\/\\\/politicosaldesnudo.com.mx\\\/index.php\\\/2023\\\/09\\\/04\\\/violencia-de-genero-vs-beatriz-o-cinismo-extremo-de-la-ministra-pina\\\/#primaryimage\"},\"image\":{\"@id\":\"https:\\\/\\\/politicosaldesnudo.com.mx\\\/index.php\\\/2023\\\/09\\\/04\\\/violencia-de-genero-vs-beatriz-o-cinismo-extremo-de-la-ministra-pina\\\/#primaryimage\"},\"thumbnailUrl\":\"https:\\\/\\\/i0.wp.com\\\/politicosaldesnudo.com.mx\\\/wp-content\\\/uploads\\\/2022\\\/04\\\/JOSE%CC%81-LIMA-COBOS.png?fit=1816%2C1016&ssl=1\",\"datePublished\":\"2023-09-04T08:41:34+00:00\",\"breadcrumb\":{\"@id\":\"https:\\\/\\\/politicosaldesnudo.com.mx\\\/index.php\\\/2023\\\/09\\\/04\\\/violencia-de-genero-vs-beatriz-o-cinismo-extremo-de-la-ministra-pina\\\/#breadcrumb\"},\"inLanguage\":\"es\",\"potentialAction\":[{\"@type\":\"ReadAction\",\"target\":[\"https:\\\/\\\/politicosaldesnudo.com.mx\\\/index.php\\\/2023\\\/09\\\/04\\\/violencia-de-genero-vs-beatriz-o-cinismo-extremo-de-la-ministra-pina\\\/\"]}]},{\"@type\":\"ImageObject\",\"inLanguage\":\"es\",\"@id\":\"https:\\\/\\\/politicosaldesnudo.com.mx\\\/index.php\\\/2023\\\/09\\\/04\\\/violencia-de-genero-vs-beatriz-o-cinismo-extremo-de-la-ministra-pina\\\/#primaryimage\",\"url\":\"https:\\\/\\\/i0.wp.com\\\/politicosaldesnudo.com.mx\\\/wp-content\\\/uploads\\\/2022\\\/04\\\/JOSE%CC%81-LIMA-COBOS.png?fit=1816%2C1016&ssl=1\",\"contentUrl\":\"https:\\\/\\\/i0.wp.com\\\/politicosaldesnudo.com.mx\\\/wp-content\\\/uploads\\\/2022\\\/04\\\/JOSE%CC%81-LIMA-COBOS.png?fit=1816%2C1016&ssl=1\",\"width\":1816,\"height\":1016},{\"@type\":\"BreadcrumbList\",\"@id\":\"https:\\\/\\\/politicosaldesnudo.com.mx\\\/index.php\\\/2023\\\/09\\\/04\\\/violencia-de-genero-vs-beatriz-o-cinismo-extremo-de-la-ministra-pina\\\/#breadcrumb\",\"itemListElement\":[{\"@type\":\"ListItem\",\"position\":1,\"name\":\"Portada\",\"item\":\"https:\\\/\\\/politicosaldesnudo.com.mx\\\/\"},{\"@type\":\"ListItem\",\"position\":2,\"name\":\"Violencia de g\u00e9nero Vs. Beatriz o cinismo extremo de la ministra Pi\u00f1a\u00a0\"}]},{\"@type\":\"WebSite\",\"@id\":\"https:\\\/\\\/politicosaldesnudo.com.mx\\\/#website\",\"url\":\"https:\\\/\\\/politicosaldesnudo.com.mx\\\/\",\"name\":\"Pol\u00edticos al Desnudo\",\"description\":\"\",\"publisher\":{\"@id\":\"https:\\\/\\\/politicosaldesnudo.com.mx\\\/#organization\"},\"potentialAction\":[{\"@type\":\"SearchAction\",\"target\":{\"@type\":\"EntryPoint\",\"urlTemplate\":\"https:\\\/\\\/politicosaldesnudo.com.mx\\\/?s={search_term_string}\"},\"query-input\":{\"@type\":\"PropertyValueSpecification\",\"valueRequired\":true,\"valueName\":\"search_term_string\"}}],\"inLanguage\":\"es\"},{\"@type\":\"Organization\",\"@id\":\"https:\\\/\\\/politicosaldesnudo.com.mx\\\/#organization\",\"name\":\"Pol\u00edticos al Desnudo\",\"url\":\"https:\\\/\\\/politicosaldesnudo.com.mx\\\/\",\"logo\":{\"@type\":\"ImageObject\",\"inLanguage\":\"es\",\"@id\":\"https:\\\/\\\/politicosaldesnudo.com.mx\\\/#\\\/schema\\\/logo\\\/image\\\/\",\"url\":\"https:\\\/\\\/i0.wp.com\\\/politicosaldesnudo.com.mx\\\/wp-content\\\/uploads\\\/2026\\\/08\\\/cropped-logo.webp?fit=400%2C126&ssl=1\",\"contentUrl\":\"https:\\\/\\\/i0.wp.com\\\/politicosaldesnudo.com.mx\\\/wp-content\\\/uploads\\\/2026\\\/08\\\/cropped-logo.webp?fit=400%2C126&ssl=1\",\"width\":400,\"height\":126,\"caption\":\"Pol\u00edticos al Desnudo\"},\"image\":{\"@id\":\"https:\\\/\\\/politicosaldesnudo.com.mx\\\/#\\\/schema\\\/logo\\\/image\\\/\"},\"sameAs\":[\"https:\\\/\\\/www.facebook.com\\\/PoliticosAD\"]},{\"@type\":\"Person\",\"@id\":\"https:\\\/\\\/politicosaldesnudo.com.mx\\\/#\\\/schema\\\/person\\\/ef3a64e561cc3f3f5dc52fab81adde7e\",\"name\":\"Redacci\u00f3n Pol\u00edticos\",\"url\":\"https:\\\/\\\/politicosaldesnudo.com.mx\\\/index.php\\\/author\\\/redaccion-politicos\\\/\"}]}<\/script>\n<!-- \/ Yoast SEO plugin. -->","yoast_head_json":{"title":"Violencia de g\u00e9nero Vs. Beatriz o cinismo extremo de la ministra Pi\u00f1a\u00a0 - Pol\u00edticos al Desnudo","robots":{"index":"index","follow":"follow","max-snippet":"max-snippet:-1","max-image-preview":"max-image-preview:large","max-video-preview":"max-video-preview:-1"},"canonical":"https:\/\/politicosaldesnudo.com.mx\/index.php\/2023\/09\/04\/violencia-de-genero-vs-beatriz-o-cinismo-extremo-de-la-ministra-pina\/","og_locale":"es_ES","og_type":"article","og_title":"Violencia de g\u00e9nero Vs. Beatriz o cinismo extremo de la ministra Pi\u00f1a\u00a0 - Pol\u00edticos al Desnudo","og_description":"&nbsp; Por Jos\u00e9 Lima Cobos\u00a0 En tanto por un lado se ejerce una violencia de g\u00e9nero innecesaria contra una militante [&hellip;]","og_url":"https:\/\/politicosaldesnudo.com.mx\/index.php\/2023\/09\/04\/violencia-de-genero-vs-beatriz-o-cinismo-extremo-de-la-ministra-pina\/","og_site_name":"Pol\u00edticos al Desnudo","article_publisher":"https:\/\/www.facebook.com\/PoliticosAD","article_published_time":"2023-09-04T08:41:34+00:00","og_image":[{"width":1816,"height":1016,"url":"https:\/\/i0.wp.com\/politicosaldesnudo.com.mx\/wp-content\/uploads\/2022\/04\/JOSE%CC%81-LIMA-COBOS.png?fit=1816%2C1016&ssl=1","type":"image\/png"}],"author":"Redacci\u00f3n Pol\u00edticos","twitter_card":"summary_large_image","twitter_misc":{"Escrito por":"Redacci\u00f3n Pol\u00edticos","Tiempo de lectura":"5 minutos"},"schema":{"@context":"https:\/\/schema.org","@graph":[{"@type":"Article","@id":"https:\/\/politicosaldesnudo.com.mx\/index.php\/2023\/09\/04\/violencia-de-genero-vs-beatriz-o-cinismo-extremo-de-la-ministra-pina\/#article","isPartOf":{"@id":"https:\/\/politicosaldesnudo.com.mx\/index.php\/2023\/09\/04\/violencia-de-genero-vs-beatriz-o-cinismo-extremo-de-la-ministra-pina\/"},"author":{"name":"Redacci\u00f3n Pol\u00edticos","@id":"https:\/\/politicosaldesnudo.com.mx\/#\/schema\/person\/ef3a64e561cc3f3f5dc52fab81adde7e"},"headline":"Violencia de g\u00e9nero Vs. Beatriz o cinismo extremo de la ministra Pi\u00f1a\u00a0","datePublished":"2023-09-04T08:41:34+00:00","mainEntityOfPage":{"@id":"https:\/\/politicosaldesnudo.com.mx\/index.php\/2023\/09\/04\/violencia-de-genero-vs-beatriz-o-cinismo-extremo-de-la-ministra-pina\/"},"wordCount":1061,"publisher":{"@id":"https:\/\/politicosaldesnudo.com.mx\/#organization"},"image":{"@id":"https:\/\/politicosaldesnudo.com.mx\/index.php\/2023\/09\/04\/violencia-de-genero-vs-beatriz-o-cinismo-extremo-de-la-ministra-pina\/#primaryimage"},"thumbnailUrl":"https:\/\/i0.wp.com\/politicosaldesnudo.com.mx\/wp-content\/uploads\/2022\/04\/JOSE%CC%81-LIMA-COBOS.png?fit=1816%2C1016&ssl=1","articleSection":["OPINI\u00d3N"],"inLanguage":"es"},{"@type":"WebPage","@id":"https:\/\/politicosaldesnudo.com.mx\/index.php\/2023\/09\/04\/violencia-de-genero-vs-beatriz-o-cinismo-extremo-de-la-ministra-pina\/","url":"https:\/\/politicosaldesnudo.com.mx\/index.php\/2023\/09\/04\/violencia-de-genero-vs-beatriz-o-cinismo-extremo-de-la-ministra-pina\/","name":"Violencia de g\u00e9nero Vs. Beatriz o cinismo extremo de la ministra Pi\u00f1a\u00a0 - Pol\u00edticos al Desnudo","isPartOf":{"@id":"https:\/\/politicosaldesnudo.com.mx\/#website"},"primaryImageOfPage":{"@id":"https:\/\/politicosaldesnudo.com.mx\/index.php\/2023\/09\/04\/violencia-de-genero-vs-beatriz-o-cinismo-extremo-de-la-ministra-pina\/#primaryimage"},"image":{"@id":"https:\/\/politicosaldesnudo.com.mx\/index.php\/2023\/09\/04\/violencia-de-genero-vs-beatriz-o-cinismo-extremo-de-la-ministra-pina\/#primaryimage"},"thumbnailUrl":"https:\/\/i0.wp.com\/politicosaldesnudo.com.mx\/wp-content\/uploads\/2022\/04\/JOSE%CC%81-LIMA-COBOS.png?fit=1816%2C1016&ssl=1","datePublished":"2023-09-04T08:41:34+00:00","breadcrumb":{"@id":"https:\/\/politicosaldesnudo.com.mx\/index.php\/2023\/09\/04\/violencia-de-genero-vs-beatriz-o-cinismo-extremo-de-la-ministra-pina\/#breadcrumb"},"inLanguage":"es","potentialAction":[{"@type":"ReadAction","target":["https:\/\/politicosaldesnudo.com.mx\/index.php\/2023\/09\/04\/violencia-de-genero-vs-beatriz-o-cinismo-extremo-de-la-ministra-pina\/"]}]},{"@type":"ImageObject","inLanguage":"es","@id":"https:\/\/politicosaldesnudo.com.mx\/index.php\/2023\/09\/04\/violencia-de-genero-vs-beatriz-o-cinismo-extremo-de-la-ministra-pina\/#primaryimage","url":"https:\/\/i0.wp.com\/politicosaldesnudo.com.mx\/wp-content\/uploads\/2022\/04\/JOSE%CC%81-LIMA-COBOS.png?fit=1816%2C1016&ssl=1","contentUrl":"https:\/\/i0.wp.com\/politicosaldesnudo.com.mx\/wp-content\/uploads\/2022\/04\/JOSE%CC%81-LIMA-COBOS.png?fit=1816%2C1016&ssl=1","width":1816,"height":1016},{"@type":"BreadcrumbList","@id":"https:\/\/politicosaldesnudo.com.mx\/index.php\/2023\/09\/04\/violencia-de-genero-vs-beatriz-o-cinismo-extremo-de-la-ministra-pina\/#breadcrumb","itemListElement":[{"@type":"ListItem","position":1,"name":"Portada","item":"https:\/\/politicosaldesnudo.com.mx\/"},{"@type":"ListItem","position":2,"name":"Violencia de g\u00e9nero Vs. Beatriz o cinismo extremo de la ministra Pi\u00f1a\u00a0"}]},{"@type":"WebSite","@id":"https:\/\/politicosaldesnudo.com.mx\/#website","url":"https:\/\/politicosaldesnudo.com.mx\/","name":"Pol\u00edticos al Desnudo","description":"","publisher":{"@id":"https:\/\/politicosaldesnudo.com.mx\/#organization"},"potentialAction":[{"@type":"SearchAction","target":{"@type":"EntryPoint","urlTemplate":"https:\/\/politicosaldesnudo.com.mx\/?s={search_term_string}"},"query-input":{"@type":"PropertyValueSpecification","valueRequired":true,"valueName":"search_term_string"}}],"inLanguage":"es"},{"@type":"Organization","@id":"https:\/\/politicosaldesnudo.com.mx\/#organization","name":"Pol\u00edticos al Desnudo","url":"https:\/\/politicosaldesnudo.com.mx\/","logo":{"@type":"ImageObject","inLanguage":"es","@id":"https:\/\/politicosaldesnudo.com.mx\/#\/schema\/logo\/image\/","url":"https:\/\/i0.wp.com\/politicosaldesnudo.com.mx\/wp-content\/uploads\/2026\/08\/cropped-logo.webp?fit=400%2C126&ssl=1","contentUrl":"https:\/\/i0.wp.com\/politicosaldesnudo.com.mx\/wp-content\/uploads\/2026\/08\/cropped-logo.webp?fit=400%2C126&ssl=1","width":400,"height":126,"caption":"Pol\u00edticos al Desnudo"},"image":{"@id":"https:\/\/politicosaldesnudo.com.mx\/#\/schema\/logo\/image\/"},"sameAs":["https:\/\/www.facebook.com\/PoliticosAD"]},{"@type":"Person","@id":"https:\/\/politicosaldesnudo.com.mx\/#\/schema\/person\/ef3a64e561cc3f3f5dc52fab81adde7e","name":"Redacci\u00f3n Pol\u00edticos","url":"https:\/\/politicosaldesnudo.com.mx\/index.php\/author\/redaccion-politicos\/"}]}},"jetpack_publicize_connections":[],"jetpack-related-posts":[{"id":87896,"url":"https:\/\/politicosaldesnudo.com.mx\/index.php\/2026\/08\/19\/corte-proyecta-146-mdp-para-seguros-privados-sheinbaum-exige-que-ministros-los-paguen-de-su-bolsillo\/","url_meta":{"origin":23651,"position":0},"title":"Corte proyecta 146 mdp para seguros privados; Sheinbaum exige que ministros los paguen de su bolsillo","author":"Redacci\u00f3n Pol\u00edticos","date":"19 de agosto de 2026","format":false,"excerpt":"El proyecto de gasto de la Suprema Corte de Justicia de la Naci\u00f3n (SCJN) para 2027 abri\u00f3 un nuevo choque con el Gobierno federal. La raz\u00f3n es una partida cercana a los 146 millones de pesos que permitir\u00eda devolver el seguro de gastos m\u00e9dicos mayores a m\u00e1s de 300 funcionarios\u2026","rel":"","context":"En \u00abNACIONAL\u00bb","block_context":{"text":"NACIONAL","link":"https:\/\/politicosaldesnudo.com.mx\/index.php\/category\/nacional\/"},"img":{"alt_text":"","src":"https:\/\/i0.wp.com\/politicosaldesnudo.com.mx\/wp-content\/uploads\/2026\/08\/corte.jpg?fit=1200%2C675&ssl=1&resize=350%2C200","width":350,"height":200,"srcset":"https:\/\/i0.wp.com\/politicosaldesnudo.com.mx\/wp-content\/uploads\/2026\/08\/corte.jpg?fit=1200%2C675&ssl=1&resize=350%2C200 1x, https:\/\/i0.wp.com\/politicosaldesnudo.com.mx\/wp-content\/uploads\/2026\/08\/corte.jpg?fit=1200%2C675&ssl=1&resize=525%2C300 1.5x, https:\/\/i0.wp.com\/politicosaldesnudo.com.mx\/wp-content\/uploads\/2026\/08\/corte.jpg?fit=1200%2C675&ssl=1&resize=700%2C400 2x, https:\/\/i0.wp.com\/politicosaldesnudo.com.mx\/wp-content\/uploads\/2026\/08\/corte.jpg?fit=1200%2C675&ssl=1&resize=1050%2C600 3x"},"classes":[]},{"id":87624,"url":"https:\/\/politicosaldesnudo.com.mx\/index.php\/2026\/08\/10\/recrimine-a-la-reforma-judicial\/","url_meta":{"origin":23651,"position":1},"title":"Recrimine a la reforma judicial","author":"Redacci\u00f3n Pol\u00edticos","date":"10 de agosto de 2026","format":false,"excerpt":"Por: Lic. Alberto Woolrich Ortiz No obstante que hasta la fecha el segundo piso de la Cuarta Transformaci\u00f3n de la Naci\u00f3n no ha dado visos de modificar su mala forma de gobernanza; la justicia y la probidad siguen teniendo millones de partidarios entre los que destacan algunos impartidores de justicia\u2026","rel":"","context":"En \u00abOPINI\u00d3N\u00bb","block_context":{"text":"OPINI\u00d3N","link":"https:\/\/politicosaldesnudo.com.mx\/index.php\/category\/columnistas\/"},"img":{"alt_text":"","src":"https:\/\/i0.wp.com\/politicosaldesnudo.com.mx\/wp-content\/uploads\/2026\/03\/WOODLRICH.jpg?fit=800%2C445&ssl=1&resize=350%2C200","width":350,"height":200,"srcset":"https:\/\/i0.wp.com\/politicosaldesnudo.com.mx\/wp-content\/uploads\/2026\/03\/WOODLRICH.jpg?fit=800%2C445&ssl=1&resize=350%2C200 1x, https:\/\/i0.wp.com\/politicosaldesnudo.com.mx\/wp-content\/uploads\/2026\/03\/WOODLRICH.jpg?fit=800%2C445&ssl=1&resize=525%2C300 1.5x, https:\/\/i0.wp.com\/politicosaldesnudo.com.mx\/wp-content\/uploads\/2026\/03\/WOODLRICH.jpg?fit=800%2C445&ssl=1&resize=700%2C400 2x"},"classes":[]},{"id":88022,"url":"https:\/\/politicosaldesnudo.com.mx\/index.php\/2026\/08\/24\/34-horas-entre-washington-y-palacio-nacional\/","url_meta":{"origin":23651,"position":2},"title":"34 horas entre Washington y Palacio Nacional","author":"Redacci\u00f3n Pol\u00edticos","date":"24 de agosto de 2026","format":false,"excerpt":"MEDIACIONES Por: Zaira Rosas zairosas.22@gmail.com Rub\u00e9n Rocha Moya necesit\u00f3 apenas 34 horas para comprobar que volver al gobierno no era lo mismo que volver al poder. Despu\u00e9s de 112 d\u00edas de licencia, regres\u00f3 a la gubernatura de Sinaloa y, poco m\u00e1s de un d\u00eda despu\u00e9s, volvi\u00f3 a separarse del cargo.\u2026","rel":"","context":"En \u00abOPINI\u00d3N\u00bb","block_context":{"text":"OPINI\u00d3N","link":"https:\/\/politicosaldesnudo.com.mx\/index.php\/category\/columnistas\/"},"img":{"alt_text":"","src":"https:\/\/i0.wp.com\/politicosaldesnudo.com.mx\/wp-content\/uploads\/2026\/08\/zaira-2308-scaled.png?fit=1200%2C659&ssl=1&resize=350%2C200","width":350,"height":200,"srcset":"https:\/\/i0.wp.com\/politicosaldesnudo.com.mx\/wp-content\/uploads\/2026\/08\/zaira-2308-scaled.png?fit=1200%2C659&ssl=1&resize=350%2C200 1x, https:\/\/i0.wp.com\/politicosaldesnudo.com.mx\/wp-content\/uploads\/2026\/08\/zaira-2308-scaled.png?fit=1200%2C659&ssl=1&resize=525%2C300 1.5x, https:\/\/i0.wp.com\/politicosaldesnudo.com.mx\/wp-content\/uploads\/2026\/08\/zaira-2308-scaled.png?fit=1200%2C659&ssl=1&resize=700%2C400 2x, https:\/\/i0.wp.com\/politicosaldesnudo.com.mx\/wp-content\/uploads\/2026\/08\/zaira-2308-scaled.png?fit=1200%2C659&ssl=1&resize=1050%2C600 3x"},"classes":[]},{"id":85896,"url":"https:\/\/politicosaldesnudo.com.mx\/index.php\/2026\/06\/16\/ministriles-en-procuracion-e-imparticion-de-justicia\/","url_meta":{"origin":23651,"position":3},"title":"Ministriles en procuraci\u00f3n e impartici\u00f3n de justicia","author":"Redacci\u00f3n Pol\u00edticos","date":"16 de junio de 2026","format":false,"excerpt":"Generalmente las togas que imparten y procuran justicia en los Estados Unidos Mexicanos, como lo son ministros y ministras, magistrados y magistradas, jueces, fiscales y agentes del ministerio p\u00fablico, en este acontecer pol\u00edtico, al parecer desconocen u olvidan que su respetabilidad frente a los dem\u00e1s Poderes del Estado, cualquiera que\u2026","rel":"","context":"En \u00abOPINI\u00d3N\u00bb","block_context":{"text":"OPINI\u00d3N","link":"https:\/\/politicosaldesnudo.com.mx\/index.php\/category\/columnistas\/"},"img":{"alt_text":"","src":"https:\/\/i0.wp.com\/politicosaldesnudo.com.mx\/wp-content\/uploads\/2026\/03\/WOODLRICH.jpg?fit=800%2C445&ssl=1&resize=350%2C200","width":350,"height":200,"srcset":"https:\/\/i0.wp.com\/politicosaldesnudo.com.mx\/wp-content\/uploads\/2026\/03\/WOODLRICH.jpg?fit=800%2C445&ssl=1&resize=350%2C200 1x, https:\/\/i0.wp.com\/politicosaldesnudo.com.mx\/wp-content\/uploads\/2026\/03\/WOODLRICH.jpg?fit=800%2C445&ssl=1&resize=525%2C300 1.5x, https:\/\/i0.wp.com\/politicosaldesnudo.com.mx\/wp-content\/uploads\/2026\/03\/WOODLRICH.jpg?fit=800%2C445&ssl=1&resize=700%2C400 2x"},"classes":[]},{"id":87577,"url":"https:\/\/politicosaldesnudo.com.mx\/index.php\/2026\/08\/08\/por-burlarse-de-los-viejitos-morena-suspende-derechos-partidistas-a-nay-salvatori-y-grace-palomares\/","url_meta":{"origin":23651,"position":4},"title":"Por burlarse de los \u2018viejitos\u2019, Morena suspende derechos partidistas a Nay Salvatori y Grace Palomares","author":"Redacci\u00f3n Pol\u00edticos","date":"8 de agosto de 2026","format":false,"excerpt":"El partido suspendi\u00f3 los derechos partidistas de las diputadas, como medida cautelar tras los comentarios realizados en su podcast; la sanci\u00f3n no afecta sus cargos en el Congreso de Puebla. Las diputadas poblanas de Morena, Nayeli Salvatori Bojalil y Elvia Graciela \u201cGrace\u201d Palomares Ram\u00edrez, fueron suspendidas de sus derechos partidistas\u2026","rel":"","context":"En \u00abNACIONAL\u00bb","block_context":{"text":"NACIONAL","link":"https:\/\/politicosaldesnudo.com.mx\/index.php\/category\/nacional\/"},"img":{"alt_text":"","src":"https:\/\/i0.wp.com\/politicosaldesnudo.com.mx\/wp-content\/uploads\/2026\/08\/ChatGPT-Image-8-ago-2026-17_07_07.png?fit=1200%2C660&ssl=1&resize=350%2C200","width":350,"height":200,"srcset":"https:\/\/i0.wp.com\/politicosaldesnudo.com.mx\/wp-content\/uploads\/2026\/08\/ChatGPT-Image-8-ago-2026-17_07_07.png?fit=1200%2C660&ssl=1&resize=350%2C200 1x, https:\/\/i0.wp.com\/politicosaldesnudo.com.mx\/wp-content\/uploads\/2026\/08\/ChatGPT-Image-8-ago-2026-17_07_07.png?fit=1200%2C660&ssl=1&resize=525%2C300 1.5x, https:\/\/i0.wp.com\/politicosaldesnudo.com.mx\/wp-content\/uploads\/2026\/08\/ChatGPT-Image-8-ago-2026-17_07_07.png?fit=1200%2C660&ssl=1&resize=700%2C400 2x, https:\/\/i0.wp.com\/politicosaldesnudo.com.mx\/wp-content\/uploads\/2026\/08\/ChatGPT-Image-8-ago-2026-17_07_07.png?fit=1200%2C660&ssl=1&resize=1050%2C600 3x"},"classes":[]},{"id":87295,"url":"https:\/\/politicosaldesnudo.com.mx\/index.php\/2026\/07\/27\/disciplina-no-es-violencia-el-vacio-en-las-escuelas-militarizadas-de-mexico\/","url_meta":{"origin":23651,"position":5},"title":"Disciplina no es violencia: el vac\u00edo en las escuelas militarizadas de M\u00e9xico","author":"Redacci\u00f3n Pol\u00edticos","date":"27 de julio de 2026","format":false,"excerpt":"Dafne Zapata ten\u00eda 13 a\u00f1os, la edad de la adolescencia, esa etapa donde muchas familias, en busca de disciplina o de nuevas alternativas para la formaci\u00f3n de sus hijas e hijos, consideran opciones distintas al modelo educativo tradicional. Entre ellas se encuentran las llamadas escuelas militarizadas, instituciones que ofrecen orden,\u2026","rel":"","context":"En \u00abOPINI\u00d3N\u00bb","block_context":{"text":"OPINI\u00d3N","link":"https:\/\/politicosaldesnudo.com.mx\/index.php\/category\/columnistas\/"},"img":{"alt_text":"","src":"https:\/\/i0.wp.com\/politicosaldesnudo.com.mx\/wp-content\/uploads\/2026\/01\/ZAIRA-ROSAS-1.jpg?fit=800%2C445&ssl=1&resize=350%2C200","width":350,"height":200,"srcset":"https:\/\/i0.wp.com\/politicosaldesnudo.com.mx\/wp-content\/uploads\/2026\/01\/ZAIRA-ROSAS-1.jpg?fit=800%2C445&ssl=1&resize=350%2C200 1x, https:\/\/i0.wp.com\/politicosaldesnudo.com.mx\/wp-content\/uploads\/2026\/01\/ZAIRA-ROSAS-1.jpg?fit=800%2C445&ssl=1&resize=525%2C300 1.5x, https:\/\/i0.wp.com\/politicosaldesnudo.com.mx\/wp-content\/uploads\/2026\/01\/ZAIRA-ROSAS-1.jpg?fit=800%2C445&ssl=1&resize=700%2C400 2x"},"classes":[]}],"jetpack_sharing_enabled":true,"jetpack_featured_media_url":"https:\/\/i0.wp.com\/politicosaldesnudo.com.mx\/wp-content\/uploads\/2022\/04\/JOSE%CC%81-LIMA-COBOS.png?fit=1816%2C1016&ssl=1","_links":{"self":[{"href":"https:\/\/politicosaldesnudo.com.mx\/index.php\/wp-json\/wp\/v2\/posts\/23651","targetHints":{"allow":["GET"]}}],"collection":[{"href":"https:\/\/politicosaldesnudo.com.mx\/index.php\/wp-json\/wp\/v2\/posts"}],"about":[{"href":"https:\/\/politicosaldesnudo.com.mx\/index.php\/wp-json\/wp\/v2\/types\/post"}],"author":[{"embeddable":true,"href":"https:\/\/politicosaldesnudo.com.mx\/index.php\/wp-json\/wp\/v2\/users\/4"}],"replies":[{"embeddable":true,"href":"https:\/\/politicosaldesnudo.com.mx\/index.php\/wp-json\/wp\/v2\/comments?post=23651"}],"version-history":[{"count":0,"href":"https:\/\/politicosaldesnudo.com.mx\/index.php\/wp-json\/wp\/v2\/posts\/23651\/revisions"}],"wp:featuredmedia":[{"embeddable":true,"href":"https:\/\/politicosaldesnudo.com.mx\/index.php\/wp-json\/wp\/v2\/media\/4215"}],"wp:attachment":[{"href":"https:\/\/politicosaldesnudo.com.mx\/index.php\/wp-json\/wp\/v2\/media?parent=23651"}],"wp:term":[{"taxonomy":"category","embeddable":true,"href":"https:\/\/politicosaldesnudo.com.mx\/index.php\/wp-json\/wp\/v2\/categories?post=23651"},{"taxonomy":"post_tag","embeddable":true,"href":"https:\/\/politicosaldesnudo.com.mx\/index.php\/wp-json\/wp\/v2\/tags?post=23651"}],"curies":[{"name":"wp","href":"https:\/\/api.w.org\/{rel}","templated":true}]}}