{"id":23678,"date":"2023-09-04T20:21:42","date_gmt":"2023-09-05T01:21:42","guid":{"rendered":"https:\/\/politicosaldesnudo.com.mx\/?p=23678"},"modified":"2023-09-05T11:22:24","modified_gmt":"2023-09-05T16:22:24","slug":"gobierno-de-tuxpan-realiza-primer-lunes-civico-del-mes-patrio","status":"publish","type":"post","link":"https:\/\/politicosaldesnudo.com.mx\/index.php\/2023\/09\/04\/gobierno-de-tuxpan-realiza-primer-lunes-civico-del-mes-patrio\/","title":{"rendered":"Gobierno de Tuxpan realiza primer Lunes C\u00edvico del Mes Patrio"},"content":{"rendered":"<p>&nbsp;<\/p>\n<p class=\"p1\"><span style=\"font-size: 14pt;\"><em><strong>TUXPAN, VERACRUZ.<\/strong> <\/em>Como parte de las acciones que promueve el Gobierno de Tuxpan para el fortalecimiento de nuestra identidad nacional, esta ma\u00f1ana se llev\u00f3 a cabo el primer Lunes C\u00edvico del Mes Patrio, en la explanada del Palacio Municipal.<\/span><\/p>\n<p class=\"p1\"><span style=\"font-size: 14pt;\">En esta ocasi\u00f3n se cont\u00f3 con la participaci\u00f3n de alumnas y alumnos de la escuela primaria \u201cJulio Serrano Piedecasas\u201d.<\/span><\/p>\n<p class=\"p1\"><span style=\"font-size: 14pt;\">Encabezaron el acto c\u00edvico el Prof. Jorge Arturo Garc\u00eda Robles, director de Educaci\u00f3n, en representaci\u00f3n del alcalde Jos\u00e9 Manuel Pozos Castro; el Prof. Luis Demetrio L\u00f3pez Mar\u00edn, regidor comisionado en Educaci\u00f3n; Juan Carpio Isidro, en representaci\u00f3n de la Delegaci\u00f3n Regional de la SEV en Tuxpan.<\/span><\/p>\n<p>&nbsp;<\/p>\n<p><img data-recalc-dims=\"1\" loading=\"lazy\" decoding=\"async\" class=\"aligncenter wp-image-23680 size-large\" src=\"https:\/\/i0.wp.com\/politicosaldesnudo.com.mx\/wp-content\/uploads\/2023\/09\/P-LUNES-CIVICO-2-1024x573.png?resize=800%2C448&#038;ssl=1\" alt=\"\" width=\"800\" height=\"448\" srcset=\"https:\/\/i0.wp.com\/politicosaldesnudo.com.mx\/wp-content\/uploads\/2023\/09\/P-LUNES-CIVICO-2.png?resize=1024%2C573&amp;ssl=1 1024w, https:\/\/i0.wp.com\/politicosaldesnudo.com.mx\/wp-content\/uploads\/2023\/09\/P-LUNES-CIVICO-2.png?resize=300%2C168&amp;ssl=1 300w, https:\/\/i0.wp.com\/politicosaldesnudo.com.mx\/wp-content\/uploads\/2023\/09\/P-LUNES-CIVICO-2.png?resize=768%2C430&amp;ssl=1 768w, https:\/\/i0.wp.com\/politicosaldesnudo.com.mx\/wp-content\/uploads\/2023\/09\/P-LUNES-CIVICO-2.png?resize=1536%2C859&amp;ssl=1 1536w, https:\/\/i0.wp.com\/politicosaldesnudo.com.mx\/wp-content\/uploads\/2023\/09\/P-LUNES-CIVICO-2.png?w=1816&amp;ssl=1 1816w, https:\/\/i0.wp.com\/politicosaldesnudo.com.mx\/wp-content\/uploads\/2023\/09\/P-LUNES-CIVICO-2.png?w=1600&amp;ssl=1 1600w\" sizes=\"auto, (max-width: 800px) 100vw, 800px\" \/><\/p>\n<p>&nbsp;<\/p>\n<p class=\"p1\"><span style=\"font-size: 14pt;\">Asimismo Mar\u00eda de la Soledad Miquelajauregui Guzm\u00e1n, directora de Museos y Bibliotecas; Edmundo Crist\u00f3bal Cruz, director de Desarrollo Agropecuario; Ren\u00e9 T\u00e9llez Medina, director de Protecci\u00f3n Civil y el Mtro. No\u00e9 Olmedo Ortega, director de la primaria Julio Serrano Piedecasas.<span class=\"Apple-converted-space\">\u00a0<\/span><\/span><\/p>\n<p class=\"p1\"><span style=\"font-size: 14pt;\">Durante el acto, los estudiantes expusieron las efem\u00e9rides de la semana y presentaron una rese\u00f1a titulada \u201cInicio de las Fiestas Patrias\u201d.<\/span><\/p>\n<p class=\"p1\"><span style=\"font-size: 14pt;\">En el evento tambi\u00e9n estuvieron presentes padres de familia de los alumnos participantes; directores y coordinadores de las diferentes \u00e1reas del Ayuntamiento; la Banda de Guerra del 39 Batall\u00f3n de Infanter\u00eda y elementos de Polic\u00eda Municipal, Protecci\u00f3n Civil y Bomberos.<\/span><\/p>\n<p>&nbsp;<\/p>\n<p>&nbsp;<\/p>\n<p>&nbsp;<\/p>\n","protected":false},"excerpt":{"rendered":"<p>&nbsp; TUXPAN, VERACRUZ. Como parte de las acciones que promueve el Gobierno de Tuxpan para el fortalecimiento de nuestra identidad<\/p>\n","protected":false},"author":4,"featured_media":23679,"comment_status":"closed","ping_status":"closed","sticky":false,"template":"","format":"standard","meta":{"colormag_page_container_layout":"default_layout","colormag_page_sidebar_layout":"default_layout","_jetpack_memberships_contains_paid_content":false,"footnotes":"","jetpack_publicize_message":"","jetpack_publicize_feature_enabled":true,"jetpack_social_post_already_shared":false,"jetpack_social_options":{"image_generator_settings":{"template":"highway","default_image_id":0,"font":"","enabled":false},"version":2}},"categories":[1082],"tags":[70,100],"class_list":["post-23678","post","type-post","status-publish","format-standard","has-post-thumbnail","hentry","category-tuxpan","tag-tuxpan","tag-veracruz"],"jetpack_publicize_connections":[],"jetpack_featured_media_url":"https:\/\/i0.wp.com\/politicosaldesnudo.com.mx\/wp-content\/uploads\/2023\/09\/P-LUNES-CIVICO-1.png?fit=1816%2C1016&ssl=1","jetpack-related-posts":[],"jetpack_sharing_enabled":true,"_links":{"self":[{"href":"https:\/\/politicosaldesnudo.com.mx\/index.php\/wp-json\/wp\/v2\/posts\/23678","targetHints":{"allow":["GET"]}}],"collection":[{"href":"https:\/\/politicosaldesnudo.com.mx\/index.php\/wp-json\/wp\/v2\/posts"}],"about":[{"href":"https:\/\/politicosaldesnudo.com.mx\/index.php\/wp-json\/wp\/v2\/types\/post"}],"author":[{"embeddable":true,"href":"https:\/\/politicosaldesnudo.com.mx\/index.php\/wp-json\/wp\/v2\/users\/4"}],"replies":[{"embeddable":true,"href":"https:\/\/politicosaldesnudo.com.mx\/index.php\/wp-json\/wp\/v2\/comments?post=23678"}],"version-history":[{"count":0,"href":"https:\/\/politicosaldesnudo.com.mx\/index.php\/wp-json\/wp\/v2\/posts\/23678\/revisions"}],"wp:featuredmedia":[{"embeddable":true,"href":"https:\/\/politicosaldesnudo.com.mx\/index.php\/wp-json\/wp\/v2\/media\/23679"}],"wp:attachment":[{"href":"https:\/\/politicosaldesnudo.com.mx\/index.php\/wp-json\/wp\/v2\/media?parent=23678"}],"wp:term":[{"taxonomy":"category","embeddable":true,"href":"https:\/\/politicosaldesnudo.com.mx\/index.php\/wp-json\/wp\/v2\/categories?post=23678"},{"taxonomy":"post_tag","embeddable":true,"href":"https:\/\/politicosaldesnudo.com.mx\/index.php\/wp-json\/wp\/v2\/tags?post=23678"}],"curies":[{"name":"wp","href":"https:\/\/api.w.org\/{rel}","templated":true}]}}