{"id":23700,"date":"2023-09-05T06:00:52","date_gmt":"2023-09-05T11:00:52","guid":{"rendered":"https:\/\/politicosaldesnudo.com.mx\/?p=23700"},"modified":"2023-09-05T11:45:59","modified_gmt":"2023-09-05T16:45:59","slug":"palacio-recibio-la-encuesta-con-aroma-de-mujer","status":"publish","type":"post","link":"https:\/\/politicosaldesnudo.com.mx\/index.php\/2023\/09\/05\/palacio-recibio-la-encuesta-con-aroma-de-mujer\/","title":{"rendered":"Palacio recibi\u00f3 la encuesta con aroma de mujer"},"content":{"rendered":"<p>&nbsp;<\/p>\n<p class=\"p1\"><span style=\"font-size: 18pt;\"><strong>Por Jos\u00e9 Ure\u00f1a<\/strong><\/span><\/p>\n<p class=\"p1\"><span style=\"font-size: 14pt;\">Le voy a revelar un secreto: El Presidente ya sabe qui\u00e9n de sus tres\u00a0corcholatas\u00a0favoritas gan\u00f3 la encuesta de la cual saldr\u00e1 el coordinador de su movimiento y virtual candidato a sucederlo en Palacio Nacional.<\/span><\/p>\n<p class=\"p1\"><span style=\"font-size: 14pt;\">M\u00e1s all\u00e1 de los n\u00fameros, de los cuales ayer mismo recibi\u00f3 un avance, es de cu\u00e1l de ellas \u2013Claudia Sheinbaum,\u00a0Ad\u00e1n Augusto L\u00f3pez\u00a0y\u00a0Marcelo Ebrard, en ese orden- le garantiza su legado.<\/span><\/p>\n<p class=\"p1\"><span style=\"font-size: 14pt;\">Curioso.<\/span><\/p>\n<p class=\"p1\"><span style=\"font-size: 14pt;\">El administrador morenista\u00a0Mario Delgado\u00a0le hace al\u00a0T\u00edo Lolo\u00a0y el comisionado del Consejo Nacional,\u00a0Alfonso Durazo, hace mutis mientras se materializa la definici\u00f3n.<\/span><\/p>\n<p class=\"p1\"><span style=\"font-size: 14pt;\">En horas se difundir\u00e1 el parto de los montes y sabremos qui\u00e9n enfrentar\u00e1 a esa hidalguense brincona, contestataria y l\u00facida con la cual la oposici\u00f3n ha recuperado la esperanza.<\/span><\/p>\n<p class=\"p1\"><span style=\"font-size: 14pt;\">Si por \u00e1nimo fuera,\u00a0Claudia\u00a0lleva la delantera por la confianza de su jefe, como lo vimos en el video donde insult\u00f3 a\u00a0Alfonso Durazo\u00a0y \u00e9l debi\u00f3 pedirle \u00a1perd\u00f3n, jefa!\u2026<\/span><\/p>\n<p>&nbsp;<\/p>\n<p class=\"p1\"><span style=\"font-size: 18pt; color: #139eca;\"><strong>\u00a0Y SIN EMBARGO\u2026<\/strong><\/span><\/p>\n<p class=\"p1\"><span style=\"font-size: 14pt;\">\u00a0Pero todav\u00eda hay luchas. Ayer\u00a0Marcelo Ebrard\u00a0cruzaba encuestas y en el promedio se colocaba varios puntos arriba de\u00a0Claudia Sheinbaum, lo cual le hac\u00eda renacer la confianza en la voluntad de su\u00a0carnal.<\/span><\/p>\n<p class=\"p1\"><span style=\"font-size: 14pt;\">Simult\u00e1neamente, entre las\u00a0corcholatas\u00a0circulaba un ejercicio de organizaciones ciudadanas dadas a la tarea de auditar los gastos de cada una de las seis para saber cu\u00e1nto se ci\u00f1eron a la normatividad.<\/span><\/p>\n<p class=\"p1\"><span style=\"font-size: 14pt;\">Es interesante un dato:<\/span><\/p>\n<p class=\"p1\"><span style=\"font-size: 14pt;\">En 87 eventos distintos de la jefa de Gobierno con licencia se entrevist\u00f3 a los asistentes, a los proveedores y entre gastos colaterales como plantas de luz, templetes, torres de iluminaci\u00f3n y equipos de sonido el desembolso super\u00f3 los 87 millones de pesos.<\/span><\/p>\n<p class=\"p1\"><span style=\"font-size: 14pt;\">Quiz\u00e1 por eso el m\u00e1s tranquilo de los seis en este trance es\u00a0Ad\u00e1n Augusto L\u00f3pez Hern\u00e1ndez, el amigo de la infancia y de familia de\u00a0Andr\u00e9s Manuel L\u00f3pez Obrador, a quien llam\u00f3 para manejar la pol\u00edtica interior en 2021.<\/span><\/p>\n<p class=\"p1\"><span style=\"font-size: 14pt;\">Sigue como opci\u00f3n, sobre todo si se mantiene la confrontaci\u00f3n irreconciliable\u00a0Claudia-Marcelo\u00a0y es necesario agitar una bandera blanca -en este caso\u00a0corcholata\u2013 para evitar cr\u00edticas y deserciones una vez consumado el\u00a0dedazo.<\/span><\/p>\n<p>&nbsp;<\/p>\n<p class=\"p1\"><span style=\"font-size: 18pt; color: #139eca;\"><strong>\u00a0RA\u00daL CONTRERAS<\/strong><\/span><\/p>\n<p class=\"p1\"><span style=\"font-size: 14pt;\">\u00a01. La sucesi\u00f3n en UNAM ha entrado en fase crucial y vienen las expresiones de simpat\u00eda.<\/span><\/p>\n<p class=\"p1\"><span style=\"font-size: 14pt;\">Hasta ahora quien m\u00e1s apoyos concilia es el constitucionalista\u00a0Ra\u00fal Contreras, de quien se destaca la manera armoniosa de defender la Facultad de Derecho ante embestidas porriles.<\/span><\/p>\n<p class=\"p1\"><span style=\"font-size: 14pt;\">Esta tarea es clave porque la UNAM enfrenta una embestida desde Palacio Nacional y la Junta de Gobierno tiene la palabra sobre otros prospectos como\u00a0H\u00e9ctor Hern\u00e1ndez,\u00a0Germ\u00e1n Fajardo\u00a0e\u00a0Imanol Ordorika, quienes ayer debieron inscribirse.<\/span><\/p>\n<p class=\"p1\"><span style=\"font-size: 14pt;\">2. El reporte ya lleg\u00f3 a Palacio Nacional: Segalmex de Leonel Cota ya concluy\u00f3 la cuota de compras de ma\u00edz en Sinaloa.<\/span><\/p>\n<p class=\"p1\"><span style=\"font-size: 14pt;\">Los productores est\u00e1n en paz y no se alteraron las finanzas del organismo.<\/span><\/p>\n<p class=\"p1\"><span style=\"font-size: 14pt;\">Y 3. Ya tenemos un candidato independiente para la Presidencia: el oaxaque\u00f1o Ulises Ruiz anuncia su inscripci\u00f3n y dice tener las firmas necesarias para acreditarlas ante el INE.<\/span><\/p>\n<p class=\"p1\"><span style=\"font-size: 14pt;\">Ser\u00e1 un dolor de cerebro para el gobierno.<\/span><\/p>\n<p>&nbsp;<\/p>\n<hr \/>\n<p>&nbsp;<\/p>\n<p class=\"p3\"><strong><span style=\"font-size: 18pt;\"><span class=\"s2\">Twitter: <a href=\"https:\/\/twitter.com\/urenajose1\">@urenajose1<\/a><\/span><\/span><\/strong><\/p>\n<p>&nbsp;<\/p>\n<p><img data-recalc-dims=\"1\" loading=\"lazy\" decoding=\"async\" class=\"aligncenter wp-image-14351\" src=\"https:\/\/i0.wp.com\/politicosaldesnudo.com.mx\/wp-content\/uploads\/2023\/01\/FIRMA-EDITORIAL-PD-300x37.png?resize=800%2C98&#038;ssl=1\" alt=\"\" width=\"800\" height=\"98\" srcset=\"https:\/\/i0.wp.com\/politicosaldesnudo.com.mx\/wp-content\/uploads\/2023\/01\/FIRMA-EDITORIAL-PD.png?resize=300%2C37&amp;ssl=1 300w, https:\/\/i0.wp.com\/politicosaldesnudo.com.mx\/wp-content\/uploads\/2023\/01\/FIRMA-EDITORIAL-PD.png?resize=1024%2C125&amp;ssl=1 1024w, https:\/\/i0.wp.com\/politicosaldesnudo.com.mx\/wp-content\/uploads\/2023\/01\/FIRMA-EDITORIAL-PD.png?resize=768%2C94&amp;ssl=1 768w, https:\/\/i0.wp.com\/politicosaldesnudo.com.mx\/wp-content\/uploads\/2023\/01\/FIRMA-EDITORIAL-PD.png?resize=1536%2C188&amp;ssl=1 1536w, https:\/\/i0.wp.com\/politicosaldesnudo.com.mx\/wp-content\/uploads\/2023\/01\/FIRMA-EDITORIAL-PD.png?resize=2048%2C250&amp;ssl=1 2048w, https:\/\/i0.wp.com\/politicosaldesnudo.com.mx\/wp-content\/uploads\/2023\/01\/FIRMA-EDITORIAL-PD.png?w=1600&amp;ssl=1 1600w, https:\/\/i0.wp.com\/politicosaldesnudo.com.mx\/wp-content\/uploads\/2023\/01\/FIRMA-EDITORIAL-PD.png?w=2400&amp;ssl=1 2400w\" sizes=\"auto, (max-width: 800px) 100vw, 800px\" \/><\/p>\n<p>&nbsp;<\/p>\n<p>&nbsp;<\/p>\n<p>&nbsp;<\/p>\n<p>&nbsp;<\/p>\n","protected":false},"excerpt":{"rendered":"<p>&nbsp; Por Jos\u00e9 Ure\u00f1a Le voy a revelar un secreto: El Presidente ya sabe qui\u00e9n de sus tres\u00a0corcholatas\u00a0favoritas gan\u00f3 la<\/p>\n","protected":false},"author":4,"featured_media":4036,"comment_status":"closed","ping_status":"closed","sticky":false,"template":"","format":"standard","meta":{"colormag_page_container_layout":"default_layout","colormag_page_sidebar_layout":"default_layout","_jetpack_memberships_contains_paid_content":false,"footnotes":"","jetpack_publicize_message":"","jetpack_publicize_feature_enabled":true,"jetpack_social_post_already_shared":false,"jetpack_social_options":{"image_generator_settings":{"template":"highway","default_image_id":0,"font":"","enabled":false},"version":2}},"categories":[26],"tags":[],"class_list":["post-23700","post","type-post","status-publish","format-standard","has-post-thumbnail","hentry","category-columnistas"],"jetpack_publicize_connections":[],"jetpack_featured_media_url":"https:\/\/i0.wp.com\/politicosaldesnudo.com.mx\/wp-content\/uploads\/2022\/04\/JOSE%CC%81-UREN%CC%83A-1.png?fit=1816%2C1016&ssl=1","jetpack-related-posts":[],"jetpack_sharing_enabled":true,"_links":{"self":[{"href":"https:\/\/politicosaldesnudo.com.mx\/index.php\/wp-json\/wp\/v2\/posts\/23700","targetHints":{"allow":["GET"]}}],"collection":[{"href":"https:\/\/politicosaldesnudo.com.mx\/index.php\/wp-json\/wp\/v2\/posts"}],"about":[{"href":"https:\/\/politicosaldesnudo.com.mx\/index.php\/wp-json\/wp\/v2\/types\/post"}],"author":[{"embeddable":true,"href":"https:\/\/politicosaldesnudo.com.mx\/index.php\/wp-json\/wp\/v2\/users\/4"}],"replies":[{"embeddable":true,"href":"https:\/\/politicosaldesnudo.com.mx\/index.php\/wp-json\/wp\/v2\/comments?post=23700"}],"version-history":[{"count":0,"href":"https:\/\/politicosaldesnudo.com.mx\/index.php\/wp-json\/wp\/v2\/posts\/23700\/revisions"}],"wp:featuredmedia":[{"embeddable":true,"href":"https:\/\/politicosaldesnudo.com.mx\/index.php\/wp-json\/wp\/v2\/media\/4036"}],"wp:attachment":[{"href":"https:\/\/politicosaldesnudo.com.mx\/index.php\/wp-json\/wp\/v2\/media?parent=23700"}],"wp:term":[{"taxonomy":"category","embeddable":true,"href":"https:\/\/politicosaldesnudo.com.mx\/index.php\/wp-json\/wp\/v2\/categories?post=23700"},{"taxonomy":"post_tag","embeddable":true,"href":"https:\/\/politicosaldesnudo.com.mx\/index.php\/wp-json\/wp\/v2\/tags?post=23700"}],"curies":[{"name":"wp","href":"https:\/\/api.w.org\/{rel}","templated":true}]}}