{"id":23751,"date":"2023-09-11T00:03:50","date_gmt":"2023-09-11T05:03:50","guid":{"rendered":"https:\/\/politicosaldesnudo.com.mx\/?p=23751"},"modified":"2023-09-10T20:14:13","modified_gmt":"2023-09-11T01:14:13","slug":"los-grandes-intereses-presentes-contra-mexico-parte-cuatro","status":"publish","type":"post","link":"https:\/\/politicosaldesnudo.com.mx\/index.php\/2023\/09\/11\/los-grandes-intereses-presentes-contra-mexico-parte-cuatro\/","title":{"rendered":"Los grandes intereses presentes contra M\u00e9xico (Parte cuatro)"},"content":{"rendered":"<p><span style=\"font-size: 14pt; font-family: arial, helvetica, sans-serif;\"><strong>ESCENARIOS<\/strong><\/span><\/p>\n<p><span style=\"font-size: 14pt; font-family: arial, helvetica, sans-serif;\"><strong>Por Francisco Blanco Calder\u00f3n <\/strong><\/span><\/p>\n<p><span style=\"font-size: 14pt; font-family: arial, helvetica, sans-serif;\">Se concluye la primera etapa para determinar precandidatos formales de las alianzas de partidos y registro de independientes. Confirmados por Morena, PT y Verde queda Claudia Sheinbaum, por el Frente Amplio, PAN, PRI, PRD designaron a X\u00f3chitl G\u00e1lvez, como candidatos independientes el ultraderechista Eduardo Verastegui, Ulises Ruiz ex gobernador de Oaxaca, Hugo Eric Flores l\u00edder del extinto Partido Encuentro Social y por la organizaci\u00f3n Tribu de la Vaca Morada, Roc\u00edo Gonz\u00e1lez y Mar\u00eda Edgar Mares. Solo falta el preciso del Movimiento Ciudadano y la definici\u00f3n de este lunes de Marcelo Ebrard, en receso de Morena e impedido como independiente.<\/span><\/p>\n<p><span style=\"font-size: 14pt; font-family: arial, helvetica, sans-serif;\">Ahora si se dar\u00e1n vuelo las encuestadoras no consideradas en el proceso interno de Morena, dentro de las que destacan Parametr\u00eda, Mitofsky y Comunicaci\u00f3n Estrat\u00e9gica, en conjunto con los diarios convencionales que siempre meten su cu\u00f1a: El Financiero, Universal y Reforma, m\u00e1s la chiquillada c\u00f3mplice y af\u00edn de cada partido, organismo empresarial y esos mecenas dadivosos interesados en inclinar balanzas para influir en las conciencias desinformadas.<\/span><\/p>\n<p><span style=\"font-size: 14pt; font-family: arial, helvetica, sans-serif;\">Estamos a poco menos de nueve meses, exactamente 266 d\u00edas del estrat\u00e9gico 2 de junio del 2024 para la definici\u00f3n final del pr\u00f3ximo presidente de la rep\u00fablica, nueve gobernadores, todo el congreso legislativo federal con sus c\u00e1maras de Diputados y Senadores, varias alcald\u00edas, sindicaturas y regidur\u00edas, congresos estatales y con ello determinar sin acarreos, compra de votos, pre\u00f1ado y robo de urnas y todas las linduras ya consideradas como delitos electorales, contemplados en el art\u00edculo 20 de la Ley General en la materia, avaladas en la Constituci\u00f3n y el C\u00f3digo Penal Federal.<\/span><\/p>\n<p><span style=\"font-size: 14pt; font-family: arial, helvetica, sans-serif;\">Despu\u00e9s de los fraudes de 1988 con Salinas de Gortari y 2006 con Calder\u00f3n, as\u00ed como el descarado proceso del 2012 que llovieron recursos p\u00fablicos, privados, medi\u00e1ticos y hasta religiosos.<\/span><\/p>\n<p><span style=\"font-size: 14pt; font-family: arial, helvetica, sans-serif;\">Hoy, ya con el despertar popular, los que gritaron \u201cBasta\u201d a tanta corrupci\u00f3n, inseguridad, saqueo de la naci\u00f3n y deterioro total a los servicios de salud, educaci\u00f3n y vivienda, en el 2018 se dise\u00f1\u00f3 un nuevo modelo de pa\u00eds, para transformar su aberrante modelo neoliberal y aplastante injusticia social. En este 2024 estar\u00e1n en juego dos modelos antag\u00f3nicos en lo econ\u00f3mico y en lo social. O se consolida lo logrado o se regresa a la devastaci\u00f3n total del pa\u00eds.<\/span><\/p>\n<p><span style=\"font-size: 14pt; font-family: arial, helvetica, sans-serif;\">Pero se mantiene una oligarqu\u00eda nacional y trasnacional la que penetra con infinitos recursos financieros, medi\u00e1ticos, con una mustia y enga\u00f1osa moralidad religiosa, \u00a0en los sectores clasemedieros y populares desideologizados y totalmente desinformados.<\/span><\/p>\n<p><span style=\"font-size: 14pt; font-family: arial, helvetica, sans-serif;\">La Revista CONTRALINEA, en su n\u00famero 866, presenta un reportaje muy completo acerca de los grandes capitales nacionales y extranjeros que operan en M\u00e9xico, que se han agrupado con el prop\u00f3sito principal de frenar y sacar de la jugada, con guerras sucias, noticias falsas, manipuleo medi\u00e1tico y sobre todo grandes sumas de capital para comprar conciencias de analistas, conductores de radio y TV, articulistas de los grandes\u00a0 medios nacionales, por ejercer un control total del manejo informativo a sus intereses; ya \u00a0que no solo buscan regresar a tener el control pol\u00edtico del pa\u00eds, sino al manejo de las conciencias clasemedieras y populares para asegurar no solo su preservaci\u00f3n, sino consolidar sus grandes capitales con evasi\u00f3n fiscal, privilegios en contratos en toda la infraestructura formal de la naci\u00f3n, para garantizar las decisiones estrat\u00e9gicas en las medidas puntuales del control, expansi\u00f3n, entrega y saqueo de los recursos nacionales energ\u00e9ticos, el\u00e9ctricos, mineros, agroalimentarios, pesqueros, forestales, inmobiliarios, todo lo que ata\u00f1e al crecimiento econ\u00f3mico, pol\u00edtico y social de M\u00e9xico.<\/span><\/p>\n<p><span style=\"font-size: 14pt; font-family: arial, helvetica, sans-serif;\">El reportaje exhibe, desenmascara, saca a la luz a las grandes personalidades de las principales empresas del pa\u00eds y del extranjero. Empresarios, consorcios empresariales, complejos energ\u00e9ticos, tur\u00edsticos, inmobiliarios, medi\u00e1ticos de todo tipo y tama\u00f1o. Mismos que han estado presentes desde 1982, en ganar elecciones por fraudes, en colusi\u00f3n con los poderes legislativo y judicial y sobre todo con el control medi\u00e1tico, religioso, cultural y educativo. Periodos donde surgieron con propaganda en cines, estaciones de radio y televisi\u00f3n y presentes en casi toda la prensa convencional.<\/span><\/p>\n<p><span style=\"font-size: 14pt; font-family: arial, helvetica, sans-serif;\">EU, trasnacionales y los m\u00e1s ricos de M\u00e9xico, detr\u00e1s del grupo de presi\u00f3n IMCO (Instituto Mexicano para la competitividad), dice as\u00ed la revista: \u201cEl Consejo Mexicano de Negocios \u2013integrado por trasnacionales como Femsa, Alfa, Lala, Mabe, MVS, Grupo Pisa, Vitro, Televisa, Grupo Carso, Chedraui, Grupo M\u00e9xico\u2013 es el principal financiador del grupo de presi\u00f3n IMCO. Ese aparato ideol\u00f3gico del sector empresarial tambi\u00e9n recibe dinero del gobierno estadunidense \u2013USAID, NED\u2013 y del ultracapitalista Atlas Network\u2026.Desde el comienzo del gobierno de L\u00f3pez Obrador, dicha asociaci\u00f3n civil ha descalificado las principales pol\u00edticas p\u00fablicas y obras de la 4T, lo que responde claramente a los intereses de su \u00f3rgano de gobierno, integrado por los empresarios Claudio Xavier Gonz\u00e1lez Laporte, Valent\u00edn Diez Morodo, Alejandro Ram\u00edrez Maga\u00f1a, Tom\u00e1s Roberto Gonz\u00e1lez Sada y Luis Manuel Murillo Pe\u00f1aloza; as\u00ed como el salinista Jaime Jos\u00e9 Serra Puche, y el director editorial del diario Reforma, Juan Ernesto Pardinas Carpizo. Adem\u00e1s, entre sus filas est\u00e1n Mar\u00eda Amparo Casar \u2013de mexicanos Contra la Corrupci\u00f3n y la Impunidad\u2013, Jos\u00e9 Luis Barraza Gonz\u00e1lez y Daniel Javier Servitje Montull (de Bimbo). Sus archivos contables revelan que entre 2019 y 2022, el Instituto Mexicano para la Competitividad manej\u00f3 180 millones de pesos para sus investigaciones de las pol\u00edticas p\u00fablicas\u201d. <a href=\"https:\/\/contralinea.com.mx\/historico\/contralinea-866\/\">https:\/\/contralinea.com.mx\/historico\/contralinea-866\/<\/a><\/span><\/p>\n<p><span style=\"font-size: 14pt; font-family: arial, helvetica, sans-serif;\">Desde su creaci\u00f3n, en 2003, el IMCO se ha dedicado a justificar el neoliberalismo. Y a partir de 2019, sus investigaciones y an\u00e1lisis se han centrado en descalificar las principales pol\u00edticas p\u00fablicas del gobierno del presidente Andr\u00e9s Manuel L\u00f3pez Obrador, en consonancia con los intereses que representa su \u00f3rgano de gobierno y sus principales mecenas donde, adem\u00e1s de multinacionales, figuran la USAID, la Ned y la ultracapitalista Atlas Network.<\/span><\/p>\n<p><span style=\"font-size: 14pt; font-family: arial, helvetica, sans-serif;\">Tambi\u00e9n los intelectuales org\u00e1nicos, como Enrique Krauze y H\u00e9ctor Aguilar Cam\u00edn recurrieron a profusas campa\u00f1as para frenar el arribo de L\u00f3pez Obrador: con falsas noticias, manipulaci\u00f3n en medios, rumores, chismes en redes sociales y sobre todo complicidad con autoridades electorales, acarreo de votantes, compra de votos, robo de urnas para evitar el arribo de un modelo de pa\u00eds competitivo en lo econ\u00f3mico y justo en lo social. Su campa\u00f1a \u201cEs un Peligro para M\u00e9xico\u201d hasta su exagerada difusi\u00f3n del Populismo versus comunismo en todos los medios con el financiamiento de estos grupos olig\u00e1rquicos, beneficiados siempre del control pol\u00edtico, econ\u00f3mico y social de M\u00e9xico.<\/span><\/p>\n<p><span style=\"font-size: 14pt; font-family: arial, helvetica, sans-serif;\">Lo que se viene, viene fuerte, bravo, violento\u2026o es todo o nada. Con ellos o contra el pueblo.\u00a0 Esa es la realidad.<\/span><\/p>\n<p>&nbsp;<\/p>\n","protected":false},"excerpt":{"rendered":"<p>ESCENARIOS Por Francisco Blanco Calder\u00f3n Se concluye la primera etapa para determinar precandidatos formales de las alianzas de partidos y [&hellip;]<\/p>\n","protected":false},"author":4,"featured_media":4384,"comment_status":"closed","ping_status":"closed","sticky":false,"template":"","format":"standard","meta":{"site-sidebar-layout":"default","site-content-layout":"","ast-site-content-layout":"default","site-content-style":"default","site-sidebar-style":"default","ast-global-header-display":"","ast-banner-title-visibility":"","ast-main-header-display":"","ast-hfb-above-header-display":"","ast-hfb-below-header-display":"","ast-hfb-mobile-header-display":"","site-post-title":"","ast-breadcrumbs-content":"","ast-featured-img":"","footer-sml-layout":"","ast-disable-related-posts":"","theme-transparent-header-meta":"","adv-header-id-meta":"","stick-header-meta":"","header-above-stick-meta":"","header-main-stick-meta":"","header-below-stick-meta":"","astra-migrate-meta-layouts":"default","ast-page-background-enabled":"default","ast-page-background-meta":{"desktop":{"background-color":"var(--ast-global-color-5)","background-image":"","background-repeat":"repeat","background-position":"center center","background-size":"auto","background-attachment":"scroll","background-type":"","background-media":"","overlay-type":"","overlay-color":"","overlay-opacity":"","overlay-gradient":""},"tablet":{"background-color":"","background-image":"","background-repeat":"repeat","background-position":"center center","background-size":"auto","background-attachment":"scroll","background-type":"","background-media":"","overlay-type":"","overlay-color":"","overlay-opacity":"","overlay-gradient":""},"mobile":{"background-color":"","background-image":"","background-repeat":"repeat","background-position":"center center","background-size":"auto","background-attachment":"scroll","background-type":"","background-media":"","overlay-type":"","overlay-color":"","overlay-opacity":"","overlay-gradient":""}},"ast-content-background-meta":{"desktop":{"background-color":"var(--ast-global-color-4)","background-image":"","background-repeat":"repeat","background-position":"center center","background-size":"auto","background-attachment":"scroll","background-type":"","background-media":"","overlay-type":"","overlay-color":"","overlay-opacity":"","overlay-gradient":""},"tablet":{"background-color":"var(--ast-global-color-4)","background-image":"","background-repeat":"repeat","background-position":"center center","background-size":"auto","background-attachment":"scroll","background-type":"","background-media":"","overlay-type":"","overlay-color":"","overlay-opacity":"","overlay-gradient":""},"mobile":{"background-color":"var(--ast-global-color-4)","background-image":"","background-repeat":"repeat","background-position":"center center","background-size":"auto","background-attachment":"scroll","background-type":"","background-media":"","overlay-type":"","overlay-color":"","overlay-opacity":"","overlay-gradient":""}},"_jetpack_newsletter_access":"","_jetpack_dont_email_post_to_subs":false,"_jetpack_newsletter_tier_id":0,"_jetpack_memberships_contains_paywalled_content":false,"_jetpack_feature_clip_id":0,"_jetpack_memberships_contains_paid_content":false,"footnotes":"","jetpack_publicize_message":"","jetpack_publicize_feature_enabled":true,"jetpack_social_post_already_shared":false,"jetpack_social_options":{"image_generator_settings":{"template":"highway","default_image_id":0,"font":"","enabled":false},"version":2},"jetpack_post_was_ever_published":false},"categories":[26],"tags":[],"class_list":["post-23751","post","type-post","status-publish","format-standard","has-post-thumbnail","hentry","category-columnistas"],"yoast_head":"<!-- This site is optimized with the Yoast SEO plugin v28.3 - https:\/\/yoast.com\/product\/yoast-seo-wordpress\/ -->\n<title>Los grandes intereses presentes contra M\u00e9xico (Parte cuatro) - Pol\u00edticos al Desnudo<\/title>\n<meta name=\"robots\" content=\"index, follow, max-snippet:-1, max-image-preview:large, max-video-preview:-1\" \/>\n<link rel=\"canonical\" href=\"https:\/\/politicosaldesnudo.com.mx\/index.php\/2023\/09\/11\/los-grandes-intereses-presentes-contra-mexico-parte-cuatro\/\" \/>\n<meta property=\"og:locale\" content=\"es_ES\" \/>\n<meta property=\"og:type\" content=\"article\" \/>\n<meta property=\"og:title\" content=\"Los grandes intereses presentes contra M\u00e9xico (Parte cuatro) - Pol\u00edticos al Desnudo\" \/>\n<meta property=\"og:description\" content=\"ESCENARIOS Por Francisco Blanco Calder\u00f3n Se concluye la primera etapa para determinar precandidatos formales de las alianzas de partidos y [&hellip;]\" \/>\n<meta property=\"og:url\" content=\"https:\/\/politicosaldesnudo.com.mx\/index.php\/2023\/09\/11\/los-grandes-intereses-presentes-contra-mexico-parte-cuatro\/\" \/>\n<meta property=\"og:site_name\" content=\"Pol\u00edticos al Desnudo\" \/>\n<meta property=\"article:publisher\" content=\"https:\/\/www.facebook.com\/PoliticosAD\" \/>\n<meta property=\"article:published_time\" content=\"2023-09-11T05:03:50+00:00\" \/>\n<meta property=\"og:image\" content=\"https:\/\/i0.wp.com\/politicosaldesnudo.com.mx\/wp-content\/uploads\/2022\/04\/FRANCISCO-BLANCO-CALDERO%CC%81N.png?fit=1816%2C1016&ssl=1\" \/>\n\t<meta property=\"og:image:width\" content=\"1816\" \/>\n\t<meta property=\"og:image:height\" content=\"1016\" \/>\n\t<meta property=\"og:image:type\" content=\"image\/png\" \/>\n<meta name=\"author\" content=\"Redacci\u00f3n Pol\u00edticos\" \/>\n<meta name=\"twitter:card\" content=\"summary_large_image\" \/>\n<meta name=\"twitter:label1\" content=\"Escrito por\" \/>\n\t<meta name=\"twitter:data1\" content=\"Redacci\u00f3n Pol\u00edticos\" \/>\n\t<meta name=\"twitter:label2\" content=\"Tiempo de lectura\" \/>\n\t<meta name=\"twitter:data2\" content=\"6 minutos\" \/>\n<script type=\"application\/ld+json\" class=\"yoast-schema-graph\">{\"@context\":\"https:\\\/\\\/schema.org\",\"@graph\":[{\"@type\":\"Article\",\"@id\":\"https:\\\/\\\/politicosaldesnudo.com.mx\\\/index.php\\\/2023\\\/09\\\/11\\\/los-grandes-intereses-presentes-contra-mexico-parte-cuatro\\\/#article\",\"isPartOf\":{\"@id\":\"https:\\\/\\\/politicosaldesnudo.com.mx\\\/index.php\\\/2023\\\/09\\\/11\\\/los-grandes-intereses-presentes-contra-mexico-parte-cuatro\\\/\"},\"author\":{\"name\":\"Redacci\u00f3n Pol\u00edticos\",\"@id\":\"https:\\\/\\\/politicosaldesnudo.com.mx\\\/#\\\/schema\\\/person\\\/ef3a64e561cc3f3f5dc52fab81adde7e\"},\"headline\":\"Los grandes intereses presentes contra M\u00e9xico (Parte cuatro)\",\"datePublished\":\"2023-09-11T05:03:50+00:00\",\"mainEntityOfPage\":{\"@id\":\"https:\\\/\\\/politicosaldesnudo.com.mx\\\/index.php\\\/2023\\\/09\\\/11\\\/los-grandes-intereses-presentes-contra-mexico-parte-cuatro\\\/\"},\"wordCount\":1172,\"publisher\":{\"@id\":\"https:\\\/\\\/politicosaldesnudo.com.mx\\\/#organization\"},\"image\":{\"@id\":\"https:\\\/\\\/politicosaldesnudo.com.mx\\\/index.php\\\/2023\\\/09\\\/11\\\/los-grandes-intereses-presentes-contra-mexico-parte-cuatro\\\/#primaryimage\"},\"thumbnailUrl\":\"https:\\\/\\\/i0.wp.com\\\/politicosaldesnudo.com.mx\\\/wp-content\\\/uploads\\\/2022\\\/04\\\/FRANCISCO-BLANCO-CALDERO%CC%81N.png?fit=1816%2C1016&ssl=1\",\"articleSection\":[\"OPINI\u00d3N\"],\"inLanguage\":\"es\"},{\"@type\":\"WebPage\",\"@id\":\"https:\\\/\\\/politicosaldesnudo.com.mx\\\/index.php\\\/2023\\\/09\\\/11\\\/los-grandes-intereses-presentes-contra-mexico-parte-cuatro\\\/\",\"url\":\"https:\\\/\\\/politicosaldesnudo.com.mx\\\/index.php\\\/2023\\\/09\\\/11\\\/los-grandes-intereses-presentes-contra-mexico-parte-cuatro\\\/\",\"name\":\"Los grandes intereses presentes contra M\u00e9xico (Parte cuatro) - Pol\u00edticos al Desnudo\",\"isPartOf\":{\"@id\":\"https:\\\/\\\/politicosaldesnudo.com.mx\\\/#website\"},\"primaryImageOfPage\":{\"@id\":\"https:\\\/\\\/politicosaldesnudo.com.mx\\\/index.php\\\/2023\\\/09\\\/11\\\/los-grandes-intereses-presentes-contra-mexico-parte-cuatro\\\/#primaryimage\"},\"image\":{\"@id\":\"https:\\\/\\\/politicosaldesnudo.com.mx\\\/index.php\\\/2023\\\/09\\\/11\\\/los-grandes-intereses-presentes-contra-mexico-parte-cuatro\\\/#primaryimage\"},\"thumbnailUrl\":\"https:\\\/\\\/i0.wp.com\\\/politicosaldesnudo.com.mx\\\/wp-content\\\/uploads\\\/2022\\\/04\\\/FRANCISCO-BLANCO-CALDERO%CC%81N.png?fit=1816%2C1016&ssl=1\",\"datePublished\":\"2023-09-11T05:03:50+00:00\",\"breadcrumb\":{\"@id\":\"https:\\\/\\\/politicosaldesnudo.com.mx\\\/index.php\\\/2023\\\/09\\\/11\\\/los-grandes-intereses-presentes-contra-mexico-parte-cuatro\\\/#breadcrumb\"},\"inLanguage\":\"es\",\"potentialAction\":[{\"@type\":\"ReadAction\",\"target\":[\"https:\\\/\\\/politicosaldesnudo.com.mx\\\/index.php\\\/2023\\\/09\\\/11\\\/los-grandes-intereses-presentes-contra-mexico-parte-cuatro\\\/\"]}]},{\"@type\":\"ImageObject\",\"inLanguage\":\"es\",\"@id\":\"https:\\\/\\\/politicosaldesnudo.com.mx\\\/index.php\\\/2023\\\/09\\\/11\\\/los-grandes-intereses-presentes-contra-mexico-parte-cuatro\\\/#primaryimage\",\"url\":\"https:\\\/\\\/i0.wp.com\\\/politicosaldesnudo.com.mx\\\/wp-content\\\/uploads\\\/2022\\\/04\\\/FRANCISCO-BLANCO-CALDERO%CC%81N.png?fit=1816%2C1016&ssl=1\",\"contentUrl\":\"https:\\\/\\\/i0.wp.com\\\/politicosaldesnudo.com.mx\\\/wp-content\\\/uploads\\\/2022\\\/04\\\/FRANCISCO-BLANCO-CALDERO%CC%81N.png?fit=1816%2C1016&ssl=1\",\"width\":1816,\"height\":1016},{\"@type\":\"BreadcrumbList\",\"@id\":\"https:\\\/\\\/politicosaldesnudo.com.mx\\\/index.php\\\/2023\\\/09\\\/11\\\/los-grandes-intereses-presentes-contra-mexico-parte-cuatro\\\/#breadcrumb\",\"itemListElement\":[{\"@type\":\"ListItem\",\"position\":1,\"name\":\"Portada\",\"item\":\"https:\\\/\\\/politicosaldesnudo.com.mx\\\/\"},{\"@type\":\"ListItem\",\"position\":2,\"name\":\"Los grandes intereses presentes contra M\u00e9xico (Parte cuatro)\"}]},{\"@type\":\"WebSite\",\"@id\":\"https:\\\/\\\/politicosaldesnudo.com.mx\\\/#website\",\"url\":\"https:\\\/\\\/politicosaldesnudo.com.mx\\\/\",\"name\":\"Pol\u00edticos al Desnudo\",\"description\":\"\",\"publisher\":{\"@id\":\"https:\\\/\\\/politicosaldesnudo.com.mx\\\/#organization\"},\"potentialAction\":[{\"@type\":\"SearchAction\",\"target\":{\"@type\":\"EntryPoint\",\"urlTemplate\":\"https:\\\/\\\/politicosaldesnudo.com.mx\\\/?s={search_term_string}\"},\"query-input\":{\"@type\":\"PropertyValueSpecification\",\"valueRequired\":true,\"valueName\":\"search_term_string\"}}],\"inLanguage\":\"es\"},{\"@type\":\"Organization\",\"@id\":\"https:\\\/\\\/politicosaldesnudo.com.mx\\\/#organization\",\"name\":\"Pol\u00edticos al Desnudo\",\"url\":\"https:\\\/\\\/politicosaldesnudo.com.mx\\\/\",\"logo\":{\"@type\":\"ImageObject\",\"inLanguage\":\"es\",\"@id\":\"https:\\\/\\\/politicosaldesnudo.com.mx\\\/#\\\/schema\\\/logo\\\/image\\\/\",\"url\":\"https:\\\/\\\/i0.wp.com\\\/politicosaldesnudo.com.mx\\\/wp-content\\\/uploads\\\/2026\\\/08\\\/cropped-logo.webp?fit=400%2C126&ssl=1\",\"contentUrl\":\"https:\\\/\\\/i0.wp.com\\\/politicosaldesnudo.com.mx\\\/wp-content\\\/uploads\\\/2026\\\/08\\\/cropped-logo.webp?fit=400%2C126&ssl=1\",\"width\":400,\"height\":126,\"caption\":\"Pol\u00edticos al Desnudo\"},\"image\":{\"@id\":\"https:\\\/\\\/politicosaldesnudo.com.mx\\\/#\\\/schema\\\/logo\\\/image\\\/\"},\"sameAs\":[\"https:\\\/\\\/www.facebook.com\\\/PoliticosAD\"]},{\"@type\":\"Person\",\"@id\":\"https:\\\/\\\/politicosaldesnudo.com.mx\\\/#\\\/schema\\\/person\\\/ef3a64e561cc3f3f5dc52fab81adde7e\",\"name\":\"Redacci\u00f3n Pol\u00edticos\",\"url\":\"https:\\\/\\\/politicosaldesnudo.com.mx\\\/index.php\\\/author\\\/redaccion-politicos\\\/\"}]}<\/script>\n<!-- \/ Yoast SEO plugin. -->","yoast_head_json":{"title":"Los grandes intereses presentes contra M\u00e9xico (Parte cuatro) - Pol\u00edticos al Desnudo","robots":{"index":"index","follow":"follow","max-snippet":"max-snippet:-1","max-image-preview":"max-image-preview:large","max-video-preview":"max-video-preview:-1"},"canonical":"https:\/\/politicosaldesnudo.com.mx\/index.php\/2023\/09\/11\/los-grandes-intereses-presentes-contra-mexico-parte-cuatro\/","og_locale":"es_ES","og_type":"article","og_title":"Los grandes intereses presentes contra M\u00e9xico (Parte cuatro) - Pol\u00edticos al Desnudo","og_description":"ESCENARIOS Por Francisco Blanco Calder\u00f3n Se concluye la primera etapa para determinar precandidatos formales de las alianzas de partidos y [&hellip;]","og_url":"https:\/\/politicosaldesnudo.com.mx\/index.php\/2023\/09\/11\/los-grandes-intereses-presentes-contra-mexico-parte-cuatro\/","og_site_name":"Pol\u00edticos al Desnudo","article_publisher":"https:\/\/www.facebook.com\/PoliticosAD","article_published_time":"2023-09-11T05:03:50+00:00","og_image":[{"width":1816,"height":1016,"url":"https:\/\/i0.wp.com\/politicosaldesnudo.com.mx\/wp-content\/uploads\/2022\/04\/FRANCISCO-BLANCO-CALDERO%CC%81N.png?fit=1816%2C1016&ssl=1","type":"image\/png"}],"author":"Redacci\u00f3n Pol\u00edticos","twitter_card":"summary_large_image","twitter_misc":{"Escrito por":"Redacci\u00f3n Pol\u00edticos","Tiempo de lectura":"6 minutos"},"schema":{"@context":"https:\/\/schema.org","@graph":[{"@type":"Article","@id":"https:\/\/politicosaldesnudo.com.mx\/index.php\/2023\/09\/11\/los-grandes-intereses-presentes-contra-mexico-parte-cuatro\/#article","isPartOf":{"@id":"https:\/\/politicosaldesnudo.com.mx\/index.php\/2023\/09\/11\/los-grandes-intereses-presentes-contra-mexico-parte-cuatro\/"},"author":{"name":"Redacci\u00f3n Pol\u00edticos","@id":"https:\/\/politicosaldesnudo.com.mx\/#\/schema\/person\/ef3a64e561cc3f3f5dc52fab81adde7e"},"headline":"Los grandes intereses presentes contra M\u00e9xico (Parte cuatro)","datePublished":"2023-09-11T05:03:50+00:00","mainEntityOfPage":{"@id":"https:\/\/politicosaldesnudo.com.mx\/index.php\/2023\/09\/11\/los-grandes-intereses-presentes-contra-mexico-parte-cuatro\/"},"wordCount":1172,"publisher":{"@id":"https:\/\/politicosaldesnudo.com.mx\/#organization"},"image":{"@id":"https:\/\/politicosaldesnudo.com.mx\/index.php\/2023\/09\/11\/los-grandes-intereses-presentes-contra-mexico-parte-cuatro\/#primaryimage"},"thumbnailUrl":"https:\/\/i0.wp.com\/politicosaldesnudo.com.mx\/wp-content\/uploads\/2022\/04\/FRANCISCO-BLANCO-CALDERO%CC%81N.png?fit=1816%2C1016&ssl=1","articleSection":["OPINI\u00d3N"],"inLanguage":"es"},{"@type":"WebPage","@id":"https:\/\/politicosaldesnudo.com.mx\/index.php\/2023\/09\/11\/los-grandes-intereses-presentes-contra-mexico-parte-cuatro\/","url":"https:\/\/politicosaldesnudo.com.mx\/index.php\/2023\/09\/11\/los-grandes-intereses-presentes-contra-mexico-parte-cuatro\/","name":"Los grandes intereses presentes contra M\u00e9xico (Parte cuatro) - Pol\u00edticos al Desnudo","isPartOf":{"@id":"https:\/\/politicosaldesnudo.com.mx\/#website"},"primaryImageOfPage":{"@id":"https:\/\/politicosaldesnudo.com.mx\/index.php\/2023\/09\/11\/los-grandes-intereses-presentes-contra-mexico-parte-cuatro\/#primaryimage"},"image":{"@id":"https:\/\/politicosaldesnudo.com.mx\/index.php\/2023\/09\/11\/los-grandes-intereses-presentes-contra-mexico-parte-cuatro\/#primaryimage"},"thumbnailUrl":"https:\/\/i0.wp.com\/politicosaldesnudo.com.mx\/wp-content\/uploads\/2022\/04\/FRANCISCO-BLANCO-CALDERO%CC%81N.png?fit=1816%2C1016&ssl=1","datePublished":"2023-09-11T05:03:50+00:00","breadcrumb":{"@id":"https:\/\/politicosaldesnudo.com.mx\/index.php\/2023\/09\/11\/los-grandes-intereses-presentes-contra-mexico-parte-cuatro\/#breadcrumb"},"inLanguage":"es","potentialAction":[{"@type":"ReadAction","target":["https:\/\/politicosaldesnudo.com.mx\/index.php\/2023\/09\/11\/los-grandes-intereses-presentes-contra-mexico-parte-cuatro\/"]}]},{"@type":"ImageObject","inLanguage":"es","@id":"https:\/\/politicosaldesnudo.com.mx\/index.php\/2023\/09\/11\/los-grandes-intereses-presentes-contra-mexico-parte-cuatro\/#primaryimage","url":"https:\/\/i0.wp.com\/politicosaldesnudo.com.mx\/wp-content\/uploads\/2022\/04\/FRANCISCO-BLANCO-CALDERO%CC%81N.png?fit=1816%2C1016&ssl=1","contentUrl":"https:\/\/i0.wp.com\/politicosaldesnudo.com.mx\/wp-content\/uploads\/2022\/04\/FRANCISCO-BLANCO-CALDERO%CC%81N.png?fit=1816%2C1016&ssl=1","width":1816,"height":1016},{"@type":"BreadcrumbList","@id":"https:\/\/politicosaldesnudo.com.mx\/index.php\/2023\/09\/11\/los-grandes-intereses-presentes-contra-mexico-parte-cuatro\/#breadcrumb","itemListElement":[{"@type":"ListItem","position":1,"name":"Portada","item":"https:\/\/politicosaldesnudo.com.mx\/"},{"@type":"ListItem","position":2,"name":"Los grandes intereses presentes contra M\u00e9xico (Parte cuatro)"}]},{"@type":"WebSite","@id":"https:\/\/politicosaldesnudo.com.mx\/#website","url":"https:\/\/politicosaldesnudo.com.mx\/","name":"Pol\u00edticos al Desnudo","description":"","publisher":{"@id":"https:\/\/politicosaldesnudo.com.mx\/#organization"},"potentialAction":[{"@type":"SearchAction","target":{"@type":"EntryPoint","urlTemplate":"https:\/\/politicosaldesnudo.com.mx\/?s={search_term_string}"},"query-input":{"@type":"PropertyValueSpecification","valueRequired":true,"valueName":"search_term_string"}}],"inLanguage":"es"},{"@type":"Organization","@id":"https:\/\/politicosaldesnudo.com.mx\/#organization","name":"Pol\u00edticos al Desnudo","url":"https:\/\/politicosaldesnudo.com.mx\/","logo":{"@type":"ImageObject","inLanguage":"es","@id":"https:\/\/politicosaldesnudo.com.mx\/#\/schema\/logo\/image\/","url":"https:\/\/i0.wp.com\/politicosaldesnudo.com.mx\/wp-content\/uploads\/2026\/08\/cropped-logo.webp?fit=400%2C126&ssl=1","contentUrl":"https:\/\/i0.wp.com\/politicosaldesnudo.com.mx\/wp-content\/uploads\/2026\/08\/cropped-logo.webp?fit=400%2C126&ssl=1","width":400,"height":126,"caption":"Pol\u00edticos al Desnudo"},"image":{"@id":"https:\/\/politicosaldesnudo.com.mx\/#\/schema\/logo\/image\/"},"sameAs":["https:\/\/www.facebook.com\/PoliticosAD"]},{"@type":"Person","@id":"https:\/\/politicosaldesnudo.com.mx\/#\/schema\/person\/ef3a64e561cc3f3f5dc52fab81adde7e","name":"Redacci\u00f3n Pol\u00edticos","url":"https:\/\/politicosaldesnudo.com.mx\/index.php\/author\/redaccion-politicos\/"}]}},"jetpack_publicize_connections":[],"jetpack-related-posts":[{"id":88074,"url":"https:\/\/politicosaldesnudo.com.mx\/index.php\/2026\/08\/26\/presionado-por-acusaciones-enrique-inzunza-deja-la-bancada-de-morena-pero-no-el-senado\/","url_meta":{"origin":23751,"position":0},"title":"Presionado por acusaciones, Enrique Inzunza deja la bancada de Morena, pero no el Senado","author":"Redacci\u00f3n Pol\u00edticos","date":"26 de agosto de 2026","format":false,"excerpt":"El senador Enrique Inzunza anunci\u00f3 su salida del grupo parlamentario de Morena y continuar\u00e1 sus funciones como legislador independiente, en medio de los se\u00f1alamientos que lo relacionan presuntamente con la facci\u00f3n de Los Chapitos. La decisi\u00f3n fue comunicada mediante una carta enviada a Ignacio Mier, coordinador de la bancada morenista\u2026","rel":"","context":"En \u00abNACIONAL\u00bb","block_context":{"text":"NACIONAL","link":"https:\/\/politicosaldesnudo.com.mx\/index.php\/category\/nacional\/"},"img":{"alt_text":"","src":"https:\/\/i0.wp.com\/politicosaldesnudo.com.mx\/wp-content\/uploads\/2026\/08\/inzunza-1.png?fit=1200%2C675&ssl=1&resize=350%2C200","width":350,"height":200,"srcset":"https:\/\/i0.wp.com\/politicosaldesnudo.com.mx\/wp-content\/uploads\/2026\/08\/inzunza-1.png?fit=1200%2C675&ssl=1&resize=350%2C200 1x, https:\/\/i0.wp.com\/politicosaldesnudo.com.mx\/wp-content\/uploads\/2026\/08\/inzunza-1.png?fit=1200%2C675&ssl=1&resize=525%2C300 1.5x, https:\/\/i0.wp.com\/politicosaldesnudo.com.mx\/wp-content\/uploads\/2026\/08\/inzunza-1.png?fit=1200%2C675&ssl=1&resize=700%2C400 2x, https:\/\/i0.wp.com\/politicosaldesnudo.com.mx\/wp-content\/uploads\/2026\/08\/inzunza-1.png?fit=1200%2C675&ssl=1&resize=1050%2C600 3x"},"classes":[]},{"id":87577,"url":"https:\/\/politicosaldesnudo.com.mx\/index.php\/2026\/08\/08\/por-burlarse-de-los-viejitos-morena-suspende-derechos-partidistas-a-nay-salvatori-y-grace-palomares\/","url_meta":{"origin":23751,"position":1},"title":"Por burlarse de los \u2018viejitos\u2019, Morena suspende derechos partidistas a Nay Salvatori y Grace Palomares","author":"Redacci\u00f3n Pol\u00edticos","date":"8 de agosto de 2026","format":false,"excerpt":"El partido suspendi\u00f3 los derechos partidistas de las diputadas, como medida cautelar tras los comentarios realizados en su podcast; la sanci\u00f3n no afecta sus cargos en el Congreso de Puebla. Las diputadas poblanas de Morena, Nayeli Salvatori Bojalil y Elvia Graciela \u201cGrace\u201d Palomares Ram\u00edrez, fueron suspendidas de sus derechos partidistas\u2026","rel":"","context":"En \u00abNACIONAL\u00bb","block_context":{"text":"NACIONAL","link":"https:\/\/politicosaldesnudo.com.mx\/index.php\/category\/nacional\/"},"img":{"alt_text":"","src":"https:\/\/i0.wp.com\/politicosaldesnudo.com.mx\/wp-content\/uploads\/2026\/08\/ChatGPT-Image-8-ago-2026-17_07_07.png?fit=1200%2C660&ssl=1&resize=350%2C200","width":350,"height":200,"srcset":"https:\/\/i0.wp.com\/politicosaldesnudo.com.mx\/wp-content\/uploads\/2026\/08\/ChatGPT-Image-8-ago-2026-17_07_07.png?fit=1200%2C660&ssl=1&resize=350%2C200 1x, https:\/\/i0.wp.com\/politicosaldesnudo.com.mx\/wp-content\/uploads\/2026\/08\/ChatGPT-Image-8-ago-2026-17_07_07.png?fit=1200%2C660&ssl=1&resize=525%2C300 1.5x, https:\/\/i0.wp.com\/politicosaldesnudo.com.mx\/wp-content\/uploads\/2026\/08\/ChatGPT-Image-8-ago-2026-17_07_07.png?fit=1200%2C660&ssl=1&resize=700%2C400 2x, https:\/\/i0.wp.com\/politicosaldesnudo.com.mx\/wp-content\/uploads\/2026\/08\/ChatGPT-Image-8-ago-2026-17_07_07.png?fit=1200%2C660&ssl=1&resize=1050%2C600 3x"},"classes":[]},{"id":87734,"url":"https:\/\/politicosaldesnudo.com.mx\/index.php\/2026\/08\/14\/entre-el-desafuero-y-los-golpes-la-politica-vuelve-a-calentarse\/","url_meta":{"origin":23751,"position":2},"title":"Entre el desafuero y los golpes, la pol\u00edtica vuelve a calentarse","author":"Redacci\u00f3n Pol\u00edticos","date":"14 de agosto de 2026","format":false,"excerpt":"ALMA GRANDE POR \u00c1NGEL \u00c1LVARO PE\u00d1A La disputa por el fuero de Alejandro Moreno C\u00e1rdenas, dirigente nacional del PRI, volvi\u00f3 a elevar el tono entre legisladores de Morena y el tricolor. Esta vez, el intercambio pol\u00edtico termin\u00f3 en un enfrentamiento f\u00edsico que estuvo cerca de llegar a los golpes. El\u2026","rel":"","context":"En \u00abOPINI\u00d3N\u00bb","block_context":{"text":"OPINI\u00d3N","link":"https:\/\/politicosaldesnudo.com.mx\/index.php\/category\/columnistas\/"},"img":{"alt_text":"","src":"https:\/\/i0.wp.com\/politicosaldesnudo.com.mx\/wp-content\/uploads\/2026\/08\/alma-grande-140826.png?fit=1200%2C659&ssl=1&resize=350%2C200","width":350,"height":200,"srcset":"https:\/\/i0.wp.com\/politicosaldesnudo.com.mx\/wp-content\/uploads\/2026\/08\/alma-grande-140826.png?fit=1200%2C659&ssl=1&resize=350%2C200 1x, https:\/\/i0.wp.com\/politicosaldesnudo.com.mx\/wp-content\/uploads\/2026\/08\/alma-grande-140826.png?fit=1200%2C659&ssl=1&resize=525%2C300 1.5x, https:\/\/i0.wp.com\/politicosaldesnudo.com.mx\/wp-content\/uploads\/2026\/08\/alma-grande-140826.png?fit=1200%2C659&ssl=1&resize=700%2C400 2x, https:\/\/i0.wp.com\/politicosaldesnudo.com.mx\/wp-content\/uploads\/2026\/08\/alma-grande-140826.png?fit=1200%2C659&ssl=1&resize=1050%2C600 3x"},"classes":[]},{"id":88013,"url":"https:\/\/politicosaldesnudo.com.mx\/index.php\/2026\/08\/24\/la-batalla-por-xalapa\/","url_meta":{"origin":23751,"position":3},"title":"La batalla por Xalapa","author":"Redacci\u00f3n Pol\u00edticos","date":"24 de agosto de 2026","format":false,"excerpt":"Astrolabio Pol\u00edtico Por: Luis Ram\u00edrez Baqueiro \u201cBuscando el bien de nuestros semejantes, encontramos el nuestro\u201d. \u2013 Plat\u00f3n. La disputa por las diputaciones locales y federales de Xalapa comenz\u00f3 mucho antes del calendario electoral. En Morena proliferan recorridos, reuniones, fotograf\u00edas y estrategias de posicionamiento, pero todav\u00eda no aparece con claridad el\u2026","rel":"","context":"En \u00abOPINI\u00d3N\u00bb","block_context":{"text":"OPINI\u00d3N","link":"https:\/\/politicosaldesnudo.com.mx\/index.php\/category\/columnistas\/"},"img":{"alt_text":"","src":"https:\/\/i0.wp.com\/politicosaldesnudo.com.mx\/wp-content\/uploads\/2026\/08\/baq-2408-scaled.png?fit=1200%2C659&ssl=1&resize=350%2C200","width":350,"height":200,"srcset":"https:\/\/i0.wp.com\/politicosaldesnudo.com.mx\/wp-content\/uploads\/2026\/08\/baq-2408-scaled.png?fit=1200%2C659&ssl=1&resize=350%2C200 1x, https:\/\/i0.wp.com\/politicosaldesnudo.com.mx\/wp-content\/uploads\/2026\/08\/baq-2408-scaled.png?fit=1200%2C659&ssl=1&resize=525%2C300 1.5x, https:\/\/i0.wp.com\/politicosaldesnudo.com.mx\/wp-content\/uploads\/2026\/08\/baq-2408-scaled.png?fit=1200%2C659&ssl=1&resize=700%2C400 2x, https:\/\/i0.wp.com\/politicosaldesnudo.com.mx\/wp-content\/uploads\/2026\/08\/baq-2408-scaled.png?fit=1200%2C659&ssl=1&resize=1050%2C600 3x"},"classes":[]},{"id":88247,"url":"https:\/\/politicosaldesnudo.com.mx\/index.php\/2026\/08\/31\/pepe-yunes-frena-rumores-de-ruptura-con-el-pri-y-se-ofrece-para-unir-a-la-oposicion-en-veracruz\/","url_meta":{"origin":23751,"position":4},"title":"Pepe Yunes frena rumores de ruptura con el PRI y se ofrece para unir a la oposici\u00f3n en Veracruz","author":"Redacci\u00f3n Pol\u00edticos","date":"31 de agosto de 2026","format":false,"excerpt":"Su aparici\u00f3n en un encuentro de Movimiento Ciudadano aliment\u00f3 las versiones sobre un posible cambio de partido. El excandidato a gobernador asegur\u00f3 que seguir\u00e1 en el tricolor, pero buscar\u00e1 construir un bloque amplio contra Morena rumbo a 2027. Xalapa, Ver.\u2014 Jos\u00e9 Francisco Yunes Zorrilla puso freno a las especulaciones sobre\u2026","rel":"","context":"En \u00abESTADOS\u00bb","block_context":{"text":"ESTADOS","link":"https:\/\/politicosaldesnudo.com.mx\/index.php\/category\/estados\/"},"img":{"alt_text":"","src":"https:\/\/i0.wp.com\/politicosaldesnudo.com.mx\/wp-content\/uploads\/2026\/08\/pepe-scaled.jpg?fit=1200%2C800&ssl=1&resize=350%2C200","width":350,"height":200,"srcset":"https:\/\/i0.wp.com\/politicosaldesnudo.com.mx\/wp-content\/uploads\/2026\/08\/pepe-scaled.jpg?fit=1200%2C800&ssl=1&resize=350%2C200 1x, https:\/\/i0.wp.com\/politicosaldesnudo.com.mx\/wp-content\/uploads\/2026\/08\/pepe-scaled.jpg?fit=1200%2C800&ssl=1&resize=525%2C300 1.5x, https:\/\/i0.wp.com\/politicosaldesnudo.com.mx\/wp-content\/uploads\/2026\/08\/pepe-scaled.jpg?fit=1200%2C800&ssl=1&resize=700%2C400 2x, https:\/\/i0.wp.com\/politicosaldesnudo.com.mx\/wp-content\/uploads\/2026\/08\/pepe-scaled.jpg?fit=1200%2C800&ssl=1&resize=1050%2C600 3x"},"classes":[]},{"id":88217,"url":"https:\/\/politicosaldesnudo.com.mx\/index.php\/2026\/08\/31\/morena-aprieta-filas-en-veracruz\/","url_meta":{"origin":23751,"position":5},"title":"Morena aprieta filas en Veracruz","author":"Redacci\u00f3n Pol\u00edticos","date":"31 de agosto de 2026","format":false,"excerpt":"ALMA GRANDE Por \u00c1ngel \u00c1lvaro Pe\u00f1a La pol\u00edtica veracruzana empieza a calentarse en las estructuras de Morena. Una asamblea de Comit\u00e9s de Organizaci\u00f3n Territorial y presidentes seccionales dej\u00f3 ver que el movimiento ya est\u00e1 preparando m\u00fasculo pol\u00edtico para los siguientes escenarios, con una instrucci\u00f3n clara: territorio, unidad y presencia permanente\u2026","rel":"","context":"En \u00abOPINI\u00d3N\u00bb","block_context":{"text":"OPINI\u00d3N","link":"https:\/\/politicosaldesnudo.com.mx\/index.php\/category\/columnistas\/"},"img":{"alt_text":"","src":"https:\/\/i0.wp.com\/politicosaldesnudo.com.mx\/wp-content\/uploads\/2026\/08\/ALMA-3108.png?fit=1200%2C658&ssl=1&resize=350%2C200","width":350,"height":200,"srcset":"https:\/\/i0.wp.com\/politicosaldesnudo.com.mx\/wp-content\/uploads\/2026\/08\/ALMA-3108.png?fit=1200%2C658&ssl=1&resize=350%2C200 1x, https:\/\/i0.wp.com\/politicosaldesnudo.com.mx\/wp-content\/uploads\/2026\/08\/ALMA-3108.png?fit=1200%2C658&ssl=1&resize=525%2C300 1.5x, https:\/\/i0.wp.com\/politicosaldesnudo.com.mx\/wp-content\/uploads\/2026\/08\/ALMA-3108.png?fit=1200%2C658&ssl=1&resize=700%2C400 2x, https:\/\/i0.wp.com\/politicosaldesnudo.com.mx\/wp-content\/uploads\/2026\/08\/ALMA-3108.png?fit=1200%2C658&ssl=1&resize=1050%2C600 3x"},"classes":[]}],"jetpack_sharing_enabled":true,"jetpack_featured_media_url":"https:\/\/i0.wp.com\/politicosaldesnudo.com.mx\/wp-content\/uploads\/2022\/04\/FRANCISCO-BLANCO-CALDERO%CC%81N.png?fit=1816%2C1016&ssl=1","_links":{"self":[{"href":"https:\/\/politicosaldesnudo.com.mx\/index.php\/wp-json\/wp\/v2\/posts\/23751","targetHints":{"allow":["GET"]}}],"collection":[{"href":"https:\/\/politicosaldesnudo.com.mx\/index.php\/wp-json\/wp\/v2\/posts"}],"about":[{"href":"https:\/\/politicosaldesnudo.com.mx\/index.php\/wp-json\/wp\/v2\/types\/post"}],"author":[{"embeddable":true,"href":"https:\/\/politicosaldesnudo.com.mx\/index.php\/wp-json\/wp\/v2\/users\/4"}],"replies":[{"embeddable":true,"href":"https:\/\/politicosaldesnudo.com.mx\/index.php\/wp-json\/wp\/v2\/comments?post=23751"}],"version-history":[{"count":0,"href":"https:\/\/politicosaldesnudo.com.mx\/index.php\/wp-json\/wp\/v2\/posts\/23751\/revisions"}],"wp:featuredmedia":[{"embeddable":true,"href":"https:\/\/politicosaldesnudo.com.mx\/index.php\/wp-json\/wp\/v2\/media\/4384"}],"wp:attachment":[{"href":"https:\/\/politicosaldesnudo.com.mx\/index.php\/wp-json\/wp\/v2\/media?parent=23751"}],"wp:term":[{"taxonomy":"category","embeddable":true,"href":"https:\/\/politicosaldesnudo.com.mx\/index.php\/wp-json\/wp\/v2\/categories?post=23751"},{"taxonomy":"post_tag","embeddable":true,"href":"https:\/\/politicosaldesnudo.com.mx\/index.php\/wp-json\/wp\/v2\/tags?post=23751"}],"curies":[{"name":"wp","href":"https:\/\/api.w.org\/{rel}","templated":true}]}}