{"id":23793,"date":"2023-09-12T13:05:52","date_gmt":"2023-09-12T18:05:52","guid":{"rendered":"https:\/\/politicosaldesnudo.com.mx\/?p=23793"},"modified":"2023-09-12T13:05:52","modified_gmt":"2023-09-12T18:05:52","slug":"la-candidatura-de-morena-para-veracruz","status":"publish","type":"post","link":"https:\/\/politicosaldesnudo.com.mx\/index.php\/2023\/09\/12\/la-candidatura-de-morena-para-veracruz\/","title":{"rendered":"La candidatura de Morena para Veracruz"},"content":{"rendered":"<ul>\n<li style=\"font-weight: 400;\"><strong><span style=\"font-family: arial, helvetica, sans-serif; font-size: 14pt; color: #000000;\">Luego de la presidencia de la Rep\u00fablica siguen las gubernaturas<\/span><\/strong><\/li>\n<li style=\"font-weight: 400;\"><strong><span style=\"font-family: arial, helvetica, sans-serif; font-size: 14pt; color: #000000;\">Dice Claudia Sheinbaum que tambi\u00e9n ser\u00e1n por encuestas<\/span><\/strong><\/li>\n<li style=\"font-weight: 400;\"><strong><span style=\"font-family: arial, helvetica, sans-serif; font-size: 14pt; color: #000000;\">El sistema de \u201cponderaci\u00f3n\u201d conteo de votos<\/span><\/strong><\/li>\n<\/ul>\n<p style=\"font-weight: 400;\"><strong><span style=\"font-family: arial, helvetica, sans-serif; font-size: 14pt; color: #000000;\">Por Miguel \u00c1ngel Cristiani G.<\/span><\/strong><\/p>\n<p style=\"font-weight: 400;\"><span style=\"font-family: arial, helvetica, sans-serif; font-size: 14pt; color: #000000;\">Una vez que qued\u00f3 definida la candidatura de Claudia Sheinbaum como la Coordinadora Nacional de Defensa de la Transformaci\u00f3n y seguramente tambi\u00e9n la candidata presidencial de MORENA, lo que sigue es la designaci\u00f3n de las nueve gubernaturas -entre ellas la de Veracruz- que se estar\u00e1n disputando en las elecciones del a\u00f1o entrante.<\/span><\/p>\n<p style=\"font-weight: 400;\"><span style=\"font-family: arial, helvetica, sans-serif; font-size: 14pt; color: #000000;\">En orden de importancia es la Ciudad de M\u00e9xico la que le habr\u00e1 de seguir, aunque ya se considera tambi\u00e9n como un hecho de que el candidato ser\u00e1 el ex secretario de Seguridad P\u00fablica Omar Garc\u00eda Harfuch que ya renunci\u00f3 al puesto para poder ser el abanderado de Morena.<\/span><\/p>\n<p style=\"font-weight: 400;\"><span style=\"font-family: arial, helvetica, sans-serif; font-size: 14pt; color: #000000;\">Omar Garc\u00eda Harfuch obviamente es de los pol\u00edticos cercanos a Claudia Sheinbaum.<\/span><\/p>\n<p style=\"font-weight: 400;\"><span style=\"font-family: arial, helvetica, sans-serif; font-size: 14pt; color: #000000;\">La propia Claudia Sheinbaum declar\u00f3 ya en una entrevista en un noticiero de cadena nacional, que en la selecci\u00f3n de los candidatos a las gubernaturas se va a seguir el mismo sistema de encuestas para sacar a los abanderados de Morena.<\/span><\/p>\n<p style=\"font-weight: 400;\"><span style=\"font-family: arial, helvetica, sans-serif; font-size: 14pt; color: #000000;\">Aunque no aclar\u00f3 si se va a seguir tambi\u00e9n con el sistema de \u201cponderaci\u00f3n\u201d de los votos, en la que seg\u00fan la secretaria general de Morena, la senadora Citlalli Hern\u00e1ndez explic\u00f3 por su parte que los votos en la encuesta para elegir a Claudia Sheinbaum no val\u00edan igual, es decir que seg\u00fan donde y quien votara era el valor que ten\u00eda, y puso por ejemplo que un joven en la sierra de Guerrero contaba el doble mientras que una mujer empresaria en Las Lomas de Chapultepec uno solo.<\/span><\/p>\n<p style=\"font-weight: 400;\"><span style=\"font-family: arial, helvetica, sans-serif; font-size: 14pt; color: #000000;\">Como es natural, despu\u00e9s de esa \u201caclaraci\u00f3n\u201d los simpatizantes de Marcelo Ebrard reclamaron de inmediato esa diferenciaci\u00f3n para \u201cequilibrar las votaciones\u201d.<\/span><\/p>\n<p style=\"font-weight: 400;\"><span style=\"font-family: arial, helvetica, sans-serif; font-size: 14pt; color: #000000;\">Como ya es bien sabido, ac\u00e1 en el terru\u00f1o veracruzano, ya son varios los que aspiran y suspiran por lograr la anhelada candidatura.<\/span><\/p>\n<p style=\"font-weight: 400;\"><span style=\"font-family: arial, helvetica, sans-serif; font-size: 14pt; color: #000000;\">Cada uno con su particular visi\u00f3n de la publicidad y promoci\u00f3n de su persona, para que sean conocidos a la hora de levantar las famosas encuestas.<\/span><\/p>\n<p style=\"font-weight: 400;\"><span style=\"font-family: arial, helvetica, sans-serif; font-size: 14pt; color: #000000;\">Aunque aqu\u00ed como all\u00e1, seguramente que luego de los destapes oficiales de las corcholatas jarochas, se firmar\u00e1 un acuerdo de civilidad pol\u00edtica y de no atacarse entre los participantes.<\/span><\/p>\n<p style=\"font-weight: 400;\"><span style=\"font-family: arial, helvetica, sans-serif; font-size: 14pt; color: #000000;\">Aunque cuando se conozcan los resultados de la encuesta -igual que ya ocurri\u00f3 en la presidencial- habr\u00e1 quienes denuncien inconformidades en el desarrollo del proceso al no verse favorecidos.<\/span><\/p>\n<p style=\"font-weight: 400;\"><span style=\"font-family: arial, helvetica, sans-serif; font-size: 14pt; color: #000000;\">Ser\u00eda oportuno que se aclarara si tambi\u00e9n para elegir al o la candidata se va a aplicar el sistema de \u201cponderaci\u00f3n del voto\u201d en donde va a valer doble el de los habitantes de las zonas serranas que los de los vecinos de las zonas urbanas.<\/span><\/p>\n<p style=\"font-weight: 400;\"><span style=\"font-family: arial, helvetica, sans-serif; font-size: 14pt; color: #000000;\">Igual que como ya ocurri\u00f3 con Marcelo Ebrard que no estuvo de acuerdo con los resultados del proceso de la encuesta presidencial, ac\u00e1 en Veracruz tambi\u00e9n podr\u00e1 haber denuncias de faltas en el proceso de votaci\u00f3n.<\/span><\/p>\n<p style=\"font-weight: 400;\"><span style=\"font-family: arial, helvetica, sans-serif; font-size: 14pt; color: #000000;\">De ser as\u00ed, quienes podr\u00edan ser los candidatos que pudieran buscar la candidatura por otro partido.<\/span><\/p>\n<p style=\"font-weight: 400;\"><span style=\"font-family: arial, helvetica, sans-serif; font-size: 14pt; color: #000000;\">Son varios los mini partidos, que podr\u00edan aceptar como su abanderado, a alguno de los Morenistas que no logren figurar en la famosa encuesta, aunque faltar\u00eda ver tambi\u00e9n si ese arropamiento les alcanza para la encuesta m\u00e1s efectiva, que ser\u00e1 la elecci\u00f3n del gobernador del Estado de Veracruz en el proceso del a\u00f1o entrante.<\/span><\/p>\n<p style=\"font-weight: 400;\"><span style=\"font-family: arial, helvetica, sans-serif; font-size: 14pt; color: #000000;\">As\u00ed las cosas, la pelota est\u00e1 en el aire todav\u00eda y no se sabe por d\u00f3nde va a caer.<\/span><\/p>\n","protected":false},"excerpt":{"rendered":"<p>Luego de la presidencia de la Rep\u00fablica siguen las gubernaturas Dice Claudia Sheinbaum que tambi\u00e9n ser\u00e1n por encuestas El sistema [&hellip;]<\/p>\n","protected":false},"author":4,"featured_media":3789,"comment_status":"closed","ping_status":"closed","sticky":false,"template":"","format":"standard","meta":{"site-sidebar-layout":"default","site-content-layout":"","ast-site-content-layout":"default","site-content-style":"default","site-sidebar-style":"default","ast-global-header-display":"","ast-banner-title-visibility":"","ast-main-header-display":"","ast-hfb-above-header-display":"","ast-hfb-below-header-display":"","ast-hfb-mobile-header-display":"","site-post-title":"","ast-breadcrumbs-content":"","ast-featured-img":"","footer-sml-layout":"","ast-disable-related-posts":"","theme-transparent-header-meta":"","adv-header-id-meta":"","stick-header-meta":"","header-above-stick-meta":"","header-main-stick-meta":"","header-below-stick-meta":"","astra-migrate-meta-layouts":"default","ast-page-background-enabled":"default","ast-page-background-meta":{"desktop":{"background-color":"var(--ast-global-color-5)","background-image":"","background-repeat":"repeat","background-position":"center center","background-size":"auto","background-attachment":"scroll","background-type":"","background-media":"","overlay-type":"","overlay-color":"","overlay-opacity":"","overlay-gradient":""},"tablet":{"background-color":"","background-image":"","background-repeat":"repeat","background-position":"center center","background-size":"auto","background-attachment":"scroll","background-type":"","background-media":"","overlay-type":"","overlay-color":"","overlay-opacity":"","overlay-gradient":""},"mobile":{"background-color":"","background-image":"","background-repeat":"repeat","background-position":"center center","background-size":"auto","background-attachment":"scroll","background-type":"","background-media":"","overlay-type":"","overlay-color":"","overlay-opacity":"","overlay-gradient":""}},"ast-content-background-meta":{"desktop":{"background-color":"var(--ast-global-color-4)","background-image":"","background-repeat":"repeat","background-position":"center center","background-size":"auto","background-attachment":"scroll","background-type":"","background-media":"","overlay-type":"","overlay-color":"","overlay-opacity":"","overlay-gradient":""},"tablet":{"background-color":"var(--ast-global-color-4)","background-image":"","background-repeat":"repeat","background-position":"center center","background-size":"auto","background-attachment":"scroll","background-type":"","background-media":"","overlay-type":"","overlay-color":"","overlay-opacity":"","overlay-gradient":""},"mobile":{"background-color":"var(--ast-global-color-4)","background-image":"","background-repeat":"repeat","background-position":"center center","background-size":"auto","background-attachment":"scroll","background-type":"","background-media":"","overlay-type":"","overlay-color":"","overlay-opacity":"","overlay-gradient":""}},"_jetpack_newsletter_access":"","_jetpack_dont_email_post_to_subs":false,"_jetpack_newsletter_tier_id":0,"_jetpack_memberships_contains_paywalled_content":false,"_jetpack_feature_clip_id":0,"_jetpack_memberships_contains_paid_content":false,"footnotes":"","jetpack_publicize_message":"","jetpack_publicize_feature_enabled":true,"jetpack_social_post_already_shared":false,"jetpack_social_options":{"image_generator_settings":{"template":"highway","default_image_id":0,"font":"","enabled":false},"version":2},"jetpack_post_was_ever_published":false},"categories":[26],"tags":[],"class_list":["post-23793","post","type-post","status-publish","format-standard","has-post-thumbnail","hentry","category-columnistas"],"yoast_head":"<!-- This site is optimized with the Yoast SEO plugin v28.3 - https:\/\/yoast.com\/product\/yoast-seo-wordpress\/ -->\n<title>La candidatura de Morena para Veracruz - Pol\u00edticos al Desnudo<\/title>\n<meta name=\"robots\" content=\"index, follow, max-snippet:-1, max-image-preview:large, max-video-preview:-1\" \/>\n<link rel=\"canonical\" href=\"https:\/\/politicosaldesnudo.com.mx\/index.php\/2023\/09\/12\/la-candidatura-de-morena-para-veracruz\/\" \/>\n<meta property=\"og:locale\" content=\"es_ES\" \/>\n<meta property=\"og:type\" content=\"article\" \/>\n<meta property=\"og:title\" content=\"La candidatura de Morena para Veracruz - Pol\u00edticos al Desnudo\" \/>\n<meta property=\"og:description\" content=\"Luego de la presidencia de la Rep\u00fablica siguen las gubernaturas Dice Claudia Sheinbaum que tambi\u00e9n ser\u00e1n por encuestas El sistema [&hellip;]\" \/>\n<meta property=\"og:url\" content=\"https:\/\/politicosaldesnudo.com.mx\/index.php\/2023\/09\/12\/la-candidatura-de-morena-para-veracruz\/\" \/>\n<meta property=\"og:site_name\" content=\"Pol\u00edticos al Desnudo\" \/>\n<meta property=\"article:publisher\" content=\"https:\/\/www.facebook.com\/PoliticosAD\" \/>\n<meta property=\"article:published_time\" content=\"2023-09-12T18:05:52+00:00\" \/>\n<meta property=\"og:image\" content=\"https:\/\/i0.wp.com\/politicosaldesnudo.com.mx\/wp-content\/uploads\/2022\/04\/CRISTIANI.png?fit=1816%2C1016&ssl=1\" \/>\n\t<meta property=\"og:image:width\" content=\"1816\" \/>\n\t<meta property=\"og:image:height\" content=\"1016\" \/>\n\t<meta property=\"og:image:type\" content=\"image\/png\" \/>\n<meta name=\"author\" content=\"Redacci\u00f3n Pol\u00edticos\" \/>\n<meta name=\"twitter:card\" content=\"summary_large_image\" \/>\n<meta name=\"twitter:label1\" content=\"Escrito por\" \/>\n\t<meta name=\"twitter:data1\" content=\"Redacci\u00f3n Pol\u00edticos\" \/>\n\t<meta name=\"twitter:label2\" content=\"Tiempo de lectura\" \/>\n\t<meta name=\"twitter:data2\" content=\"3 minutos\" \/>\n<script type=\"application\/ld+json\" class=\"yoast-schema-graph\">{\"@context\":\"https:\\\/\\\/schema.org\",\"@graph\":[{\"@type\":\"Article\",\"@id\":\"https:\\\/\\\/politicosaldesnudo.com.mx\\\/index.php\\\/2023\\\/09\\\/12\\\/la-candidatura-de-morena-para-veracruz\\\/#article\",\"isPartOf\":{\"@id\":\"https:\\\/\\\/politicosaldesnudo.com.mx\\\/index.php\\\/2023\\\/09\\\/12\\\/la-candidatura-de-morena-para-veracruz\\\/\"},\"author\":{\"name\":\"Redacci\u00f3n Pol\u00edticos\",\"@id\":\"https:\\\/\\\/politicosaldesnudo.com.mx\\\/#\\\/schema\\\/person\\\/ef3a64e561cc3f3f5dc52fab81adde7e\"},\"headline\":\"La candidatura de Morena para Veracruz\",\"datePublished\":\"2023-09-12T18:05:52+00:00\",\"mainEntityOfPage\":{\"@id\":\"https:\\\/\\\/politicosaldesnudo.com.mx\\\/index.php\\\/2023\\\/09\\\/12\\\/la-candidatura-de-morena-para-veracruz\\\/\"},\"wordCount\":621,\"publisher\":{\"@id\":\"https:\\\/\\\/politicosaldesnudo.com.mx\\\/#organization\"},\"image\":{\"@id\":\"https:\\\/\\\/politicosaldesnudo.com.mx\\\/index.php\\\/2023\\\/09\\\/12\\\/la-candidatura-de-morena-para-veracruz\\\/#primaryimage\"},\"thumbnailUrl\":\"https:\\\/\\\/i0.wp.com\\\/politicosaldesnudo.com.mx\\\/wp-content\\\/uploads\\\/2022\\\/04\\\/CRISTIANI.png?fit=1816%2C1016&ssl=1\",\"articleSection\":[\"OPINI\u00d3N\"],\"inLanguage\":\"es\"},{\"@type\":\"WebPage\",\"@id\":\"https:\\\/\\\/politicosaldesnudo.com.mx\\\/index.php\\\/2023\\\/09\\\/12\\\/la-candidatura-de-morena-para-veracruz\\\/\",\"url\":\"https:\\\/\\\/politicosaldesnudo.com.mx\\\/index.php\\\/2023\\\/09\\\/12\\\/la-candidatura-de-morena-para-veracruz\\\/\",\"name\":\"La candidatura de Morena para Veracruz - Pol\u00edticos al Desnudo\",\"isPartOf\":{\"@id\":\"https:\\\/\\\/politicosaldesnudo.com.mx\\\/#website\"},\"primaryImageOfPage\":{\"@id\":\"https:\\\/\\\/politicosaldesnudo.com.mx\\\/index.php\\\/2023\\\/09\\\/12\\\/la-candidatura-de-morena-para-veracruz\\\/#primaryimage\"},\"image\":{\"@id\":\"https:\\\/\\\/politicosaldesnudo.com.mx\\\/index.php\\\/2023\\\/09\\\/12\\\/la-candidatura-de-morena-para-veracruz\\\/#primaryimage\"},\"thumbnailUrl\":\"https:\\\/\\\/i0.wp.com\\\/politicosaldesnudo.com.mx\\\/wp-content\\\/uploads\\\/2022\\\/04\\\/CRISTIANI.png?fit=1816%2C1016&ssl=1\",\"datePublished\":\"2023-09-12T18:05:52+00:00\",\"breadcrumb\":{\"@id\":\"https:\\\/\\\/politicosaldesnudo.com.mx\\\/index.php\\\/2023\\\/09\\\/12\\\/la-candidatura-de-morena-para-veracruz\\\/#breadcrumb\"},\"inLanguage\":\"es\",\"potentialAction\":[{\"@type\":\"ReadAction\",\"target\":[\"https:\\\/\\\/politicosaldesnudo.com.mx\\\/index.php\\\/2023\\\/09\\\/12\\\/la-candidatura-de-morena-para-veracruz\\\/\"]}]},{\"@type\":\"ImageObject\",\"inLanguage\":\"es\",\"@id\":\"https:\\\/\\\/politicosaldesnudo.com.mx\\\/index.php\\\/2023\\\/09\\\/12\\\/la-candidatura-de-morena-para-veracruz\\\/#primaryimage\",\"url\":\"https:\\\/\\\/i0.wp.com\\\/politicosaldesnudo.com.mx\\\/wp-content\\\/uploads\\\/2022\\\/04\\\/CRISTIANI.png?fit=1816%2C1016&ssl=1\",\"contentUrl\":\"https:\\\/\\\/i0.wp.com\\\/politicosaldesnudo.com.mx\\\/wp-content\\\/uploads\\\/2022\\\/04\\\/CRISTIANI.png?fit=1816%2C1016&ssl=1\",\"width\":1816,\"height\":1016},{\"@type\":\"BreadcrumbList\",\"@id\":\"https:\\\/\\\/politicosaldesnudo.com.mx\\\/index.php\\\/2023\\\/09\\\/12\\\/la-candidatura-de-morena-para-veracruz\\\/#breadcrumb\",\"itemListElement\":[{\"@type\":\"ListItem\",\"position\":1,\"name\":\"Portada\",\"item\":\"https:\\\/\\\/politicosaldesnudo.com.mx\\\/\"},{\"@type\":\"ListItem\",\"position\":2,\"name\":\"La candidatura de Morena para Veracruz\"}]},{\"@type\":\"WebSite\",\"@id\":\"https:\\\/\\\/politicosaldesnudo.com.mx\\\/#website\",\"url\":\"https:\\\/\\\/politicosaldesnudo.com.mx\\\/\",\"name\":\"Pol\u00edticos al Desnudo\",\"description\":\"\",\"publisher\":{\"@id\":\"https:\\\/\\\/politicosaldesnudo.com.mx\\\/#organization\"},\"potentialAction\":[{\"@type\":\"SearchAction\",\"target\":{\"@type\":\"EntryPoint\",\"urlTemplate\":\"https:\\\/\\\/politicosaldesnudo.com.mx\\\/?s={search_term_string}\"},\"query-input\":{\"@type\":\"PropertyValueSpecification\",\"valueRequired\":true,\"valueName\":\"search_term_string\"}}],\"inLanguage\":\"es\"},{\"@type\":\"Organization\",\"@id\":\"https:\\\/\\\/politicosaldesnudo.com.mx\\\/#organization\",\"name\":\"Pol\u00edticos al Desnudo\",\"url\":\"https:\\\/\\\/politicosaldesnudo.com.mx\\\/\",\"logo\":{\"@type\":\"ImageObject\",\"inLanguage\":\"es\",\"@id\":\"https:\\\/\\\/politicosaldesnudo.com.mx\\\/#\\\/schema\\\/logo\\\/image\\\/\",\"url\":\"https:\\\/\\\/i0.wp.com\\\/politicosaldesnudo.com.mx\\\/wp-content\\\/uploads\\\/2026\\\/08\\\/cropped-logo.webp?fit=400%2C126&ssl=1\",\"contentUrl\":\"https:\\\/\\\/i0.wp.com\\\/politicosaldesnudo.com.mx\\\/wp-content\\\/uploads\\\/2026\\\/08\\\/cropped-logo.webp?fit=400%2C126&ssl=1\",\"width\":400,\"height\":126,\"caption\":\"Pol\u00edticos al Desnudo\"},\"image\":{\"@id\":\"https:\\\/\\\/politicosaldesnudo.com.mx\\\/#\\\/schema\\\/logo\\\/image\\\/\"},\"sameAs\":[\"https:\\\/\\\/www.facebook.com\\\/PoliticosAD\"]},{\"@type\":\"Person\",\"@id\":\"https:\\\/\\\/politicosaldesnudo.com.mx\\\/#\\\/schema\\\/person\\\/ef3a64e561cc3f3f5dc52fab81adde7e\",\"name\":\"Redacci\u00f3n Pol\u00edticos\",\"url\":\"https:\\\/\\\/politicosaldesnudo.com.mx\\\/index.php\\\/author\\\/redaccion-politicos\\\/\"}]}<\/script>\n<!-- \/ Yoast SEO plugin. -->","yoast_head_json":{"title":"La candidatura de Morena para Veracruz - Pol\u00edticos al Desnudo","robots":{"index":"index","follow":"follow","max-snippet":"max-snippet:-1","max-image-preview":"max-image-preview:large","max-video-preview":"max-video-preview:-1"},"canonical":"https:\/\/politicosaldesnudo.com.mx\/index.php\/2023\/09\/12\/la-candidatura-de-morena-para-veracruz\/","og_locale":"es_ES","og_type":"article","og_title":"La candidatura de Morena para Veracruz - Pol\u00edticos al Desnudo","og_description":"Luego de la presidencia de la Rep\u00fablica siguen las gubernaturas Dice Claudia Sheinbaum que tambi\u00e9n ser\u00e1n por encuestas El sistema [&hellip;]","og_url":"https:\/\/politicosaldesnudo.com.mx\/index.php\/2023\/09\/12\/la-candidatura-de-morena-para-veracruz\/","og_site_name":"Pol\u00edticos al Desnudo","article_publisher":"https:\/\/www.facebook.com\/PoliticosAD","article_published_time":"2023-09-12T18:05:52+00:00","og_image":[{"width":1816,"height":1016,"url":"https:\/\/i0.wp.com\/politicosaldesnudo.com.mx\/wp-content\/uploads\/2022\/04\/CRISTIANI.png?fit=1816%2C1016&ssl=1","type":"image\/png"}],"author":"Redacci\u00f3n Pol\u00edticos","twitter_card":"summary_large_image","twitter_misc":{"Escrito por":"Redacci\u00f3n Pol\u00edticos","Tiempo de lectura":"3 minutos"},"schema":{"@context":"https:\/\/schema.org","@graph":[{"@type":"Article","@id":"https:\/\/politicosaldesnudo.com.mx\/index.php\/2023\/09\/12\/la-candidatura-de-morena-para-veracruz\/#article","isPartOf":{"@id":"https:\/\/politicosaldesnudo.com.mx\/index.php\/2023\/09\/12\/la-candidatura-de-morena-para-veracruz\/"},"author":{"name":"Redacci\u00f3n Pol\u00edticos","@id":"https:\/\/politicosaldesnudo.com.mx\/#\/schema\/person\/ef3a64e561cc3f3f5dc52fab81adde7e"},"headline":"La candidatura de Morena para Veracruz","datePublished":"2023-09-12T18:05:52+00:00","mainEntityOfPage":{"@id":"https:\/\/politicosaldesnudo.com.mx\/index.php\/2023\/09\/12\/la-candidatura-de-morena-para-veracruz\/"},"wordCount":621,"publisher":{"@id":"https:\/\/politicosaldesnudo.com.mx\/#organization"},"image":{"@id":"https:\/\/politicosaldesnudo.com.mx\/index.php\/2023\/09\/12\/la-candidatura-de-morena-para-veracruz\/#primaryimage"},"thumbnailUrl":"https:\/\/i0.wp.com\/politicosaldesnudo.com.mx\/wp-content\/uploads\/2022\/04\/CRISTIANI.png?fit=1816%2C1016&ssl=1","articleSection":["OPINI\u00d3N"],"inLanguage":"es"},{"@type":"WebPage","@id":"https:\/\/politicosaldesnudo.com.mx\/index.php\/2023\/09\/12\/la-candidatura-de-morena-para-veracruz\/","url":"https:\/\/politicosaldesnudo.com.mx\/index.php\/2023\/09\/12\/la-candidatura-de-morena-para-veracruz\/","name":"La candidatura de Morena para Veracruz - Pol\u00edticos al Desnudo","isPartOf":{"@id":"https:\/\/politicosaldesnudo.com.mx\/#website"},"primaryImageOfPage":{"@id":"https:\/\/politicosaldesnudo.com.mx\/index.php\/2023\/09\/12\/la-candidatura-de-morena-para-veracruz\/#primaryimage"},"image":{"@id":"https:\/\/politicosaldesnudo.com.mx\/index.php\/2023\/09\/12\/la-candidatura-de-morena-para-veracruz\/#primaryimage"},"thumbnailUrl":"https:\/\/i0.wp.com\/politicosaldesnudo.com.mx\/wp-content\/uploads\/2022\/04\/CRISTIANI.png?fit=1816%2C1016&ssl=1","datePublished":"2023-09-12T18:05:52+00:00","breadcrumb":{"@id":"https:\/\/politicosaldesnudo.com.mx\/index.php\/2023\/09\/12\/la-candidatura-de-morena-para-veracruz\/#breadcrumb"},"inLanguage":"es","potentialAction":[{"@type":"ReadAction","target":["https:\/\/politicosaldesnudo.com.mx\/index.php\/2023\/09\/12\/la-candidatura-de-morena-para-veracruz\/"]}]},{"@type":"ImageObject","inLanguage":"es","@id":"https:\/\/politicosaldesnudo.com.mx\/index.php\/2023\/09\/12\/la-candidatura-de-morena-para-veracruz\/#primaryimage","url":"https:\/\/i0.wp.com\/politicosaldesnudo.com.mx\/wp-content\/uploads\/2022\/04\/CRISTIANI.png?fit=1816%2C1016&ssl=1","contentUrl":"https:\/\/i0.wp.com\/politicosaldesnudo.com.mx\/wp-content\/uploads\/2022\/04\/CRISTIANI.png?fit=1816%2C1016&ssl=1","width":1816,"height":1016},{"@type":"BreadcrumbList","@id":"https:\/\/politicosaldesnudo.com.mx\/index.php\/2023\/09\/12\/la-candidatura-de-morena-para-veracruz\/#breadcrumb","itemListElement":[{"@type":"ListItem","position":1,"name":"Portada","item":"https:\/\/politicosaldesnudo.com.mx\/"},{"@type":"ListItem","position":2,"name":"La candidatura de Morena para Veracruz"}]},{"@type":"WebSite","@id":"https:\/\/politicosaldesnudo.com.mx\/#website","url":"https:\/\/politicosaldesnudo.com.mx\/","name":"Pol\u00edticos al Desnudo","description":"","publisher":{"@id":"https:\/\/politicosaldesnudo.com.mx\/#organization"},"potentialAction":[{"@type":"SearchAction","target":{"@type":"EntryPoint","urlTemplate":"https:\/\/politicosaldesnudo.com.mx\/?s={search_term_string}"},"query-input":{"@type":"PropertyValueSpecification","valueRequired":true,"valueName":"search_term_string"}}],"inLanguage":"es"},{"@type":"Organization","@id":"https:\/\/politicosaldesnudo.com.mx\/#organization","name":"Pol\u00edticos al Desnudo","url":"https:\/\/politicosaldesnudo.com.mx\/","logo":{"@type":"ImageObject","inLanguage":"es","@id":"https:\/\/politicosaldesnudo.com.mx\/#\/schema\/logo\/image\/","url":"https:\/\/i0.wp.com\/politicosaldesnudo.com.mx\/wp-content\/uploads\/2026\/08\/cropped-logo.webp?fit=400%2C126&ssl=1","contentUrl":"https:\/\/i0.wp.com\/politicosaldesnudo.com.mx\/wp-content\/uploads\/2026\/08\/cropped-logo.webp?fit=400%2C126&ssl=1","width":400,"height":126,"caption":"Pol\u00edticos al Desnudo"},"image":{"@id":"https:\/\/politicosaldesnudo.com.mx\/#\/schema\/logo\/image\/"},"sameAs":["https:\/\/www.facebook.com\/PoliticosAD"]},{"@type":"Person","@id":"https:\/\/politicosaldesnudo.com.mx\/#\/schema\/person\/ef3a64e561cc3f3f5dc52fab81adde7e","name":"Redacci\u00f3n Pol\u00edticos","url":"https:\/\/politicosaldesnudo.com.mx\/index.php\/author\/redaccion-politicos\/"}]}},"jetpack_publicize_connections":[],"jetpack-related-posts":[{"id":88035,"url":"https:\/\/politicosaldesnudo.com.mx\/index.php\/2026\/08\/24\/rocha-moya-recula-ante-sheinbaum\/","url_meta":{"origin":23793,"position":0},"title":"Rocha Moya recula ante Sheinbaum","author":"Redacci\u00f3n Pol\u00edticos","date":"24 de agosto de 2026","format":false,"excerpt":"ALMA GRANDE POR \u00c1NGEL \u00c1LVARO PE\u00d1A Sinaloa vuelve a colocarse en el centro de la discusi\u00f3n pol\u00edtica nacional luego de que Rub\u00e9n Rocha Moya solicitara nuevamente licencia al cargo de gobernador, ahora por tiempo indefinido, apenas un d\u00eda despu\u00e9s de haber retomado sus funciones. La decisi\u00f3n ocurre despu\u00e9s del llamado\u2026","rel":"","context":"En \u00abOPINI\u00d3N\u00bb","block_context":{"text":"OPINI\u00d3N","link":"https:\/\/politicosaldesnudo.com.mx\/index.php\/category\/columnistas\/"},"img":{"alt_text":"","src":"https:\/\/i0.wp.com\/politicosaldesnudo.com.mx\/wp-content\/uploads\/2026\/08\/AG-2408-scaled.png?fit=1200%2C659&ssl=1&resize=350%2C200","width":350,"height":200,"srcset":"https:\/\/i0.wp.com\/politicosaldesnudo.com.mx\/wp-content\/uploads\/2026\/08\/AG-2408-scaled.png?fit=1200%2C659&ssl=1&resize=350%2C200 1x, https:\/\/i0.wp.com\/politicosaldesnudo.com.mx\/wp-content\/uploads\/2026\/08\/AG-2408-scaled.png?fit=1200%2C659&ssl=1&resize=525%2C300 1.5x, https:\/\/i0.wp.com\/politicosaldesnudo.com.mx\/wp-content\/uploads\/2026\/08\/AG-2408-scaled.png?fit=1200%2C659&ssl=1&resize=700%2C400 2x, https:\/\/i0.wp.com\/politicosaldesnudo.com.mx\/wp-content\/uploads\/2026\/08\/AG-2408-scaled.png?fit=1200%2C659&ssl=1&resize=1050%2C600 3x"},"classes":[]},{"id":87059,"url":"https:\/\/politicosaldesnudo.com.mx\/index.php\/2026\/07\/20\/claudia-sheinbaum-cuida-su-relacion-con-eu\/","url_meta":{"origin":23793,"position":1},"title":"Claudia Sheinbaum cuida su relaci\u00f3n con EU","author":"Redacci\u00f3n Pol\u00edticos","date":"20 de julio de 2026","format":false,"excerpt":"ALMA GRANDE POR \u00c1NGEL \u00c1LVARO PE\u00d1A La imagen de la presidenta de M\u00e9xico, Claudia Sheinbaum, junto al presidente de Estados Unidos, Donald Trump, y al primer ministro de Canad\u00e1, Mark Carney, durante la final de la Copa Mundial de la FIFA 2026 en Nueva York tiene un significado que rebasa\u2026","rel":"","context":"En \u00abOPINI\u00d3N\u00bb","block_context":{"text":"OPINI\u00d3N","link":"https:\/\/politicosaldesnudo.com.mx\/index.php\/category\/columnistas\/"},"img":{"alt_text":"","src":"https:\/\/i0.wp.com\/politicosaldesnudo.com.mx\/wp-content\/uploads\/2026\/07\/BANNER-LOPEZ-DORIGA-DIGITAL-3.jpg?fit=800%2C445&ssl=1&resize=350%2C200","width":350,"height":200,"srcset":"https:\/\/i0.wp.com\/politicosaldesnudo.com.mx\/wp-content\/uploads\/2026\/07\/BANNER-LOPEZ-DORIGA-DIGITAL-3.jpg?fit=800%2C445&ssl=1&resize=350%2C200 1x, https:\/\/i0.wp.com\/politicosaldesnudo.com.mx\/wp-content\/uploads\/2026\/07\/BANNER-LOPEZ-DORIGA-DIGITAL-3.jpg?fit=800%2C445&ssl=1&resize=525%2C300 1.5x, https:\/\/i0.wp.com\/politicosaldesnudo.com.mx\/wp-content\/uploads\/2026\/07\/BANNER-LOPEZ-DORIGA-DIGITAL-3.jpg?fit=800%2C445&ssl=1&resize=700%2C400 2x"},"classes":[]},{"id":88263,"url":"https:\/\/politicosaldesnudo.com.mx\/index.php\/2026\/09\/02\/sheinbaum-da-golpe-historico-a-la-inseguridad\/","url_meta":{"origin":23793,"position":2},"title":"Sheinbaum da golpe hist\u00f3rico a la inseguridad","author":"Redacci\u00f3n Pol\u00edticos","date":"2 de septiembre de 2026","format":false,"excerpt":"ALMA GRANDE POR \u00c1NGEL \u00c1LVARO PE\u00d1A El Segundo Informe de Gobierno de Claudia Sheinbaum coloc\u00f3 a la seguridad como uno de los principales indicadores de avance de su administraci\u00f3n. Los datos presentados muestran una estrategia que combina la operaci\u00f3n de las instituciones de seguridad con acciones dirigidas a atender las\u2026","rel":"","context":"En \u00abOPINI\u00d3N\u00bb","block_context":{"text":"OPINI\u00d3N","link":"https:\/\/politicosaldesnudo.com.mx\/index.php\/category\/columnistas\/"},"img":{"alt_text":"","src":"https:\/\/i0.wp.com\/politicosaldesnudo.com.mx\/wp-content\/uploads\/2026\/09\/COLUMNISTAS-PAD.png?fit=1200%2C659&ssl=1&resize=350%2C200","width":350,"height":200,"srcset":"https:\/\/i0.wp.com\/politicosaldesnudo.com.mx\/wp-content\/uploads\/2026\/09\/COLUMNISTAS-PAD.png?fit=1200%2C659&ssl=1&resize=350%2C200 1x, https:\/\/i0.wp.com\/politicosaldesnudo.com.mx\/wp-content\/uploads\/2026\/09\/COLUMNISTAS-PAD.png?fit=1200%2C659&ssl=1&resize=525%2C300 1.5x, https:\/\/i0.wp.com\/politicosaldesnudo.com.mx\/wp-content\/uploads\/2026\/09\/COLUMNISTAS-PAD.png?fit=1200%2C659&ssl=1&resize=700%2C400 2x, https:\/\/i0.wp.com\/politicosaldesnudo.com.mx\/wp-content\/uploads\/2026\/09\/COLUMNISTAS-PAD.png?fit=1200%2C659&ssl=1&resize=1050%2C600 3x"},"classes":[]},{"id":88253,"url":"https:\/\/politicosaldesnudo.com.mx\/index.php\/2026\/09\/01\/congreso-recibe-el-segundo-informe-de-sheinbaum-inicia-revision-legislativa\/","url_meta":{"origin":23793,"position":3},"title":"Congreso recibe el Segundo Informe de Sheinbaum; inicia revisi\u00f3n legislativa","author":"Redacci\u00f3n Pol\u00edticos","date":"1 de septiembre de 2026","format":false,"excerpt":"La secretaria de Gobernaci\u00f3n, Rosa Icela Rodr\u00edguez, present\u00f3 formalmente ante el Congreso de la Uni\u00f3n el Segundo Informe de Gobierno de la presidenta Claudia Sheinbaum Pardo. El documento fue entregado este martes a la Mesa Directiva durante la sesi\u00f3n de Congreso General, con la que tambi\u00e9n qued\u00f3 inaugurado el nuevo\u2026","rel":"","context":"En \u00abNACIONAL\u00bb","block_context":{"text":"NACIONAL","link":"https:\/\/politicosaldesnudo.com.mx\/index.php\/category\/nacional\/"},"img":{"alt_text":"","src":"https:\/\/i0.wp.com\/politicosaldesnudo.com.mx\/wp-content\/uploads\/2026\/09\/790572007_1611715283639614_187349255645009408_n.jpg?fit=1200%2C799&ssl=1&resize=350%2C200","width":350,"height":200,"srcset":"https:\/\/i0.wp.com\/politicosaldesnudo.com.mx\/wp-content\/uploads\/2026\/09\/790572007_1611715283639614_187349255645009408_n.jpg?fit=1200%2C799&ssl=1&resize=350%2C200 1x, https:\/\/i0.wp.com\/politicosaldesnudo.com.mx\/wp-content\/uploads\/2026\/09\/790572007_1611715283639614_187349255645009408_n.jpg?fit=1200%2C799&ssl=1&resize=525%2C300 1.5x, https:\/\/i0.wp.com\/politicosaldesnudo.com.mx\/wp-content\/uploads\/2026\/09\/790572007_1611715283639614_187349255645009408_n.jpg?fit=1200%2C799&ssl=1&resize=700%2C400 2x, https:\/\/i0.wp.com\/politicosaldesnudo.com.mx\/wp-content\/uploads\/2026\/09\/790572007_1611715283639614_187349255645009408_n.jpg?fit=1200%2C799&ssl=1&resize=1050%2C600 3x"},"classes":[]},{"id":88128,"url":"https:\/\/politicosaldesnudo.com.mx\/index.php\/2026\/08\/28\/sheinbaum-presume-avances-en-economia-y-seguridad-previo-a-su-segundo-informe\/","url_meta":{"origin":23793,"position":4},"title":"Sheinbaum presume avances en econom\u00eda y seguridad previo a su Segundo Informe","author":"Redacci\u00f3n Pol\u00edticos","date":"28 de agosto de 2026","format":false,"excerpt":"A cuatro d\u00edas de presentar su Segundo Informe de Gobierno, la presidenta Claudia Sheinbaum Pardo asegur\u00f3 que M\u00e9xico mantiene un rumbo favorable, pese a las dificultades internas y al complejo panorama internacional. Durante su conferencia matutina en Palacio Nacional, la mandataria se mostr\u00f3 confiada en los resultados alcanzados por su\u2026","rel":"","context":"En \u00abNACIONAL\u00bb","block_context":{"text":"NACIONAL","link":"https:\/\/politicosaldesnudo.com.mx\/index.php\/category\/nacional\/"},"img":{"alt_text":"","src":"https:\/\/i0.wp.com\/politicosaldesnudo.com.mx\/wp-content\/uploads\/2026\/08\/claudia-sheinbaum-mananera-28-agosto-2026.jpg?fit=1200%2C800&ssl=1&resize=350%2C200","width":350,"height":200,"srcset":"https:\/\/i0.wp.com\/politicosaldesnudo.com.mx\/wp-content\/uploads\/2026\/08\/claudia-sheinbaum-mananera-28-agosto-2026.jpg?fit=1200%2C800&ssl=1&resize=350%2C200 1x, https:\/\/i0.wp.com\/politicosaldesnudo.com.mx\/wp-content\/uploads\/2026\/08\/claudia-sheinbaum-mananera-28-agosto-2026.jpg?fit=1200%2C800&ssl=1&resize=525%2C300 1.5x, https:\/\/i0.wp.com\/politicosaldesnudo.com.mx\/wp-content\/uploads\/2026\/08\/claudia-sheinbaum-mananera-28-agosto-2026.jpg?fit=1200%2C800&ssl=1&resize=700%2C400 2x, https:\/\/i0.wp.com\/politicosaldesnudo.com.mx\/wp-content\/uploads\/2026\/08\/claudia-sheinbaum-mananera-28-agosto-2026.jpg?fit=1200%2C800&ssl=1&resize=1050%2C600 3x"},"classes":[]},{"id":88041,"url":"https:\/\/politicosaldesnudo.com.mx\/index.php\/2026\/08\/24\/sheinbaum-reprueba-el-fugaz-regreso-de-rocha-moya-al-gobierno-de-sinaloa\/","url_meta":{"origin":23793,"position":5},"title":"Sheinbaum reprueba el fugaz regreso de Rocha Moya al Gobierno de Sinaloa","author":"Redacci\u00f3n Pol\u00edticos","date":"24 de agosto de 2026","format":false,"excerpt":"La presidenta Claudia Sheinbaum cuestion\u00f3 la decisi\u00f3n de Rub\u00e9n Rocha Moya de retomar temporalmente la gubernatura de Sinaloa y consider\u00f3 que su actuaci\u00f3n fue imprudente, debido a que los intereses personales no deben colocarse por encima de la estabilidad de la entidad. Durante su conferencia matutina, este lunes la mandataria\u2026","rel":"","context":"En \u00abNACIONAL\u00bb","block_context":{"text":"NACIONAL","link":"https:\/\/politicosaldesnudo.com.mx\/index.php\/category\/nacional\/"},"img":{"alt_text":"","src":"https:\/\/i0.wp.com\/politicosaldesnudo.com.mx\/wp-content\/uploads\/2026\/08\/shein-1-scaled.jpg?fit=1200%2C800&ssl=1&resize=350%2C200","width":350,"height":200,"srcset":"https:\/\/i0.wp.com\/politicosaldesnudo.com.mx\/wp-content\/uploads\/2026\/08\/shein-1-scaled.jpg?fit=1200%2C800&ssl=1&resize=350%2C200 1x, https:\/\/i0.wp.com\/politicosaldesnudo.com.mx\/wp-content\/uploads\/2026\/08\/shein-1-scaled.jpg?fit=1200%2C800&ssl=1&resize=525%2C300 1.5x, https:\/\/i0.wp.com\/politicosaldesnudo.com.mx\/wp-content\/uploads\/2026\/08\/shein-1-scaled.jpg?fit=1200%2C800&ssl=1&resize=700%2C400 2x, https:\/\/i0.wp.com\/politicosaldesnudo.com.mx\/wp-content\/uploads\/2026\/08\/shein-1-scaled.jpg?fit=1200%2C800&ssl=1&resize=1050%2C600 3x"},"classes":[]}],"jetpack_sharing_enabled":true,"jetpack_featured_media_url":"https:\/\/i0.wp.com\/politicosaldesnudo.com.mx\/wp-content\/uploads\/2022\/04\/CRISTIANI.png?fit=1816%2C1016&ssl=1","_links":{"self":[{"href":"https:\/\/politicosaldesnudo.com.mx\/index.php\/wp-json\/wp\/v2\/posts\/23793","targetHints":{"allow":["GET"]}}],"collection":[{"href":"https:\/\/politicosaldesnudo.com.mx\/index.php\/wp-json\/wp\/v2\/posts"}],"about":[{"href":"https:\/\/politicosaldesnudo.com.mx\/index.php\/wp-json\/wp\/v2\/types\/post"}],"author":[{"embeddable":true,"href":"https:\/\/politicosaldesnudo.com.mx\/index.php\/wp-json\/wp\/v2\/users\/4"}],"replies":[{"embeddable":true,"href":"https:\/\/politicosaldesnudo.com.mx\/index.php\/wp-json\/wp\/v2\/comments?post=23793"}],"version-history":[{"count":0,"href":"https:\/\/politicosaldesnudo.com.mx\/index.php\/wp-json\/wp\/v2\/posts\/23793\/revisions"}],"wp:featuredmedia":[{"embeddable":true,"href":"https:\/\/politicosaldesnudo.com.mx\/index.php\/wp-json\/wp\/v2\/media\/3789"}],"wp:attachment":[{"href":"https:\/\/politicosaldesnudo.com.mx\/index.php\/wp-json\/wp\/v2\/media?parent=23793"}],"wp:term":[{"taxonomy":"category","embeddable":true,"href":"https:\/\/politicosaldesnudo.com.mx\/index.php\/wp-json\/wp\/v2\/categories?post=23793"},{"taxonomy":"post_tag","embeddable":true,"href":"https:\/\/politicosaldesnudo.com.mx\/index.php\/wp-json\/wp\/v2\/tags?post=23793"}],"curies":[{"name":"wp","href":"https:\/\/api.w.org\/{rel}","templated":true}]}}