{"id":23807,"date":"2023-09-13T02:06:17","date_gmt":"2023-09-13T07:06:17","guid":{"rendered":"https:\/\/politicosaldesnudo.com.mx\/?p=23807"},"modified":"2023-09-13T02:06:17","modified_gmt":"2023-09-13T07:06:17","slug":"poder-judicial-al-juicio-electoral","status":"publish","type":"post","link":"https:\/\/politicosaldesnudo.com.mx\/index.php\/2023\/09\/13\/poder-judicial-al-juicio-electoral\/","title":{"rendered":"Poder Judicial al juicio electoral"},"content":{"rendered":"<p><span style=\"font-size: 14pt; font-family: verdana, geneva, sans-serif; color: #3366ff;\"><strong>ALMA GRANDE<\/strong><\/span><\/p>\n<p><span style=\"font-size: 14pt; font-family: verdana, geneva, sans-serif; color: #3366ff;\"><strong>Por \u00c1ngel \u00c1lvaro Pe\u00f1a<\/strong><\/span><\/p>\n<p><span style=\"font-size: 14pt; font-family: verdana, geneva, sans-serif;\">La democracia es el poder del pueblo, y M\u00e9xico tiene como depositarios del poder a tres instancias, pero una de ellas no es democr\u00e1tica y, por lo tanto, no puede ni debe considerarse un poder. A menos que se quiera pensar que no es democr\u00e1tico nuestro sistema pol\u00edtico.<\/span><\/p>\n<p><span style=\"font-size: 14pt; font-family: verdana, geneva, sans-serif;\">Porque el Poder Ejecutivo es avalado por el pueblo que elige a su representante a trav\u00e9s de los votos, lo mismo sucede con el Poder Legislativo, pero el Poder Judicial, pareciera una apartada oficina dedicada a administrar la justicia a modo.<\/span><\/p>\n<p><span style=\"font-size: 18pt; font-family: verdana, geneva, sans-serif;\">Anteriormente la poca legitimidad del Poder Judicial no se advert\u00eda, porque era el Presidente de la Rep\u00fablica quien ten\u00eda controlados todos los poderes desde su silla presidencial. Todos obedec\u00edan y \u00e9ste a cambio les otorgaba beneficios, privilegios y favores a los integrantes de esos dos poderes.<\/span><\/p>\n<p><span style=\"font-size: 14pt; font-family: verdana, geneva, sans-serif;\">Los ministros de la Suprema Corte de Justicia eran fieles siervos del Presidente en turno, y fallaban de acuerdo a los designios del Presidente. No hab\u00eda conflicto entre poderes ni diferencias. Los hilos del poder los manejaba el Ejecutivo, contraviniendo a la propia Constituci\u00f3n Mexicana que exige autonom\u00eda de poderes.<\/span><\/p>\n<p><img data-recalc-dims=\"1\" loading=\"lazy\" decoding=\"async\" class=\"aligncenter wp-image-23808 size-full\" src=\"https:\/\/i0.wp.com\/politicosaldesnudo.com.mx\/wp-content\/uploads\/2023\/09\/SCJN.jpg?resize=768%2C479&#038;ssl=1\" alt=\"\" width=\"768\" height=\"479\" srcset=\"https:\/\/i0.wp.com\/politicosaldesnudo.com.mx\/wp-content\/uploads\/2023\/09\/SCJN.jpg?w=768&amp;ssl=1 768w, https:\/\/i0.wp.com\/politicosaldesnudo.com.mx\/wp-content\/uploads\/2023\/09\/SCJN.jpg?resize=300%2C187&amp;ssl=1 300w\" sizes=\"auto, (max-width: 768px) 100vw, 768px\" \/><\/p>\n<p><span style=\"font-size: 14pt; font-family: verdana, geneva, sans-serif;\">Debi\u00f3 surgir una serie de diferencias respecto a las acciones de los ministros de la Suprema Corte de Justicia para que se advirtiera en el Ejecutivo que hay separaci\u00f3n de poderes en M\u00e9xico y, hasta enemistad.<\/span><\/p>\n<p><span style=\"font-size: 14pt; font-family: verdana, geneva, sans-serif;\">Lo cierto es que no existen las formas adecuadas para que el pueblo elija a los jueces y ministros. Para nombrar a los ministros de la Corte, el Presidente de la Rep\u00fablica somete al Legislativo una terna a consideraci\u00f3n del Senado, el cual, previa comparecencia de las personas propuestas, designar\u00e1 al Ministro que deba cubrir la vacante.<\/span><\/p>\n<p><span style=\"font-size: 14pt; font-family: verdana, geneva, sans-serif;\">El pr\u00f3ximo a\u00f1o habr\u00e1 tres vacantes en la Suprema Corte de Justicia, y la designaci\u00f3n deber\u00e1 empezar a transformarse, as\u00ed como la exigencia de la poblaci\u00f3n a intervenir m\u00e1s en la vida pol\u00edtica de M\u00e9xico.<\/span><\/p>\n<p><span style=\"font-size: 14pt; font-family: verdana, geneva, sans-serif;\">La descomposici\u00f3n del Poder Judicial no es nueva, las anomal\u00edas que suceden al interior deber\u00eda avergonzar a varios, desde luego no todos los ministros son iguales y hay excepciones honrosas y muy plausibles, pero carecen de representaci\u00f3n, de tal suerte que si cometemos su actuaci\u00f3n a la l\u00f3gica, ministro y jueces no pueden tener ning\u00fan valor dentro de una democracia; sin embargo, pueden tener al pa\u00eds entero en vilo respecto a la aprobaci\u00f3n de denuncias, amparos y demandas, como lo ha demostrado.<\/span><\/p>\n<p><span style=\"font-size: 18pt; font-family: verdana, geneva, sans-serif;\">Debe haber equilibrio de poderes dentro de las leyes, que es el marco en el que deben trabajar todos y cada uno de los integrantes de la burocracia nacional. Ante este equilibrio debe haber igualdad para que cada quien gane de acuerdo con sus responsabilidades, pero hay tareas que han desbordado la dignidad, la l\u00f3gica y el presupuesto, y ese exceso se ubica precisamente en el Poder Judicial.<\/span><\/p>\n<p><span style=\"font-size: 14pt; font-family: verdana, geneva, sans-serif;\">Esto quiere decir que en M\u00e9xico el ejercicio de la justicia es una injusticia y que no podr\u00e1 haber igualdad si no hay equidad en los \u00f3rganos de gobierno que rige la Constituci\u00f3n. Para reformar estas condiciones se requiere de dos terceras partes del Congreso, tanto en la C\u00e1mara de diputados como la de Senadores; sin embargo, con una oposici\u00f3n que se niega a negociar y que toma las banderas del no sistem\u00e1tico a toda propuesta del gobierno, dif\u00edcilmente podr\u00e1 haber mayor acercamiento a lo que ser\u00eda una democracia moderna.<\/span><\/p>\n<p><span style=\"font-size: 14pt; font-family: verdana, geneva, sans-serif;\">La oposici\u00f3n no s\u00f3lo defiende los privilegios de los ministros de la Suprema Corte, sino que est\u00e1 de acuerdo con un incremento en su presupuesto para 2024 de 4 por ciento, que exigen el Poder Judicial.<\/span><\/p>\n<p><span style=\"font-size: 14pt; font-family: verdana, geneva, sans-serif;\">Los ministros de la Corte tienen un salario de 297 mil pesos mensuales, un aguinaldo de 40 d\u00edas, una prima vacacional por 95 mil pesos, entre otras muchas absurdas prestaciones que nadie tiene fuera del Poder Judicial. Los consentidos del presupuesto reciben estos est\u00edmulos a cambio de que se sometan a la voluntad del Presidente, pero ahora no s\u00f3lo hay divisi\u00f3n de poderes sino enemistades de poderes, es hora de que dichas condiciones cambien.<\/span><\/p>\n<p><span style=\"font-size: 18pt; font-family: verdana, geneva, sans-serif;\">No se trata de una lucha entre pobres y ricos, sino en la manera de pensar en los dem\u00e1s. Porque los salarios de los ministros y sus privilegios provienen del dinero de los contribuyentes, de eso no hay duda y la mayor\u00eda de los mexicanos no pueden seguir manteniendo lujos y excesos a costa del sudor de su frente, mientras viven confortablemente bajo la toga y el birrete unos cuantos.<\/span><\/p>\n<p><span style=\"font-size: 14pt; font-family: verdana, geneva, sans-serif;\">Si a esto sumamos el hecho de que nadie vot\u00f3 por ellos, nos encontramos con una injusticia mayor porque quienes mantienen a los ministros no fueron consultados para elegirlos; es decir, solamente les chupan la sangre, pero no los representan, y en el peor de los casos se trata de que los contribuyentes cautivos, los asalariados nunca recurren a la Suprema Corte de Justicia, instancia que le es inalcanzable por razones econ\u00f3micas.<\/span><\/p>\n<p><span style=\"font-size: 14pt; font-family: verdana, geneva, sans-serif;\">La situaci\u00f3n del Poder Judicial es un grave obst\u00e1culo para la evoluci\u00f3n del pa\u00eds.<\/span><\/p>\n<p><span style=\"font-size: 14pt; font-family: verdana, geneva, sans-serif; color: #3366ff;\"><strong>PEGA Y CORRE.<\/strong><\/span><\/p>\n<p><span style=\"font-size: 14pt; font-family: verdana, geneva, sans-serif;\">El senador Ricardo Monreal declino concursar por la candidatura de Morena para la Jefatura de gobierno porque asegura que la decisi\u00f3n ya est\u00e1 tomada y no quiere tener confrontaciones con nadie\u2026<\/span><\/p>\n<p><span style=\"font-size: 18pt;\"><em><strong><span style=\"font-family: verdana, geneva, sans-serif;\">Esta columna se publica los lunes, mi\u00e9rcoles y viernes.<\/span><\/strong><\/em><\/span><\/p>\n","protected":false},"excerpt":{"rendered":"<p>ALMA GRANDE Por \u00c1ngel \u00c1lvaro Pe\u00f1a La democracia es el poder del pueblo, y M\u00e9xico tiene como depositarios del poder [&hellip;]<\/p>\n","protected":false},"author":4,"featured_media":15807,"comment_status":"closed","ping_status":"closed","sticky":false,"template":"","format":"standard","meta":{"site-sidebar-layout":"default","site-content-layout":"","ast-site-content-layout":"default","site-content-style":"default","site-sidebar-style":"default","ast-global-header-display":"","ast-banner-title-visibility":"","ast-main-header-display":"","ast-hfb-above-header-display":"","ast-hfb-below-header-display":"","ast-hfb-mobile-header-display":"","site-post-title":"","ast-breadcrumbs-content":"","ast-featured-img":"","footer-sml-layout":"","ast-disable-related-posts":"","theme-transparent-header-meta":"","adv-header-id-meta":"","stick-header-meta":"","header-above-stick-meta":"","header-main-stick-meta":"","header-below-stick-meta":"","astra-migrate-meta-layouts":"default","ast-page-background-enabled":"default","ast-page-background-meta":{"desktop":{"background-color":"var(--ast-global-color-5)","background-image":"","background-repeat":"repeat","background-position":"center center","background-size":"auto","background-attachment":"scroll","background-type":"","background-media":"","overlay-type":"","overlay-color":"","overlay-opacity":"","overlay-gradient":""},"tablet":{"background-color":"","background-image":"","background-repeat":"repeat","background-position":"center center","background-size":"auto","background-attachment":"scroll","background-type":"","background-media":"","overlay-type":"","overlay-color":"","overlay-opacity":"","overlay-gradient":""},"mobile":{"background-color":"","background-image":"","background-repeat":"repeat","background-position":"center center","background-size":"auto","background-attachment":"scroll","background-type":"","background-media":"","overlay-type":"","overlay-color":"","overlay-opacity":"","overlay-gradient":""}},"ast-content-background-meta":{"desktop":{"background-color":"var(--ast-global-color-4)","background-image":"","background-repeat":"repeat","background-position":"center center","background-size":"auto","background-attachment":"scroll","background-type":"","background-media":"","overlay-type":"","overlay-color":"","overlay-opacity":"","overlay-gradient":""},"tablet":{"background-color":"var(--ast-global-color-4)","background-image":"","background-repeat":"repeat","background-position":"center center","background-size":"auto","background-attachment":"scroll","background-type":"","background-media":"","overlay-type":"","overlay-color":"","overlay-opacity":"","overlay-gradient":""},"mobile":{"background-color":"var(--ast-global-color-4)","background-image":"","background-repeat":"repeat","background-position":"center center","background-size":"auto","background-attachment":"scroll","background-type":"","background-media":"","overlay-type":"","overlay-color":"","overlay-opacity":"","overlay-gradient":""}},"_jetpack_newsletter_access":"","_jetpack_dont_email_post_to_subs":false,"_jetpack_newsletter_tier_id":0,"_jetpack_memberships_contains_paywalled_content":false,"_jetpack_feature_clip_id":0,"_jetpack_memberships_contains_paid_content":false,"footnotes":"","jetpack_publicize_message":"","jetpack_publicize_feature_enabled":true,"jetpack_social_post_already_shared":false,"jetpack_social_options":{"image_generator_settings":{"template":"highway","default_image_id":0,"font":"","enabled":false},"version":2},"jetpack_post_was_ever_published":false},"categories":[26],"tags":[],"class_list":["post-23807","post","type-post","status-publish","format-standard","has-post-thumbnail","hentry","category-columnistas"],"yoast_head":"<!-- This site is optimized with the Yoast SEO plugin v28.3 - https:\/\/yoast.com\/product\/yoast-seo-wordpress\/ -->\n<title>Poder Judicial al juicio electoral - Pol\u00edticos al Desnudo<\/title>\n<meta name=\"robots\" content=\"index, follow, max-snippet:-1, max-image-preview:large, max-video-preview:-1\" \/>\n<link rel=\"canonical\" href=\"https:\/\/politicosaldesnudo.com.mx\/index.php\/2023\/09\/13\/poder-judicial-al-juicio-electoral\/\" \/>\n<meta property=\"og:locale\" content=\"es_ES\" \/>\n<meta property=\"og:type\" content=\"article\" \/>\n<meta property=\"og:title\" content=\"Poder Judicial al juicio electoral - Pol\u00edticos al Desnudo\" \/>\n<meta property=\"og:description\" content=\"ALMA GRANDE Por \u00c1ngel \u00c1lvaro Pe\u00f1a La democracia es el poder del pueblo, y M\u00e9xico tiene como depositarios del poder [&hellip;]\" \/>\n<meta property=\"og:url\" content=\"https:\/\/politicosaldesnudo.com.mx\/index.php\/2023\/09\/13\/poder-judicial-al-juicio-electoral\/\" \/>\n<meta property=\"og:site_name\" content=\"Pol\u00edticos al Desnudo\" \/>\n<meta property=\"article:publisher\" content=\"https:\/\/www.facebook.com\/PoliticosAD\" \/>\n<meta property=\"article:published_time\" content=\"2023-09-13T07:06:17+00:00\" \/>\n<meta property=\"og:image\" content=\"https:\/\/i0.wp.com\/politicosaldesnudo.com.mx\/wp-content\/uploads\/2023\/02\/ANGEL-ALVARO-PENA1.webp?fit=800%2C445&ssl=1\" \/>\n\t<meta property=\"og:image:width\" content=\"800\" \/>\n\t<meta property=\"og:image:height\" content=\"445\" \/>\n\t<meta property=\"og:image:type\" content=\"image\/webp\" \/>\n<meta name=\"author\" content=\"Redacci\u00f3n Pol\u00edticos\" \/>\n<meta name=\"twitter:card\" content=\"summary_large_image\" \/>\n<meta name=\"twitter:label1\" content=\"Escrito por\" \/>\n\t<meta name=\"twitter:data1\" content=\"Redacci\u00f3n Pol\u00edticos\" \/>\n\t<meta name=\"twitter:label2\" content=\"Tiempo de lectura\" \/>\n\t<meta name=\"twitter:data2\" content=\"5 minutos\" \/>\n<script type=\"application\/ld+json\" class=\"yoast-schema-graph\">{\"@context\":\"https:\\\/\\\/schema.org\",\"@graph\":[{\"@type\":\"Article\",\"@id\":\"https:\\\/\\\/politicosaldesnudo.com.mx\\\/index.php\\\/2023\\\/09\\\/13\\\/poder-judicial-al-juicio-electoral\\\/#article\",\"isPartOf\":{\"@id\":\"https:\\\/\\\/politicosaldesnudo.com.mx\\\/index.php\\\/2023\\\/09\\\/13\\\/poder-judicial-al-juicio-electoral\\\/\"},\"author\":{\"name\":\"Redacci\u00f3n Pol\u00edticos\",\"@id\":\"https:\\\/\\\/politicosaldesnudo.com.mx\\\/#\\\/schema\\\/person\\\/ef3a64e561cc3f3f5dc52fab81adde7e\"},\"headline\":\"Poder Judicial al juicio electoral\",\"datePublished\":\"2023-09-13T07:06:17+00:00\",\"mainEntityOfPage\":{\"@id\":\"https:\\\/\\\/politicosaldesnudo.com.mx\\\/index.php\\\/2023\\\/09\\\/13\\\/poder-judicial-al-juicio-electoral\\\/\"},\"wordCount\":924,\"publisher\":{\"@id\":\"https:\\\/\\\/politicosaldesnudo.com.mx\\\/#organization\"},\"image\":{\"@id\":\"https:\\\/\\\/politicosaldesnudo.com.mx\\\/index.php\\\/2023\\\/09\\\/13\\\/poder-judicial-al-juicio-electoral\\\/#primaryimage\"},\"thumbnailUrl\":\"https:\\\/\\\/i0.wp.com\\\/politicosaldesnudo.com.mx\\\/wp-content\\\/uploads\\\/2023\\\/02\\\/ANGEL-ALVARO-PENA1.webp?fit=800%2C445&ssl=1\",\"articleSection\":[\"OPINI\u00d3N\"],\"inLanguage\":\"es\"},{\"@type\":\"WebPage\",\"@id\":\"https:\\\/\\\/politicosaldesnudo.com.mx\\\/index.php\\\/2023\\\/09\\\/13\\\/poder-judicial-al-juicio-electoral\\\/\",\"url\":\"https:\\\/\\\/politicosaldesnudo.com.mx\\\/index.php\\\/2023\\\/09\\\/13\\\/poder-judicial-al-juicio-electoral\\\/\",\"name\":\"Poder Judicial al juicio electoral - Pol\u00edticos al Desnudo\",\"isPartOf\":{\"@id\":\"https:\\\/\\\/politicosaldesnudo.com.mx\\\/#website\"},\"primaryImageOfPage\":{\"@id\":\"https:\\\/\\\/politicosaldesnudo.com.mx\\\/index.php\\\/2023\\\/09\\\/13\\\/poder-judicial-al-juicio-electoral\\\/#primaryimage\"},\"image\":{\"@id\":\"https:\\\/\\\/politicosaldesnudo.com.mx\\\/index.php\\\/2023\\\/09\\\/13\\\/poder-judicial-al-juicio-electoral\\\/#primaryimage\"},\"thumbnailUrl\":\"https:\\\/\\\/i0.wp.com\\\/politicosaldesnudo.com.mx\\\/wp-content\\\/uploads\\\/2023\\\/02\\\/ANGEL-ALVARO-PENA1.webp?fit=800%2C445&ssl=1\",\"datePublished\":\"2023-09-13T07:06:17+00:00\",\"breadcrumb\":{\"@id\":\"https:\\\/\\\/politicosaldesnudo.com.mx\\\/index.php\\\/2023\\\/09\\\/13\\\/poder-judicial-al-juicio-electoral\\\/#breadcrumb\"},\"inLanguage\":\"es\",\"potentialAction\":[{\"@type\":\"ReadAction\",\"target\":[\"https:\\\/\\\/politicosaldesnudo.com.mx\\\/index.php\\\/2023\\\/09\\\/13\\\/poder-judicial-al-juicio-electoral\\\/\"]}]},{\"@type\":\"ImageObject\",\"inLanguage\":\"es\",\"@id\":\"https:\\\/\\\/politicosaldesnudo.com.mx\\\/index.php\\\/2023\\\/09\\\/13\\\/poder-judicial-al-juicio-electoral\\\/#primaryimage\",\"url\":\"https:\\\/\\\/i0.wp.com\\\/politicosaldesnudo.com.mx\\\/wp-content\\\/uploads\\\/2023\\\/02\\\/ANGEL-ALVARO-PENA1.webp?fit=800%2C445&ssl=1\",\"contentUrl\":\"https:\\\/\\\/i0.wp.com\\\/politicosaldesnudo.com.mx\\\/wp-content\\\/uploads\\\/2023\\\/02\\\/ANGEL-ALVARO-PENA1.webp?fit=800%2C445&ssl=1\",\"width\":800,\"height\":445},{\"@type\":\"BreadcrumbList\",\"@id\":\"https:\\\/\\\/politicosaldesnudo.com.mx\\\/index.php\\\/2023\\\/09\\\/13\\\/poder-judicial-al-juicio-electoral\\\/#breadcrumb\",\"itemListElement\":[{\"@type\":\"ListItem\",\"position\":1,\"name\":\"Portada\",\"item\":\"https:\\\/\\\/politicosaldesnudo.com.mx\\\/\"},{\"@type\":\"ListItem\",\"position\":2,\"name\":\"Poder Judicial al juicio electoral\"}]},{\"@type\":\"WebSite\",\"@id\":\"https:\\\/\\\/politicosaldesnudo.com.mx\\\/#website\",\"url\":\"https:\\\/\\\/politicosaldesnudo.com.mx\\\/\",\"name\":\"Pol\u00edticos al Desnudo\",\"description\":\"\",\"publisher\":{\"@id\":\"https:\\\/\\\/politicosaldesnudo.com.mx\\\/#organization\"},\"potentialAction\":[{\"@type\":\"SearchAction\",\"target\":{\"@type\":\"EntryPoint\",\"urlTemplate\":\"https:\\\/\\\/politicosaldesnudo.com.mx\\\/?s={search_term_string}\"},\"query-input\":{\"@type\":\"PropertyValueSpecification\",\"valueRequired\":true,\"valueName\":\"search_term_string\"}}],\"inLanguage\":\"es\"},{\"@type\":\"Organization\",\"@id\":\"https:\\\/\\\/politicosaldesnudo.com.mx\\\/#organization\",\"name\":\"Pol\u00edticos al Desnudo\",\"url\":\"https:\\\/\\\/politicosaldesnudo.com.mx\\\/\",\"logo\":{\"@type\":\"ImageObject\",\"inLanguage\":\"es\",\"@id\":\"https:\\\/\\\/politicosaldesnudo.com.mx\\\/#\\\/schema\\\/logo\\\/image\\\/\",\"url\":\"https:\\\/\\\/i0.wp.com\\\/politicosaldesnudo.com.mx\\\/wp-content\\\/uploads\\\/2026\\\/08\\\/cropped-logo.webp?fit=400%2C126&ssl=1\",\"contentUrl\":\"https:\\\/\\\/i0.wp.com\\\/politicosaldesnudo.com.mx\\\/wp-content\\\/uploads\\\/2026\\\/08\\\/cropped-logo.webp?fit=400%2C126&ssl=1\",\"width\":400,\"height\":126,\"caption\":\"Pol\u00edticos al Desnudo\"},\"image\":{\"@id\":\"https:\\\/\\\/politicosaldesnudo.com.mx\\\/#\\\/schema\\\/logo\\\/image\\\/\"},\"sameAs\":[\"https:\\\/\\\/www.facebook.com\\\/PoliticosAD\"]},{\"@type\":\"Person\",\"@id\":\"https:\\\/\\\/politicosaldesnudo.com.mx\\\/#\\\/schema\\\/person\\\/ef3a64e561cc3f3f5dc52fab81adde7e\",\"name\":\"Redacci\u00f3n Pol\u00edticos\",\"url\":\"https:\\\/\\\/politicosaldesnudo.com.mx\\\/index.php\\\/author\\\/redaccion-politicos\\\/\"}]}<\/script>\n<!-- \/ Yoast SEO plugin. -->","yoast_head_json":{"title":"Poder Judicial al juicio electoral - Pol\u00edticos al Desnudo","robots":{"index":"index","follow":"follow","max-snippet":"max-snippet:-1","max-image-preview":"max-image-preview:large","max-video-preview":"max-video-preview:-1"},"canonical":"https:\/\/politicosaldesnudo.com.mx\/index.php\/2023\/09\/13\/poder-judicial-al-juicio-electoral\/","og_locale":"es_ES","og_type":"article","og_title":"Poder Judicial al juicio electoral - Pol\u00edticos al Desnudo","og_description":"ALMA GRANDE Por \u00c1ngel \u00c1lvaro Pe\u00f1a La democracia es el poder del pueblo, y M\u00e9xico tiene como depositarios del poder [&hellip;]","og_url":"https:\/\/politicosaldesnudo.com.mx\/index.php\/2023\/09\/13\/poder-judicial-al-juicio-electoral\/","og_site_name":"Pol\u00edticos al Desnudo","article_publisher":"https:\/\/www.facebook.com\/PoliticosAD","article_published_time":"2023-09-13T07:06:17+00:00","og_image":[{"width":800,"height":445,"url":"https:\/\/i0.wp.com\/politicosaldesnudo.com.mx\/wp-content\/uploads\/2023\/02\/ANGEL-ALVARO-PENA1.webp?fit=800%2C445&ssl=1","type":"image\/webp"}],"author":"Redacci\u00f3n Pol\u00edticos","twitter_card":"summary_large_image","twitter_misc":{"Escrito por":"Redacci\u00f3n Pol\u00edticos","Tiempo de lectura":"5 minutos"},"schema":{"@context":"https:\/\/schema.org","@graph":[{"@type":"Article","@id":"https:\/\/politicosaldesnudo.com.mx\/index.php\/2023\/09\/13\/poder-judicial-al-juicio-electoral\/#article","isPartOf":{"@id":"https:\/\/politicosaldesnudo.com.mx\/index.php\/2023\/09\/13\/poder-judicial-al-juicio-electoral\/"},"author":{"name":"Redacci\u00f3n Pol\u00edticos","@id":"https:\/\/politicosaldesnudo.com.mx\/#\/schema\/person\/ef3a64e561cc3f3f5dc52fab81adde7e"},"headline":"Poder Judicial al juicio electoral","datePublished":"2023-09-13T07:06:17+00:00","mainEntityOfPage":{"@id":"https:\/\/politicosaldesnudo.com.mx\/index.php\/2023\/09\/13\/poder-judicial-al-juicio-electoral\/"},"wordCount":924,"publisher":{"@id":"https:\/\/politicosaldesnudo.com.mx\/#organization"},"image":{"@id":"https:\/\/politicosaldesnudo.com.mx\/index.php\/2023\/09\/13\/poder-judicial-al-juicio-electoral\/#primaryimage"},"thumbnailUrl":"https:\/\/i0.wp.com\/politicosaldesnudo.com.mx\/wp-content\/uploads\/2023\/02\/ANGEL-ALVARO-PENA1.webp?fit=800%2C445&ssl=1","articleSection":["OPINI\u00d3N"],"inLanguage":"es"},{"@type":"WebPage","@id":"https:\/\/politicosaldesnudo.com.mx\/index.php\/2023\/09\/13\/poder-judicial-al-juicio-electoral\/","url":"https:\/\/politicosaldesnudo.com.mx\/index.php\/2023\/09\/13\/poder-judicial-al-juicio-electoral\/","name":"Poder Judicial al juicio electoral - Pol\u00edticos al Desnudo","isPartOf":{"@id":"https:\/\/politicosaldesnudo.com.mx\/#website"},"primaryImageOfPage":{"@id":"https:\/\/politicosaldesnudo.com.mx\/index.php\/2023\/09\/13\/poder-judicial-al-juicio-electoral\/#primaryimage"},"image":{"@id":"https:\/\/politicosaldesnudo.com.mx\/index.php\/2023\/09\/13\/poder-judicial-al-juicio-electoral\/#primaryimage"},"thumbnailUrl":"https:\/\/i0.wp.com\/politicosaldesnudo.com.mx\/wp-content\/uploads\/2023\/02\/ANGEL-ALVARO-PENA1.webp?fit=800%2C445&ssl=1","datePublished":"2023-09-13T07:06:17+00:00","breadcrumb":{"@id":"https:\/\/politicosaldesnudo.com.mx\/index.php\/2023\/09\/13\/poder-judicial-al-juicio-electoral\/#breadcrumb"},"inLanguage":"es","potentialAction":[{"@type":"ReadAction","target":["https:\/\/politicosaldesnudo.com.mx\/index.php\/2023\/09\/13\/poder-judicial-al-juicio-electoral\/"]}]},{"@type":"ImageObject","inLanguage":"es","@id":"https:\/\/politicosaldesnudo.com.mx\/index.php\/2023\/09\/13\/poder-judicial-al-juicio-electoral\/#primaryimage","url":"https:\/\/i0.wp.com\/politicosaldesnudo.com.mx\/wp-content\/uploads\/2023\/02\/ANGEL-ALVARO-PENA1.webp?fit=800%2C445&ssl=1","contentUrl":"https:\/\/i0.wp.com\/politicosaldesnudo.com.mx\/wp-content\/uploads\/2023\/02\/ANGEL-ALVARO-PENA1.webp?fit=800%2C445&ssl=1","width":800,"height":445},{"@type":"BreadcrumbList","@id":"https:\/\/politicosaldesnudo.com.mx\/index.php\/2023\/09\/13\/poder-judicial-al-juicio-electoral\/#breadcrumb","itemListElement":[{"@type":"ListItem","position":1,"name":"Portada","item":"https:\/\/politicosaldesnudo.com.mx\/"},{"@type":"ListItem","position":2,"name":"Poder Judicial al juicio electoral"}]},{"@type":"WebSite","@id":"https:\/\/politicosaldesnudo.com.mx\/#website","url":"https:\/\/politicosaldesnudo.com.mx\/","name":"Pol\u00edticos al Desnudo","description":"","publisher":{"@id":"https:\/\/politicosaldesnudo.com.mx\/#organization"},"potentialAction":[{"@type":"SearchAction","target":{"@type":"EntryPoint","urlTemplate":"https:\/\/politicosaldesnudo.com.mx\/?s={search_term_string}"},"query-input":{"@type":"PropertyValueSpecification","valueRequired":true,"valueName":"search_term_string"}}],"inLanguage":"es"},{"@type":"Organization","@id":"https:\/\/politicosaldesnudo.com.mx\/#organization","name":"Pol\u00edticos al Desnudo","url":"https:\/\/politicosaldesnudo.com.mx\/","logo":{"@type":"ImageObject","inLanguage":"es","@id":"https:\/\/politicosaldesnudo.com.mx\/#\/schema\/logo\/image\/","url":"https:\/\/i0.wp.com\/politicosaldesnudo.com.mx\/wp-content\/uploads\/2026\/08\/cropped-logo.webp?fit=400%2C126&ssl=1","contentUrl":"https:\/\/i0.wp.com\/politicosaldesnudo.com.mx\/wp-content\/uploads\/2026\/08\/cropped-logo.webp?fit=400%2C126&ssl=1","width":400,"height":126,"caption":"Pol\u00edticos al Desnudo"},"image":{"@id":"https:\/\/politicosaldesnudo.com.mx\/#\/schema\/logo\/image\/"},"sameAs":["https:\/\/www.facebook.com\/PoliticosAD"]},{"@type":"Person","@id":"https:\/\/politicosaldesnudo.com.mx\/#\/schema\/person\/ef3a64e561cc3f3f5dc52fab81adde7e","name":"Redacci\u00f3n Pol\u00edticos","url":"https:\/\/politicosaldesnudo.com.mx\/index.php\/author\/redaccion-politicos\/"}]}},"jetpack_publicize_connections":[],"jetpack-related-posts":[{"id":87359,"url":"https:\/\/politicosaldesnudo.com.mx\/index.php\/2026\/07\/29\/estulticia-del-estado\/","url_meta":{"origin":23807,"position":0},"title":"Estulticia del estado","author":"Redacci\u00f3n Pol\u00edticos","date":"29 de julio de 2026","format":false,"excerpt":"Dentro de la abogac\u00eda independiente de la Federaci\u00f3n existe una preocupaci\u00f3n manifiesta por mejorar las instituciones de impartici\u00f3n de justicia, en verdad que hay problemas por resolver, sin embargo, los indicadores del Movimiento de Regeneraci\u00f3n Nacional son claros, vamos hacia la destrucci\u00f3n de la independencia del Poder Judicial Federal. Para\u2026","rel":"","context":"En \u00abOPINI\u00d3N\u00bb","block_context":{"text":"OPINI\u00d3N","link":"https:\/\/politicosaldesnudo.com.mx\/index.php\/category\/columnistas\/"},"img":{"alt_text":"","src":"https:\/\/i0.wp.com\/politicosaldesnudo.com.mx\/wp-content\/uploads\/2026\/03\/WOODLRICH.jpg?fit=800%2C445&ssl=1&resize=350%2C200","width":350,"height":200,"srcset":"https:\/\/i0.wp.com\/politicosaldesnudo.com.mx\/wp-content\/uploads\/2026\/03\/WOODLRICH.jpg?fit=800%2C445&ssl=1&resize=350%2C200 1x, https:\/\/i0.wp.com\/politicosaldesnudo.com.mx\/wp-content\/uploads\/2026\/03\/WOODLRICH.jpg?fit=800%2C445&ssl=1&resize=525%2C300 1.5x, https:\/\/i0.wp.com\/politicosaldesnudo.com.mx\/wp-content\/uploads\/2026\/03\/WOODLRICH.jpg?fit=800%2C445&ssl=1&resize=700%2C400 2x"},"classes":[]},{"id":88122,"url":"https:\/\/politicosaldesnudo.com.mx\/index.php\/2026\/08\/28\/asi-cambiara-el-poder-judicial-de-veracruz\/","url_meta":{"origin":23807,"position":1},"title":"As\u00ed cambiar\u00e1 el Poder Judicial de Veracruz","author":"Redacci\u00f3n Pol\u00edticos","date":"28 de agosto de 2026","format":false,"excerpt":"ALMA GRANDE POR: \u00c1NGEL \u00c1LVARO PE\u00d1A El Poder Judicial de Veracruz est\u00e1 a punto de cambiar de manera profunda. El Congreso del Estado aprob\u00f3 una reforma a su Ley Org\u00e1nica que establece las reglas para magistraturas y judicaturas electas por voto popular, adem\u00e1s de modificar la integraci\u00f3n de las presidencias\u2026","rel":"","context":"En \u00abOPINI\u00d3N\u00bb","block_context":{"text":"OPINI\u00d3N","link":"https:\/\/politicosaldesnudo.com.mx\/index.php\/category\/columnistas\/"},"img":{"alt_text":"","src":"https:\/\/i0.wp.com\/politicosaldesnudo.com.mx\/wp-content\/uploads\/2026\/08\/AG-2808.png?fit=1200%2C658&ssl=1&resize=350%2C200","width":350,"height":200,"srcset":"https:\/\/i0.wp.com\/politicosaldesnudo.com.mx\/wp-content\/uploads\/2026\/08\/AG-2808.png?fit=1200%2C658&ssl=1&resize=350%2C200 1x, https:\/\/i0.wp.com\/politicosaldesnudo.com.mx\/wp-content\/uploads\/2026\/08\/AG-2808.png?fit=1200%2C658&ssl=1&resize=525%2C300 1.5x, https:\/\/i0.wp.com\/politicosaldesnudo.com.mx\/wp-content\/uploads\/2026\/08\/AG-2808.png?fit=1200%2C658&ssl=1&resize=700%2C400 2x, https:\/\/i0.wp.com\/politicosaldesnudo.com.mx\/wp-content\/uploads\/2026\/08\/AG-2808.png?fit=1200%2C658&ssl=1&resize=1050%2C600 3x"},"classes":[]},{"id":88022,"url":"https:\/\/politicosaldesnudo.com.mx\/index.php\/2026\/08\/24\/34-horas-entre-washington-y-palacio-nacional\/","url_meta":{"origin":23807,"position":2},"title":"34 horas entre Washington y Palacio Nacional","author":"Redacci\u00f3n Pol\u00edticos","date":"24 de agosto de 2026","format":false,"excerpt":"MEDIACIONES Por: Zaira Rosas zairosas.22@gmail.com Rub\u00e9n Rocha Moya necesit\u00f3 apenas 34 horas para comprobar que volver al gobierno no era lo mismo que volver al poder. Despu\u00e9s de 112 d\u00edas de licencia, regres\u00f3 a la gubernatura de Sinaloa y, poco m\u00e1s de un d\u00eda despu\u00e9s, volvi\u00f3 a separarse del cargo.\u2026","rel":"","context":"En \u00abOPINI\u00d3N\u00bb","block_context":{"text":"OPINI\u00d3N","link":"https:\/\/politicosaldesnudo.com.mx\/index.php\/category\/columnistas\/"},"img":{"alt_text":"","src":"https:\/\/i0.wp.com\/politicosaldesnudo.com.mx\/wp-content\/uploads\/2026\/08\/zaira-2308-scaled.png?fit=1200%2C659&ssl=1&resize=350%2C200","width":350,"height":200,"srcset":"https:\/\/i0.wp.com\/politicosaldesnudo.com.mx\/wp-content\/uploads\/2026\/08\/zaira-2308-scaled.png?fit=1200%2C659&ssl=1&resize=350%2C200 1x, https:\/\/i0.wp.com\/politicosaldesnudo.com.mx\/wp-content\/uploads\/2026\/08\/zaira-2308-scaled.png?fit=1200%2C659&ssl=1&resize=525%2C300 1.5x, https:\/\/i0.wp.com\/politicosaldesnudo.com.mx\/wp-content\/uploads\/2026\/08\/zaira-2308-scaled.png?fit=1200%2C659&ssl=1&resize=700%2C400 2x, https:\/\/i0.wp.com\/politicosaldesnudo.com.mx\/wp-content\/uploads\/2026\/08\/zaira-2308-scaled.png?fit=1200%2C659&ssl=1&resize=1050%2C600 3x"},"classes":[]},{"id":54099,"url":"https:\/\/politicosaldesnudo.com.mx\/index.php\/2025\/01\/10\/oposicion-de-florero\/","url_meta":{"origin":23807,"position":3},"title":"Oposici\u00f3n de florero","author":"Redacci\u00f3n Pol\u00edticos","date":"10 de enero de 2025","format":false,"excerpt":"ALMA GRANDE Por \u00c1ngel \u00c1lvaro Pe\u00f1a La oposici\u00f3n desconoce su papel en la historia, producto de que nunca se enter\u00f3 de la responsabilidad social de esta fuerza. As\u00ed, vemos que en el legislativo es donde m\u00e1s se acent\u00faa la ignorancia sobre el rol parlamentario de esta fuerza y de su\u2026","rel":"","context":"En \u00abOPINI\u00d3N\u00bb","block_context":{"text":"OPINI\u00d3N","link":"https:\/\/politicosaldesnudo.com.mx\/index.php\/category\/columnistas\/"},"img":{"alt_text":"","src":"https:\/\/i0.wp.com\/politicosaldesnudo.com.mx\/wp-content\/uploads\/2024\/12\/BANNER-LOPEZ-DORIGA-DIGITAL-1.jpg?fit=800%2C445&ssl=1&resize=350%2C200","width":350,"height":200,"srcset":"https:\/\/i0.wp.com\/politicosaldesnudo.com.mx\/wp-content\/uploads\/2024\/12\/BANNER-LOPEZ-DORIGA-DIGITAL-1.jpg?fit=800%2C445&ssl=1&resize=350%2C200 1x, https:\/\/i0.wp.com\/politicosaldesnudo.com.mx\/wp-content\/uploads\/2024\/12\/BANNER-LOPEZ-DORIGA-DIGITAL-1.jpg?fit=800%2C445&ssl=1&resize=525%2C300 1.5x, https:\/\/i0.wp.com\/politicosaldesnudo.com.mx\/wp-content\/uploads\/2024\/12\/BANNER-LOPEZ-DORIGA-DIGITAL-1.jpg?fit=800%2C445&ssl=1&resize=700%2C400 2x"},"classes":[]},{"id":87624,"url":"https:\/\/politicosaldesnudo.com.mx\/index.php\/2026\/08\/10\/recrimine-a-la-reforma-judicial\/","url_meta":{"origin":23807,"position":4},"title":"Recrimine a la reforma judicial","author":"Redacci\u00f3n Pol\u00edticos","date":"10 de agosto de 2026","format":false,"excerpt":"Por: Lic. Alberto Woolrich Ortiz No obstante que hasta la fecha el segundo piso de la Cuarta Transformaci\u00f3n de la Naci\u00f3n no ha dado visos de modificar su mala forma de gobernanza; la justicia y la probidad siguen teniendo millones de partidarios entre los que destacan algunos impartidores de justicia\u2026","rel":"","context":"En \u00abOPINI\u00d3N\u00bb","block_context":{"text":"OPINI\u00d3N","link":"https:\/\/politicosaldesnudo.com.mx\/index.php\/category\/columnistas\/"},"img":{"alt_text":"","src":"https:\/\/i0.wp.com\/politicosaldesnudo.com.mx\/wp-content\/uploads\/2026\/03\/WOODLRICH.jpg?fit=800%2C445&ssl=1&resize=350%2C200","width":350,"height":200,"srcset":"https:\/\/i0.wp.com\/politicosaldesnudo.com.mx\/wp-content\/uploads\/2026\/03\/WOODLRICH.jpg?fit=800%2C445&ssl=1&resize=350%2C200 1x, https:\/\/i0.wp.com\/politicosaldesnudo.com.mx\/wp-content\/uploads\/2026\/03\/WOODLRICH.jpg?fit=800%2C445&ssl=1&resize=525%2C300 1.5x, https:\/\/i0.wp.com\/politicosaldesnudo.com.mx\/wp-content\/uploads\/2026\/03\/WOODLRICH.jpg?fit=800%2C445&ssl=1&resize=700%2C400 2x"},"classes":[]},{"id":88288,"url":"https:\/\/politicosaldesnudo.com.mx\/index.php\/2026\/09\/02\/jus-semper-loquitur\/","url_meta":{"origin":23807,"position":5},"title":"JUS SEMPER LOQUITUR","author":"Redacci\u00f3n Pol\u00edticos","date":"2 de septiembre de 2026","format":false,"excerpt":"Lic. Alberto Woolrich Ortiz En libros de derecho muy antiguos aparece escrito con claridad De ommi re scibili et quidbusdam aliis, lo que traducido al lenguaje de los juristas dice: \u201cde las cosas que se pueden saber y de algunas m\u00e1s\u201d. Hoy todos los mexicanos estamos al corriente y entendemos\u2026","rel":"","context":"En \u00abOPINI\u00d3N\u00bb","block_context":{"text":"OPINI\u00d3N","link":"https:\/\/politicosaldesnudo.com.mx\/index.php\/category\/columnistas\/"},"img":{"alt_text":"","src":"https:\/\/i0.wp.com\/politicosaldesnudo.com.mx\/wp-content\/uploads\/2026\/09\/woolrich-0209.png?fit=1200%2C659&ssl=1&resize=350%2C200","width":350,"height":200,"srcset":"https:\/\/i0.wp.com\/politicosaldesnudo.com.mx\/wp-content\/uploads\/2026\/09\/woolrich-0209.png?fit=1200%2C659&ssl=1&resize=350%2C200 1x, https:\/\/i0.wp.com\/politicosaldesnudo.com.mx\/wp-content\/uploads\/2026\/09\/woolrich-0209.png?fit=1200%2C659&ssl=1&resize=525%2C300 1.5x, https:\/\/i0.wp.com\/politicosaldesnudo.com.mx\/wp-content\/uploads\/2026\/09\/woolrich-0209.png?fit=1200%2C659&ssl=1&resize=700%2C400 2x, https:\/\/i0.wp.com\/politicosaldesnudo.com.mx\/wp-content\/uploads\/2026\/09\/woolrich-0209.png?fit=1200%2C659&ssl=1&resize=1050%2C600 3x"},"classes":[]}],"jetpack_sharing_enabled":true,"jetpack_featured_media_url":"https:\/\/i0.wp.com\/politicosaldesnudo.com.mx\/wp-content\/uploads\/2023\/02\/ANGEL-ALVARO-PENA1.webp?fit=800%2C445&ssl=1","_links":{"self":[{"href":"https:\/\/politicosaldesnudo.com.mx\/index.php\/wp-json\/wp\/v2\/posts\/23807","targetHints":{"allow":["GET"]}}],"collection":[{"href":"https:\/\/politicosaldesnudo.com.mx\/index.php\/wp-json\/wp\/v2\/posts"}],"about":[{"href":"https:\/\/politicosaldesnudo.com.mx\/index.php\/wp-json\/wp\/v2\/types\/post"}],"author":[{"embeddable":true,"href":"https:\/\/politicosaldesnudo.com.mx\/index.php\/wp-json\/wp\/v2\/users\/4"}],"replies":[{"embeddable":true,"href":"https:\/\/politicosaldesnudo.com.mx\/index.php\/wp-json\/wp\/v2\/comments?post=23807"}],"version-history":[{"count":0,"href":"https:\/\/politicosaldesnudo.com.mx\/index.php\/wp-json\/wp\/v2\/posts\/23807\/revisions"}],"wp:featuredmedia":[{"embeddable":true,"href":"https:\/\/politicosaldesnudo.com.mx\/index.php\/wp-json\/wp\/v2\/media\/15807"}],"wp:attachment":[{"href":"https:\/\/politicosaldesnudo.com.mx\/index.php\/wp-json\/wp\/v2\/media?parent=23807"}],"wp:term":[{"taxonomy":"category","embeddable":true,"href":"https:\/\/politicosaldesnudo.com.mx\/index.php\/wp-json\/wp\/v2\/categories?post=23807"},{"taxonomy":"post_tag","embeddable":true,"href":"https:\/\/politicosaldesnudo.com.mx\/index.php\/wp-json\/wp\/v2\/tags?post=23807"}],"curies":[{"name":"wp","href":"https:\/\/api.w.org\/{rel}","templated":true}]}}