{"id":23901,"date":"2023-09-20T01:18:53","date_gmt":"2023-09-20T06:18:53","guid":{"rendered":"https:\/\/politicosaldesnudo.com.mx\/?p=23901"},"modified":"2023-09-20T01:18:53","modified_gmt":"2023-09-20T06:18:53","slug":"el-garrote-la-especialidad-de-cuitlahuac","status":"publish","type":"post","link":"https:\/\/politicosaldesnudo.com.mx\/index.php\/2023\/09\/20\/el-garrote-la-especialidad-de-cuitlahuac\/","title":{"rendered":"El garrote, la especialidad de Cuitl\u00e1huac"},"content":{"rendered":"<p><span style=\"font-size: 14pt; font-family: verdana, geneva, sans-serif;\"><strong>R\u00fabrica<\/strong><\/span><\/p>\n<p><span style=\"font-size: 14pt; font-family: verdana, geneva, sans-serif;\"><strong>Por Aurelio Contreras Moreno<\/strong><\/span><\/p>\n<p><span style=\"font-size: 14pt; font-family: verdana, geneva, sans-serif;\">A estas alturas del sexenio, est\u00e1 de m\u00e1s recordar que alguna vez Cuitl\u00e1huac Garc\u00eda Jim\u00e9nez fue un activista pol\u00edtico y social que parec\u00eda comprometido con causas justas. Claramente, si eso fue real en un momento de su vida, no existe m\u00e1s.<\/span><\/p>\n<p><span style=\"font-size: 14pt; font-family: verdana, geneva, sans-serif;\">En lo que se ha convertido, totalmente ebrio de poder, es en uno de los gobernantes m\u00e1s autoritarios de todo el pa\u00eds, e incluso de la historia del estado de Veracruz. Obtuso, ignorante y acomplejado, Cuitl\u00e1huac Garc\u00eda Jim\u00e9nez parece disfrutar su papel de represor, en particular de quienes considera enemigos. Pero tambi\u00e9n de los m\u00e1s indefensos, de los que se atreven a demandar, casi nada, que cumpla con la responsabilidad que \u00e9l mismo busc\u00f3 tener cuando pidi\u00f3 el voto hace cinco a\u00f1os.<\/span><\/p>\n<p><span style=\"font-size: 14pt; font-family: verdana, geneva, sans-serif;\">Este martes, <strong>pobladores del municipio de Naranjos, al norte de la entidad, fueron desalojados con violencia por polic\u00edas estatales, luego de mantener <\/strong>bloqueada la carretera federal 180 y despu\u00e9s, ante la indolencia gubernamental, la caseta de la autopista\u00a0<strong>Tuxpan-Tampico<\/strong>.<\/span><\/p>\n<p><span style=\"font-size: 14pt; font-family: verdana, geneva, sans-serif;\">Lo que los manifestantes ped\u00edan desde el lunes, sin que nadie les hiciera el m\u00ednimo caso, era la cobertura de un derecho humano b\u00e1sico: agua. En su lugar, recibieron del gobierno estatal gas lacrim\u00f3geno, macanazos y varios de ellos, ser refundidos en una c\u00e1rcel.<\/span><\/p>\n<p><span style=\"font-size: 14pt; font-family: verdana, geneva, sans-serif;\">\u00c9sa fue la respuesta gorilesca del gobernador que presume de dizque \u201chumanista\u201d, que encabeza una administraci\u00f3n supuestamente \u201cprogresista\u201d, pero que en los hechos se comporta como un verdadero \u201cfacho\u201d, como los de su pandilla suelen referirse a quienes, por no pensar como ellos, tachan de fascistas. Quiz\u00e1s porque se identifican con eso m\u00e1s de lo que est\u00e1n dispuestos a admitir.<\/span><\/p>\n<p><span style=\"font-size: 14pt; font-family: verdana, geneva, sans-serif;\">No es la primera, y seguramente tampoco ser\u00e1 la \u00faltima vez que Cuitl\u00e1huac Garc\u00eda ordene reprimir a la poblaci\u00f3n veracruzana. Lo ha hecho contra maestros \u2013gremio del que \u00e9l mismo sali\u00f3-, contra bur\u00f3cratas del estado \u2013a los que no tiene empacho en usar como carne de ca\u00f1\u00f3n electoral-, contra ciudadanos de a pie que se atrevieron a protestar por cualquier cosa en la que su administraci\u00f3n ha sido abusiva o al menos omisa y, en el colmo autoritario, se invent\u00f3 una ley para aplicarle la \u201cley del garrote\u201d a quien sea que se atreva a desafiar al r\u00e9gimen que encabeza, cada vez m\u00e1s podrido y corrupto. Y desesperado por garantizarse impunidad.<\/span><\/p>\n<p><span style=\"font-size: 14pt; font-family: verdana, geneva, sans-serif;\">Que en el gobierno estatal se atrevan a reprimir a la poblaci\u00f3n en la v\u00edspera del proceso electoral, con candidaturas por definir, solo significa que est\u00e1n dispuestos a hacer lo que sea, legal o no, para mantenerse en el poder. Y si alguien osa reclamar o protestar por sus abusos, trapacer\u00edas e irresponsabilidades, esto es lo que va a recibir.<\/span><\/p>\n<p><span style=\"font-size: 14pt; font-family: verdana, geneva, sans-serif;\">El garrote, la especialidad de Cuitl\u00e1huac.<\/span><\/p>\n<p><span style=\"font-size: 14pt; font-family: verdana, geneva, sans-serif;\"><strong>Campa\u00f1as por cuenta del erario<\/strong><\/span><\/p>\n<p><span style=\"font-size: 14pt; font-family: verdana, geneva, sans-serif;\">Y como ya nada nos sorprende de los \u201ctetratransformados\u201d, solo resta condenar la vulgar simulaci\u00f3n de su \u201cproceso interno\u201d para definir candidaturas a las gubernaturas, al margen de la ley y abusando del poder de manera realmente repugnante.<\/span><\/p>\n<p><span style=\"font-size: 14pt; font-family: verdana, geneva, sans-serif;\">Resulta que quienes aspiren a las candidaturas de Morena a gobernador, a las diputaciones locales y federales o a las senadur\u00edas, podr\u00e1n participar en esos procesos internos y hacer proselitismo sin renunciar a sus cargos p\u00fablicos, quienes los tengan.<\/span><\/p>\n<p><span style=\"font-size: 14pt; font-family: verdana, geneva, sans-serif;\">O lo que es lo mismo, van a dedicarse a la \u201cgrilla electoral\u201d el resto del a\u00f1o, pero cobrando por un trabajo que no van a desempe\u00f1ar. Har\u00e1n campa\u00f1as pagadas por el erario, mientras el servicio p\u00fablico se deja al garete.<\/span><\/p>\n<p><span style=\"font-size: 14pt; font-family: verdana, geneva, sans-serif;\">M\u00e1s sinverg\u00fcenzas no se puede.<\/span><\/p>\n<p>&nbsp;<\/p>\n<p><span style=\"font-size: 14pt; font-family: verdana, geneva, sans-serif;\">Email: <a href=\"mailto:aureliocontreras@gmail.com\">aureliocontreras@gmail.com<\/a><\/span><\/p>\n<p><span style=\"font-size: 14pt; font-family: verdana, geneva, sans-serif;\">Twitter: @yeyocontreras<\/span><\/p>\n","protected":false},"excerpt":{"rendered":"<p>R\u00fabrica Por Aurelio Contreras Moreno A estas alturas del sexenio, est\u00e1 de m\u00e1s recordar que alguna vez Cuitl\u00e1huac Garc\u00eda Jim\u00e9nez [&hellip;]<\/p>\n","protected":false},"author":4,"featured_media":3786,"comment_status":"closed","ping_status":"closed","sticky":false,"template":"","format":"standard","meta":{"site-sidebar-layout":"default","site-content-layout":"","ast-site-content-layout":"default","site-content-style":"default","site-sidebar-style":"default","ast-global-header-display":"","ast-banner-title-visibility":"","ast-main-header-display":"","ast-hfb-above-header-display":"","ast-hfb-below-header-display":"","ast-hfb-mobile-header-display":"","site-post-title":"","ast-breadcrumbs-content":"","ast-featured-img":"","footer-sml-layout":"","ast-disable-related-posts":"","theme-transparent-header-meta":"","adv-header-id-meta":"","stick-header-meta":"","header-above-stick-meta":"","header-main-stick-meta":"","header-below-stick-meta":"","astra-migrate-meta-layouts":"default","ast-page-background-enabled":"default","ast-page-background-meta":{"desktop":{"background-color":"var(--ast-global-color-5)","background-image":"","background-repeat":"repeat","background-position":"center center","background-size":"auto","background-attachment":"scroll","background-type":"","background-media":"","overlay-type":"","overlay-color":"","overlay-opacity":"","overlay-gradient":""},"tablet":{"background-color":"","background-image":"","background-repeat":"repeat","background-position":"center center","background-size":"auto","background-attachment":"scroll","background-type":"","background-media":"","overlay-type":"","overlay-color":"","overlay-opacity":"","overlay-gradient":""},"mobile":{"background-color":"","background-image":"","background-repeat":"repeat","background-position":"center center","background-size":"auto","background-attachment":"scroll","background-type":"","background-media":"","overlay-type":"","overlay-color":"","overlay-opacity":"","overlay-gradient":""}},"ast-content-background-meta":{"desktop":{"background-color":"var(--ast-global-color-4)","background-image":"","background-repeat":"repeat","background-position":"center center","background-size":"auto","background-attachment":"scroll","background-type":"","background-media":"","overlay-type":"","overlay-color":"","overlay-opacity":"","overlay-gradient":""},"tablet":{"background-color":"var(--ast-global-color-4)","background-image":"","background-repeat":"repeat","background-position":"center center","background-size":"auto","background-attachment":"scroll","background-type":"","background-media":"","overlay-type":"","overlay-color":"","overlay-opacity":"","overlay-gradient":""},"mobile":{"background-color":"var(--ast-global-color-4)","background-image":"","background-repeat":"repeat","background-position":"center center","background-size":"auto","background-attachment":"scroll","background-type":"","background-media":"","overlay-type":"","overlay-color":"","overlay-opacity":"","overlay-gradient":""}},"_jetpack_newsletter_access":"","_jetpack_dont_email_post_to_subs":false,"_jetpack_newsletter_tier_id":0,"_jetpack_memberships_contains_paywalled_content":false,"_jetpack_feature_clip_id":0,"_jetpack_memberships_contains_paid_content":false,"footnotes":"","jetpack_publicize_message":"","jetpack_publicize_feature_enabled":true,"jetpack_social_post_already_shared":false,"jetpack_social_options":{"image_generator_settings":{"template":"highway","default_image_id":0,"font":"","enabled":false},"version":2},"jetpack_post_was_ever_published":false},"categories":[26],"tags":[],"class_list":["post-23901","post","type-post","status-publish","format-standard","has-post-thumbnail","hentry","category-columnistas"],"yoast_head":"<!-- This site is optimized with the Yoast SEO plugin v28.3 - https:\/\/yoast.com\/product\/yoast-seo-wordpress\/ -->\n<title>El garrote, la especialidad de Cuitl\u00e1huac - Pol\u00edticos al Desnudo<\/title>\n<meta name=\"robots\" content=\"index, follow, max-snippet:-1, max-image-preview:large, max-video-preview:-1\" \/>\n<link rel=\"canonical\" href=\"https:\/\/politicosaldesnudo.com.mx\/index.php\/2023\/09\/20\/el-garrote-la-especialidad-de-cuitlahuac\/\" \/>\n<meta property=\"og:locale\" content=\"es_ES\" \/>\n<meta property=\"og:type\" content=\"article\" \/>\n<meta property=\"og:title\" content=\"El garrote, la especialidad de Cuitl\u00e1huac - Pol\u00edticos al Desnudo\" \/>\n<meta property=\"og:description\" content=\"R\u00fabrica Por Aurelio Contreras Moreno A estas alturas del sexenio, est\u00e1 de m\u00e1s recordar que alguna vez Cuitl\u00e1huac Garc\u00eda Jim\u00e9nez [&hellip;]\" \/>\n<meta property=\"og:url\" content=\"https:\/\/politicosaldesnudo.com.mx\/index.php\/2023\/09\/20\/el-garrote-la-especialidad-de-cuitlahuac\/\" \/>\n<meta property=\"og:site_name\" content=\"Pol\u00edticos al Desnudo\" \/>\n<meta property=\"article:publisher\" content=\"https:\/\/www.facebook.com\/PoliticosAD\" \/>\n<meta property=\"article:published_time\" content=\"2023-09-20T06:18:53+00:00\" \/>\n<meta property=\"og:image\" content=\"https:\/\/i0.wp.com\/politicosaldesnudo.com.mx\/wp-content\/uploads\/2022\/04\/AURELIO-CONTRERAS-MORENO.png?fit=1816%2C1016&ssl=1\" \/>\n\t<meta property=\"og:image:width\" content=\"1816\" \/>\n\t<meta property=\"og:image:height\" content=\"1016\" \/>\n\t<meta property=\"og:image:type\" content=\"image\/png\" \/>\n<meta name=\"author\" content=\"Redacci\u00f3n Pol\u00edticos\" \/>\n<meta name=\"twitter:card\" content=\"summary_large_image\" \/>\n<meta name=\"twitter:label1\" content=\"Escrito por\" \/>\n\t<meta name=\"twitter:data1\" content=\"Redacci\u00f3n Pol\u00edticos\" \/>\n\t<meta name=\"twitter:label2\" content=\"Tiempo de lectura\" \/>\n\t<meta name=\"twitter:data2\" content=\"3 minutos\" \/>\n<script type=\"application\/ld+json\" class=\"yoast-schema-graph\">{\"@context\":\"https:\\\/\\\/schema.org\",\"@graph\":[{\"@type\":\"Article\",\"@id\":\"https:\\\/\\\/politicosaldesnudo.com.mx\\\/index.php\\\/2023\\\/09\\\/20\\\/el-garrote-la-especialidad-de-cuitlahuac\\\/#article\",\"isPartOf\":{\"@id\":\"https:\\\/\\\/politicosaldesnudo.com.mx\\\/index.php\\\/2023\\\/09\\\/20\\\/el-garrote-la-especialidad-de-cuitlahuac\\\/\"},\"author\":{\"name\":\"Redacci\u00f3n Pol\u00edticos\",\"@id\":\"https:\\\/\\\/politicosaldesnudo.com.mx\\\/#\\\/schema\\\/person\\\/ef3a64e561cc3f3f5dc52fab81adde7e\"},\"headline\":\"El garrote, la especialidad de Cuitl\u00e1huac\",\"datePublished\":\"2023-09-20T06:18:53+00:00\",\"mainEntityOfPage\":{\"@id\":\"https:\\\/\\\/politicosaldesnudo.com.mx\\\/index.php\\\/2023\\\/09\\\/20\\\/el-garrote-la-especialidad-de-cuitlahuac\\\/\"},\"wordCount\":642,\"publisher\":{\"@id\":\"https:\\\/\\\/politicosaldesnudo.com.mx\\\/#organization\"},\"image\":{\"@id\":\"https:\\\/\\\/politicosaldesnudo.com.mx\\\/index.php\\\/2023\\\/09\\\/20\\\/el-garrote-la-especialidad-de-cuitlahuac\\\/#primaryimage\"},\"thumbnailUrl\":\"https:\\\/\\\/i0.wp.com\\\/politicosaldesnudo.com.mx\\\/wp-content\\\/uploads\\\/2022\\\/04\\\/AURELIO-CONTRERAS-MORENO.png?fit=1816%2C1016&ssl=1\",\"articleSection\":[\"OPINI\u00d3N\"],\"inLanguage\":\"es\"},{\"@type\":\"WebPage\",\"@id\":\"https:\\\/\\\/politicosaldesnudo.com.mx\\\/index.php\\\/2023\\\/09\\\/20\\\/el-garrote-la-especialidad-de-cuitlahuac\\\/\",\"url\":\"https:\\\/\\\/politicosaldesnudo.com.mx\\\/index.php\\\/2023\\\/09\\\/20\\\/el-garrote-la-especialidad-de-cuitlahuac\\\/\",\"name\":\"El garrote, la especialidad de Cuitl\u00e1huac - Pol\u00edticos al Desnudo\",\"isPartOf\":{\"@id\":\"https:\\\/\\\/politicosaldesnudo.com.mx\\\/#website\"},\"primaryImageOfPage\":{\"@id\":\"https:\\\/\\\/politicosaldesnudo.com.mx\\\/index.php\\\/2023\\\/09\\\/20\\\/el-garrote-la-especialidad-de-cuitlahuac\\\/#primaryimage\"},\"image\":{\"@id\":\"https:\\\/\\\/politicosaldesnudo.com.mx\\\/index.php\\\/2023\\\/09\\\/20\\\/el-garrote-la-especialidad-de-cuitlahuac\\\/#primaryimage\"},\"thumbnailUrl\":\"https:\\\/\\\/i0.wp.com\\\/politicosaldesnudo.com.mx\\\/wp-content\\\/uploads\\\/2022\\\/04\\\/AURELIO-CONTRERAS-MORENO.png?fit=1816%2C1016&ssl=1\",\"datePublished\":\"2023-09-20T06:18:53+00:00\",\"breadcrumb\":{\"@id\":\"https:\\\/\\\/politicosaldesnudo.com.mx\\\/index.php\\\/2023\\\/09\\\/20\\\/el-garrote-la-especialidad-de-cuitlahuac\\\/#breadcrumb\"},\"inLanguage\":\"es\",\"potentialAction\":[{\"@type\":\"ReadAction\",\"target\":[\"https:\\\/\\\/politicosaldesnudo.com.mx\\\/index.php\\\/2023\\\/09\\\/20\\\/el-garrote-la-especialidad-de-cuitlahuac\\\/\"]}]},{\"@type\":\"ImageObject\",\"inLanguage\":\"es\",\"@id\":\"https:\\\/\\\/politicosaldesnudo.com.mx\\\/index.php\\\/2023\\\/09\\\/20\\\/el-garrote-la-especialidad-de-cuitlahuac\\\/#primaryimage\",\"url\":\"https:\\\/\\\/i0.wp.com\\\/politicosaldesnudo.com.mx\\\/wp-content\\\/uploads\\\/2022\\\/04\\\/AURELIO-CONTRERAS-MORENO.png?fit=1816%2C1016&ssl=1\",\"contentUrl\":\"https:\\\/\\\/i0.wp.com\\\/politicosaldesnudo.com.mx\\\/wp-content\\\/uploads\\\/2022\\\/04\\\/AURELIO-CONTRERAS-MORENO.png?fit=1816%2C1016&ssl=1\",\"width\":1816,\"height\":1016},{\"@type\":\"BreadcrumbList\",\"@id\":\"https:\\\/\\\/politicosaldesnudo.com.mx\\\/index.php\\\/2023\\\/09\\\/20\\\/el-garrote-la-especialidad-de-cuitlahuac\\\/#breadcrumb\",\"itemListElement\":[{\"@type\":\"ListItem\",\"position\":1,\"name\":\"Portada\",\"item\":\"https:\\\/\\\/politicosaldesnudo.com.mx\\\/\"},{\"@type\":\"ListItem\",\"position\":2,\"name\":\"El garrote, la especialidad de Cuitl\u00e1huac\"}]},{\"@type\":\"WebSite\",\"@id\":\"https:\\\/\\\/politicosaldesnudo.com.mx\\\/#website\",\"url\":\"https:\\\/\\\/politicosaldesnudo.com.mx\\\/\",\"name\":\"Pol\u00edticos al Desnudo\",\"description\":\"\",\"publisher\":{\"@id\":\"https:\\\/\\\/politicosaldesnudo.com.mx\\\/#organization\"},\"potentialAction\":[{\"@type\":\"SearchAction\",\"target\":{\"@type\":\"EntryPoint\",\"urlTemplate\":\"https:\\\/\\\/politicosaldesnudo.com.mx\\\/?s={search_term_string}\"},\"query-input\":{\"@type\":\"PropertyValueSpecification\",\"valueRequired\":true,\"valueName\":\"search_term_string\"}}],\"inLanguage\":\"es\"},{\"@type\":\"Organization\",\"@id\":\"https:\\\/\\\/politicosaldesnudo.com.mx\\\/#organization\",\"name\":\"Pol\u00edticos al Desnudo\",\"url\":\"https:\\\/\\\/politicosaldesnudo.com.mx\\\/\",\"logo\":{\"@type\":\"ImageObject\",\"inLanguage\":\"es\",\"@id\":\"https:\\\/\\\/politicosaldesnudo.com.mx\\\/#\\\/schema\\\/logo\\\/image\\\/\",\"url\":\"https:\\\/\\\/i0.wp.com\\\/politicosaldesnudo.com.mx\\\/wp-content\\\/uploads\\\/2026\\\/08\\\/cropped-logo.webp?fit=400%2C126&ssl=1\",\"contentUrl\":\"https:\\\/\\\/i0.wp.com\\\/politicosaldesnudo.com.mx\\\/wp-content\\\/uploads\\\/2026\\\/08\\\/cropped-logo.webp?fit=400%2C126&ssl=1\",\"width\":400,\"height\":126,\"caption\":\"Pol\u00edticos al Desnudo\"},\"image\":{\"@id\":\"https:\\\/\\\/politicosaldesnudo.com.mx\\\/#\\\/schema\\\/logo\\\/image\\\/\"},\"sameAs\":[\"https:\\\/\\\/www.facebook.com\\\/PoliticosAD\"]},{\"@type\":\"Person\",\"@id\":\"https:\\\/\\\/politicosaldesnudo.com.mx\\\/#\\\/schema\\\/person\\\/ef3a64e561cc3f3f5dc52fab81adde7e\",\"name\":\"Redacci\u00f3n Pol\u00edticos\",\"url\":\"https:\\\/\\\/politicosaldesnudo.com.mx\\\/index.php\\\/author\\\/redaccion-politicos\\\/\"}]}<\/script>\n<!-- \/ Yoast SEO plugin. -->","yoast_head_json":{"title":"El garrote, la especialidad de Cuitl\u00e1huac - Pol\u00edticos al Desnudo","robots":{"index":"index","follow":"follow","max-snippet":"max-snippet:-1","max-image-preview":"max-image-preview:large","max-video-preview":"max-video-preview:-1"},"canonical":"https:\/\/politicosaldesnudo.com.mx\/index.php\/2023\/09\/20\/el-garrote-la-especialidad-de-cuitlahuac\/","og_locale":"es_ES","og_type":"article","og_title":"El garrote, la especialidad de Cuitl\u00e1huac - Pol\u00edticos al Desnudo","og_description":"R\u00fabrica Por Aurelio Contreras Moreno A estas alturas del sexenio, est\u00e1 de m\u00e1s recordar que alguna vez Cuitl\u00e1huac Garc\u00eda Jim\u00e9nez [&hellip;]","og_url":"https:\/\/politicosaldesnudo.com.mx\/index.php\/2023\/09\/20\/el-garrote-la-especialidad-de-cuitlahuac\/","og_site_name":"Pol\u00edticos al Desnudo","article_publisher":"https:\/\/www.facebook.com\/PoliticosAD","article_published_time":"2023-09-20T06:18:53+00:00","og_image":[{"width":1816,"height":1016,"url":"https:\/\/i0.wp.com\/politicosaldesnudo.com.mx\/wp-content\/uploads\/2022\/04\/AURELIO-CONTRERAS-MORENO.png?fit=1816%2C1016&ssl=1","type":"image\/png"}],"author":"Redacci\u00f3n Pol\u00edticos","twitter_card":"summary_large_image","twitter_misc":{"Escrito por":"Redacci\u00f3n Pol\u00edticos","Tiempo de lectura":"3 minutos"},"schema":{"@context":"https:\/\/schema.org","@graph":[{"@type":"Article","@id":"https:\/\/politicosaldesnudo.com.mx\/index.php\/2023\/09\/20\/el-garrote-la-especialidad-de-cuitlahuac\/#article","isPartOf":{"@id":"https:\/\/politicosaldesnudo.com.mx\/index.php\/2023\/09\/20\/el-garrote-la-especialidad-de-cuitlahuac\/"},"author":{"name":"Redacci\u00f3n Pol\u00edticos","@id":"https:\/\/politicosaldesnudo.com.mx\/#\/schema\/person\/ef3a64e561cc3f3f5dc52fab81adde7e"},"headline":"El garrote, la especialidad de Cuitl\u00e1huac","datePublished":"2023-09-20T06:18:53+00:00","mainEntityOfPage":{"@id":"https:\/\/politicosaldesnudo.com.mx\/index.php\/2023\/09\/20\/el-garrote-la-especialidad-de-cuitlahuac\/"},"wordCount":642,"publisher":{"@id":"https:\/\/politicosaldesnudo.com.mx\/#organization"},"image":{"@id":"https:\/\/politicosaldesnudo.com.mx\/index.php\/2023\/09\/20\/el-garrote-la-especialidad-de-cuitlahuac\/#primaryimage"},"thumbnailUrl":"https:\/\/i0.wp.com\/politicosaldesnudo.com.mx\/wp-content\/uploads\/2022\/04\/AURELIO-CONTRERAS-MORENO.png?fit=1816%2C1016&ssl=1","articleSection":["OPINI\u00d3N"],"inLanguage":"es"},{"@type":"WebPage","@id":"https:\/\/politicosaldesnudo.com.mx\/index.php\/2023\/09\/20\/el-garrote-la-especialidad-de-cuitlahuac\/","url":"https:\/\/politicosaldesnudo.com.mx\/index.php\/2023\/09\/20\/el-garrote-la-especialidad-de-cuitlahuac\/","name":"El garrote, la especialidad de Cuitl\u00e1huac - Pol\u00edticos al Desnudo","isPartOf":{"@id":"https:\/\/politicosaldesnudo.com.mx\/#website"},"primaryImageOfPage":{"@id":"https:\/\/politicosaldesnudo.com.mx\/index.php\/2023\/09\/20\/el-garrote-la-especialidad-de-cuitlahuac\/#primaryimage"},"image":{"@id":"https:\/\/politicosaldesnudo.com.mx\/index.php\/2023\/09\/20\/el-garrote-la-especialidad-de-cuitlahuac\/#primaryimage"},"thumbnailUrl":"https:\/\/i0.wp.com\/politicosaldesnudo.com.mx\/wp-content\/uploads\/2022\/04\/AURELIO-CONTRERAS-MORENO.png?fit=1816%2C1016&ssl=1","datePublished":"2023-09-20T06:18:53+00:00","breadcrumb":{"@id":"https:\/\/politicosaldesnudo.com.mx\/index.php\/2023\/09\/20\/el-garrote-la-especialidad-de-cuitlahuac\/#breadcrumb"},"inLanguage":"es","potentialAction":[{"@type":"ReadAction","target":["https:\/\/politicosaldesnudo.com.mx\/index.php\/2023\/09\/20\/el-garrote-la-especialidad-de-cuitlahuac\/"]}]},{"@type":"ImageObject","inLanguage":"es","@id":"https:\/\/politicosaldesnudo.com.mx\/index.php\/2023\/09\/20\/el-garrote-la-especialidad-de-cuitlahuac\/#primaryimage","url":"https:\/\/i0.wp.com\/politicosaldesnudo.com.mx\/wp-content\/uploads\/2022\/04\/AURELIO-CONTRERAS-MORENO.png?fit=1816%2C1016&ssl=1","contentUrl":"https:\/\/i0.wp.com\/politicosaldesnudo.com.mx\/wp-content\/uploads\/2022\/04\/AURELIO-CONTRERAS-MORENO.png?fit=1816%2C1016&ssl=1","width":1816,"height":1016},{"@type":"BreadcrumbList","@id":"https:\/\/politicosaldesnudo.com.mx\/index.php\/2023\/09\/20\/el-garrote-la-especialidad-de-cuitlahuac\/#breadcrumb","itemListElement":[{"@type":"ListItem","position":1,"name":"Portada","item":"https:\/\/politicosaldesnudo.com.mx\/"},{"@type":"ListItem","position":2,"name":"El garrote, la especialidad de Cuitl\u00e1huac"}]},{"@type":"WebSite","@id":"https:\/\/politicosaldesnudo.com.mx\/#website","url":"https:\/\/politicosaldesnudo.com.mx\/","name":"Pol\u00edticos al Desnudo","description":"","publisher":{"@id":"https:\/\/politicosaldesnudo.com.mx\/#organization"},"potentialAction":[{"@type":"SearchAction","target":{"@type":"EntryPoint","urlTemplate":"https:\/\/politicosaldesnudo.com.mx\/?s={search_term_string}"},"query-input":{"@type":"PropertyValueSpecification","valueRequired":true,"valueName":"search_term_string"}}],"inLanguage":"es"},{"@type":"Organization","@id":"https:\/\/politicosaldesnudo.com.mx\/#organization","name":"Pol\u00edticos al Desnudo","url":"https:\/\/politicosaldesnudo.com.mx\/","logo":{"@type":"ImageObject","inLanguage":"es","@id":"https:\/\/politicosaldesnudo.com.mx\/#\/schema\/logo\/image\/","url":"https:\/\/i0.wp.com\/politicosaldesnudo.com.mx\/wp-content\/uploads\/2026\/08\/cropped-logo.webp?fit=400%2C126&ssl=1","contentUrl":"https:\/\/i0.wp.com\/politicosaldesnudo.com.mx\/wp-content\/uploads\/2026\/08\/cropped-logo.webp?fit=400%2C126&ssl=1","width":400,"height":126,"caption":"Pol\u00edticos al Desnudo"},"image":{"@id":"https:\/\/politicosaldesnudo.com.mx\/#\/schema\/logo\/image\/"},"sameAs":["https:\/\/www.facebook.com\/PoliticosAD"]},{"@type":"Person","@id":"https:\/\/politicosaldesnudo.com.mx\/#\/schema\/person\/ef3a64e561cc3f3f5dc52fab81adde7e","name":"Redacci\u00f3n Pol\u00edticos","url":"https:\/\/politicosaldesnudo.com.mx\/index.php\/author\/redaccion-politicos\/"}]}},"jetpack_publicize_connections":[],"jetpack-related-posts":[{"id":88071,"url":"https:\/\/politicosaldesnudo.com.mx\/index.php\/2026\/08\/26\/cuitlahuac-deja-otro-hoyo-de-56-6-millones-expediente-llega-a-la-fiscalia\/","url_meta":{"origin":23901,"position":0},"title":"Cuitl\u00e1huac deja otro hoyo de 56.6 millones; expediente llega a la Fiscal\u00eda","author":"Redacci\u00f3n Pol\u00edticos","date":"26 de agosto de 2026","format":false,"excerpt":"Alma Grande Por \u00c1ngel \u00c1lvaro Pe\u00f1a La recta final de la administraci\u00f3n de Delia Gonz\u00e1lez Cobos al frente del \u00d3rgano de Fiscalizaci\u00f3n Superior de Veracruz (ORFIS) dej\u00f3 sobre la mesa un expediente que vuelve a poner bajo la lupa el manejo de los recursos p\u00fablicos durante el gobierno de Cuitl\u00e1huac\u2026","rel":"","context":"En \u00abOPINI\u00d3N\u00bb","block_context":{"text":"OPINI\u00d3N","link":"https:\/\/politicosaldesnudo.com.mx\/index.php\/category\/columnistas\/"},"img":{"alt_text":"","src":"https:\/\/i0.wp.com\/politicosaldesnudo.com.mx\/wp-content\/uploads\/2026\/08\/ag2608.png?fit=1200%2C659&ssl=1&resize=350%2C200","width":350,"height":200,"srcset":"https:\/\/i0.wp.com\/politicosaldesnudo.com.mx\/wp-content\/uploads\/2026\/08\/ag2608.png?fit=1200%2C659&ssl=1&resize=350%2C200 1x, https:\/\/i0.wp.com\/politicosaldesnudo.com.mx\/wp-content\/uploads\/2026\/08\/ag2608.png?fit=1200%2C659&ssl=1&resize=525%2C300 1.5x, https:\/\/i0.wp.com\/politicosaldesnudo.com.mx\/wp-content\/uploads\/2026\/08\/ag2608.png?fit=1200%2C659&ssl=1&resize=700%2C400 2x, https:\/\/i0.wp.com\/politicosaldesnudo.com.mx\/wp-content\/uploads\/2026\/08\/ag2608.png?fit=1200%2C659&ssl=1&resize=1050%2C600 3x"},"classes":[]},{"id":88294,"url":"https:\/\/politicosaldesnudo.com.mx\/index.php\/2026\/09\/04\/hallan-muerto-al-diputado-federal-zenyazen-escobar-en-la-carretera-xalapa-veracruz\/","url_meta":{"origin":23901,"position":1},"title":"Hallan muerto al diputado federal Zenyazen Escobar en la carretera Xalapa-Veracruz","author":"Redacci\u00f3n Pol\u00edticos","date":"4 de septiembre de 2026","format":false,"excerpt":"La Fiscal\u00eda estatal confirm\u00f3 el fallecimiento del legislador morenista; hasta el momento se desconocen las circunstancias en las que perdi\u00f3 la vida. Xalapa, Ver.\u2013 El diputado federal de Morena, Zenyazen Roberto Escobar Garc\u00eda, fue localizado sin vida la ma\u00f1ana de este viernes 4 de septiembre en las inmediaciones de la\u2026","rel":"","context":"En \u00abESTADOS\u00bb","block_context":{"text":"ESTADOS","link":"https:\/\/politicosaldesnudo.com.mx\/index.php\/category\/estados\/"},"img":{"alt_text":"","src":"https:\/\/i0.wp.com\/politicosaldesnudo.com.mx\/wp-content\/uploads\/2026\/09\/9d6aa119-7d82-423c-918c-95271fc20c14.png?fit=1200%2C675&ssl=1&resize=350%2C200","width":350,"height":200,"srcset":"https:\/\/i0.wp.com\/politicosaldesnudo.com.mx\/wp-content\/uploads\/2026\/09\/9d6aa119-7d82-423c-918c-95271fc20c14.png?fit=1200%2C675&ssl=1&resize=350%2C200 1x, https:\/\/i0.wp.com\/politicosaldesnudo.com.mx\/wp-content\/uploads\/2026\/09\/9d6aa119-7d82-423c-918c-95271fc20c14.png?fit=1200%2C675&ssl=1&resize=525%2C300 1.5x, https:\/\/i0.wp.com\/politicosaldesnudo.com.mx\/wp-content\/uploads\/2026\/09\/9d6aa119-7d82-423c-918c-95271fc20c14.png?fit=1200%2C675&ssl=1&resize=700%2C400 2x, https:\/\/i0.wp.com\/politicosaldesnudo.com.mx\/wp-content\/uploads\/2026\/09\/9d6aa119-7d82-423c-918c-95271fc20c14.png?fit=1200%2C675&ssl=1&resize=1050%2C600 3x"},"classes":[]},{"id":87944,"url":"https:\/\/politicosaldesnudo.com.mx\/index.php\/2026\/08\/21\/muere-atanasio-garcia-duran-historico-referente-de-la-izquierda-veracruzana\/","url_meta":{"origin":23901,"position":2},"title":"Muere Atanasio Garc\u00eda Dur\u00e1n, hist\u00f3rico referente de la izquierda veracruzana","author":"Redacci\u00f3n Pol\u00edticos","date":"21 de agosto de 2026","format":false,"excerpt":"El maestro, acad\u00e9mico y exdiputado local Atanasio Garc\u00eda Dur\u00e1n falleci\u00f3 la noche del jueves 20 de agosto, a los 83 a\u00f1os. Adem\u00e1s de su amplia trayectoria en la educaci\u00f3n y la pol\u00edtica de Veracruz, fue padre del exgobernador Cuitl\u00e1huac Garc\u00eda Jim\u00e9nez. Garc\u00eda Dur\u00e1n permanec\u00eda hospitalizado desde principios de agosto debido\u2026","rel":"","context":"En \u00abESTADOS\u00bb","block_context":{"text":"ESTADOS","link":"https:\/\/politicosaldesnudo.com.mx\/index.php\/category\/estados\/"},"img":{"alt_text":"","src":"https:\/\/i0.wp.com\/politicosaldesnudo.com.mx\/wp-content\/uploads\/2026\/08\/fallecio-atanasio-garcia-padre-del-ex-gobernador-de-veracruz-cuitlahuac-garcia_93a1df84-098a-43c7-adf2-51d88e2d2666_media.webp?fit=1200%2C848&ssl=1&resize=350%2C200","width":350,"height":200,"srcset":"https:\/\/i0.wp.com\/politicosaldesnudo.com.mx\/wp-content\/uploads\/2026\/08\/fallecio-atanasio-garcia-padre-del-ex-gobernador-de-veracruz-cuitlahuac-garcia_93a1df84-098a-43c7-adf2-51d88e2d2666_media.webp?fit=1200%2C848&ssl=1&resize=350%2C200 1x, https:\/\/i0.wp.com\/politicosaldesnudo.com.mx\/wp-content\/uploads\/2026\/08\/fallecio-atanasio-garcia-padre-del-ex-gobernador-de-veracruz-cuitlahuac-garcia_93a1df84-098a-43c7-adf2-51d88e2d2666_media.webp?fit=1200%2C848&ssl=1&resize=525%2C300 1.5x, https:\/\/i0.wp.com\/politicosaldesnudo.com.mx\/wp-content\/uploads\/2026\/08\/fallecio-atanasio-garcia-padre-del-ex-gobernador-de-veracruz-cuitlahuac-garcia_93a1df84-098a-43c7-adf2-51d88e2d2666_media.webp?fit=1200%2C848&ssl=1&resize=700%2C400 2x, https:\/\/i0.wp.com\/politicosaldesnudo.com.mx\/wp-content\/uploads\/2026\/08\/fallecio-atanasio-garcia-padre-del-ex-gobernador-de-veracruz-cuitlahuac-garcia_93a1df84-098a-43c7-adf2-51d88e2d2666_media.webp?fit=1200%2C848&ssl=1&resize=1050%2C600 3x"},"classes":[]},{"id":87668,"url":"https:\/\/politicosaldesnudo.com.mx\/index.php\/2026\/08\/12\/la-herencia-que-nadie-quiere-pagar\/","url_meta":{"origin":23901,"position":3},"title":"La herencia que nadie quiere pagar","author":"Redacci\u00f3n Pol\u00edticos","date":"12 de agosto de 2026","format":false,"excerpt":"Astrolabio Pol\u00edtico Por: Luis Ram\u00edrez Baqueiro \u201cLa peor decisi\u00f3n es la indecisi\u00f3n\u201d. \u2013 Benjam\u00edn Franklin. Las cuentas del sexenio de Cuitl\u00e1huac Garc\u00eda Jim\u00e9nez est\u00e1n lejos de cerrarse. Y no se trata \u00fanicamente del juicio pol\u00edtico que pueda hacerse sobre su administraci\u00f3n, sino de algo mucho m\u00e1s concreto: dinero p\u00fablico que\u2026","rel":"","context":"En \u00abOPINI\u00d3N\u00bb","block_context":{"text":"OPINI\u00d3N","link":"https:\/\/politicosaldesnudo.com.mx\/index.php\/category\/columnistas\/"},"img":{"alt_text":"","src":"https:\/\/i0.wp.com\/politicosaldesnudo.com.mx\/wp-content\/uploads\/2026\/08\/baqueiro-la-herencia.png?fit=1200%2C659&ssl=1&resize=350%2C200","width":350,"height":200,"srcset":"https:\/\/i0.wp.com\/politicosaldesnudo.com.mx\/wp-content\/uploads\/2026\/08\/baqueiro-la-herencia.png?fit=1200%2C659&ssl=1&resize=350%2C200 1x, https:\/\/i0.wp.com\/politicosaldesnudo.com.mx\/wp-content\/uploads\/2026\/08\/baqueiro-la-herencia.png?fit=1200%2C659&ssl=1&resize=525%2C300 1.5x, https:\/\/i0.wp.com\/politicosaldesnudo.com.mx\/wp-content\/uploads\/2026\/08\/baqueiro-la-herencia.png?fit=1200%2C659&ssl=1&resize=700%2C400 2x, https:\/\/i0.wp.com\/politicosaldesnudo.com.mx\/wp-content\/uploads\/2026\/08\/baqueiro-la-herencia.png?fit=1200%2C659&ssl=1&resize=1050%2C600 3x"},"classes":[]},{"id":54099,"url":"https:\/\/politicosaldesnudo.com.mx\/index.php\/2025\/01\/10\/oposicion-de-florero\/","url_meta":{"origin":23901,"position":4},"title":"Oposici\u00f3n de florero","author":"Redacci\u00f3n Pol\u00edticos","date":"10 de enero de 2025","format":false,"excerpt":"ALMA GRANDE Por \u00c1ngel \u00c1lvaro Pe\u00f1a La oposici\u00f3n desconoce su papel en la historia, producto de que nunca se enter\u00f3 de la responsabilidad social de esta fuerza. As\u00ed, vemos que en el legislativo es donde m\u00e1s se acent\u00faa la ignorancia sobre el rol parlamentario de esta fuerza y de su\u2026","rel":"","context":"En \u00abOPINI\u00d3N\u00bb","block_context":{"text":"OPINI\u00d3N","link":"https:\/\/politicosaldesnudo.com.mx\/index.php\/category\/columnistas\/"},"img":{"alt_text":"","src":"https:\/\/i0.wp.com\/politicosaldesnudo.com.mx\/wp-content\/uploads\/2024\/12\/BANNER-LOPEZ-DORIGA-DIGITAL-1.jpg?fit=800%2C445&ssl=1&resize=350%2C200","width":350,"height":200,"srcset":"https:\/\/i0.wp.com\/politicosaldesnudo.com.mx\/wp-content\/uploads\/2024\/12\/BANNER-LOPEZ-DORIGA-DIGITAL-1.jpg?fit=800%2C445&ssl=1&resize=350%2C200 1x, https:\/\/i0.wp.com\/politicosaldesnudo.com.mx\/wp-content\/uploads\/2024\/12\/BANNER-LOPEZ-DORIGA-DIGITAL-1.jpg?fit=800%2C445&ssl=1&resize=525%2C300 1.5x, https:\/\/i0.wp.com\/politicosaldesnudo.com.mx\/wp-content\/uploads\/2024\/12\/BANNER-LOPEZ-DORIGA-DIGITAL-1.jpg?fit=800%2C445&ssl=1&resize=700%2C400 2x"},"classes":[]},{"id":88045,"url":"https:\/\/politicosaldesnudo.com.mx\/index.php\/2026\/08\/24\/veracruz-reduce-casi-5-mil-millones-de-pesos-de-su-deuda-bancaria\/","url_meta":{"origin":23901,"position":5},"title":"Veracruz reduce casi 5 mil millones de pesos de su deuda bancaria","author":"Redacci\u00f3n Pol\u00edticos","date":"24 de agosto de 2026","format":false,"excerpt":"Xalapa, Ver.- El saldo de los cr\u00e9ditos bancarios contratados por el Gobierno de Veracruz se ubica actualmente en alrededor de 43 mil millones de pesos, despu\u00e9s de que la administraci\u00f3n estatal destinara cerca de 5 mil millones al pago de estos compromisos, inform\u00f3 la gobernadora Roc\u00edo Nahle Garc\u00eda. Al presentar\u2026","rel":"","context":"En \u00abESTADOS\u00bb","block_context":{"text":"ESTADOS","link":"https:\/\/politicosaldesnudo.com.mx\/index.php\/category\/estados\/"},"img":{"alt_text":"","src":"https:\/\/i0.wp.com\/politicosaldesnudo.com.mx\/wp-content\/uploads\/2026\/08\/nahle-1.png?fit=985%2C533&ssl=1&resize=350%2C200","width":350,"height":200,"srcset":"https:\/\/i0.wp.com\/politicosaldesnudo.com.mx\/wp-content\/uploads\/2026\/08\/nahle-1.png?fit=985%2C533&ssl=1&resize=350%2C200 1x, https:\/\/i0.wp.com\/politicosaldesnudo.com.mx\/wp-content\/uploads\/2026\/08\/nahle-1.png?fit=985%2C533&ssl=1&resize=525%2C300 1.5x, https:\/\/i0.wp.com\/politicosaldesnudo.com.mx\/wp-content\/uploads\/2026\/08\/nahle-1.png?fit=985%2C533&ssl=1&resize=700%2C400 2x"},"classes":[]}],"jetpack_sharing_enabled":true,"jetpack_featured_media_url":"https:\/\/i0.wp.com\/politicosaldesnudo.com.mx\/wp-content\/uploads\/2022\/04\/AURELIO-CONTRERAS-MORENO.png?fit=1816%2C1016&ssl=1","_links":{"self":[{"href":"https:\/\/politicosaldesnudo.com.mx\/index.php\/wp-json\/wp\/v2\/posts\/23901","targetHints":{"allow":["GET"]}}],"collection":[{"href":"https:\/\/politicosaldesnudo.com.mx\/index.php\/wp-json\/wp\/v2\/posts"}],"about":[{"href":"https:\/\/politicosaldesnudo.com.mx\/index.php\/wp-json\/wp\/v2\/types\/post"}],"author":[{"embeddable":true,"href":"https:\/\/politicosaldesnudo.com.mx\/index.php\/wp-json\/wp\/v2\/users\/4"}],"replies":[{"embeddable":true,"href":"https:\/\/politicosaldesnudo.com.mx\/index.php\/wp-json\/wp\/v2\/comments?post=23901"}],"version-history":[{"count":0,"href":"https:\/\/politicosaldesnudo.com.mx\/index.php\/wp-json\/wp\/v2\/posts\/23901\/revisions"}],"wp:featuredmedia":[{"embeddable":true,"href":"https:\/\/politicosaldesnudo.com.mx\/index.php\/wp-json\/wp\/v2\/media\/3786"}],"wp:attachment":[{"href":"https:\/\/politicosaldesnudo.com.mx\/index.php\/wp-json\/wp\/v2\/media?parent=23901"}],"wp:term":[{"taxonomy":"category","embeddable":true,"href":"https:\/\/politicosaldesnudo.com.mx\/index.php\/wp-json\/wp\/v2\/categories?post=23901"},{"taxonomy":"post_tag","embeddable":true,"href":"https:\/\/politicosaldesnudo.com.mx\/index.php\/wp-json\/wp\/v2\/tags?post=23901"}],"curies":[{"name":"wp","href":"https:\/\/api.w.org\/{rel}","templated":true}]}}