{"id":24027,"date":"2023-09-26T11:33:40","date_gmt":"2023-09-26T16:33:40","guid":{"rendered":"https:\/\/politicosaldesnudo.com.mx\/?p=24027"},"modified":"2023-09-26T11:33:41","modified_gmt":"2023-09-26T16:33:41","slug":"solidariopepe","status":"publish","type":"post","link":"https:\/\/politicosaldesnudo.com.mx\/index.php\/2023\/09\/26\/solidariopepe\/","title":{"rendered":"Solidario\u2026Pepe"},"content":{"rendered":"<ul>\n<li style=\"font-weight: 400;\"><span style=\"font-family: verdana, geneva, sans-serif; font-size: 14pt;\"><strong>Falleci\u00f3 el Cronista Em\u00e9rito de Xalapa Pepe Zayd\u00e9n<\/strong><\/span><\/li>\n<li style=\"font-weight: 400;\"><span style=\"font-family: verdana, geneva, sans-serif; font-size: 14pt;\"><strong>Realiz\u00f3 una noble labor cultural y social en la capital<\/strong><\/span><\/li>\n<li style=\"font-weight: 400;\"><span style=\"font-family: verdana, geneva, sans-serif; font-size: 14pt;\"><strong>Siempre amable, cordial y solidario\u2026<\/strong><\/span><\/li>\n<\/ul>\n<p style=\"font-weight: 400;\"><strong><span style=\"font-family: verdana, geneva, sans-serif; font-size: 14pt;\">Por Miguel \u00c1ngel Cristiani G.<\/span><\/strong><\/p>\n<p style=\"font-weight: 400;\"><span style=\"font-family: verdana, geneva, sans-serif; font-size: 14pt;\">Conocimos a Pepe, Jos\u00e9 Zayd\u00e9n Dom\u00ednguez a mediados de los a\u00f1os setenta, cuando llegamos a trabajar en Comunicaci\u00f3n Social de la Universidad Veracruzana y \u00e9l era corresponsal del peri\u00f3dico El Universal en la capital del estado.<\/span><\/p>\n<p style=\"font-weight: 400;\"><span style=\"font-family: verdana, geneva, sans-serif; font-size: 14pt;\">Lo encontr\u00e1bamos trabajando en el local del pasaje Tanos, en donde estaban las oficinas del Sindicato Nacional de Redactores de Prensa, del que tambi\u00e9n formaba parte el periodista Jos\u00e9 Luis Hern\u00e1ndez Sosa, entre otros.<\/span><\/p>\n<p style=\"font-weight: 400;\"><span style=\"font-family: verdana, geneva, sans-serif; font-size: 14pt;\">Siempre lo vamos a recordar con su saludo caracter\u00edstico \u00a1Solidario!.. Al mismo tiempo que extend\u00eda su mano para estrecharla.<\/span><\/p>\n<p><img data-recalc-dims=\"1\" loading=\"lazy\" decoding=\"async\" class=\"aligncenter size-full wp-image-24028\" src=\"https:\/\/i0.wp.com\/politicosaldesnudo.com.mx\/wp-content\/uploads\/2023\/09\/WhatsApp-Image-2023-09-25-at-7.26.45-AM.jpeg?resize=470%2C470&#038;ssl=1\" alt=\"\" width=\"470\" height=\"470\" srcset=\"https:\/\/i0.wp.com\/politicosaldesnudo.com.mx\/wp-content\/uploads\/2023\/09\/WhatsApp-Image-2023-09-25-at-7.26.45-AM.jpeg?w=470&amp;ssl=1 470w, https:\/\/i0.wp.com\/politicosaldesnudo.com.mx\/wp-content\/uploads\/2023\/09\/WhatsApp-Image-2023-09-25-at-7.26.45-AM.jpeg?resize=300%2C300&amp;ssl=1 300w, https:\/\/i0.wp.com\/politicosaldesnudo.com.mx\/wp-content\/uploads\/2023\/09\/WhatsApp-Image-2023-09-25-at-7.26.45-AM.jpeg?resize=150%2C150&amp;ssl=1 150w\" sizes=\"auto, (max-width: 470px) 100vw, 470px\" \/><\/p>\n<p style=\"font-weight: 400;\"><span style=\"font-family: verdana, geneva, sans-serif; font-size: 14pt;\">La \u00faltima vez que lo vimos fue en una reuni\u00f3n de la agrupaci\u00f3n Otero Ciudadano en la casa de Leonor de Lamiyar Huerdo.<\/span><\/p>\n<p style=\"font-weight: 400;\"><span style=\"font-family: verdana, geneva, sans-serif; font-size: 14pt;\">Siempre amable, cordial y respetuoso con todo el mundo.<\/span><\/p>\n<p style=\"font-weight: 400;\"><span style=\"font-family: verdana, geneva, sans-serif; font-size: 14pt;\">\u00a0En varias ocasiones nos invit\u00f3 a desayunar en su hogar, para mostrarnos sus colecciones de todo tipo desde cajetillas de cerillos, libros antiguos, timbres postales, monedas, -a nosotros nos regal\u00f3 alguna de la diosa Coyolxauhtli de 50 pesos- en un recorrido por toda la casa, que en realidad la convirti\u00f3 en un museo.<\/span><\/p>\n<p style=\"font-weight: 400;\"><span style=\"font-family: verdana, geneva, sans-serif; font-size: 14pt;\">Su casa la convirti\u00f3 en un museo particular en la que destacan las salas de Xalapa Antiguo, Numism\u00e1tica, Egipcia y una amplia colecci\u00f3n de libros antiguos, monedas y billetes mexicanos.<\/span><\/p>\n<p style=\"font-weight: 400;\"><span style=\"font-family: verdana, geneva, sans-serif; font-size: 14pt;\">Tambi\u00e9n ten\u00eda una amplia colecci\u00f3n de armas, que hace tiempo, la don\u00f3 al ej\u00e9rcito para que fuera a formar parte de alg\u00fan museo.<\/span><\/p>\n<p style=\"font-weight: 400;\"><span style=\"font-family: verdana, geneva, sans-serif; font-size: 14pt;\">Apasionado promotor del ajedrez, organiz\u00f3 dos campeonatos mundiales de ajedrez en Xalapa 1980 y 1982 en los que participaron competidores de gran prestigio internacional.<\/span><\/p>\n<p style=\"font-weight: 400;\"><span style=\"font-family: verdana, geneva, sans-serif; font-size: 14pt;\">Pero a nivel local, para motivar a los ni\u00f1os y j\u00f3venes, organiz\u00f3 incontables torneos de ajedrez.<\/span><\/p>\n<p style=\"font-weight: 400;\"><span style=\"font-family: verdana, geneva, sans-serif; font-size: 14pt;\">Como presidente del Patronato de Bomberos de Xalapa, impuls\u00f3 la creaci\u00f3n de la Estaci\u00f3n Zona Sur.<\/span><\/p>\n<p style=\"font-weight: 400;\"><span style=\"font-family: verdana, geneva, sans-serif; font-size: 14pt;\">En 2008 el Cabildo de Xalapa le otorg\u00f3 el nombramiento de Cronista la Ciudad.<\/span><\/p>\n<p style=\"font-weight: 400;\"><span style=\"font-family: verdana, geneva, sans-serif; font-size: 14pt;\">Posteriormente la Asociaci\u00f3n de Cronistas de Ciudades Mexicanas le otorg\u00f3 el nombramiento de Cronista Vitalicio 2011.<\/span><\/p>\n<p style=\"font-weight: 400;\"><span style=\"font-family: verdana, geneva, sans-serif; font-size: 14pt;\">Presidente de la Asociaci\u00f3n Estatal de Cronistas de Veracruz (2017-19).<\/span><\/p>\n<p style=\"font-weight: 400;\"><span style=\"font-family: verdana, geneva, sans-serif; font-size: 14pt;\">Editor de la revista Cr\u00f3nica Xalape\u00f1a.<\/span><\/p>\n<p style=\"font-weight: 400;\"><span style=\"font-family: verdana, geneva, sans-serif; font-size: 14pt;\">Fue Magistrado del Tribunal Agrario (1972-93).<\/span><\/p>\n<p style=\"font-weight: 400;\"><span style=\"font-family: verdana, geneva, sans-serif; font-size: 14pt;\">Licenciado en Derecho por la Universidad Veracruzana (1979).<\/span><\/p>\n<p style=\"font-weight: 400;\"><span style=\"font-family: verdana, geneva, sans-serif; font-size: 14pt;\">Delegado en Veracruz del Centro de Informaci\u00f3n de las Naciones Unidas (1974-80).<\/span><\/p>\n<p style=\"font-weight: 400;\"><span style=\"font-family: verdana, geneva, sans-serif; font-size: 14pt;\">Obtuvo el Diplomado por la Unesco en Ciencias T\u00e9cnicas de la Comunicaci\u00f3n.<\/span><\/p>\n<p style=\"font-weight: 400;\"><span style=\"font-family: verdana, geneva, sans-serif; font-size: 14pt;\">Por toda la labor cultural en favor de Xalapa y los xalape\u00f1os, se le debe un p\u00fablico reconocimiento como el que se le hizo por parte de la actual administraci\u00f3n municipal que encabeza Ricardo Ahued.<\/span><\/p>\n<p style=\"font-weight: 400;\"><span style=\"font-family: verdana, geneva, sans-serif; font-size: 14pt;\">Este lunes 25 de septiembre, d\u00eda de su cumplea\u00f1os 77, falleci\u00f3 Jos\u00e9 Zayd\u00e9n Dom\u00ednguez Toledano, Cronista Em\u00e9rito de Xalapa, hombre orgulloso de su querida ciudad. Pepe Zayd\u00e9n como le conoc\u00edamos naci\u00f3 en 1946.<\/span><\/p>\n<p style=\"font-weight: 400;\"><span style=\"font-family: verdana, geneva, sans-serif; font-size: 14pt;\">Descanse en Paz el amigo solidario\u2026 Pepe Zayd\u00e9n.<\/span><\/p>\n","protected":false},"excerpt":{"rendered":"<p>Falleci\u00f3 el Cronista Em\u00e9rito de Xalapa Pepe Zayd\u00e9n Realiz\u00f3 una noble labor cultural y social en la capital Siempre amable,<\/p>\n","protected":false},"author":4,"featured_media":3789,"comment_status":"closed","ping_status":"closed","sticky":false,"template":"","format":"standard","meta":{"colormag_page_container_layout":"default_layout","colormag_page_sidebar_layout":"default_layout","_jetpack_memberships_contains_paid_content":false,"footnotes":"","jetpack_publicize_message":"","jetpack_publicize_feature_enabled":true,"jetpack_social_post_already_shared":false,"jetpack_social_options":{"image_generator_settings":{"template":"highway","default_image_id":0,"font":"","enabled":false},"version":2}},"categories":[26],"tags":[],"class_list":["post-24027","post","type-post","status-publish","format-standard","has-post-thumbnail","hentry","category-columnistas"],"jetpack_publicize_connections":[],"jetpack_featured_media_url":"https:\/\/i0.wp.com\/politicosaldesnudo.com.mx\/wp-content\/uploads\/2022\/04\/CRISTIANI.png?fit=1816%2C1016&ssl=1","jetpack-related-posts":[],"jetpack_sharing_enabled":true,"_links":{"self":[{"href":"https:\/\/politicosaldesnudo.com.mx\/index.php\/wp-json\/wp\/v2\/posts\/24027","targetHints":{"allow":["GET"]}}],"collection":[{"href":"https:\/\/politicosaldesnudo.com.mx\/index.php\/wp-json\/wp\/v2\/posts"}],"about":[{"href":"https:\/\/politicosaldesnudo.com.mx\/index.php\/wp-json\/wp\/v2\/types\/post"}],"author":[{"embeddable":true,"href":"https:\/\/politicosaldesnudo.com.mx\/index.php\/wp-json\/wp\/v2\/users\/4"}],"replies":[{"embeddable":true,"href":"https:\/\/politicosaldesnudo.com.mx\/index.php\/wp-json\/wp\/v2\/comments?post=24027"}],"version-history":[{"count":0,"href":"https:\/\/politicosaldesnudo.com.mx\/index.php\/wp-json\/wp\/v2\/posts\/24027\/revisions"}],"wp:featuredmedia":[{"embeddable":true,"href":"https:\/\/politicosaldesnudo.com.mx\/index.php\/wp-json\/wp\/v2\/media\/3789"}],"wp:attachment":[{"href":"https:\/\/politicosaldesnudo.com.mx\/index.php\/wp-json\/wp\/v2\/media?parent=24027"}],"wp:term":[{"taxonomy":"category","embeddable":true,"href":"https:\/\/politicosaldesnudo.com.mx\/index.php\/wp-json\/wp\/v2\/categories?post=24027"},{"taxonomy":"post_tag","embeddable":true,"href":"https:\/\/politicosaldesnudo.com.mx\/index.php\/wp-json\/wp\/v2\/tags?post=24027"}],"curies":[{"name":"wp","href":"https:\/\/api.w.org\/{rel}","templated":true}]}}