{"id":24044,"date":"2023-09-28T12:12:29","date_gmt":"2023-09-28T17:12:29","guid":{"rendered":"https:\/\/politicosaldesnudo.com.mx\/?p=24044"},"modified":"2023-09-28T12:12:29","modified_gmt":"2023-09-28T17:12:29","slug":"uv-quien-miente","status":"publish","type":"post","link":"https:\/\/politicosaldesnudo.com.mx\/index.php\/2023\/09\/28\/uv-quien-miente\/","title":{"rendered":"\u00bfUV qui\u00e9n miente?"},"content":{"rendered":"<ul>\n<li style=\"font-weight: 400;\"><span style=\"font-family: verdana, geneva, sans-serif; font-size: 14pt;\"><strong>El gobernador asegura que le han entregado hasta de m\u00e1s<\/strong><\/span><\/li>\n<li style=\"font-weight: 400;\"><span style=\"font-family: verdana, geneva, sans-serif; font-size: 14pt;\"><strong>El rector afirma que no le han dado lo que le corresponde<\/strong><\/span><\/li>\n<li style=\"font-weight: 400;\"><span style=\"font-family: verdana, geneva, sans-serif; font-size: 14pt;\"><strong>\u00bfEn qu\u00e9 se gastan 2 mil 265 millones 577 mil 017 pesos este a\u00f1o?<\/strong><\/span><\/li>\n<\/ul>\n<p style=\"font-weight: 400;\"><span style=\"font-family: verdana, geneva, sans-serif; font-size: 14pt;\"><strong>Por Miguel \u00c1ngel Cristiani G.<\/strong><\/span><\/p>\n<p style=\"font-weight: 400;\"><span style=\"font-family: verdana, geneva, sans-serif; font-size: 14pt;\">Luego de que el rector de la Universidad Veracruzana Mart\u00edn Aguilar S\u00e1nchez organizara una manifestaci\u00f3n -disfrazada de eventos art\u00edsticos- para demandar seg\u00fan \u00e9l la entrega de un presupuesto mayor al que establece la ley, este mi\u00e9rcoles el propio gobernador del estado, Cuitl\u00e1huac Garc\u00eda le respondi\u00f3 y aclar\u00f3 p\u00fablicamente en conferencia de prensa, que el gobierno ha cumplido con la entrega del presupuesto y aclar\u00f3 que a\u00f1o con a\u00f1o se ha destinado m\u00e1s del 4% que marca la norma constitucional.<\/span><\/p>\n<p style=\"font-weight: 400;\"><span style=\"font-family: verdana, geneva, sans-serif; font-size: 14pt;\">Entonces, \u00bfC\u00f3mo es que el rector Mart\u00edn Aguilar S\u00e1nchez convoca a una manifestaci\u00f3n de la comunidad universitaria, si de acuerdo con los datos oficiales, que revel\u00f3 el ejecutivo estatal, se ha cubierto el presupuesto en mayor medida a lo se\u00f1alado que es del 4 por ciento?<\/span><\/p>\n<p style=\"font-weight: 400;\"><span style=\"font-family: verdana, geneva, sans-serif; font-size: 14pt;\">El rector Mart\u00edn Aguilar S\u00e1nchez dice que no le han entregado el presupuesto que le corresponde a la UV y el gobernador Cuitl\u00e1huac Garc\u00eda le responde que le han dado hasta dem\u00e1s.<\/span><\/p>\n<p style=\"font-weight: 400;\"><span style=\"font-family: verdana, geneva, sans-serif; font-size: 14pt;\">\u00bfQui\u00e9n Miente?<\/span><\/p>\n<p style=\"font-weight: 400;\"><span style=\"font-family: verdana, geneva, sans-serif; font-size: 14pt;\">Y no es por nada, pero a estas alturas del partido, cuando est\u00e1 a punto de terminar la actual administraci\u00f3n federal y estatal, pareciera que alguien no se ha enterado a\u00fan de que la m\u00e1xima premisa es \u201cno mentir, no robar y no traicionar\u201d<\/span><\/p>\n<p style=\"font-weight: 400;\"><span style=\"font-family: verdana, geneva, sans-serif; font-size: 14pt;\">Como existen dos interpretaciones sobre el financiamiento a la UV, explic\u00f3 que la operaci\u00f3n obedece a la Fracci\u00f3n II del Art\u00edculo 72 de la Constituci\u00f3n Pol\u00edtica del Estado, la cual establece que los Ingresos de Libre Disposici\u00f3n son la base para el c\u00e1lculo de las asignaciones a \u00f3rganos aut\u00f3nomos con porcentajes espec\u00edficos del Presupuesto General.<\/span><\/p>\n<p style=\"font-weight: 400;\"><span style=\"font-family: verdana, geneva, sans-serif; font-size: 14pt;\">Es decir, del monto de la Ley de Ingresos estimado este a\u00f1o corresponden\u00a02 mil 265 millones 577 mil 017 pesos\u00a0a la m\u00e1xima casa de estudios de la entidad, pero la cifra aprobada fue de 3 mil 064 millones 402 mil 960, con un recurso adicional de 403 millones 402 mil 960.<\/span><\/p>\n<p style=\"font-weight: 400;\"><span style=\"font-family: verdana, geneva, sans-serif; font-size: 14pt;\">Luego de enfatizar el pago de 3 mil 325 millones 533 mil 346 pesos al Servicio de Administraci\u00f3n Tributaria, mostr\u00f3 las cantidades extraordinarias de 2020, 2021 y 2022, que consistieron en mil 685 millones 697 mil 942, mil 639 millones 835 mil 404 y 10 millones 544 mil 765 pesos, respectivamente.<\/span><\/p>\n<p style=\"font-weight: 400;\"><span style=\"font-family: verdana, geneva, sans-serif; font-size: 14pt;\">Del recurso adicional este a\u00f1o, 250 millones son destinados a la matr\u00edcula y el sistema de investigaci\u00f3n, y 90 para la construcci\u00f3n del nuevo recinto de la Organizaci\u00f3n Teatral La Caja, uno de los proyectos ampliamente impulsados por el rector Mart\u00edn Gerardo Aguilar S\u00e1nchez.<\/span><\/p>\n<p style=\"font-weight: 400;\"><span style=\"font-family: verdana, geneva, sans-serif; font-size: 14pt;\">Por su parte, el rector Mart\u00edn Aguilar S\u00e1nchez reuni\u00f3 el pasado lunes por la tarde, en la Casa del Lago a \u201ccientos\u201d -seg\u00fan el bolet\u00edn oficial- de estudiantes, docentes, investigadores, directivos y trabajadores de la UV para lanzar la campa\u00f1a \u201cUV, Universidad con sentido social #PorEl4porciento\u201d<\/span><\/p>\n<p style=\"font-weight: 400;\"><span style=\"font-family: verdana, geneva, sans-serif; font-size: 14pt;\">El rector trat\u00f3 de justificar la demanda de m\u00e1s presupuesto afirmando que la casa de estudios requiere de los recursos para fortalecer sus \u00e1reas, incrementar su matr\u00edcula, dar mantenimiento y construir espacios que apoyen a una educaci\u00f3n eficiente, avanzar en proyectos de investigaci\u00f3n y dar certeza laboral a sus trabajadores acad\u00e9micos y administrativos.<\/span><\/p>\n<p style=\"font-weight: 400;\"><span style=\"font-family: verdana, geneva, sans-serif; font-size: 14pt;\">Por lo que resultar\u00e1 interesante, el investigar el c\u00f3mo es que se est\u00e1n gastando este mismo a\u00f1o los 2 mil 265 millones 577 mil 017 pesos que le ha entregado ya el gobierno del estado.<\/span><\/p>\n<p style=\"font-weight: 400;\"><span style=\"font-family: verdana, geneva, sans-serif; font-size: 14pt;\">Pero como dir\u00eda la Nana Goya: esa es otra historia.<\/span><\/p>\n","protected":false},"excerpt":{"rendered":"<p>El gobernador asegura que le han entregado hasta de m\u00e1s El rector afirma que no le han dado lo que<\/p>\n","protected":false},"author":4,"featured_media":3789,"comment_status":"closed","ping_status":"closed","sticky":false,"template":"","format":"standard","meta":{"colormag_page_container_layout":"default_layout","colormag_page_sidebar_layout":"default_layout","_jetpack_memberships_contains_paid_content":false,"footnotes":"","jetpack_publicize_message":"","jetpack_publicize_feature_enabled":true,"jetpack_social_post_already_shared":false,"jetpack_social_options":{"image_generator_settings":{"template":"highway","default_image_id":0,"font":"","enabled":false},"version":2}},"categories":[26],"tags":[],"class_list":["post-24044","post","type-post","status-publish","format-standard","has-post-thumbnail","hentry","category-columnistas"],"jetpack_publicize_connections":[],"jetpack_featured_media_url":"https:\/\/i0.wp.com\/politicosaldesnudo.com.mx\/wp-content\/uploads\/2022\/04\/CRISTIANI.png?fit=1816%2C1016&ssl=1","jetpack-related-posts":[],"jetpack_sharing_enabled":true,"_links":{"self":[{"href":"https:\/\/politicosaldesnudo.com.mx\/index.php\/wp-json\/wp\/v2\/posts\/24044","targetHints":{"allow":["GET"]}}],"collection":[{"href":"https:\/\/politicosaldesnudo.com.mx\/index.php\/wp-json\/wp\/v2\/posts"}],"about":[{"href":"https:\/\/politicosaldesnudo.com.mx\/index.php\/wp-json\/wp\/v2\/types\/post"}],"author":[{"embeddable":true,"href":"https:\/\/politicosaldesnudo.com.mx\/index.php\/wp-json\/wp\/v2\/users\/4"}],"replies":[{"embeddable":true,"href":"https:\/\/politicosaldesnudo.com.mx\/index.php\/wp-json\/wp\/v2\/comments?post=24044"}],"version-history":[{"count":0,"href":"https:\/\/politicosaldesnudo.com.mx\/index.php\/wp-json\/wp\/v2\/posts\/24044\/revisions"}],"wp:featuredmedia":[{"embeddable":true,"href":"https:\/\/politicosaldesnudo.com.mx\/index.php\/wp-json\/wp\/v2\/media\/3789"}],"wp:attachment":[{"href":"https:\/\/politicosaldesnudo.com.mx\/index.php\/wp-json\/wp\/v2\/media?parent=24044"}],"wp:term":[{"taxonomy":"category","embeddable":true,"href":"https:\/\/politicosaldesnudo.com.mx\/index.php\/wp-json\/wp\/v2\/categories?post=24044"},{"taxonomy":"post_tag","embeddable":true,"href":"https:\/\/politicosaldesnudo.com.mx\/index.php\/wp-json\/wp\/v2\/tags?post=24044"}],"curies":[{"name":"wp","href":"https:\/\/api.w.org\/{rel}","templated":true}]}}