{"id":24046,"date":"2023-09-28T12:20:10","date_gmt":"2023-09-28T17:20:10","guid":{"rendered":"https:\/\/politicosaldesnudo.com.mx\/?p=24046"},"modified":"2023-09-28T12:20:10","modified_gmt":"2023-09-28T17:20:10","slug":"el-terrorifico-actuar-de-un-moreno","status":"publish","type":"post","link":"https:\/\/politicosaldesnudo.com.mx\/index.php\/2023\/09\/28\/el-terrorifico-actuar-de-un-moreno\/","title":{"rendered":"El terror\u00edfico actuar de un Moreno"},"content":{"rendered":"<p style=\"font-weight: 400;\"><span style=\"font-family: verdana, geneva, sans-serif; font-size: 14pt;\"><strong>Astrolabio Pol\u00edtico<\/strong><\/span><\/p>\n<p style=\"font-weight: 400;\"><span style=\"font-family: verdana, geneva, sans-serif; font-size: 14pt;\"><strong>Por: Luis Ram\u00edrez Baqueiro<\/strong><\/span><\/p>\n<p style=\"font-weight: 400;\"><span style=\"font-family: verdana, geneva, sans-serif; font-size: 14pt;\"><em>\u201cNo hay otro camino para la madurez, que aprender<\/em><\/span><\/p>\n<p style=\"font-weight: 400;\"><span style=\"font-family: verdana, geneva, sans-serif; font-size: 14pt;\"><em>a soportar los golpes de la vida.\u201d \u2013 William Shakespeare.<\/em><\/span><\/p>\n<p style=\"font-weight: 400;\"><span style=\"font-family: verdana, geneva, sans-serif; font-size: 14pt;\">Iniciado el proceso electoral sucesorio en Veracruz, especialmente en el partido que hoy detenta todo el poder pol\u00edtico, econ\u00f3mico y social, llama la atenci\u00f3n la guerra fratricida emprendida por algunos de los actores participantes.<\/span><\/p>\n<p style=\"font-weight: 400;\"><span style=\"font-family: verdana, geneva, sans-serif; font-size: 14pt;\">De todos era ya sabido que la principal participante a encabezar el proyecto transformador del presidente Andr\u00e9s Manuel L\u00f3pez Obrador era la zacatecana, naturalizada veracruzana por vecindad en la persona de la secretaria de Energ\u00eda, Roc\u00edo Nahle Garc\u00eda.<\/span><\/p>\n<p style=\"font-weight: 400;\"><span style=\"font-family: verdana, geneva, sans-serif; font-size: 14pt;\">Sabedora de sus altas posibilidades de concursar llegado el momento por el gobierno de Veracruz, la ingeniera en petroqu\u00edmica tramit\u00f3 un juicio de protecci\u00f3n de derechos pol\u00edticos desde el a\u00f1o 2016.<\/span><\/p>\n<p style=\"font-weight: 400;\"><span style=\"font-family: verdana, geneva, sans-serif; font-size: 14pt;\">Con una residencia de m\u00e1s de 30 a\u00f1os en Veracruz, la hoy secretaria de Energ\u00eda del Gobierno de M\u00e9xico, se pronunci\u00f3 en contra del acuerdo A47\/OPLE\/ VER\/CG\/10-02\/16 con el que dan cumplimiento a la resoluci\u00f3n del juicio para la protecci\u00f3n de los derechos pol\u00edtico electorales del ciudadano, emitido por el Tribunal Electoral de Veracruz.<\/span><\/p>\n<p style=\"font-weight: 400;\"><span style=\"font-family: verdana, geneva, sans-serif; font-size: 14pt;\">Con lo anterior, y abriendo un juicio para la protecci\u00f3n de los derechos pol\u00edticos electorales (JDC), los magistrados por unanimidad le ordenaron contestar al OPLE, quienes evadieron la respuesta de fondo, registr\u00e1ndose de nueva cuenta otro JDC 23\/2016, donde se realiz\u00f3 un estudio de fondo legal sobre los requisitos de elegibilidad, analizando la Constituci\u00f3n, as\u00ed como el C\u00f3digo Electoral y anteponiendo el derecho universal que tiene todo ciudadano de \u201cvotar y ser votado\u201d, la Sala Regional le orden\u00f3 al Organismo Electoral le contestara palabras m\u00e1s, palabras menos a Roc\u00edo Nahle que si puede ser candidata a la Gubernatura de Veracruz.<\/span><\/p>\n<p style=\"font-weight: 400;\"><span style=\"font-family: verdana, geneva, sans-serif; font-size: 14pt;\">Dicha resoluci\u00f3n fue explicada claramente por un experto en derecho electoral que quedo en v\u00eddeo a trav\u00e9s de las redes\u00a0<a href=\"https:\/\/twitter.com\/tinojarocho\/status\/1523467364050046976?s=24&amp;t=aBBtPDpELy8O-wrSLL4I8g\" data-saferedirecturl=\"https:\/\/www.google.com\/url?q=https:\/\/twitter.com\/tinojarocho\/status\/1523467364050046976?s%3D24%26t%3DaBBtPDpELy8O-wrSLL4I8g&amp;source=gmail&amp;ust=1696007484696000&amp;usg=AOvVaw2POPESwrfOpjtGm1gSiuyP\">https:\/\/twitter.com\/tinojarocho\/status\/1523467364050046976?s=24&amp;t=aBBtPDpELy8O-wrSLL4I8g<\/a><\/span><\/p>\n<p style=\"font-weight: 400;\"><span style=\"font-family: verdana, geneva, sans-serif; font-size: 14pt;\">De esta manera, llama la atenci\u00f3n que nuevamente que previ\u00f3 a levantarse la encuesta de reconocimiento por parte de los \u00d3rganos Nacionales de Morena que definir\u00e1 quienes ser\u00e1n los afortunados aspirantes a alzarse con la Coordinaci\u00f3n Estatal de la Defensa de los Comit\u00e9s de la 4T en Veracruz reaparezca el tema de la vecindad.\u00a0<a href=\"https:\/\/encontacto.com.mx\/comision-de-elecciones-designara-sin-favoritismos-a-coordinador-de-la-4t-mario-delgado\/\" data-saferedirecturl=\"https:\/\/www.google.com\/url?q=https:\/\/encontacto.com.mx\/comision-de-elecciones-designara-sin-favoritismos-a-coordinador-de-la-4t-mario-delgado\/&amp;source=gmail&amp;ust=1696007484696000&amp;usg=AOvVaw3pbDi0yOuwtvaIVmJyN5Jf\">https:\/\/encontacto.com.mx\/comision-de-elecciones-designara-sin-favoritismos-a-coordinador-de-la-4t-mario-delgado\/<\/a><\/span><\/p>\n<p style=\"font-weight: 400;\"><span style=\"font-family: verdana, geneva, sans-serif; font-size: 14pt;\">Suena en verdad absurdo pelearle legitimidad a quienes, no habiendo nacido en Veracruz, han hecho vida y carrera en estas tierras, dejando lo mejor de ellos y de sus familias para el fortalecimiento de la entidad.<\/span><\/p>\n<p style=\"font-weight: 400;\"><span style=\"font-family: verdana, geneva, sans-serif; font-size: 14pt;\">Pero bueno, esta actitud no es de espantar a nadie; la realidad pol\u00edtica del pa\u00eds en los tiempos de la 4T ha sido la de contribuir al incremento de la violencia pol\u00edtica de g\u00e9nero que muchos de los miembros activos de Morena, practican.<\/span><\/p>\n<p style=\"font-weight: 400;\"><span style=\"font-family: verdana, geneva, sans-serif; font-size: 14pt;\">Y si eso no fuera cierto, bastar\u00eda con recordar el caso de uno de los propios aspirantes veracruzanos a suceder a Cuitl\u00e1huac Garc\u00eda Jim\u00e9nez, sobre quien pesan graves se\u00f1alamientos de infringir esa violencia pol\u00edtica de g\u00e9nero como parte de su desarrollo en la funci\u00f3n p\u00fablica.\u00a0<a href=\"https:\/\/www.elmercuriodeveracruz.mx\/nota.php?id=34245\" data-saferedirecturl=\"https:\/\/www.google.com\/url?q=https:\/\/www.elmercuriodeveracruz.mx\/nota.php?id%3D34245&amp;source=gmail&amp;ust=1696007484696000&amp;usg=AOvVaw2wGJc2fozC0wwZC_BI6mV7\">https:\/\/www.elmercuriodeveracruz.mx\/nota.php?id=34245<\/a><\/span><\/p>\n<p style=\"font-weight: 400;\"><span style=\"font-family: verdana, geneva, sans-serif; font-size: 14pt;\">El caso de Eric Patrocinio Cisneros Burgos, quien tapizo Veracruz con su promoci\u00f3n personal, en bardas, espectaculares, taxis, bajo el falso disfraz de ser una revelaci\u00f3n de las letras espa\u00f1olas y profundo defensor de la tercera ra\u00edz \u2013afrodescendientes- es la evidencia confirmada de sus actos anticipados de campa\u00f1a.<\/span><\/p>\n<p style=\"font-weight: 400;\"><span style=\"font-family: verdana, geneva, sans-serif; font-size: 14pt;\">M\u00e1s grav\u00e9 ahora que aparecen mantas por algunos puntos del territorio veracruzano, pretendiendo endilgar la versi\u00f3n del origen zacatecano de la puntera en la preferencia morenista, como si el tema no hubiera sido debidamente aclarado.<\/span><\/p>\n<p style=\"font-weight: 400;\"><span style=\"font-family: verdana, geneva, sans-serif; font-size: 14pt;\">Pero que nada nos sorprenda, el fuego amigo, abierto por las diversas huestes morenistas en contra de sus propios compa\u00f1eros de proyecto pol\u00edtico es la confirmaci\u00f3n de que las pasiones humanas se desbordan cuando los valores morales y los principios no fueron mamados correctamente desde la cuna.<\/span><\/p>\n<p style=\"font-weight: 400;\"><span style=\"font-family: verdana, geneva, sans-serif; font-size: 14pt;\">Bien se afirma por ah\u00ed que aquel que desde el origen sale mal hijo, jam\u00e1s y nunca habr\u00e1 de ser buena persona, y mire que en Otatitl\u00e1n se cuentan unas cosas, que quedar\u00e1n para el anecdotario pol\u00edtico veracruzano, solo confirmado, por el \u00e9xodo bajacaliforniano que cierto personaje tuvo que emprender para evadirse de la cuna paterna ante su mal proceder.<\/span><\/p>\n<p style=\"font-weight: 400;\"><span style=\"font-family: verdana, geneva, sans-serif; font-size: 14pt;\">Ahora bastar\u00e1 ver que tanto sube de tono esta guerra fratricida, pues en la Ciudad de M\u00e9xico, recientemente apareci\u00f3 otro caso similar en el intento por acabar con las aspiraciones y preferencias de los capitalinos en la persona del ex secretario de Seguridad P\u00fablica, Omar Hamid Garc\u00eda Harfuch.<\/span><\/p>\n<p style=\"font-weight: 400;\"><span style=\"font-family: verdana, geneva, sans-serif; font-size: 14pt;\">A quien han puesto en jaque ante los ataques y se\u00f1alamientos sobre sus supuestos nexos y participaci\u00f3n en el tema de los 43 estudiantes desaparecidos de la Normal de Ayotzinapa.<\/span><\/p>\n<p style=\"font-weight: 400;\"><span style=\"font-family: verdana, geneva, sans-serif; font-size: 14pt;\">El \u00e1nimo en Morena est\u00e1 caldeado y el terror\u00edfico actuar de algunos morenos es ya la evidencia de esa guerra por el poder.<\/span><\/p>\n<p style=\"font-weight: 400;\"><span style=\"font-family: verdana, geneva, sans-serif; font-size: 14pt;\">Al tiempo.<\/span><\/p>\n<p style=\"font-weight: 400;\"><span style=\"font-family: verdana, geneva, sans-serif; font-size: 14pt;\">\u00a0<\/span><\/p>\n<p style=\"font-weight: 400;\"><span style=\"font-family: verdana, geneva, sans-serif; font-size: 14pt;\"><em><a href=\"mailto:astrolabiopoliticomx@gmail.com\">astrolabiopoliticomx@gmail.com<\/a><\/em><\/span><\/p>\n<p style=\"font-weight: 400;\"><span style=\"font-family: verdana, geneva, sans-serif; font-size: 14pt;\"><em>Twitter: @LuisBaqueiro_mx<\/em><\/span><\/p>\n","protected":false},"excerpt":{"rendered":"<p>Astrolabio Pol\u00edtico Por: Luis Ram\u00edrez Baqueiro \u201cNo hay otro camino para la madurez, que aprender a soportar los golpes de<\/p>\n","protected":false},"author":4,"featured_media":4390,"comment_status":"closed","ping_status":"closed","sticky":false,"template":"","format":"standard","meta":{"colormag_page_container_layout":"default_layout","colormag_page_sidebar_layout":"default_layout","_jetpack_memberships_contains_paid_content":false,"footnotes":"","jetpack_publicize_message":"","jetpack_publicize_feature_enabled":true,"jetpack_social_post_already_shared":false,"jetpack_social_options":{"image_generator_settings":{"template":"highway","default_image_id":0,"font":"","enabled":false},"version":2}},"categories":[26],"tags":[],"class_list":["post-24046","post","type-post","status-publish","format-standard","has-post-thumbnail","hentry","category-columnistas"],"jetpack_publicize_connections":[],"jetpack_featured_media_url":"https:\/\/i0.wp.com\/politicosaldesnudo.com.mx\/wp-content\/uploads\/2022\/04\/LUIS-RAMI%CC%81REZ-BAQUEIRO.png?fit=1816%2C1016&ssl=1","jetpack-related-posts":[],"jetpack_sharing_enabled":true,"_links":{"self":[{"href":"https:\/\/politicosaldesnudo.com.mx\/index.php\/wp-json\/wp\/v2\/posts\/24046","targetHints":{"allow":["GET"]}}],"collection":[{"href":"https:\/\/politicosaldesnudo.com.mx\/index.php\/wp-json\/wp\/v2\/posts"}],"about":[{"href":"https:\/\/politicosaldesnudo.com.mx\/index.php\/wp-json\/wp\/v2\/types\/post"}],"author":[{"embeddable":true,"href":"https:\/\/politicosaldesnudo.com.mx\/index.php\/wp-json\/wp\/v2\/users\/4"}],"replies":[{"embeddable":true,"href":"https:\/\/politicosaldesnudo.com.mx\/index.php\/wp-json\/wp\/v2\/comments?post=24046"}],"version-history":[{"count":0,"href":"https:\/\/politicosaldesnudo.com.mx\/index.php\/wp-json\/wp\/v2\/posts\/24046\/revisions"}],"wp:featuredmedia":[{"embeddable":true,"href":"https:\/\/politicosaldesnudo.com.mx\/index.php\/wp-json\/wp\/v2\/media\/4390"}],"wp:attachment":[{"href":"https:\/\/politicosaldesnudo.com.mx\/index.php\/wp-json\/wp\/v2\/media?parent=24046"}],"wp:term":[{"taxonomy":"category","embeddable":true,"href":"https:\/\/politicosaldesnudo.com.mx\/index.php\/wp-json\/wp\/v2\/categories?post=24046"},{"taxonomy":"post_tag","embeddable":true,"href":"https:\/\/politicosaldesnudo.com.mx\/index.php\/wp-json\/wp\/v2\/tags?post=24046"}],"curies":[{"name":"wp","href":"https:\/\/api.w.org\/{rel}","templated":true}]}}