{"id":24059,"date":"2023-09-25T12:47:30","date_gmt":"2023-09-25T17:47:30","guid":{"rendered":"https:\/\/politicosaldesnudo.com.mx\/?p=24059"},"modified":"2023-09-28T12:50:51","modified_gmt":"2023-09-28T17:50:51","slug":"gobierno-de-tuxpan-conmemoro-en-el-lunes-civico-el-202-aniversario-de-la-consumacion-de-la-independencia-de-mexico","status":"publish","type":"post","link":"https:\/\/politicosaldesnudo.com.mx\/index.php\/2023\/09\/25\/gobierno-de-tuxpan-conmemoro-en-el-lunes-civico-el-202-aniversario-de-la-consumacion-de-la-independencia-de-mexico\/","title":{"rendered":"Gobierno de Tuxpan conmemor\u00f3 en el Lunes C\u00edvico el 202 Aniversario de la Consumaci\u00f3n de la Independencia de M\u00e9xico"},"content":{"rendered":"<p><span style=\"font-size: 14pt; font-family: verdana, geneva, sans-serif;\">Tuxpan, Ver., 25 septiembre 2023.- Esta ma\u00f1ana el Gobierno de Tuxpan llev\u00f3 a cabo el Lunes C\u00edvico, en el marco del 202 Aniversario de la Consumaci\u00f3n de la Independencia de M\u00e9xico y del D\u00eda Mundial para la Prevenci\u00f3n de Embarazos No Deseados en Adolescentes.<\/span><\/p>\n<p><span style=\"font-size: 14pt; font-family: verdana, geneva, sans-serif;\">El acto, que se realiz\u00f3 en la explanada municipal, estuvo encabezado por el director de Educaci\u00f3n, Prof. Jorge Arturo Garc\u00eda Robles, en representaci\u00f3n del alcalde Jos\u00e9 Manuel Pozos Castro; el regidor comisionado en Educaci\u00f3n, Prof. Luis Demetrio L\u00f3pez Mar\u00edn; la regidora Mar\u00eda del Pilar Mart\u00ednez Matesanz; el Primer Maestre Jorge Antonio Quintanar Hern\u00e1ndez, en representaci\u00f3n de la Quinta Zona Naval.<\/span><\/p>\n<div class=\"wp-block-image\"><span style=\"font-size: 14pt; font-family: verdana, geneva, sans-serif;\"><img data-recalc-dims=\"1\" loading=\"lazy\" decoding=\"async\" class=\"aligncenter size-large wp-image-24854\" src=\"https:\/\/i0.wp.com\/tuxpanveracruz.gob.mx\/wp-content\/uploads\/2023\/09\/WhatsApp-Image-2023-09-25-at-10.17.59-AM-1024x681.jpeg?resize=800%2C532&#038;ssl=1\" sizes=\"auto, (max-width: 900px) 100vw, 900px\" srcset=\"https:\/\/tuxpanveracruz.gob.mx\/wp-content\/uploads\/2023\/09\/WhatsApp-Image-2023-09-25-at-10.17.59-AM-1024x681.jpeg 1024w, https:\/\/tuxpanveracruz.gob.mx\/wp-content\/uploads\/2023\/09\/WhatsApp-Image-2023-09-25-at-10.17.59-AM-300x199.jpeg 300w, https:\/\/tuxpanveracruz.gob.mx\/wp-content\/uploads\/2023\/09\/WhatsApp-Image-2023-09-25-at-10.17.59-AM-768x511.jpeg 768w, https:\/\/tuxpanveracruz.gob.mx\/wp-content\/uploads\/2023\/09\/WhatsApp-Image-2023-09-25-at-10.17.59-AM-150x100.jpeg 150w, https:\/\/tuxpanveracruz.gob.mx\/wp-content\/uploads\/2023\/09\/WhatsApp-Image-2023-09-25-at-10.17.59-AM-24x16.jpeg 24w, https:\/\/tuxpanveracruz.gob.mx\/wp-content\/uploads\/2023\/09\/WhatsApp-Image-2023-09-25-at-10.17.59-AM-36x24.jpeg 36w, https:\/\/tuxpanveracruz.gob.mx\/wp-content\/uploads\/2023\/09\/WhatsApp-Image-2023-09-25-at-10.17.59-AM-48x32.jpeg 48w, https:\/\/tuxpanveracruz.gob.mx\/wp-content\/uploads\/2023\/09\/WhatsApp-Image-2023-09-25-at-10.17.59-AM.jpeg 1280w\" alt=\"\" width=\"800\" height=\"532\" \/><\/span><\/div>\n<p><span style=\"font-size: 14pt; font-family: verdana, geneva, sans-serif;\">As\u00ed mismo, Marisol Miquelajauregui Guzm\u00e1n, directora de Museos y Bibliotecas; el Dr. Cuauht\u00e9moc P\u00e9rez Ju\u00e1rez, jefe de la Jurisdicci\u00f3n Sanitaria N\u00fam. 2; el Lic. Juan Carpio Isidro, en representaci\u00f3n de la Delegaci\u00f3n Regional de la SEV; y el Prof. Orlando V\u00e1zquez Melo, director de la escuela primaria \u201cJos\u00e9 Vasconcelos\u201d.<\/span><\/p>\n<p><span style=\"font-size: 14pt; font-family: verdana, geneva, sans-serif;\">Durante el acto, un grupo de estudiantes de la primaria \u201cJos\u00e9 Vasconcelos\u201d interpret\u00f3 el Himno Nacional en Lenguaje de Se\u00f1as Mexicanas.<\/span><\/p>\n<div class=\"wp-block-image\"><span style=\"font-size: 14pt; font-family: verdana, geneva, sans-serif;\"><img data-recalc-dims=\"1\" loading=\"lazy\" decoding=\"async\" class=\"aligncenter size-large wp-image-24851\" src=\"https:\/\/i0.wp.com\/tuxpanveracruz.gob.mx\/wp-content\/uploads\/2023\/09\/WhatsApp-Image-2023-09-25-at-10.18.02-AM-1-1024x681.jpeg?resize=800%2C532&#038;ssl=1\" sizes=\"auto, (max-width: 900px) 100vw, 900px\" srcset=\"https:\/\/tuxpanveracruz.gob.mx\/wp-content\/uploads\/2023\/09\/WhatsApp-Image-2023-09-25-at-10.18.02-AM-1-1024x681.jpeg 1024w, https:\/\/tuxpanveracruz.gob.mx\/wp-content\/uploads\/2023\/09\/WhatsApp-Image-2023-09-25-at-10.18.02-AM-1-300x199.jpeg 300w, https:\/\/tuxpanveracruz.gob.mx\/wp-content\/uploads\/2023\/09\/WhatsApp-Image-2023-09-25-at-10.18.02-AM-1-768x511.jpeg 768w, https:\/\/tuxpanveracruz.gob.mx\/wp-content\/uploads\/2023\/09\/WhatsApp-Image-2023-09-25-at-10.18.02-AM-1-150x100.jpeg 150w, https:\/\/tuxpanveracruz.gob.mx\/wp-content\/uploads\/2023\/09\/WhatsApp-Image-2023-09-25-at-10.18.02-AM-1-24x16.jpeg 24w, https:\/\/tuxpanveracruz.gob.mx\/wp-content\/uploads\/2023\/09\/WhatsApp-Image-2023-09-25-at-10.18.02-AM-1-36x24.jpeg 36w, https:\/\/tuxpanveracruz.gob.mx\/wp-content\/uploads\/2023\/09\/WhatsApp-Image-2023-09-25-at-10.18.02-AM-1-48x32.jpeg 48w, https:\/\/tuxpanveracruz.gob.mx\/wp-content\/uploads\/2023\/09\/WhatsApp-Image-2023-09-25-at-10.18.02-AM-1.jpeg 1280w\" alt=\"\" width=\"800\" height=\"532\" \/><\/span><\/div>\n<p><span style=\"font-size: 14pt; font-family: verdana, geneva, sans-serif;\">Adem\u00e1s, alumnas y alumnos de quinto y sexto grado expusieron las efem\u00e9rides de la semana y presentaron una rese\u00f1a de la Consumaci\u00f3n de la Independencia de M\u00e9xico.<\/span><\/p>\n<p><span style=\"font-size: 14pt; font-family: verdana, geneva, sans-serif;\">Al acto tambi\u00e9n asistieron personal docente y padres de familia de la escuela primaria participante; directores y coordinadores de las diferentes \u00e1reas del Ayuntamiento; integrantes de la Banda de Guerra del 39\u00ba Batall\u00f3n de Infanter\u00eda; elementos de la Secretar\u00eda de Marina, Polic\u00eda Municipal, Protecci\u00f3n Civil y Bomberos.<\/span><\/p>\n<div class=\"wp-block-image\"><img data-recalc-dims=\"1\" loading=\"lazy\" decoding=\"async\" class=\"aligncenter size-large wp-image-24850\" src=\"https:\/\/i0.wp.com\/tuxpanveracruz.gob.mx\/wp-content\/uploads\/2023\/09\/WhatsApp-Image-2023-09-25-at-10.18.04-AM-1024x681.jpeg?resize=800%2C532&#038;ssl=1\" sizes=\"auto, (max-width: 900px) 100vw, 900px\" srcset=\"https:\/\/tuxpanveracruz.gob.mx\/wp-content\/uploads\/2023\/09\/WhatsApp-Image-2023-09-25-at-10.18.04-AM-1024x681.jpeg 1024w, https:\/\/tuxpanveracruz.gob.mx\/wp-content\/uploads\/2023\/09\/WhatsApp-Image-2023-09-25-at-10.18.04-AM-300x199.jpeg 300w, https:\/\/tuxpanveracruz.gob.mx\/wp-content\/uploads\/2023\/09\/WhatsApp-Image-2023-09-25-at-10.18.04-AM-768x511.jpeg 768w, https:\/\/tuxpanveracruz.gob.mx\/wp-content\/uploads\/2023\/09\/WhatsApp-Image-2023-09-25-at-10.18.04-AM-150x100.jpeg 150w, https:\/\/tuxpanveracruz.gob.mx\/wp-content\/uploads\/2023\/09\/WhatsApp-Image-2023-09-25-at-10.18.04-AM-24x16.jpeg 24w, https:\/\/tuxpanveracruz.gob.mx\/wp-content\/uploads\/2023\/09\/WhatsApp-Image-2023-09-25-at-10.18.04-AM-36x24.jpeg 36w, https:\/\/tuxpanveracruz.gob.mx\/wp-content\/uploads\/2023\/09\/WhatsApp-Image-2023-09-25-at-10.18.04-AM-48x32.jpeg 48w, https:\/\/tuxpanveracruz.gob.mx\/wp-content\/uploads\/2023\/09\/WhatsApp-Image-2023-09-25-at-10.18.04-AM.jpeg 1280w\" alt=\"\" width=\"800\" height=\"532\" \/><\/div>\n<div><\/div>\n<div class=\"wp-block-image\"><img data-recalc-dims=\"1\" loading=\"lazy\" decoding=\"async\" class=\"aligncenter size-large wp-image-24852\" src=\"https:\/\/i0.wp.com\/tuxpanveracruz.gob.mx\/wp-content\/uploads\/2023\/09\/WhatsApp-Image-2023-09-25-at-10.18.02-AM-1024x681.jpeg?resize=800%2C532&#038;ssl=1\" sizes=\"auto, (max-width: 900px) 100vw, 900px\" srcset=\"https:\/\/tuxpanveracruz.gob.mx\/wp-content\/uploads\/2023\/09\/WhatsApp-Image-2023-09-25-at-10.18.02-AM-1024x681.jpeg 1024w, https:\/\/tuxpanveracruz.gob.mx\/wp-content\/uploads\/2023\/09\/WhatsApp-Image-2023-09-25-at-10.18.02-AM-300x199.jpeg 300w, https:\/\/tuxpanveracruz.gob.mx\/wp-content\/uploads\/2023\/09\/WhatsApp-Image-2023-09-25-at-10.18.02-AM-768x511.jpeg 768w, https:\/\/tuxpanveracruz.gob.mx\/wp-content\/uploads\/2023\/09\/WhatsApp-Image-2023-09-25-at-10.18.02-AM-150x100.jpeg 150w, https:\/\/tuxpanveracruz.gob.mx\/wp-content\/uploads\/2023\/09\/WhatsApp-Image-2023-09-25-at-10.18.02-AM-24x16.jpeg 24w, https:\/\/tuxpanveracruz.gob.mx\/wp-content\/uploads\/2023\/09\/WhatsApp-Image-2023-09-25-at-10.18.02-AM-36x24.jpeg 36w, https:\/\/tuxpanveracruz.gob.mx\/wp-content\/uploads\/2023\/09\/WhatsApp-Image-2023-09-25-at-10.18.02-AM-48x32.jpeg 48w, https:\/\/tuxpanveracruz.gob.mx\/wp-content\/uploads\/2023\/09\/WhatsApp-Image-2023-09-25-at-10.18.02-AM.jpeg 1280w\" alt=\"\" width=\"800\" height=\"532\" \/><\/div>\n<div><\/div>\n<div class=\"wp-block-image\"><img data-recalc-dims=\"1\" loading=\"lazy\" decoding=\"async\" class=\"aligncenter size-large wp-image-24854\" src=\"https:\/\/i0.wp.com\/tuxpanveracruz.gob.mx\/wp-content\/uploads\/2023\/09\/WhatsApp-Image-2023-09-25-at-10.17.59-AM-1024x681.jpeg?resize=800%2C532&#038;ssl=1\" sizes=\"auto, (max-width: 900px) 100vw, 900px\" srcset=\"https:\/\/tuxpanveracruz.gob.mx\/wp-content\/uploads\/2023\/09\/WhatsApp-Image-2023-09-25-at-10.17.59-AM-1024x681.jpeg 1024w, https:\/\/tuxpanveracruz.gob.mx\/wp-content\/uploads\/2023\/09\/WhatsApp-Image-2023-09-25-at-10.17.59-AM-300x199.jpeg 300w, https:\/\/tuxpanveracruz.gob.mx\/wp-content\/uploads\/2023\/09\/WhatsApp-Image-2023-09-25-at-10.17.59-AM-768x511.jpeg 768w, https:\/\/tuxpanveracruz.gob.mx\/wp-content\/uploads\/2023\/09\/WhatsApp-Image-2023-09-25-at-10.17.59-AM-150x100.jpeg 150w, https:\/\/tuxpanveracruz.gob.mx\/wp-content\/uploads\/2023\/09\/WhatsApp-Image-2023-09-25-at-10.17.59-AM-24x16.jpeg 24w, https:\/\/tuxpanveracruz.gob.mx\/wp-content\/uploads\/2023\/09\/WhatsApp-Image-2023-09-25-at-10.17.59-AM-36x24.jpeg 36w, https:\/\/tuxpanveracruz.gob.mx\/wp-content\/uploads\/2023\/09\/WhatsApp-Image-2023-09-25-at-10.17.59-AM-48x32.jpeg 48w, https:\/\/tuxpanveracruz.gob.mx\/wp-content\/uploads\/2023\/09\/WhatsApp-Image-2023-09-25-at-10.17.59-AM.jpeg 1280w\" alt=\"\" width=\"800\" height=\"532\" \/><\/div>\n<div><\/div>\n<div>\n<div class=\"wp-block-image\"><img data-recalc-dims=\"1\" loading=\"lazy\" decoding=\"async\" class=\"aligncenter size-large wp-image-24861\" src=\"https:\/\/i0.wp.com\/tuxpanveracruz.gob.mx\/wp-content\/uploads\/2023\/09\/WhatsApp-Image-2023-09-25-at-10.17.50-AM-1024x681.jpeg?resize=800%2C532&#038;ssl=1\" sizes=\"auto, (max-width: 900px) 100vw, 900px\" srcset=\"https:\/\/tuxpanveracruz.gob.mx\/wp-content\/uploads\/2023\/09\/WhatsApp-Image-2023-09-25-at-10.17.50-AM-1024x681.jpeg 1024w, https:\/\/tuxpanveracruz.gob.mx\/wp-content\/uploads\/2023\/09\/WhatsApp-Image-2023-09-25-at-10.17.50-AM-300x199.jpeg 300w, https:\/\/tuxpanveracruz.gob.mx\/wp-content\/uploads\/2023\/09\/WhatsApp-Image-2023-09-25-at-10.17.50-AM-768x511.jpeg 768w, https:\/\/tuxpanveracruz.gob.mx\/wp-content\/uploads\/2023\/09\/WhatsApp-Image-2023-09-25-at-10.17.50-AM-150x100.jpeg 150w, https:\/\/tuxpanveracruz.gob.mx\/wp-content\/uploads\/2023\/09\/WhatsApp-Image-2023-09-25-at-10.17.50-AM-24x16.jpeg 24w, https:\/\/tuxpanveracruz.gob.mx\/wp-content\/uploads\/2023\/09\/WhatsApp-Image-2023-09-25-at-10.17.50-AM-36x24.jpeg 36w, https:\/\/tuxpanveracruz.gob.mx\/wp-content\/uploads\/2023\/09\/WhatsApp-Image-2023-09-25-at-10.17.50-AM-48x32.jpeg 48w, https:\/\/tuxpanveracruz.gob.mx\/wp-content\/uploads\/2023\/09\/WhatsApp-Image-2023-09-25-at-10.17.50-AM.jpeg 1280w\" alt=\"\" width=\"800\" height=\"532\" \/><\/div>\n<\/div>\n<div><\/div>\n<div class=\"wp-block-image\"><img data-recalc-dims=\"1\" loading=\"lazy\" decoding=\"async\" class=\"aligncenter size-large wp-image-24853\" src=\"https:\/\/i0.wp.com\/tuxpanveracruz.gob.mx\/wp-content\/uploads\/2023\/09\/WhatsApp-Image-2023-09-25-at-10.18.00-AM-1024x681.jpeg?resize=800%2C532&#038;ssl=1\" sizes=\"auto, (max-width: 900px) 100vw, 900px\" srcset=\"https:\/\/tuxpanveracruz.gob.mx\/wp-content\/uploads\/2023\/09\/WhatsApp-Image-2023-09-25-at-10.18.00-AM-1024x681.jpeg 1024w, https:\/\/tuxpanveracruz.gob.mx\/wp-content\/uploads\/2023\/09\/WhatsApp-Image-2023-09-25-at-10.18.00-AM-300x199.jpeg 300w, https:\/\/tuxpanveracruz.gob.mx\/wp-content\/uploads\/2023\/09\/WhatsApp-Image-2023-09-25-at-10.18.00-AM-768x511.jpeg 768w, https:\/\/tuxpanveracruz.gob.mx\/wp-content\/uploads\/2023\/09\/WhatsApp-Image-2023-09-25-at-10.18.00-AM-150x100.jpeg 150w, https:\/\/tuxpanveracruz.gob.mx\/wp-content\/uploads\/2023\/09\/WhatsApp-Image-2023-09-25-at-10.18.00-AM-24x16.jpeg 24w, https:\/\/tuxpanveracruz.gob.mx\/wp-content\/uploads\/2023\/09\/WhatsApp-Image-2023-09-25-at-10.18.00-AM-36x24.jpeg 36w, https:\/\/tuxpanveracruz.gob.mx\/wp-content\/uploads\/2023\/09\/WhatsApp-Image-2023-09-25-at-10.18.00-AM-48x32.jpeg 48w, https:\/\/tuxpanveracruz.gob.mx\/wp-content\/uploads\/2023\/09\/WhatsApp-Image-2023-09-25-at-10.18.00-AM.jpeg 1280w\" alt=\"\" width=\"800\" height=\"532\" \/><\/div>\n<div><\/div>\n<div class=\"wp-block-image\"><img data-recalc-dims=\"1\" loading=\"lazy\" decoding=\"async\" class=\"aligncenter size-large wp-image-24856\" src=\"https:\/\/i0.wp.com\/tuxpanveracruz.gob.mx\/wp-content\/uploads\/2023\/09\/WhatsApp-Image-2023-09-25-at-10.17.55-AM-1024x681.jpeg?resize=800%2C532&#038;ssl=1\" sizes=\"auto, (max-width: 900px) 100vw, 900px\" srcset=\"https:\/\/tuxpanveracruz.gob.mx\/wp-content\/uploads\/2023\/09\/WhatsApp-Image-2023-09-25-at-10.17.55-AM-1024x681.jpeg 1024w, https:\/\/tuxpanveracruz.gob.mx\/wp-content\/uploads\/2023\/09\/WhatsApp-Image-2023-09-25-at-10.17.55-AM-300x199.jpeg 300w, https:\/\/tuxpanveracruz.gob.mx\/wp-content\/uploads\/2023\/09\/WhatsApp-Image-2023-09-25-at-10.17.55-AM-768x511.jpeg 768w, https:\/\/tuxpanveracruz.gob.mx\/wp-content\/uploads\/2023\/09\/WhatsApp-Image-2023-09-25-at-10.17.55-AM-150x100.jpeg 150w, https:\/\/tuxpanveracruz.gob.mx\/wp-content\/uploads\/2023\/09\/WhatsApp-Image-2023-09-25-at-10.17.55-AM-24x16.jpeg 24w, https:\/\/tuxpanveracruz.gob.mx\/wp-content\/uploads\/2023\/09\/WhatsApp-Image-2023-09-25-at-10.17.55-AM-36x24.jpeg 36w, https:\/\/tuxpanveracruz.gob.mx\/wp-content\/uploads\/2023\/09\/WhatsApp-Image-2023-09-25-at-10.17.55-AM-48x32.jpeg 48w, https:\/\/tuxpanveracruz.gob.mx\/wp-content\/uploads\/2023\/09\/WhatsApp-Image-2023-09-25-at-10.17.55-AM.jpeg 1280w\" alt=\"\" width=\"800\" height=\"532\" \/><\/div>\n<div><\/div>\n<div class=\"wp-block-image\"><img data-recalc-dims=\"1\" loading=\"lazy\" decoding=\"async\" class=\"aligncenter size-large wp-image-24855\" src=\"https:\/\/i0.wp.com\/tuxpanveracruz.gob.mx\/wp-content\/uploads\/2023\/09\/WhatsApp-Image-2023-09-25-at-10.17.57-AM-1024x681.jpeg?resize=800%2C532&#038;ssl=1\" sizes=\"auto, (max-width: 900px) 100vw, 900px\" srcset=\"https:\/\/tuxpanveracruz.gob.mx\/wp-content\/uploads\/2023\/09\/WhatsApp-Image-2023-09-25-at-10.17.57-AM-1024x681.jpeg 1024w, https:\/\/tuxpanveracruz.gob.mx\/wp-content\/uploads\/2023\/09\/WhatsApp-Image-2023-09-25-at-10.17.57-AM-300x199.jpeg 300w, https:\/\/tuxpanveracruz.gob.mx\/wp-content\/uploads\/2023\/09\/WhatsApp-Image-2023-09-25-at-10.17.57-AM-768x511.jpeg 768w, https:\/\/tuxpanveracruz.gob.mx\/wp-content\/uploads\/2023\/09\/WhatsApp-Image-2023-09-25-at-10.17.57-AM-150x100.jpeg 150w, https:\/\/tuxpanveracruz.gob.mx\/wp-content\/uploads\/2023\/09\/WhatsApp-Image-2023-09-25-at-10.17.57-AM-24x16.jpeg 24w, https:\/\/tuxpanveracruz.gob.mx\/wp-content\/uploads\/2023\/09\/WhatsApp-Image-2023-09-25-at-10.17.57-AM-36x24.jpeg 36w, https:\/\/tuxpanveracruz.gob.mx\/wp-content\/uploads\/2023\/09\/WhatsApp-Image-2023-09-25-at-10.17.57-AM-48x32.jpeg 48w, https:\/\/tuxpanveracruz.gob.mx\/wp-content\/uploads\/2023\/09\/WhatsApp-Image-2023-09-25-at-10.17.57-AM.jpeg 1280w\" alt=\"\" width=\"800\" height=\"532\" \/><\/div>\n","protected":false},"excerpt":{"rendered":"<p>Tuxpan, Ver., 25 septiembre 2023.- Esta ma\u00f1ana el Gobierno de Tuxpan llev\u00f3 a cabo el Lunes C\u00edvico, en el marco<\/p>\n","protected":false},"author":4,"featured_media":24060,"comment_status":"closed","ping_status":"closed","sticky":false,"template":"","format":"standard","meta":{"colormag_page_container_layout":"default_layout","colormag_page_sidebar_layout":"default_layout","_jetpack_memberships_contains_paid_content":false,"footnotes":"","jetpack_publicize_message":"","jetpack_publicize_feature_enabled":true,"jetpack_social_post_already_shared":false,"jetpack_social_options":{"image_generator_settings":{"template":"highway","default_image_id":0,"font":"","enabled":false},"version":2}},"categories":[1082],"tags":[],"class_list":["post-24059","post","type-post","status-publish","format-standard","has-post-thumbnail","hentry","category-tuxpan"],"jetpack_publicize_connections":[],"jetpack_featured_media_url":"https:\/\/i0.wp.com\/politicosaldesnudo.com.mx\/wp-content\/uploads\/2023\/09\/WhatsApp-Image-2023-09-25-at-10.18.54-AM.jpeg?fit=1280%2C851&ssl=1","jetpack-related-posts":[],"jetpack_sharing_enabled":true,"_links":{"self":[{"href":"https:\/\/politicosaldesnudo.com.mx\/index.php\/wp-json\/wp\/v2\/posts\/24059","targetHints":{"allow":["GET"]}}],"collection":[{"href":"https:\/\/politicosaldesnudo.com.mx\/index.php\/wp-json\/wp\/v2\/posts"}],"about":[{"href":"https:\/\/politicosaldesnudo.com.mx\/index.php\/wp-json\/wp\/v2\/types\/post"}],"author":[{"embeddable":true,"href":"https:\/\/politicosaldesnudo.com.mx\/index.php\/wp-json\/wp\/v2\/users\/4"}],"replies":[{"embeddable":true,"href":"https:\/\/politicosaldesnudo.com.mx\/index.php\/wp-json\/wp\/v2\/comments?post=24059"}],"version-history":[{"count":0,"href":"https:\/\/politicosaldesnudo.com.mx\/index.php\/wp-json\/wp\/v2\/posts\/24059\/revisions"}],"wp:featuredmedia":[{"embeddable":true,"href":"https:\/\/politicosaldesnudo.com.mx\/index.php\/wp-json\/wp\/v2\/media\/24060"}],"wp:attachment":[{"href":"https:\/\/politicosaldesnudo.com.mx\/index.php\/wp-json\/wp\/v2\/media?parent=24059"}],"wp:term":[{"taxonomy":"category","embeddable":true,"href":"https:\/\/politicosaldesnudo.com.mx\/index.php\/wp-json\/wp\/v2\/categories?post=24059"},{"taxonomy":"post_tag","embeddable":true,"href":"https:\/\/politicosaldesnudo.com.mx\/index.php\/wp-json\/wp\/v2\/tags?post=24059"}],"curies":[{"name":"wp","href":"https:\/\/api.w.org\/{rel}","templated":true}]}}