{"id":24098,"date":"2023-09-29T18:47:20","date_gmt":"2023-09-29T23:47:20","guid":{"rendered":"https:\/\/politicosaldesnudo.com.mx\/?p=24098"},"modified":"2023-09-29T19:06:59","modified_gmt":"2023-09-30T00:06:59","slug":"el-peligro-de-ser-joven-en-mexico","status":"publish","type":"post","link":"https:\/\/politicosaldesnudo.com.mx\/index.php\/2023\/09\/29\/el-peligro-de-ser-joven-en-mexico\/","title":{"rendered":"El peligro de ser joven en M\u00e9xico"},"content":{"rendered":"<p><span style=\"font-size: 14pt;\"><strong>Por Ricardo Homs<\/strong><\/span><\/p>\n<p><span style=\"font-size: 14pt;\">En M\u00e9xico hoy no hay poblaci\u00f3n con mayor riesgo, que los j\u00f3venes menores de 30 a\u00f1os.\u00a0 Hoy desaparecen hombres y mujeres de este perfil de edad ante la indiferencia de las autoridades. S\u00f3lo cuando un caso se vuelve medi\u00e1tico, es cuando las autoridades prestan atenci\u00f3n.<\/span><\/p>\n<p><span style=\"font-size: 14pt;\">El testimonio publicado por Aristegui Noticias, -rendido por la madre de Pablo-, un joven de 17 a\u00f1os que el 30 de marzo pasado sali\u00f3 a buscar trabajo en Tepic y desapareci\u00f3. S\u00f3lo hasta varios d\u00edas despu\u00e9s se comunic\u00f3 con su madre por WhatsApp, burlando a sus captores. Le inform\u00f3 que hab\u00eda sido reclutado por un c\u00e1rtel contra su voluntad y le ped\u00eda fuera a recogerlo a Zacatecas, pero fue imposible coordinarse con ella y se perdi\u00f3 la comunicaci\u00f3n.<\/span><\/p>\n<p><span style=\"font-size: 14pt;\">Desde entonces ella ha solicitado apoyo de las autoridades estatales y federales para localizarlo con vida y lo que ha encontrado es\u2026 \u00a1Indiferencia!<\/span><\/p>\n<p><span style=\"font-size: 14pt;\">Del mismo modo sucedi\u00f3 con los siete j\u00f3venes desaparecidos hace unos d\u00edas en Zacatecas, as\u00ed como los dos j\u00f3venes secuestrados en Motozintla, Chiapas, y encontrados torturados y asesinados por un c\u00e1rtel, cuando hab\u00edan salido\u2026 simplemente a vender un perrito a un posible cliente contactado por redes sociales.<\/span><\/p>\n<p><span style=\"font-size: 14pt;\">Y qu\u00e9 decir de los cinco j\u00f3venes desaparecidos en Lagos de Moreno, Jalisco, el 11 de agosto pasado. \u00bfY los ocho muchachos que trabajaban en un call center en Jalisco? Varios aparecieron en mayo pasado dentro de bolsas de pl\u00e1stico en Zapopan.<\/span><\/p>\n<p><span style=\"font-size: 14pt;\">El presidente quiere convencernos de que esto es normal, cuando la realidad es que son tragedias humanas inaceptables en un pa\u00eds que no est\u00e1 en un conflicto b\u00e9lico, sino viviendo una crisis de inseguridad provocada por la apat\u00eda gubernamental.<\/span><\/p>\n<p><span style=\"font-size: 14pt;\">El estudio publicado por Rafael Prieto Curiel en la revista Science, que despu\u00e9s de cruzar informaci\u00f3n dentro de plataformas de inteligencia artificial lleg\u00f3 a la conclusi\u00f3n de que la delincuencia organizada en M\u00e9xico tiene en su n\u00f3mina actualmente a 175 mil j\u00f3venes, de los cuales, un alto porcentaje de ellos no se integraron por propia voluntad, sino que fueron reclutados en un secuestro violento. Este estudio, -donde tambi\u00e9n particip\u00f3 el especialista en seguridad, -fallecido recientemente, Alejandro Hope-, hace \u00e9nfasis en la necesidad que tienen los c\u00e1rteles de reclutar 350 j\u00f3venes por semana, o sea, 1,400 por mes para sustituir a los fallecidos, encarcelados o inhabilitados. A final de cuentas nuestros j\u00f3venes son carne de ca\u00f1\u00f3n sustituible para la delincuencia organizada. \u00a0<\/span><\/p>\n<p><span style=\"font-size: 14pt;\">Esto explica las desapariciones de varones, mientras las mujeres podr\u00edan estar siendo secuestradas como parte del negocio de servicios sexuales.<\/span><\/p>\n<p><span style=\"font-size: 14pt;\">\u00bfCu\u00e1l es la respuesta del gobierno federal ante esta sensible tragedia humana que trunca vidas inocentes y convierte a nuestros j\u00f3venes en delincuentes?&#8230; \u00a0Es la indiferencia. No existe un plan para resolver este grave problema.<\/span><\/p>\n<p><span style=\"font-size: 14pt;\">Nuestro presidente est\u00e1 muy ocupado en los asuntos electorales que tanto le apasionan y en confrontar a sus adversarios pol\u00edticos.\u00a0 Este es el aut\u00e9ntico rostro del \u201chumanismo mexicano\u201d.<\/span><\/p>\n<p><span style=\"font-size: 14pt;\">\u00bfY el Ej\u00e9rcito?&#8230; pues construyendo las obras prioritarias del presidente.<\/span><\/p>\n<p><span style=\"font-size: 14pt;\">\u00bfQui\u00e9n velar\u00e1 por nuestros j\u00f3venes y por su futuro? \u00a0<\/span><\/p>\n<p><span style=\"font-size: 14pt;\"><strong>\u00bfDE QUIEN SON LOS CARGOS DE ELECCI\u00d3N POPULAR?<\/strong><\/span><\/p>\n<p><span style=\"font-size: 14pt;\">La salida de Ram\u00edrez Mar\u00edn de la bancada del PRI en el Senado de la Rep\u00fablica debe llevarnos a la reflexi\u00f3n\u2026 \u00bfqui\u00e9n es el verdadero due\u00f1o del esca\u00f1o en el caso de los legisladores?\u2026 \u00bfpertenece a quien ocupa el cargo?&#8230; \u00bfo entonces\u2026 al partido que lo postul\u00f3?\u00a0 o \u00bfa los votantes que le dieron el triunfo?<\/span><\/p>\n<p><span style=\"font-size: 14pt;\">Definitivamente la renuncia de legisladores que ocupando un cargo se pasan a la bancada de otro partido cometen una traici\u00f3n. Es un robo y adem\u00e1s, abuso de confianza.<\/span><\/p>\n<p><span style=\"font-size: 14pt;\">El electorado da un voto esperando que un legislador trabaje por los intereses y la visi\u00f3n de pa\u00eds en que \u00e9l (o ella ), cree.\u00a0 Irse como chapul\u00edn a otra bancada equivale a robarse una curul para ponerse al servicio de otros intereses. Ese oportunismo pol\u00edtico es un latrocinio.<\/span><\/p>\n<p><span style=\"font-size: 14pt;\">Quienes votaron por un legislador, -postulado por un partido-, dieron un voto de confianza a la persona, suponiendo que defender\u00e1 la plataforma ideol\u00f3gica del partido que representa.<\/span><\/p>\n<p><span style=\"font-size: 14pt;\">A los legisladores chapulines debemos exhibirlos<\/span><\/p>\n<p><span style=\"font-size: 14pt;\">Si pretenden cambiar de partido, deben hacerlo cuando concluya su encomienda legislativa y con ello, su compromiso con los electores que le dieron su voto.<\/span><\/p>\n<p><span style=\"font-size: 14pt;\">\u00bfA usted qu\u00e9 le parece?<\/span><\/p>\n<p><img data-recalc-dims=\"1\" loading=\"lazy\" decoding=\"async\" class=\"aligncenter size-full wp-image-24086\" src=\"https:\/\/i0.wp.com\/politicosaldesnudo.com.mx\/wp-content\/uploads\/2023\/09\/FIRMA-EDITORIAL-PD.jpg?resize=800%2C98&#038;ssl=1\" alt=\"\" width=\"800\" height=\"98\" srcset=\"https:\/\/i0.wp.com\/politicosaldesnudo.com.mx\/wp-content\/uploads\/2023\/09\/FIRMA-EDITORIAL-PD.jpg?w=1024&amp;ssl=1 1024w, https:\/\/i0.wp.com\/politicosaldesnudo.com.mx\/wp-content\/uploads\/2023\/09\/FIRMA-EDITORIAL-PD.jpg?resize=300%2C37&amp;ssl=1 300w, https:\/\/i0.wp.com\/politicosaldesnudo.com.mx\/wp-content\/uploads\/2023\/09\/FIRMA-EDITORIAL-PD.jpg?resize=768%2C94&amp;ssl=1 768w\" sizes=\"auto, (max-width: 800px) 100vw, 800px\" \/><\/p>\n","protected":false},"excerpt":{"rendered":"<p>Por Ricardo Homs En M\u00e9xico hoy no hay poblaci\u00f3n con mayor riesgo, que los j\u00f3venes menores de 30 a\u00f1os.\u00a0 Hoy<\/p>\n","protected":false},"author":4,"featured_media":3778,"comment_status":"closed","ping_status":"closed","sticky":false,"template":"","format":"standard","meta":{"colormag_page_container_layout":"default_layout","colormag_page_sidebar_layout":"default_layout","_jetpack_memberships_contains_paid_content":false,"footnotes":"","jetpack_publicize_message":"","jetpack_publicize_feature_enabled":true,"jetpack_social_post_already_shared":false,"jetpack_social_options":{"image_generator_settings":{"template":"highway","default_image_id":0,"font":"","enabled":false},"version":2}},"categories":[26],"tags":[],"class_list":["post-24098","post","type-post","status-publish","format-standard","has-post-thumbnail","hentry","category-columnistas"],"jetpack_publicize_connections":[],"jetpack_featured_media_url":"https:\/\/i0.wp.com\/politicosaldesnudo.com.mx\/wp-content\/uploads\/2022\/04\/RICARDO-HOMS.png?fit=1816%2C1016&ssl=1","jetpack-related-posts":[],"jetpack_sharing_enabled":true,"_links":{"self":[{"href":"https:\/\/politicosaldesnudo.com.mx\/index.php\/wp-json\/wp\/v2\/posts\/24098","targetHints":{"allow":["GET"]}}],"collection":[{"href":"https:\/\/politicosaldesnudo.com.mx\/index.php\/wp-json\/wp\/v2\/posts"}],"about":[{"href":"https:\/\/politicosaldesnudo.com.mx\/index.php\/wp-json\/wp\/v2\/types\/post"}],"author":[{"embeddable":true,"href":"https:\/\/politicosaldesnudo.com.mx\/index.php\/wp-json\/wp\/v2\/users\/4"}],"replies":[{"embeddable":true,"href":"https:\/\/politicosaldesnudo.com.mx\/index.php\/wp-json\/wp\/v2\/comments?post=24098"}],"version-history":[{"count":0,"href":"https:\/\/politicosaldesnudo.com.mx\/index.php\/wp-json\/wp\/v2\/posts\/24098\/revisions"}],"wp:featuredmedia":[{"embeddable":true,"href":"https:\/\/politicosaldesnudo.com.mx\/index.php\/wp-json\/wp\/v2\/media\/3778"}],"wp:attachment":[{"href":"https:\/\/politicosaldesnudo.com.mx\/index.php\/wp-json\/wp\/v2\/media?parent=24098"}],"wp:term":[{"taxonomy":"category","embeddable":true,"href":"https:\/\/politicosaldesnudo.com.mx\/index.php\/wp-json\/wp\/v2\/categories?post=24098"},{"taxonomy":"post_tag","embeddable":true,"href":"https:\/\/politicosaldesnudo.com.mx\/index.php\/wp-json\/wp\/v2\/tags?post=24098"}],"curies":[{"name":"wp","href":"https:\/\/api.w.org\/{rel}","templated":true}]}}