{"id":24103,"date":"2023-09-29T20:56:48","date_gmt":"2023-09-30T01:56:48","guid":{"rendered":"https:\/\/politicosaldesnudo.com.mx\/?p=24103"},"modified":"2023-09-29T20:56:48","modified_gmt":"2023-09-30T01:56:48","slug":"del-hambre-y-el-apetito-de-poder","status":"publish","type":"post","link":"https:\/\/politicosaldesnudo.com.mx\/index.php\/2023\/09\/29\/del-hambre-y-el-apetito-de-poder\/","title":{"rendered":"Del hambre y el apetito de poder"},"content":{"rendered":"<p><span style=\"font-size: 14pt;\"><strong>Por Mois\u00e9s S\u00e1nchez Lim\u00f3n<\/strong><\/span><\/p>\n<p><span style=\"font-size: 14pt;\">No, no, la que el pa\u00eds vive no es temporada de zopilotes.<\/span><\/p>\n<p><span style=\"font-size: 14pt;\">Es, acorde con el calendario electoral, temporada de ambici\u00f3n desbordada, traiciones c\u00ednicas, mentiras e impunidades, deslealtades y lo que los exquisitos llaman definiciones pol\u00edticas.<\/span><\/p>\n<p><span style=\"font-size: 14pt;\">O sea. Que nadie se espante si, despu\u00e9s de encumbrarse bajo unas siglas y colores, alguien decide irse a otro partido en busca de abonar al bienestar de la patria.<\/span><\/p>\n<p><span style=\"font-size: 14pt;\">Hubo un momento en el que a los legisladores se les llam\u00f3 \u201cpadres de la patria\u201d; nunca escuch\u00e9 que a diputada alguna se le llamara \u201cmadre de la patria\u201d, aunque el calificativo est\u00e1 reservado para quienes, hist\u00f3ricamente, contribuyeron a la construcci\u00f3n de esto que es intangible y se llama Patria.<\/span><\/p>\n<p><span style=\"font-size: 14pt;\">Pero bueno, en esta temporada de calores pol\u00edticos en la que todo se vale y cada quien tiene motivos y explicaciones para cambiar de partido sin que le ruborice el adjetivo traidor o traidora.<\/span><\/p>\n<p><span style=\"font-size: 14pt;\">Y es que, un d\u00eda despertaron y se dieron cuenta de que hab\u00edan vivido en el enga\u00f1o, aunque pegados y pegadas a la ubre que alimenta con billetes cuyo color no tiene sinton\u00eda partidista.<\/span><\/p>\n<p><span style=\"font-size: 14pt;\">Le platico, respecto de dos casos.<\/span><\/p>\n<p><span style=\"font-size: 14pt;\">Uno, relacionado con un pol\u00edtico profesional, y otro de los tantos ciudadanos que a merced de la t\u00f3mbola, el compadrazgo, el oportunismo, pago a servicios prestados en campa\u00f1a como jilguero\/jilguera del morenismo galopante bajo la rienda del licenciado L\u00f3pez Obrador que, en esos d\u00edas de 2017 y 2018 fueron palomeados para llegar al Congreso de la Uni\u00f3n, los congresos locales, gubernaturas, alcald\u00edas y en el gabinete.<\/span><\/p>\n<p><span style=\"font-size: 14pt;\">Dir\u00edase que hay varias excepciones en estos cargos, en el uso de la frase com\u00fan. Como aquel \u201ccon todo respeto\u201d que repite Su Alteza Seren\u00edsima cuando ya le parti\u00f3 la madre al que le da calidad de opositor y dice no es su enemigo.<\/span><\/p>\n<p><span style=\"font-size: 14pt;\">\u00a1Rec\u00e1spita Kalim\u00e1n!<\/span><\/p>\n<p><span style=\"font-size: 14pt;\">Pero\u2026<\/span><\/p>\n<p><span style=\"font-size: 14pt;\">Se necesitaba quien apoyara y trabajara en favor de la causa de Andr\u00e9s Manuel que iba por la tercera posibilidad de hacerse del poder, convirti\u00e9ndose en presidente de la rep\u00fablica. El tiempo ha demostrado que, en efecto, el t\u00edtulo, en su caso, se escribe con min\u00fasculas. Con todo respeto hacia sus defensores oficiosos.<\/span><\/p>\n<p><span style=\"font-size: 14pt;\">Porque, a los que cobran les vale que a su jefe y gu\u00eda, Duce, finalmente, ya de salida le digan de todo, en un p\u00edrrico desahogo.<\/span><\/p>\n<p><span style=\"font-size: 14pt;\">El mal est\u00e1 hecho.<\/span><\/p>\n<p><span style=\"font-size: 14pt;\">Y, en este \u00e1nimo vale preguntar que movi\u00f3 con tal intensidad al senador Jorge Carlos Ram\u00edrez Mar\u00edn para que renunciara al PRI ech\u00e1ndose a los brazos de la bancada del Verde Ecologista.<\/span><\/p>\n<p><span style=\"font-size: 14pt;\">S\u00ed, s\u00ed, usted dir\u00e1 que la gubernatura de Yucat\u00e1n bien vale la pena pasar el bochorno y ser el hazmerre\u00edr y acusado de traidor. Pero\u2026<\/span><\/p>\n<p><span style=\"font-size: 14pt;\">A Ram\u00edrez Mar\u00edn lo conoc\u00ed hace poco m\u00e1s de dos d\u00e9cadas, cuando priista rumbo a la madurez pol\u00edtica lleg\u00f3 junto con Manuel A\u00f1orve Ba\u00f1os, a la LVIII Legislatura Federal en la C\u00e1mara de Diputados.<\/span><\/p>\n<p><span style=\"font-size: 14pt;\">Y se ha distinguido como un pol\u00edtico profesional, experto en la tarea legislativa, fue presidente de la Mesa Directiva de la C\u00e1mara de Diputados y se ha distinguido en tribuna por su car\u00e1cter mediador, enemigo de los calificativos peyorativos.<\/span><\/p>\n<p><span style=\"font-size: 14pt;\">\u00bfVale la pena perder ese capital pol\u00edtico por ir en busca de ser nominado por el PVEM y, acaso el PT y Morena, al gobierno de Yucat\u00e1n?<\/span><\/p>\n<p><span style=\"font-size: 14pt;\">\u00bfQui\u00e9n convenci\u00f3 a Jorge Carlos para renunciar, por cierto respetuosamente, al PRI? \u00bfLe gan\u00f3 el tiempo?<\/span><\/p>\n<p><span style=\"font-size: 14pt;\">Lo cierto es que, donde \u00e9ste, Ram\u00edrez Mar\u00edn har\u00e1 buen papel. Y no es esta defensa oficiosa, no. Porque a Jorge Carlos le negaron, en su momento, la posibilidad de ir en busca de ser gobernador de su estado natal.<\/span><\/p>\n<p><span style=\"font-size: 14pt;\">Despu\u00e9s vino el desgaste y, hoy, opt\u00f3 por cambiar de partido. Sin duda no de convicciones pol\u00edticas.<\/span><\/p>\n<p><span style=\"font-size: 14pt;\">Dudo que sea lo que de \u00e9l dijo Marko Cort\u00e9s, dirigente nacional del PAN. Duras, graves palabras de Marko respecto de Jorge Carlos; no las comparto pero es el juego que todos jugamos.<\/span><\/p>\n<p><span style=\"font-size: 14pt;\">\u201cLo aprecio, fuimos compa\u00f1eros legisladores, pero este es un acto desesperado por seguir cobrando en un cargo, es un juego de hambre: a ver qui\u00e9n me da m\u00e1s, sin importar lo que yo tenga qu\u00e9 hacer, hasta aliarme a Morena, que ser\u00eda contradictorio contra todo lo que antes hab\u00eda dicho.<\/span><\/p>\n<p><span style=\"font-size: 14pt;\">\u201cYo creo que francamente Morena demuestra una vez m\u00e1s que est\u00e1 dispuesto a hacer lo que sea (para ganar una elecci\u00f3n) y destrozar al pa\u00eds\u201d, dijo Marko. En fin.<\/span><\/p>\n<p><span style=\"font-size: 14pt;\">Del otro lado, dir\u00eda que s\u00ed se encuentra ese juego del hambre, aunque \u00e9sta acicateada por el protagonismo y el oportunismo, la mentira recurrente y el fanfarronear o buscar la impunidad.<\/span><\/p>\n<p><span style=\"font-size: 14pt;\">A este personaje, que dista mucho de ser considerado pol\u00edtico, siquiera aprendiz de pol\u00edtico, lo conoc\u00ed en persona en una reuni\u00f3n a la que convoc\u00f3 y lleg\u00f3 tarde, exultante, a la cabeza de un s\u00e9quito de j\u00f3venes que atend\u00eda sus \u00f3rdenes.<\/span><\/p>\n<p><span style=\"font-size: 14pt;\">Eran los primeros d\u00edas de la actual LXV Legislatura y apareci\u00f3 con la muy adelantada referencia de que quer\u00eda llegar a la Presidencia de la Republica; dijo que estaba dispuesto a aprender y, por tanto, abierto a la cr\u00edtica.<\/span><\/p>\n<p><span style=\"font-size: 14pt;\"><strong>Se identific\u00f3 como Antonio P\u00e9rez Garibay, diputado federal de Morena con residencia en Guadalajara, pero m\u00e1s frecuente en la ciudad de M\u00e9xico viv\u00eda en un departamentazo de lujo propiedad de Carlos Slim, quien se lo prest\u00f3 para que viviera ah\u00ed con su familia y no andar vuelta y vuelta en la ruta M\u00e9xico-Guadalajara-M\u00e9xico.<\/strong><\/span><\/p>\n<p><span style=\"font-size: 14pt;\">Peeero\u2026<\/span><\/p>\n<p><span style=\"font-size: 14pt;\">El ingeniero Slim se lo prestaba porque, don To\u00f1o P\u00e9rez Garibay es el pap\u00e1 de Checo P\u00e9rez.<\/span><\/p>\n<p><span style=\"font-size: 14pt;\">As\u00ed s\u00ed baila mija con el se\u00f1or, dir\u00eda el cl\u00e1sico. Pero don To\u00f1o se sent\u00eda con suficiente capacidad \u2013y conste que dizque andaba aprendiendo\u2014para ser candidato de Morena a la Presidencia de M\u00e9xico.<\/span><\/p>\n<p><span style=\"font-size: 14pt;\">En aquella ocasi\u00f3n prometi\u00f3 todo, se mov\u00eda como due\u00f1o del mundo y no me cabe duda de que se pitorreaba de lo que le comentaba el reducido grupo de reporteros con los que depart\u00eda.<\/span><\/p>\n<p><span style=\"font-size: 14pt;\">Hoy, cuando simpatizante y apoyador de Claudia Sheinbaum, se inscribi\u00f3 en busca de ser parte de los aspirantes a la nominaci\u00f3n de ese eufemismo con el que se disfraza la candidatura, y recibi\u00f3 cero votos, simplemente, con desd\u00e9n del que cree tener todo y saber todo, amenaz\u00f3 con retirarse no s\u00f3lo de Morena, sino de la pol\u00edtica.<\/span><\/p>\n<p><span style=\"font-size: 14pt;\">Porque, h\u00e1game usted el favor, para \u00e9l vale m\u00e1s atender a sus nietos que a la Patria. Por lo menos.<\/span><\/p>\n<p><span style=\"font-size: 14pt;\">Y de inmediato la ciudadan\u00eda se puso nerviosa y todos los mexicanos, todos, alzaron la voz para urgirle, rogarle: \u00a1don To\u00f1o, pap\u00e1 del Checo P\u00e9rez! No sea mal pecho, aguante vara y sacrif\u00edquese por M\u00e9xico.<\/span><\/p>\n<p><span style=\"font-size: 14pt;\">Y como don To\u00f1o hay una buena cantidad de aspirantes a cargos de elecci\u00f3n popular que, por el pago de facturas y prestos para defender lo indefendible y atender la voz del jefe, son capaces de todo, menos de legislar.<\/span><\/p>\n<p><span style=\"font-size: 14pt;\">Cheque usted la lista de quienes quieren ser, por de pronto, candidatos a ocho gubernaturas y la Jefatura de Gobierno de la Ciudad de M\u00e9xico.<\/span><\/p>\n<p><span style=\"font-size: 14pt;\"><strong>Por ah\u00ed se meti\u00f3 un individuo que no tiene rubor ni un famoso hijo corredor de autos, pero s\u00ed un padre putativo que, desde Palacio, lo cobij\u00f3 hasta la ignominia que implica la responsabilidad, s\u00ed, la responsabilidad de m\u00e1s de 800 mil muertos por la pandemia en M\u00e9xico. Le doy sus iniciales: Hugo L\u00f3pez-Gatell.<\/strong><\/span><\/p>\n<p><span style=\"font-size: 14pt;\">Hay subrayada diferencia entre quienes han hecho trabajo pol\u00edtico y, hartos de ser relegados deciden buscar otros aires, y aquel que, servil, busca la impunidad. \u00bfUsted votar\u00eda por L\u00f3pez-Gatell? \u00a1Yo tampoco! \u00a1Rec\u00e1spita, Drakko!. Digo.<\/span><\/p>\n<p><span style=\"font-size: 14pt;\"><a href=\"mailto:sanchezlimon@gmai.com\">sanchezlimon@gmai.com<\/a>\u00a0\u00a0\u00a0\u00a0 <a href=\"http:\/\/www.entresemana.mx\">www.entresemana.mx<\/a>\u00a0\u00a0 \u00a0\u00a0@sanchezlimon1<\/span><\/p>\n<p>&nbsp;<\/p>\n<p><img data-recalc-dims=\"1\" loading=\"lazy\" decoding=\"async\" class=\"aligncenter size-full wp-image-24086\" src=\"https:\/\/i0.wp.com\/politicosaldesnudo.com.mx\/wp-content\/uploads\/2023\/09\/FIRMA-EDITORIAL-PD.jpg?resize=800%2C98&#038;ssl=1\" alt=\"\" width=\"800\" height=\"98\" srcset=\"https:\/\/i0.wp.com\/politicosaldesnudo.com.mx\/wp-content\/uploads\/2023\/09\/FIRMA-EDITORIAL-PD.jpg?w=1024&amp;ssl=1 1024w, https:\/\/i0.wp.com\/politicosaldesnudo.com.mx\/wp-content\/uploads\/2023\/09\/FIRMA-EDITORIAL-PD.jpg?resize=300%2C37&amp;ssl=1 300w, https:\/\/i0.wp.com\/politicosaldesnudo.com.mx\/wp-content\/uploads\/2023\/09\/FIRMA-EDITORIAL-PD.jpg?resize=768%2C94&amp;ssl=1 768w\" sizes=\"auto, (max-width: 800px) 100vw, 800px\" \/><\/p>\n","protected":false},"excerpt":{"rendered":"<p>Por Mois\u00e9s S\u00e1nchez Lim\u00f3n No, no, la que el pa\u00eds vive no es temporada de zopilotes. Es, acorde con el<\/p>\n","protected":false},"author":4,"featured_media":16109,"comment_status":"closed","ping_status":"closed","sticky":false,"template":"","format":"standard","meta":{"colormag_page_container_layout":"default_layout","colormag_page_sidebar_layout":"default_layout","_jetpack_memberships_contains_paid_content":false,"footnotes":"","jetpack_publicize_message":"","jetpack_publicize_feature_enabled":true,"jetpack_social_post_already_shared":false,"jetpack_social_options":{"image_generator_settings":{"template":"highway","default_image_id":0,"font":"","enabled":false},"version":2}},"categories":[26],"tags":[],"class_list":["post-24103","post","type-post","status-publish","format-standard","has-post-thumbnail","hentry","category-columnistas"],"jetpack_publicize_connections":[],"jetpack_featured_media_url":"https:\/\/i0.wp.com\/politicosaldesnudo.com.mx\/wp-content\/uploads\/2023\/02\/P-MOISES-SANCHEZ-LIMON.png?fit=1816%2C1016&ssl=1","jetpack-related-posts":[],"jetpack_sharing_enabled":true,"_links":{"self":[{"href":"https:\/\/politicosaldesnudo.com.mx\/index.php\/wp-json\/wp\/v2\/posts\/24103","targetHints":{"allow":["GET"]}}],"collection":[{"href":"https:\/\/politicosaldesnudo.com.mx\/index.php\/wp-json\/wp\/v2\/posts"}],"about":[{"href":"https:\/\/politicosaldesnudo.com.mx\/index.php\/wp-json\/wp\/v2\/types\/post"}],"author":[{"embeddable":true,"href":"https:\/\/politicosaldesnudo.com.mx\/index.php\/wp-json\/wp\/v2\/users\/4"}],"replies":[{"embeddable":true,"href":"https:\/\/politicosaldesnudo.com.mx\/index.php\/wp-json\/wp\/v2\/comments?post=24103"}],"version-history":[{"count":0,"href":"https:\/\/politicosaldesnudo.com.mx\/index.php\/wp-json\/wp\/v2\/posts\/24103\/revisions"}],"wp:featuredmedia":[{"embeddable":true,"href":"https:\/\/politicosaldesnudo.com.mx\/index.php\/wp-json\/wp\/v2\/media\/16109"}],"wp:attachment":[{"href":"https:\/\/politicosaldesnudo.com.mx\/index.php\/wp-json\/wp\/v2\/media?parent=24103"}],"wp:term":[{"taxonomy":"category","embeddable":true,"href":"https:\/\/politicosaldesnudo.com.mx\/index.php\/wp-json\/wp\/v2\/categories?post=24103"},{"taxonomy":"post_tag","embeddable":true,"href":"https:\/\/politicosaldesnudo.com.mx\/index.php\/wp-json\/wp\/v2\/tags?post=24103"}],"curies":[{"name":"wp","href":"https:\/\/api.w.org\/{rel}","templated":true}]}}