{"id":24105,"date":"2023-09-29T21:25:30","date_gmt":"2023-09-30T02:25:30","guid":{"rendered":"https:\/\/politicosaldesnudo.com.mx\/?p=24105"},"modified":"2023-09-30T11:26:38","modified_gmt":"2023-09-30T16:26:38","slug":"jornada-de-adopcion-de-perros-y-gatos-el-proximo-miercoles-4-de-octubre","status":"publish","type":"post","link":"https:\/\/politicosaldesnudo.com.mx\/index.php\/2023\/09\/29\/jornada-de-adopcion-de-perros-y-gatos-el-proximo-miercoles-4-de-octubre\/","title":{"rendered":"Jornada de Adopci\u00f3n de Perros y Gatos, el pr\u00f3ximo mi\u00e9rcoles 4 de octubre"},"content":{"rendered":"<p><span style=\"font-size: 14pt; font-family: verdana, geneva, sans-serif;\">Tuxpan, Ver., 29 septiembre 2023.- El Ayuntamiento de Tuxpan a trav\u00e9s de la Regidur\u00eda Sexta, en coordinaci\u00f3n del DIF Municipal y organizaciones protectoras de animales realizar\u00e1n la Primera Jornada de Adopci\u00f3n de Perros y Gatos denominada \u201cUn Hogar Para Todos\u201d.<\/span><\/p>\n<p><span style=\"font-size: 14pt; font-family: verdana, geneva, sans-serif;\">Esta actividad se llevar\u00e1 a cabo el pr\u00f3ximo mi\u00e9rcoles 4 de octubre en la Plaza C\u00edvica municipal, a partir de las 10:00 de la ma\u00f1ana, en el marco de la celebraci\u00f3n del D\u00eda Mundial de los Animales y el D\u00eda Mundial del H\u00e1bitat.<\/span><\/p>\n<p><span style=\"font-size: 14pt; font-family: verdana, geneva, sans-serif;\">Participar\u00e1 la asociaci\u00f3n Kissapir realizando desparasitaciones y aplicando vacunaci\u00f3n antirr\u00e1bica; la asociaci\u00f3n Gatito Vaguito y la agrupaci\u00f3n Animal Contento.<\/span><\/p>\n<p><span style=\"font-size: 14pt; font-family: verdana, geneva, sans-serif;\">Los interesados en adoptar un nuevo integrante para la familia deber\u00e1n de presentar su copia de la identificaci\u00f3n oficial (INE), adem\u00e1s de entregar al refugio alimentos para perros o gatos, art\u00edculos de limpieza o juguetes para el cuidado y recreaci\u00f3n de las mascotas que habitan en ellos.<\/span><\/p>\n<p><span style=\"font-size: 14pt; font-family: verdana, geneva, sans-serif;\">As\u00ed mismo, quienes no puedan adoptar una mascota, pero quieran contribuir en esta noble causa podr\u00e1n donar alimentos que ser\u00e1n entregados a los diversos refugios de la ciudad, los cuales se encargan de ayudar a animales en condiciones de calle, brind\u00e1ndoles una segunda oportunidad para que se reintegren a una familia que los respete y les d\u00e9 cari\u00f1o y protecci\u00f3n.<\/span><\/p>\n<p><span style=\"font-size: 14pt; font-family: verdana, geneva, sans-serif;\">Es importante mencionar que durante esta jornada no se estar\u00e1n dando consultas m\u00e9dicas, debido a que solo es para adopci\u00f3n y aplicaci\u00f3n de la vacuna antirr\u00e1bica y desparasitante.<\/span><\/p>\n<p><img data-recalc-dims=\"1\" loading=\"lazy\" decoding=\"async\" class=\"aligncenter size-full wp-image-24106\" src=\"https:\/\/i0.wp.com\/politicosaldesnudo.com.mx\/wp-content\/uploads\/2023\/09\/WhatsApp-Image-2023-09-29-at-2.26.10-PM.jpeg?resize=562%2C1000&#038;ssl=1\" alt=\"\" width=\"562\" height=\"1000\" srcset=\"https:\/\/i0.wp.com\/politicosaldesnudo.com.mx\/wp-content\/uploads\/2023\/09\/WhatsApp-Image-2023-09-29-at-2.26.10-PM.jpeg?w=562&amp;ssl=1 562w, https:\/\/i0.wp.com\/politicosaldesnudo.com.mx\/wp-content\/uploads\/2023\/09\/WhatsApp-Image-2023-09-29-at-2.26.10-PM.jpeg?resize=169%2C300&amp;ssl=1 169w\" sizes=\"auto, (max-width: 562px) 100vw, 562px\" \/><\/p>\n","protected":false},"excerpt":{"rendered":"<p>Tuxpan, Ver., 29 septiembre 2023.- El Ayuntamiento de Tuxpan a trav\u00e9s de la Regidur\u00eda Sexta, en coordinaci\u00f3n del DIF Municipal<\/p>\n","protected":false},"author":4,"featured_media":24106,"comment_status":"closed","ping_status":"closed","sticky":false,"template":"","format":"standard","meta":{"colormag_page_container_layout":"default_layout","colormag_page_sidebar_layout":"default_layout","_jetpack_memberships_contains_paid_content":false,"footnotes":"","jetpack_publicize_message":"","jetpack_publicize_feature_enabled":true,"jetpack_social_post_already_shared":false,"jetpack_social_options":{"image_generator_settings":{"template":"highway","default_image_id":0,"font":"","enabled":false},"version":2}},"categories":[1082],"tags":[],"class_list":["post-24105","post","type-post","status-publish","format-standard","has-post-thumbnail","hentry","category-tuxpan"],"jetpack_publicize_connections":[],"jetpack_featured_media_url":"https:\/\/i0.wp.com\/politicosaldesnudo.com.mx\/wp-content\/uploads\/2023\/09\/WhatsApp-Image-2023-09-29-at-2.26.10-PM.jpeg?fit=562%2C1000&ssl=1","jetpack-related-posts":[],"jetpack_sharing_enabled":true,"_links":{"self":[{"href":"https:\/\/politicosaldesnudo.com.mx\/index.php\/wp-json\/wp\/v2\/posts\/24105","targetHints":{"allow":["GET"]}}],"collection":[{"href":"https:\/\/politicosaldesnudo.com.mx\/index.php\/wp-json\/wp\/v2\/posts"}],"about":[{"href":"https:\/\/politicosaldesnudo.com.mx\/index.php\/wp-json\/wp\/v2\/types\/post"}],"author":[{"embeddable":true,"href":"https:\/\/politicosaldesnudo.com.mx\/index.php\/wp-json\/wp\/v2\/users\/4"}],"replies":[{"embeddable":true,"href":"https:\/\/politicosaldesnudo.com.mx\/index.php\/wp-json\/wp\/v2\/comments?post=24105"}],"version-history":[{"count":0,"href":"https:\/\/politicosaldesnudo.com.mx\/index.php\/wp-json\/wp\/v2\/posts\/24105\/revisions"}],"wp:featuredmedia":[{"embeddable":true,"href":"https:\/\/politicosaldesnudo.com.mx\/index.php\/wp-json\/wp\/v2\/media\/24106"}],"wp:attachment":[{"href":"https:\/\/politicosaldesnudo.com.mx\/index.php\/wp-json\/wp\/v2\/media?parent=24105"}],"wp:term":[{"taxonomy":"category","embeddable":true,"href":"https:\/\/politicosaldesnudo.com.mx\/index.php\/wp-json\/wp\/v2\/categories?post=24105"},{"taxonomy":"post_tag","embeddable":true,"href":"https:\/\/politicosaldesnudo.com.mx\/index.php\/wp-json\/wp\/v2\/tags?post=24105"}],"curies":[{"name":"wp","href":"https:\/\/api.w.org\/{rel}","templated":true}]}}